{"id":12493,"date":"2021-10-26T00:37:53","date_gmt":"2021-10-25T22:37:53","guid":{"rendered":"http:\/\/lemotdujour.fr\/?p=12493"},"modified":"2021-11-12T20:47:45","modified_gmt":"2021-11-12T19:47:45","slug":"mardi-26-octobre-2021","status":"publish","type":"post","link":"https:\/\/lemotdujour.fr\/?p=12493","title":{"rendered":"Mardi 26 octobre 2021"},"content":{"rendered":"<div class=\"mdjTexte\">\u00ab\u00a0Je suis un modeste musicien.\u00a0\u00bb<\/div>\n<div class=\"mdjAuteur\">Bernard Haitink<\/div>\n<p><span style=\"color: #777777; font-family: Arial;\">Et de mani\u00e8re unanime, le 22 octobre 2021, les sites de tous les plus grands orchestres symphoniques du monde ont affich\u00e9 en page d&rsquo;accueil la m\u00eame information\u00a0: Le chef d&rsquo;orchestre n\u00e9erlandais <strong>Bernard Haitink est mort le 21 octobre 2021<\/strong><br \/>\n<\/span><\/p>\n<p><img loading=\"lazy\" decoding=\"async\" class=\"alignleft\" src=\"https:\/\/lemotdujour.fr\/wp-content\/uploads\/2021\/10\/102521_2215_Mardi26octo1.png\" alt=\"\" width=\"450\" height=\"261\" align=\"left\" \/><span style=\"color: #777777; font-family: Arial;\">En commen\u00e7ant par l&rsquo;Orchestre du Concertgebouw d&rsquo;Amsterdam, dont il fut le chef pendant 25 ans.<br \/>\n<\/span><\/p>\n<p><span style=\"color: #777777; font-family: Arial;\">Mais aussi l&rsquo;Orchestre Philharmonique de Berlin, l&rsquo;Orchestre Philharmonique de Vienne, le Chicago Symphony Orchestra, le Boston Symphony Orchestra, l&rsquo;Orchestre de la Staatskapelle de Dresde.<br \/>\n<\/span><\/p>\n<p><span style=\"color: #777777; font-family: Arial;\">Les plus grands !<br \/>\n<\/span><\/p>\n<p><span style=\"color: #777777; font-family: Arial;\">Et aussi le London Philharmonic Orchestra dont il fut chef principal pendant 12 ans.<br \/>\n<\/span><\/p>\n<p><span style=\"color: #777777; font-family: Arial;\">Il est mort de vieillesse, \u00e0 l&rsquo;\u00e2ge de 92 ans. <\/span><a href=\"https:\/\/www.la-croix.com\/Culture\/Mort-Bernard-Haitink-dernier-geant-chefs-dorchestre-2021-10-22-1201181815\"><span style=\"font-family: Arial;\"><span style=\"color: #0000ff;\">&lt;La Croix&gt;<\/span><\/span><\/a><span style=\"color: #777777; font-family: Arial;\"> \u00e9crit\u00a0:<br \/>\n<\/span><\/p>\n<p style=\"margin-left: 28pt;\"><span style=\"color: #c00000; font-family: Arial;\">\u00ab\u00a0\u00ab\u00a0 <strong>Je suis un modeste musicien<\/strong> \u00bb, martelait Bernard Haitink si l&rsquo;on s&rsquo;aventurait \u00e0 \u00e9voquer son impressionnante carri\u00e8re. Pourtant, c&rsquo;est bien l&rsquo;un des plus grands chefs d&rsquo;orchestre de l&rsquo;histoire qui est mort jeudi 21 octobre \u00e0 Londres.\u00a0\u00bb<br \/>\n<\/span><\/p>\n<p><img loading=\"lazy\" decoding=\"async\" class=\"alignright\" src=\"https:\/\/lemotdujour.fr\/wp-content\/uploads\/2021\/10\/102521_2215_Mardi26octo2.png\" alt=\"\" width=\"454\" height=\"252\" align=\"left\" \/><span style=\"color: #777777; font-family: Arial;\">Il s&rsquo;\u00e9tait arr\u00eat\u00e9 de diriger il y a deux ans. Parce que cet homme humble avait d\u00e9clar\u00e9\u00a0:<br \/>\n<\/span><\/p>\n<p style=\"margin-left: 28pt;\"><span style=\"color: #c00000; font-family: Arial;\">\u00ab\u00a0Je ne veux pas qu&rsquo;on dise de moi\u00a0: il est gentil mais il devrait s&rsquo;arr\u00eater l\u00e0\u00a0!\u00a0\u00bb<br \/>\n<\/span><\/p>\n<p><span style=\"color: #777777; font-family: Arial;\">Il a ainsi d\u00e9cid\u00e9 et r\u00e9alis\u00e9 son dernier concert dans la salle du Festival de Lucerne avec l&rsquo;Orchestre Philharmonique de Vienne le 6 septembre 2019.<br \/>\n<\/span><\/p>\n<p><span style=\"color: #777777; font-family: Arial;\">Il dirigea le 4<sup>\u00e8me<\/sup> concerto de piano de Beethoven avec le pianiste Emmanuel Ax, puis l&rsquo;immense 7<sup>\u00e8me<\/sup> symphonie de Bruckner.<br \/>\n<\/span><\/p>\n<p><span style=\"color: #777777; font-family: Arial;\">Ce concert peut \u00eatre \u00e9cout\u00e9 sur le site de France Musique &lt; <a href=\"https:\/\/www.francemusique.fr\/emissions\/le-concert-de-20h\/l-ultime-concert-de-bernard-haitink-qui-fait-ses-adieux-a-la-tete-de-l-orchestre-philharmonique-de-vienne-76674\"><span style=\"color: #0000ff;\">L&rsquo;ultime concert de Bernard Haitink<\/span><\/a>&gt;.<br \/>\n<\/span><\/p>\n<p><img loading=\"lazy\" decoding=\"async\" class=\"alignleft\" src=\"https:\/\/lemotdujour.fr\/wp-content\/uploads\/2021\/10\/102521_2215_Mardi26octo3.png\" alt=\"\" width=\"346\" height=\"182\" \/><span style=\"color: #777777; font-family: Arial;\">Il y a aussi &lt;<a href=\"https:\/\/www.youtube.com\/watch?v=buz65lAzYJQ\"><span style=\"color: #0000ff;\">cette vid\u00e9o<\/span><\/a>&gt; qui montre les deux derni\u00e8res minutes de sc\u00e8ne de cet immense chef d&rsquo;orchestre qui d&rsquo;un geste de la main gauche arr\u00eate la musique, remercie l&rsquo;orchestre, remercie le public qui l&rsquo;applaudit debout, puis prend sa canne et prend la main d&rsquo;une femme qui l&rsquo;attend en bas de l&rsquo;estrade pour s&rsquo;en aller tranquillement et prendre une retraite pour 2 ans, \u00e0 90 ans.<br \/>\n<\/span><\/p>\n<p><span style=\"color: #777777; font-family: Arial;\">&lt;<span style=\"color: #0000ff;\"><a style=\"color: #0000ff;\" href=\"https:\/\/www.telerama.fr\/musique\/mort-de-bernard-haitink-un-grand-chef-dorchestre-tout-en-humilite-6995880.php\">TELERAMA<\/a><\/span>&gt; rapporte \u00e0 propos de la musique de l&rsquo;Autrichien Anton Bruckner (1824-1896)<br \/>\n<\/span><\/p>\n<p style=\"margin-left: 28pt;\"><span style=\"color: #c00000; font-family: Arial;\">\u00ab\u00a0le chef d&rsquo;orchestre n\u00e9erlandais Bernard Haitink consid\u00e9rait qu&rsquo;\u00ab essayer de l&rsquo;expliquer, c&rsquo;est d\u00e9j\u00e0 se tromper. \u00bb La musique, pensait-il, \u00e7a se sent et \u00e7a se vit \u00e0 l&rsquo;int\u00e9rieur de soi. Alors \u00e0 quoi bon intellectualiser sa passion pour ce compositeur ? \u00ab C&rsquo;est curieux de voir comment je me sens inexplicablement si proche de lui. \u00bb<br \/>\n<\/span><\/p>\n<p><span style=\"color: #777777; font-family: Arial;\">Loin des autocrates du pupitre, il fut \u00e0 l&rsquo;instar de <span style=\"color: #0000ff;\">Claudio Abbado<\/span>, de 4 ans son cadet, un musicien parmi les musiciens.<br \/>\n<\/span><\/p>\n<p><a href=\"https:\/\/www.lemonde.fr\/disparitions\/article\/2021\/10\/22\/la-mort-du-grand-chef-d-orchestre-bernard-haitink_6099546_3382.html\"><span style=\"font-family: Arial;\"><span style=\"color: #0000ff;\">&lt;Le Monde&gt;<\/span><\/span><\/a><img loading=\"lazy\" decoding=\"async\" class=\"alignright\" src=\"https:\/\/lemotdujour.fr\/wp-content\/uploads\/2021\/10\/102521_2215_Mardi26octo4.png\" alt=\"\" width=\"432\" height=\"323\" align=\"left\" \/><span style=\"color: #777777; font-family: Arial;\"> \u00e9crit\u00a0:<br \/>\n<\/span><\/p>\n<p style=\"margin-left: 28pt;\"><span style=\"color: #c00000; font-family: Arial;\">\u00ab\u00a0Chef d&rsquo;orchestre d&rsquo;une grande discr\u00e9tion, au point d&rsquo;avoir parfois \u00e9t\u00e9 trait\u00e9 de \u00ab sphinx \u00bb, Bernard Haitink, [\u2026] restera comme l&rsquo;une des plus grandes baguettes de la seconde moiti\u00e9 du XXe si\u00e8cle.\u00a0\u00bb<br \/>\n<\/span><\/p>\n<p><span style=\"color: #777777; font-family: Arial;\">Quand je me suis \u00e9veill\u00e9 \u00e0 la musique avec mon ami Bertrand G. dans les ann\u00e9es 1970, nous \u00e9coutions, beaucoup la &lt;<span style=\"color: #0000ff;\"><a style=\"color: #0000ff;\" href=\"https:\/\/fr.wikipedia.org\/wiki\/La_Tribune_des_critiques_de_disques\">Tribune des critiques de disques<\/a><\/span>&gt; de France Musique.<br \/>\n<\/span><\/p>\n<p><span style=\"color: #777777; font-family: Arial;\">Nous \u00e9tions tr\u00e8s influenc\u00e9s par ces critiques, notamment Antoine Gol\u00e9a qui rejetait syst\u00e9matiquement les interpr\u00e9tations de Haitink, le traitant d&rsquo;apprenti, d&rsquo;\u00e9l\u00e8ve mais pas de chef d&rsquo;orchestre.<br \/>\n<\/span><\/p>\n<p><span style=\"color: #777777; font-family: Arial;\">Certes, Bernard Haitink a muri au cours des ann\u00e9es et perfectionn\u00e9 son art, mais aujourd&rsquo;hui l&rsquo;ensemble de la communaut\u00e9 musicale reconnait que m\u00eame les enregistrements de ses d\u00e9buts sont d&rsquo;une qualit\u00e9 remarquable.<br \/>\n<\/span><\/p>\n<p><img loading=\"lazy\" decoding=\"async\" class=\"alignleft\" src=\"https:\/\/lemotdujour.fr\/wp-content\/uploads\/2021\/10\/102521_2215_Mardi26octo5.png\" alt=\"\" width=\"465\" height=\"349\" align=\"left\" \/><span style=\"color: #777777; font-family: Arial;\">Entretemps Bertrand et moi avons compris qu&rsquo;il fallait se m\u00e9fier des experts, de tous les experts dans tous les domaines et particuli\u00e8rement dans le domaine musical.<br \/>\n<\/span><\/p>\n<p><span style=\"color: #777777; font-family: Arial;\">La question \u00e0 se poser\u00a0: est-ce que cette interpr\u00e9tation me touche, me fait vibrer, me fait du bien\u00a0?<br \/>\n<\/span><\/p>\n<p><span style=\"color: #777777; font-family: Arial;\">Bernard Haitink est n\u00e9 en 1929 \u00e0 Amsterdam et apprend le violon \u00e0 9 ans.<br \/>\n<\/span><\/p>\n<p><span style=\"color: #777777; font-family: Arial;\">Selon son propre jugement, il n&rsquo;est pas tr\u00e8s bon<br \/>\n<\/span><\/p>\n<p><span style=\"color: #777777; font-family: Arial;\">Mais ses parents l&#8217;emm\u00e8nent aux concerts du Concertgebouw o\u00f9 il d\u00e9couvre des chefs comme Willem Mengelberg, Bruno Walter ou Otto Klemperer et apprend \u00e0 aimer l&rsquo;orchestre symphonique.<br \/>\n<\/span><\/p>\n<p><span style=\"color: #777777; font-family: Arial;\">Sa carri\u00e8re musicale commence au sein de l&rsquo;Orchestre de la radio n\u00e9erlandaise, dont il int\u00e8gre, \u00e0 25 ans, le pupitre des violons. Il exprimera longtemps une culpabilit\u00e9 car il se convaincra qu&rsquo;il ne doit sa carri\u00e8re qu&rsquo;\u00e0 l&rsquo;\u00e9viction de ses camarades juifs, contraints au d\u00e9part du Conservatoire d&rsquo;Amsterdam \u00e0 cause des lois nazies.<br \/>\n<\/span><\/p>\n<p><span style=\"color: #777777; font-family: Arial;\">&lt;<span style=\"color: #0000ff;\"><a style=\"color: #0000ff;\" href=\"https:\/\/www.la-croix.com\/Culture\/Mort-Bernard-Haitink-dernier-geant-chefs-dorchestre-2021-10-22-1201181815\">La Croix<\/a><\/span>&gt; rapporte ses propos :<br \/>\n<\/span><\/p>\n<p style=\"margin-left: 28pt;\"><span style=\"color: #c00000; font-family: Arial;\">\u00ab C&rsquo;est horrible \u00e0 dire, mais s&rsquo;il n&rsquo;y avait pas eu les abominations de l&rsquo;Occupation nazie, je n&rsquo;aurais jamais \u00e9t\u00e9 chef d&rsquo;orchestre. Il y aurait eu des chefs beaucoup plus talentueux que moi. \u00bb<br \/>\n<\/span><\/p>\n<p><span style=\"color: #777777; font-family: Arial;\">Il va se tourner rapidement vers la direction d&rsquo;orchestre.<br \/>\n<\/span><\/p>\n<p><span style=\"color: #777777; font-family: Arial;\">Le Monde \u00e9crit\u00a0:<br \/>\n<\/span><\/p>\n<p style=\"margin-left: 28pt;\"><img loading=\"lazy\" decoding=\"async\" class=\" wp-image-12495 alignright\" src=\"https:\/\/lemotdujour.fr\/wp-content\/uploads\/2021\/10\/Haitink-Chicago-Symphony.png\" alt=\"\" width=\"555\" height=\"285\" srcset=\"https:\/\/lemotdujour.fr\/wp-content\/uploads\/2021\/10\/Haitink-Chicago-Symphony.png 882w, https:\/\/lemotdujour.fr\/wp-content\/uploads\/2021\/10\/Haitink-Chicago-Symphony-300x154.png 300w, https:\/\/lemotdujour.fr\/wp-content\/uploads\/2021\/10\/Haitink-Chicago-Symphony-768x394.png 768w\" sizes=\"auto, (max-width: 555px) 100vw, 555px\" \/><span style=\"color: #c00000; font-family: Arial;\">\u00ab\u00a0En 1954, il est laur\u00e9at d&rsquo;un concours de direction organis\u00e9 par la radio, dont le pr\u00e9sident du jury, Ferdinand Leitner, devient alors son mentor. L&rsquo;ann\u00e9e suivante, le jeune homme est promu au rang de second chef de l&rsquo;Orchestre de la radio avant d&rsquo;en devenir le chef principal en 1957. Il a, dans l&rsquo;intervalle, remplac\u00e9 au pied lev\u00e9 le grand Carlo Maria Giulini \u00e0 la t\u00eate de l&rsquo;Orchestre du Concertgebouw, le 7 novembre 1956.\u00a0\u00bb<br \/>\n<\/span><\/p>\n<p><span style=\"color: #777777; font-family: Arial;\">Un concours de circonstance, le directeur musical de l&rsquo;orchestre du Concertgebouw d\u00e9c\u00e8de et son talent vont le conduire \u00e0 \u00eatre nomm\u00e9 premier chef de cet orchestre prestigieux \u00e0 34 ans, ce qui \u00e9tait tr\u00e8s jeune, surtout de ce temps-l\u00e0. <\/span><span style=\"color: #777777; font-family: Arial;\">Cette jeunesse inhabituelle suscitera la m\u00e9fiance et le d\u00e9nigrement de certains critiques et musicologues<br \/>\n<\/span><\/p>\n<p><span style=\"color: #777777; font-family: Arial;\">Mais Bernard Haitink, travaille, approfondit et r\u00e9alisera ce que le Monde appelle<strong>\u00a0:<br \/>\n<\/strong><\/span><\/p>\n<p style=\"margin-left: 28pt;\"><span style=\"color: #c00000; font-family: Arial;\"><strong>\u00ab\u00a0<\/strong> Une aventure musicale d&rsquo;un quart de si\u00e8cle, parmi les plus passionnantes de l&rsquo;histoire musicale, jusqu&rsquo;en 1988.\u00a0\u00bb<br \/>\n<\/span><\/p>\n<p><span style=\"color: #777777; font-family: Arial;\">Pouss\u00e9 par l&rsquo;\u00e9diteur n\u00e9erlandais Philips, il va entreprendre une des premi\u00e8res int\u00e9grales de la musique de Mahler. Il entreprendra d&rsquo;autres int\u00e9grales : Bruckner, Brahms, Beethoven, Tchaikovski.<br \/>\n<\/span><\/p>\n<p><img loading=\"lazy\" decoding=\"async\" class=\"wp-image-12499 alignleft\" src=\"https:\/\/lemotdujour.fr\/wp-content\/uploads\/2021\/10\/Haitink-Boston-Symphony.png\" alt=\"\" width=\"526\" height=\"295\" srcset=\"https:\/\/lemotdujour.fr\/wp-content\/uploads\/2021\/10\/Haitink-Boston-Symphony.png 1675w, https:\/\/lemotdujour.fr\/wp-content\/uploads\/2021\/10\/Haitink-Boston-Symphony-300x168.png 300w, https:\/\/lemotdujour.fr\/wp-content\/uploads\/2021\/10\/Haitink-Boston-Symphony-1024x574.png 1024w, https:\/\/lemotdujour.fr\/wp-content\/uploads\/2021\/10\/Haitink-Boston-Symphony-768x431.png 768w, https:\/\/lemotdujour.fr\/wp-content\/uploads\/2021\/10\/Haitink-Boston-Symphony-1536x861.png 1536w\" sizes=\"auto, (max-width: 526px) 100vw, 526px\" \/><span style=\"color: #777777; font-family: Arial;\">Il sera le premier chef occidental \u00e0 p\u00e9n\u00e9trer tout l&rsquo;univers de Chostakovich et r\u00e9alisera une int\u00e9grale de r\u00e9f\u00e9rence avec ses deux orchestres du Concertgebouw et du London Philharmonic.<br \/>\n<\/span><\/p>\n<p><span style=\"color: #777777; font-family: Arial;\">L&rsquo;histoire avec le Concertgebouw lui apportera des d\u00e9ceptions.<br \/>\n<\/span><\/p>\n<p><span style=\"color: #777777; font-family: Arial;\">Le Monde relate\u00a0:<br \/>\n<\/span><\/p>\n<p style=\"margin-left: 28pt;\"><span style=\"color: #c00000; font-family: Arial;\">Les derni\u00e8res ann\u00e9es \u00ab\u00a0En 1983, Bernard Haitink met sa d\u00e9mission dans la balance et fait reculer le gouvernement hollandais qui s&rsquo;appr\u00eatait \u00e0 mettre en \u0153uvre un plan d&rsquo;\u00e9conomies qui mena\u00e7ait vingt-trois des musiciens de l&rsquo;orchestre. Cons\u00e9quence directe : son contrat n&rsquo;est pas renouvel\u00e9 en 1988.\u00a0\u00bb<br \/>\n<\/span><\/p>\n<p><span style=\"color: #777777; font-family: Arial;\">Il ne sera m\u00eame pas invit\u00e9 pour f\u00eater le centenaire de l&rsquo;institution qu&rsquo;il a dirig\u00e9 pendant un quart de cette p\u00e9riode.<br \/>\n<\/span><\/p>\n<p><span style=\"color: #777777; font-family: Arial;\">Il se sentira bless\u00e9 et restera plusieurs ann\u00e9es sans revenir diriger au Concertgebouw.<br \/>\n<\/span><\/p>\n<p><span style=\"color: #777777; font-family: Arial;\">Mais d&rsquo;autres institutions et orchestre lui ouvriront les bras, ceux que j&rsquo;ai d\u00e9j\u00e0 cit\u00e9 en d\u00e9but d&rsquo;articles mais aussi des institutions d&rsquo;op\u00e9ra comme le Festival de Glyndebourne et le Royal Opera House Covent Garden de Londres dont il pr\u00e9sidera les destin\u00e9es de 1987 \u00e0 2002.<br \/>\n<\/span><\/p>\n<p><span style=\"color: #777777; font-family: Arial;\"><img loading=\"lazy\" decoding=\"async\" class=\"wp-image-12496 alignright\" src=\"https:\/\/lemotdujour.fr\/wp-content\/uploads\/2021\/10\/Haitink-Staatskapelle-Dresden.png\" alt=\"\" width=\"587\" height=\"211\" srcset=\"https:\/\/lemotdujour.fr\/wp-content\/uploads\/2021\/10\/Haitink-Staatskapelle-Dresden.png 1138w, https:\/\/lemotdujour.fr\/wp-content\/uploads\/2021\/10\/Haitink-Staatskapelle-Dresden-300x108.png 300w, https:\/\/lemotdujour.fr\/wp-content\/uploads\/2021\/10\/Haitink-Staatskapelle-Dresden-1024x368.png 1024w, https:\/\/lemotdujour.fr\/wp-content\/uploads\/2021\/10\/Haitink-Staatskapelle-Dresden-768x276.png 768w\" sizes=\"auto, (max-width: 587px) 100vw, 587px\" \/>Apr\u00e8s 2002, il d\u00e9cidera de reprendre quasi exclusivement le chemin des concerts symphoniques.<br \/>\n<\/span><\/p>\n<p><span style=\"color: #777777; font-family: Arial;\">En France, il dirige l&rsquo;Orchestre national de France et ARTE a mis en ligne une vid\u00e9o dans laquelle Bernard Haitink dirige <a href=\"https:\/\/www.arte.tv\/fr\/videos\/058515-000-A\/bernard-haitink-dirige-mozart-et-bruckner\/\"><span style=\"color: #0000ff;\">l&rsquo;Orchestre National de France dans Mozart et Bruckner<\/span><\/a><span style=\"color: #0000ff;\">.<\/span><br \/>\n<\/span><\/p>\n<p><a href=\"https:\/\/www.telerama.fr\/musique\/mort-de-bernard-haitink-un-grand-chef-dorchestre-tout-en-humilite-6995880.php\"><span style=\"font-family: Arial;\"><span style=\"color: #0000ff;\">&lt;TELERAMA&gt;<\/span><\/span><\/a><span style=\"color: #777777; font-family: Arial;\"> \u00e9crira \u00e0 propos de ce concert \u00a0:<br \/>\n<\/span><\/p>\n<p style=\"margin-left: 28pt;\"><span style=\"color: #c00000; font-family: Arial;\">\u00ab\u00a0Lors d&rsquo;un concert en 2015 \u00e0 l&rsquo;auditorium de la Maison de la Radio \u00e0 Paris, diffus\u00e9 sur France Musique, il \u00e9blouit les spectateurs et auditeurs : ses gestes sont pr\u00e9cis et secs. Rien de grandiloquent. Avec lui, l&rsquo;\u00e9motion que procure la musique doit \u00eatre int\u00e9rioris\u00e9e. Son regard est franc, presque s\u00e9v\u00e8re. Mais on note quelques sourires et regards complices \u00e0 l&rsquo;\u00e9gard des musiciens, ainsi qu&rsquo;un air satisfait lorsque la musique adoucit ses traits. \u00a0\u00bb<br \/>\n<\/span><\/p>\n<p><span style=\"color: #777777; font-family: Arial;\">Vendredi matin sur France Musique, le musicologue Christian Merlin lui rendait hommage, le qualifiant de \u00ab <strong>mod\u00e8le de sobri\u00e9t\u00e9 <\/strong>\u00bb :<br \/>\n<\/span><\/p>\n<p style=\"margin-left: 28pt;\"><span style=\"color: #c00000; font-family: Arial;\">\u00ab Sa direction n&rsquo;\u00e9tait parasit\u00e9e par aucun geste inutile, ses gestes \u00e9taient dict\u00e9s par la n\u00e9cessit\u00e9 musicale et le souci d&rsquo;aider l&rsquo;orchestre. Son conseil aux jeunes chefs : \u00ab\u00a0Je leur sugg\u00e8re d&rsquo;\u00eatre moins obs\u00e9d\u00e9s par leur image et de faire davantage confiance aux musiciens.\u00a0\u00bb\u00a0\u00bb<br \/>\n<\/span><\/p>\n<p><span style=\"color: #777777; font-family: Arial;\">Pendant ses derni\u00e8res ann\u00e9es, il a souvent dirig\u00e9 un autre orchestre londonien prestigieux : le London Symphony Orchestra. C&rsquo;est avec cet orchestre qu&rsquo;Annie, Florence et moi avons eu la gr\u00e2ce de l&rsquo;entendre et de le voir le 30 mai 2017, lors d&rsquo;un concert \u00e0 la Philharmonie de Paris pendant lequel il a dirig\u00e9 la 9\u00e8me symphonie de Bruckner.<br \/>\n<\/span><\/p>\n<p><span style=\"color: #777777; font-family: Arial;\">Bernard Haitink laisse derni\u00e8re lui plus de 450 enregistrements, de Beethoven, Mahler, Bruckner, R Strauss, Debussy, Brahms ou encore Chostakovitch.<br \/>\n<\/span><\/p>\n<p><span style=\"color: #777777; font-family: Arial;\">&lt;<a href=\"https:\/\/www.la-croix.com\/Culture\/Mort-Bernard-Haitink-dernier-geant-chefs-dorchestre-2021-10-22-1201181815\"><span style=\"color: #0000ff;\">La Croix<\/span><\/a>&gt; \u00e9crit \u00e0 juste titre<br \/>\n<\/span><\/p>\n<p style=\"margin-left: 28pt;\"><span style=\"color: #c00000; font-family: Arial;\">\u00ab\u00a0Il laisse de magnifiques enregistrements en h\u00e9ritage. Tout est \u00e0 \u00e9couter.\u00a0\u00bb<br \/>\n<\/span><\/p>\n<p><span style=\"color: #800000;\">&lt;1612&gt;<\/span><\/p>\n<p><span style=\"color: #777777; font-family: Arial;\">\u00a0<\/span><\/p>\n","protected":false},"excerpt":{"rendered":"<p>\u00ab\u00a0Je suis un modeste musicien.\u00a0\u00bb Bernard Haitink Et de mani\u00e8re unanime, le 22 octobre 2021, les sites de tous les plus grands orchestres symphoniques du monde ont affich\u00e9 en page d&rsquo;accueil la m\u00eame information\u00a0: Le chef d&rsquo;orchestre n\u00e9erlandais Bernard Haitink<\/p>\n","protected":false},"author":1,"featured_media":0,"comment_status":"open","ping_status":"closed","sticky":false,"template":"","format":"standard","meta":{"footnotes":""},"categories":[1],"tags":[29,20,209],"class_list":["post-12493","post","type-post","status-publish","format-standard","hentry","category-motdujour","tag-hommage","tag-musique","tag-pays-bas"],"_links":{"self":[{"href":"https:\/\/lemotdujour.fr\/index.php?rest_route=\/wp\/v2\/posts\/12493","targetHints":{"allow":["GET"]}}],"collection":[{"href":"https:\/\/lemotdujour.fr\/index.php?rest_route=\/wp\/v2\/posts"}],"about":[{"href":"https:\/\/lemotdujour.fr\/index.php?rest_route=\/wp\/v2\/types\/post"}],"author":[{"embeddable":true,"href":"https:\/\/lemotdujour.fr\/index.php?rest_route=\/wp\/v2\/users\/1"}],"replies":[{"embeddable":true,"href":"https:\/\/lemotdujour.fr\/index.php?rest_route=%2Fwp%2Fv2%2Fcomments&post=12493"}],"version-history":[{"count":7,"href":"https:\/\/lemotdujour.fr\/index.php?rest_route=\/wp\/v2\/posts\/12493\/revisions"}],"predecessor-version":[{"id":12719,"href":"https:\/\/lemotdujour.fr\/index.php?rest_route=\/wp\/v2\/posts\/12493\/revisions\/12719"}],"wp:attachment":[{"href":"https:\/\/lemotdujour.fr\/index.php?rest_route=%2Fwp%2Fv2%2Fmedia&parent=12493"}],"wp:term":[{"taxonomy":"category","embeddable":true,"href":"https:\/\/lemotdujour.fr\/index.php?rest_route=%2Fwp%2Fv2%2Fcategories&post=12493"},{"taxonomy":"post_tag","embeddable":true,"href":"https:\/\/lemotdujour.fr\/index.php?rest_route=%2Fwp%2Fv2%2Ftags&post=12493"}],"curies":[{"name":"wp","href":"https:\/\/api.w.org\/{rel}","templated":true}]}}