{"id":12475,"date":"2021-10-25T00:16:05","date_gmt":"2021-10-24T22:16:05","guid":{"rendered":"http:\/\/lemotdujour.fr\/?p=12475"},"modified":"2021-11-12T20:48:18","modified_gmt":"2021-11-12T19:48:18","slug":"lundi-25-octobre-2021","status":"publish","type":"post","link":"https:\/\/lemotdujour.fr\/?p=12475","title":{"rendered":"Lundi 25 octobre 2021"},"content":{"rendered":"<div class=\"mdjTexte\">\u00ab\u00a0J\u2019aime la chanson, j\u2019aime les mots, j\u2019aime les notes, je gratte sur une guitare, je raconte des histoires \u00e0 des amis.\u00a0\u00bb<\/div>\n<div class=\"mdjAuteur\">Georges Brassens<\/div>\n<p><span style=\"color: #777777; font-family: Arial;\">Il y a cent ans le 25 octobre 1921, <strong>Georges Brassens<\/strong> \u00e9tait \u00e2g\u00e9 de quatre jours, <strong>puisqu&rsquo;il \u00e9tait n\u00e9 \u00e0 S\u00e8te, le samedi 22 octobre 1921<\/strong>.<br \/>\n<\/span><\/p>\n<p><span style=\"color: #777777; font-family: Arial;\">Il est n\u00e9 la m\u00eame ann\u00e9e qu&rsquo;Edgar Morin qui, lui, vit toujours.<br \/>\n<\/span><\/p>\n<p><span style=\"color: #777777; font-family: Arial;\">Mon enfance a \u00e9t\u00e9 berc\u00e9e par les chansons de cet artiste qui avait pourtant eu \u00e9norm\u00e9ment de difficult\u00e9s \u00e0 s&rsquo;imposer sur la sc\u00e8ne fran\u00e7aise avant d&rsquo;en devenir un des piliers.<br \/>\n<\/span><\/p>\n<p><span style=\"color: #777777; font-family: Arial;\">Cent ans, c&rsquo;est une invitation \u00e0 un hommage \u00e0 ce po\u00e8te, ce m\u00e9lodiste, ce chanteur qui savait \u00eatre paillard, ironique, tendre et profond.<br \/>\n<\/span><\/p>\n<p><span style=\"color: #777777; font-family: Arial;\">En juin, me promenant sur les bords de Sa\u00f4ne, lieu o\u00f9 se trouve les bouquinistes \u00e0 Lyon, mon regard c&rsquo;est arr\u00eat\u00e9 sur un livre \u00ab\u00a0<strong>Brassens, toute une vie pour la chanson<\/strong>\u00a0\u00bb. Je l&rsquo;ai achet\u00e9 et je viens de le lire.<br \/>\n<\/span><\/p>\n<p><span style=\"color: #777777; font-family: Arial;\">C&rsquo;est ainsi que j&rsquo;ai appris qu&rsquo;il n&rsquo;a pas achev\u00e9 ses \u00e9tudes au coll\u00e8ge Paul-Val\u00e9ry \u00e0 S\u00e8te. Influenc\u00e9 par une bande de petits casseurs qui cherchaient \u00e0 bon compte de l&rsquo;argent de poche, il est compromis dans des vols de bijoux auxquels il n&rsquo;a d&rsquo;ailleurs pas particip\u00e9, flirtant seulement avec la bande et avec le risque. Il se retrouve au commissariat o\u00f9 son p\u00e8re se h\u00e2te d&rsquo;aller le voir.<br \/>\n<\/span><\/p>\n<p><span style=\"color: #777777; font-family: Arial;\">Brassens a tir\u00e9 de cet \u00e9pisode une de ses plus belles chansons\u00a0: &lt;<span style=\"color: #0000ff;\"><a style=\"color: #0000ff;\" href=\"https:\/\/www.youtube.com\/watch?v=iUrbpT1nF74\">Les Quatre bacheliers<\/a><\/span>&gt;<br \/>\n<\/span><\/p>\n<p style=\"margin-left: 28pt;\"><span style=\"color: #c00000; font-family: Arial;\">\u00ab\u00a0Nous \u00e9tions quatre bacheliers<br \/>\nSans vergogne,<br \/>\nLa vraie cr\u00e8me des \u00e9coliers,<br \/>\nDes ecoliers.<br \/>\n<\/span><\/p>\n<p style=\"margin-left: 28pt;\"><span style=\"color: #c00000; font-family: Arial;\">Pour offrir aux filles des fleurs,<br \/>\nSans vergogne,<br \/>\nNous nous f\u00eemes un peu voleurs,<br \/>\nUn peu voleurs.\u00a0\u00bb<br \/>\n<\/span><\/p>\n<p><span style=\"color: #777777; font-family: Arial;\">&lt;<span style=\"color: #0000ff;\"><a style=\"color: #0000ff;\" href=\"https:\/\/www.paroles.cc\/chanson,les-quatre-bacheliers,20486\">suite<\/a><\/span>&gt;<br \/>\n<\/span><\/p>\n<p><span style=\"color: #777777; font-family: Arial;\">Chanson dans laquelle il rend hommage \u00e0 son p\u00e8re bienveillant\u00a0:<br \/>\n<\/span><\/p>\n<p style=\"margin-left: 28pt;\"><span style=\"color: #c00000; font-family: Arial;\">\u00ab Mais je sais qu&rsquo;un enfant perdu, [\u2026]<br \/>\nA de la chance quand il a,<br \/>\nSans vergogne,<br \/>\nUn p\u00e8re de ce tonneau-l\u00e0\u00a0\u00bb<br \/>\n<\/span><\/p>\n<p><img loading=\"lazy\" decoding=\"async\" class=\"alignleft\" src=\"https:\/\/lemotdujour.fr\/wp-content\/uploads\/2021\/10\/102421_2158_Lundi25octo1.jpg\" alt=\"\" width=\"182\" height=\"285\" align=\"left\" \/><span style=\"color: #777777; font-family: Arial;\">Ce livre a \u00e9t\u00e9 \u00e9crit par un de ses amis\u00a0: <a href=\"https:\/\/fr.wikipedia.org\/wiki\/Andr%C3%A9_S%C3%A8ve\"><strong><span style=\"color: #0000ff;\">Andr\u00e9 S\u00e8ve<\/span><\/strong><\/a>, son a\u00een\u00e9 de 8 ans puisqu&rsquo;il est n\u00e9 en 1913 \u00e0 Crest (Dr\u00f4me) mais qui lui a surv\u00e9cu de 20 ans.<br \/>\n<\/span><\/p>\n<p><span style=\"color: #777777; font-family: Arial;\">Brassens l&rsquo;appelait \u00ab\u00a0Fr\u00e8re Andr\u00e9\u00a0\u00bb parce qu&rsquo;il \u00e9tait un religieux assomptionniste. Il a surtout \u00e9crit des livres spirituels et religieux mais il voulait \u00e9crire un livre d&rsquo;interview de ce chanteur dont il aimait tant les chansons \u2026 sauf quelques-unes\u2026<br \/>\n<\/span><\/p>\n<p><span style=\"color: #777777; font-family: Arial;\">Car \u00e9videmment la Foi et la religion les conduisaient \u00e0 des disputes fr\u00e9quentes. <\/span><span style=\"color: #777777; font-family: Arial;\">Et quelquefois des chansons pouvaient \u00eatre des objets de dispute.<br \/>\n<\/span><\/p>\n<p><span style=\"color: #777777; font-family: Arial;\">Ainsi &lt;<a href=\"https:\/\/www.youtube.com\/watch?v=26a8hVR2hio\"><span style=\"color: #0000ff;\">La religieuse<\/span><\/a>&gt; qui commence ainsi\u00a0:<br \/>\n<\/span><\/p>\n<p style=\"margin-left: 28pt;\"><span style=\"color: #c00000; font-family: Arial;\">\u00ab\u00a0Tous les c\u0153urs se rallient \u00e0 sa blanche cornette<br \/>\nSi le chr\u00e9tien succombe \u00e0 son charme insidieux<br \/>\nLe pa\u00efen le plus s\u00fbr, l&rsquo;ath\u00e9e le plus honn\u00eate<br \/>\nSe laisseraient aller parfois \u00e0 croire en Dieu<br \/>\nEt les enfants de ch\u0153ur font tinter leur sonnette<br \/>\n<\/span><\/p>\n<p style=\"margin-left: 28pt;\"><span style=\"color: #c00000; font-family: Arial;\">Il para\u00eet que, dessous sa cornette fatale<br \/>\nQu&rsquo;elle arbore \u00e0 la messe avec tant de rigueur<br \/>\nCette petite s\u0153ur cache, c&rsquo;est un scandale<br \/>\nUne queu&rsquo; de cheval et des accroche-c\u0153urs<br \/>\nEt les enfants de ch\u0153ur s&rsquo;agitent dans les stalles<br \/>\n<\/span><\/p>\n<p style=\"margin-left: 28pt;\"><span style=\"color: #c00000; font-family: Arial;\">Il para\u00eet que, dessous son gros habit de bure<br \/>\nElle porte coquettement des bas de soie<br \/>\nFestons, frivolit\u00e9s, fanfreluches, guipures<br \/>\nEnfin tout ce qu&rsquo;il faut pour que le diable y soit<br \/>\nEt les enfants de ch\u0153ur ont des pens\u00e9es impures\u00a0\u00bb<br \/>\n<em>Brassens par Andr\u00e9 S\u00e8ve page 50<br \/>\n<\/em><\/span><\/p>\n<p><span style=\"color: #777777; font-family: Arial;\">Mais cet \u00e9pisode permet \u00e0 Brassens de donner cette le\u00e7on de vie\u00a0:<br \/>\n<\/span><\/p>\n<p style=\"margin-left: 28pt;\"><span style=\"color: #c00000; font-family: Arial;\">\u00ab\u00a0Quand tu fais quelque chose qui m&rsquo;agace, par exemple quand tu as \u00e9cout\u00e9 la religieuse \u00e7a t&rsquo;a contrari\u00e9 et tu ne voulais plus me voir, \u00e7a m&rsquo;a refroidi \u00e0 ton \u00e9gard, tu comprends, mais j&rsquo;ai fait un effort, j&rsquo;ai essay\u00e9 de me dire\u00a0: \u00ab\u00a0C&rsquo;est normal que cette chanson ne plaise pas \u00e0 Fr\u00e8re Andr\u00e9, ce n&rsquo;est pas une raison pour lui en vouloir \u00e0 ce point.\u00a0\u00bb Quand on fait cet effort, on s&rsquo;aper\u00e7oit souvent que les raisons de se refroidir ne sont jamais de vraiment bonnes raisons, c&rsquo;est d\u00fb au caract\u00e8re, \u00e0 l&rsquo;\u00e9go\u00efsme du moment. Parce que je ne trouvais pas dans mon Fr\u00e8re Andr\u00e9, \u00e0 ce moment-l\u00e0, ce que j&rsquo;esp\u00e9rais y trouver je me refroidissais, mais dans l&rsquo;amiti\u00e9 il ne faut pas penser uniquement \u00e0 ce que l&rsquo;autre, d&rsquo;apr\u00e8s nous, doit nous apporter. Il ne faut pas prendre, prendre. Il faut donner, et dans ces moments-l\u00e0, ce qu&rsquo;on peut donner de mieux, c&rsquo;est d&rsquo;\u00eatre tr\u00e8s intelligent, pas pu\u00e9ril.\u00a0\u00bb<br \/>\n<em>Brassens par Andr\u00e9 S\u00e8ve page 98<\/em><br \/>\n<\/span><\/p>\n<p><span style=\"color: #777777; font-family: Arial;\">Ce livre a \u00e9t\u00e9 \u00e9crit alors que Brassens avait 54 ans, il lui restait 6 ans \u00e0 vivre.<br \/>\n<\/span><\/p>\n<p><span style=\"color: #777777; font-family: Arial;\">Ce livre ne fut pas simple, Brassens bourru passa son temps \u00e0 rabrouer son ami. Il l&rsquo;obligea d&rsquo;abord \u00e0 abandonner la liste de questions qu&rsquo;il avait patiemment pr\u00e9par\u00e9es pour laisser le dialogue plus naturel et moins format\u00e9. Apr\u00e8s il lui reprocha de ne pas le laisser aller au bout de sa pens\u00e9e et de l&rsquo;interrompre pour enfin lui reprocher qu&rsquo;il ne le comprenait pas ou qu&rsquo;il ne l&rsquo;\u00e9coutait pas.<br \/>\n<\/span><\/p>\n<p><span style=\"color: #777777; font-family: Arial;\">Fr\u00e8re Andr\u00e9 a scrupuleusement rapport\u00e9 ces rebuffades, comme celle lorsqu&rsquo;il n&rsquo;\u00e9tait pas convaincu que Brassens, qui avait \u00e9crit de si beaux textes, puisse pr\u00e9tendre que dans ses chansons le plus important \u00e9tait la m\u00e9lodie :<br \/>\n<\/span><\/p>\n<p style=\"margin-left: 28pt;\"><span style=\"color: #c00000; font-family: Arial;\">\u00ab\u00a0Est-ce que tu me suis bien\u00a0? Est-ce que j&rsquo;arriverai \u00e0 te faire comprendre que j&rsquo;attache plus d&rsquo;importance \u00e0 la musique qu&rsquo;aux paroles<br \/>\n<em>Brassens par Andr\u00e9 S\u00e8ve page 30<br \/>\n<\/em><\/span><span style=\"color: #c00000; font-family: Arial;\">[\u2026]<br \/>\n<\/span><span style=\"color: #c00000; font-family: Arial;\">\u00ab\u00a0C&rsquo;est pour cela qu&rsquo;en disant que tu aimes mes chansons sans tenir compte des musiques, tu fais preuve d&rsquo;une incomp\u00e9tence rare en mati\u00e8re de chanson, et \u00e7a me fait de la peine. [\u2026]<br \/>\n<\/span><span style=\"color: #c00000; font-family: Arial;\">Puisque tu les aimes, mes chansons, la musique te p\u00e9n\u00e8tre et te pla\u00eet sans que tu te rendes bien compte. \u00bb<br \/>\n<em>Brassens par Andr\u00e9 S\u00e8ve page 30<\/em><br \/>\n<\/span><\/p>\n<p><span style=\"color: #777777; font-family: Arial;\">Et quand Andr\u00e9 S\u00e8ve veut donner la liste de des 10 chansons pr\u00e9f\u00e9r\u00e9es, il lui r\u00e9torque :<br \/>\n<\/span><\/p>\n<p style=\"margin-left: 28pt;\"><span style=\"color: #c00000; font-family: Arial;\">\u00ab\u00a0Dis-les donc tes pr\u00e9f\u00e9rences. Mais si tu aimais la chanson et si tu aimais Brassens, tu n&rsquo;aurais pas de pr\u00e9f\u00e9rences.\u00a0\u00bb<br \/>\n<\/span><span style=\"color: #c00000; font-family: Arial;\"><em>Brassens par Andr\u00e9 S\u00e8ve page 51<br \/>\n<\/em><\/span><\/p>\n<p><span style=\"color: #777777; font-family: Arial;\">Andr\u00e9 S\u00e8ve parvient cependant \u00e0 lui faire avouer son amour des mots\u00a0:<br \/>\n<\/span><\/p>\n<p style=\"margin-left: 28pt;\"><span style=\"color: #c00000; font-family: Arial;\"> \u00ab\u00a0Oui, j&rsquo;aime bien me faire une petite f\u00eate avec les mots. Il y en a qui servent admirablement une pens\u00e9e, une image. \u00ab\u00a0Ventripotent\u2026le regard oblique\u2026Elle viendra faire sa niche entre mes bras\u2026 Le parti des myosotis\u2026 Au bois de mon c\u0153ur\u2026Des gr\u00e2ces roturi\u00e8res\u2026\u00a0\u00bb Certains mots sont beaux par eux-m\u00eames, d&rsquo;autres jouent bien entre eux\u00a0: \u00ab\u00a0Un grain de sel dans tes cheveux\u00a0\u00bb\u00a0\u00bb<br \/>\n<\/span><span style=\"color: #c00000; font-family: Arial;\"><em>Brassens par Andr\u00e9 S\u00e8ve page 50<br \/>\n<\/em><\/span><\/p>\n<p><span style=\"color: #777777; font-family: Arial;\">Il gal\u00e9ra pour \u00eatre reconnu. Il proclame\u00a0: <strong>je dois tout \u00e0 Patachou<\/strong>\u00a0:<br \/>\n<\/span><\/p>\n<p style=\"margin-left: 28pt;\"><span style=\"color: #c00000; font-family: Arial;\">\u00ab\u00a0Je me suis fait trois amis qui m&rsquo;ont dit\u00a0: \u00ab\u00a0On va te pr\u00e9senter \u00e0 Patachou\u00a0\u00bb Un soir on m&rsquo;a amen\u00e9 \u00e0 son cabaret-restaurant \u00e0 Montmartre et apr\u00e8s le spectacle j&rsquo;ai chant\u00e9 mes chansons. Je pensais n&rsquo;en donner qu&rsquo;une ou deux, mais Patachou m&rsquo;a tout fait chanter. Elle m&rsquo;a pris imm\u00e9diatement plusieurs chansons et m&rsquo;a demand\u00e9 de revenir pour les lui apprendre.\u00a0\u00bb<em><br \/>\nBrassens par Andr\u00e9 S\u00e8ve page 39<\/em><br \/>\n<\/span><\/p>\n<p><img loading=\"lazy\" decoding=\"async\" class=\"alignright\" src=\"https:\/\/lemotdujour.fr\/wp-content\/uploads\/2021\/10\/102421_2158_Lundi25octo2.jpg\" alt=\"\" width=\"416\" height=\"305\" align=\"left\" \/><span style=\"color: #777777; font-family: Arial;\">La premi\u00e8re fois qu&rsquo;on a entendu en public une chanson de Brassens, c&rsquo;\u00e9tait par Patachou.<br \/>\n<\/span><\/p>\n<p><span style=\"color: #777777; font-family: Arial;\"><strong>Patachou<\/strong> chante &lt;<span style=\"color: #0000ff;\"><a style=\"color: #0000ff;\" href=\"https:\/\/www.youtube.com\/watch?v=QB6Au09GjDg\">Les amoureux des bancs publics<\/a><\/span>&gt;<br \/>\n<\/span><\/p>\n<p><span style=\"color: #777777; font-family: Arial;\">Mais elle ne voudra pas chanter certaines chansons comme \u00ab\u00a0le Gorille\u00a0\u00bb, \u00ab\u00a0la Mauvaise r\u00e9putation\u00a0\u00bb et elle le convainquit de les chanter lui-m\u00eame. Elle le laissa chanter apr\u00e8s son spectacle en le lan\u00e7ant ainsi\u00a0:<br \/>\n<\/span><\/p>\n<p style=\"margin-left: 28pt;\"><span style=\"color: #c00000; font-family: Arial;\">\u00ab\u00a0Je vous ai chant\u00e9 la Pri\u00e8re, Bancs publics. Je vous ai dit que c&rsquo;\u00e9tait d&rsquo;un nomm\u00e9 Brassens. Il est l\u00e0, Brassens. Il ne sait pas tellement bien chanter, il ne sait pas tellement bien jouer de la guitare, il ne sait pas tellement bien se tenir en public, visiblement il n&rsquo;aime pas \u00e7a, mais si vous voulez passer un moment agr\u00e9able, restez.\u00a0\u00bb<br \/>\n<em>Brassens par Andr\u00e9 S\u00e8ve page 40<\/em><\/span><\/p>\n<p><span style=\"color: #777777; font-family: Arial;\">Et les gens sont rest\u00e9s.<br \/>\n<\/span><\/p>\n<p style=\"margin-left: 28pt;\"><span style=\"color: #c00000; font-family: Arial;\">\u00ab Tout ensuite, est all\u00e9 tr\u00e8s vite, et je le dois \u00e0 Patachou, je ne cesserai jamais de le dire. Parce que tu sais \u00e0 ce moment-l\u00e0, j&rsquo;\u00e9tais un peu perdu, j&rsquo;avais 31 ans et j&rsquo;\u00e9tais un peu d\u00e9sesp\u00e9r\u00e9, je commen\u00e7ais \u00e0 penser que \u00e7a ne marcherait jamais. \u00bb<br \/>\n<em>Brassens par Andr\u00e9 S\u00e8ve page 40<\/em><\/span><\/p>\n<p><a href=\"https:\/\/www.youtube.com\/watch?v=WKY5ext2GAU\"><span style=\"font-family: Arial;\"><span style=\"color: #0000ff;\">&lt;Mini interview de Patachou, tr\u00e8s vieille, qui parle de sa rencontre avec Brassens&gt;<\/span><\/span><\/a><span style=\"color: #777777; font-family: Arial;\"><br \/>\n<\/span><\/p>\n<p><span style=\"color: #777777; font-family: Arial;\">La vie de Brassens d\u00e9crite dans le livre\u00a0: il \u00e9crivait des chansons, recevait des amis et lisait beaucoup surtout les po\u00e8tes. Il se levait tr\u00e8s t\u00f4t vers 2, 3 ou 4 heures du matin apr\u00e8s 6 heures de sommeil.<br \/>\n<\/span><\/p>\n<p><span style=\"color: #777777; font-family: Arial;\">C&rsquo;\u00e9tait un bosseur\u00a0!<br \/>\n<\/span><\/p>\n<p style=\"margin-left: 28pt;\"><span style=\"color: #c00000; font-family: Arial;\">\u00ab\u00a0Je vis selon les chansons que j&rsquo;\u00e9cris, si j&rsquo;en ai vraiment entrain je ne m&rsquo;occupe que de \u00e7a. Je reste parfois deux heures assis \u00e0 chercher un mot, un accord. Je peux travailler jusqu&rsquo;\u00e0 douze heures dans la journ\u00e9e.\u00a0\u00bb<br \/>\n<em>Brassens par Andr\u00e9 S\u00e8ve page 79<br \/>\n<\/em><\/span><\/p>\n<p><span style=\"color: #777777; font-family: Arial;\">Il \u00e9coutait parfois de la musique classique\u00a0:<br \/>\n<\/span><\/p>\n<p style=\"margin-left: 28pt;\"><span style=\"color: #c00000; font-family: Arial;\">\u00ab\u00a0Oui mais je pr\u00e9f\u00e8re le jazz [\u2026] J&rsquo;aime ce rythme\u00a0\u00bb<br \/>\n<em>Brassens par Andr\u00e9 S\u00e8ve page 79<br \/>\n<\/em><\/span><\/p>\n<p><span style=\"color: #777777; font-family: Arial;\">Et quand Andr\u00e9 s&rsquo;\u00e9tonne que lui homme de la ville ait pu \u00e9crire une merveille comme &lt;<span style=\"color: #0000ff;\"><a style=\"color: #0000ff;\" href=\"https:\/\/www.youtube.com\/watch?v=wOMgJz7aIyI\">Bonhomme<\/a><\/span>&gt; il r\u00e9pond\u00a0:<br \/>\n<\/span><\/p>\n<p style=\"margin-left: 28pt;\"><span style=\"color: #c00000; font-family: Arial;\">\u00ab\u00a0Eh bien, j&rsquo;avais peut \u00eatre lu quelque chose qui m&rsquo;a fait vibrer. Et ce qui m&rsquo;est d&rsquo;abord venu, c&rsquo;est \u00ab\u00a0mort naturelle\u00a0\u00bb. J&rsquo;ai vu un vieil homme qui mourait, sa vieille femme qui allait pour chauffer Bonhomme \u00ab\u00a0qui va mourir de mort naturelle\u00a0\u00bb. J&rsquo;ai r\u00e9ussi cette chanson, que j&rsquo;aime beaucoup, c&rsquo;est une de mes pr\u00e9f\u00e9r\u00e9es, parce que j&rsquo;avais d\u00fb \u00eatre fortement \u00e9mu\/ [\u2026] c&rsquo;est la mort du grand-p\u00e8re d&rsquo;un ami qui m&rsquo;avait frapp\u00e9.\u00a0\u00bb<br \/>\n<em>Brassens par Andr\u00e9 S\u00e8ve page 50<br \/>\n<\/em><\/span><\/p>\n<p><span style=\"color: #777777; font-family: Arial;\">Les paroles qui d\u00e9bute cette chanson\u00a0:<br \/>\n<\/span><\/p>\n<p style=\"margin-left: 28pt;\"><span style=\"color: #c00000; font-family: Arial;\">\u00ab\u00a0Malgr\u00e9 la bise qui mord<br \/>\nLa pauvre vieille de somme<br \/>\nVa ramasser du bois mort<br \/>\nPour chauffer Bonhomme<br \/>\nBonhomme qui va mourir<br \/>\nDe mort naturelle<\/span><\/p>\n<p style=\"margin-left: 28pt;\"><span style=\"color: #c00000; font-family: Arial;\">M\u00e9lancolique, elle va<br \/>\n\u00c0 travers la for\u00eat bl\u00eame<br \/>\nO\u00f9 jadis elle r\u00eava<br \/>\nDe celui qu&rsquo;elle aime<br \/>\nQu&rsquo;elle aime et qui va mourir<br \/>\nDe mort naturelle\u00a0\u00bb<br \/>\n<em>Brassens par Andr\u00e9 S\u00e8ve page 50<br \/>\n<\/em><\/span><\/p>\n<p><span style=\"color: #777777; font-family: Arial;\">Il aimait les chats\u00a0:<br \/>\n<\/span><\/p>\n<p style=\"margin-left: 28pt;\"><img decoding=\"async\" class=\"alignleft\" src=\"https:\/\/lemotdujour.fr\/wp-content\/uploads\/2021\/10\/102421_2158_Lundi25octo3.jpg\" alt=\"\" align=\"left\" \/><span style=\"color: #c00000; font-family: Arial;\">\u00ab\u00a0Dans ma vie, il me faut des chats. De toute fa\u00e7on, je respecte les animaux, je ne suis ni chasseur ni p\u00eacheur \u00e0 cause de \u00e7a. Je dois aimer les chats parce qu&rsquo;ils sont tr\u00e8s ind\u00e9pendants. Je respecte leur ind\u00e9pendance, je ne les caresse que lorsqu&rsquo;ils ont envie, je ne les habille pas, je ne les mets pas dans une bo\u00eete. Je les regarde vivre.\u00a0\u00bb<br \/>\n<em>Brassens par Andr\u00e9 S\u00e8ve page 69<br \/>\n<\/em><\/span><\/p>\n<p><span style=\"color: #777777; font-family: Arial;\">J&rsquo;ai lu sur le web que l&rsquo;anarchiste qu&rsquo;il \u00e9tait, aurait dit qu&rsquo;il pr\u00e9f\u00e9rait les chats aux chiens parce qu&rsquo;il n&rsquo;y avait pas de chat policier.<br \/>\n<\/span><\/p>\n<p><span style=\"color: #777777; font-family: Arial;\">Et il va encore se r\u00e9volter quand Fr\u00e8re Andr\u00e9 veut lui faire dire qu&rsquo;il y a un message, une morale, des valeurs dans ses chansons\u00a0:<br \/>\n<\/span><\/p>\n<p style=\"margin-left: 28pt;\"><span style=\"color: #c00000; font-family: Arial;\">\u00ab Mais prends-moi comme je suis : j&rsquo;aime la chanson, j&rsquo;aime les mots, j&rsquo;aime les notes, je gratte sur une guitare, je raconte des histoires \u00e0 des amis. Il se trouve que j&rsquo;ai beaucoup lu, que j&rsquo;ai rencontr\u00e9 certaines id\u00e9es, que j&rsquo;ai vu des choses qui m&rsquo;ont plu, d&rsquo;autres qui m&rsquo;ont d\u00e9plu, tout \u00e7a est entr\u00e9 en moi et \u00e7a ressort un jour dans une chanson. Comme une vache qui se met \u00e0 pa\u00eetre de l&rsquo;herbe et \u00e7a devient du lait. Ne lui demande pas d&rsquo;expliquer son lait, bois-le \u00bb<br \/>\n<em>Brassens par Andr\u00e9 S\u00e8ve page 49<br \/>\n<\/em><\/span><\/p>\n<p><span style=\"color: #777777; font-family: Arial;\">Voil\u00e0 comment \u00e9tait Brassens qui est n\u00e9 \u00e0 S\u00e8te, il y a 100 ans.<br \/>\n<\/span><\/p>\n<p><span style=\"color: maroon; font-family: Arial;\">&lt;1611&gt;<span style=\"color: #777777;\"><br \/>\n<\/span><\/span><\/p>\n<p><span style=\"color: #777777; font-family: Arial;\">\u00a0<\/span><\/p>\n","protected":false},"excerpt":{"rendered":"<p>\u00ab\u00a0J\u2019aime la chanson, j\u2019aime les mots, j\u2019aime les notes, je gratte sur une guitare, je raconte des histoires \u00e0 des amis.\u00a0\u00bb Georges Brassens Il y a cent ans le 25 octobre 1921, Georges Brassens \u00e9tait \u00e2g\u00e9 de quatre jours, puisqu&rsquo;il<\/p>\n","protected":false},"author":1,"featured_media":0,"comment_status":"open","ping_status":"closed","sticky":false,"template":"","format":"standard","meta":{"footnotes":""},"categories":[1],"tags":[193,15,29],"class_list":["post-12475","post","type-post","status-publish","format-standard","hentry","category-motdujour","tag-chanson","tag-france","tag-hommage"],"_links":{"self":[{"href":"https:\/\/lemotdujour.fr\/index.php?rest_route=\/wp\/v2\/posts\/12475","targetHints":{"allow":["GET"]}}],"collection":[{"href":"https:\/\/lemotdujour.fr\/index.php?rest_route=\/wp\/v2\/posts"}],"about":[{"href":"https:\/\/lemotdujour.fr\/index.php?rest_route=\/wp\/v2\/types\/post"}],"author":[{"embeddable":true,"href":"https:\/\/lemotdujour.fr\/index.php?rest_route=\/wp\/v2\/users\/1"}],"replies":[{"embeddable":true,"href":"https:\/\/lemotdujour.fr\/index.php?rest_route=%2Fwp%2Fv2%2Fcomments&post=12475"}],"version-history":[{"count":9,"href":"https:\/\/lemotdujour.fr\/index.php?rest_route=\/wp\/v2\/posts\/12475\/revisions"}],"predecessor-version":[{"id":12720,"href":"https:\/\/lemotdujour.fr\/index.php?rest_route=\/wp\/v2\/posts\/12475\/revisions\/12720"}],"wp:attachment":[{"href":"https:\/\/lemotdujour.fr\/index.php?rest_route=%2Fwp%2Fv2%2Fmedia&parent=12475"}],"wp:term":[{"taxonomy":"category","embeddable":true,"href":"https:\/\/lemotdujour.fr\/index.php?rest_route=%2Fwp%2Fv2%2Fcategories&post=12475"},{"taxonomy":"post_tag","embeddable":true,"href":"https:\/\/lemotdujour.fr\/index.php?rest_route=%2Fwp%2Fv2%2Ftags&post=12475"}],"curies":[{"name":"wp","href":"https:\/\/api.w.org\/{rel}","templated":true}]}}