{"id":1246,"date":"2015-09-22T02:00:00","date_gmt":"2015-09-21T22:00:00","guid":{"rendered":"http:\/\/lemotdujour.fr\/?p=1246"},"modified":"2017-05-08T13:26:44","modified_gmt":"2017-05-08T11:26:44","slug":"mardi-22092015","status":"publish","type":"post","link":"https:\/\/lemotdujour.fr\/?p=1246","title":{"rendered":"Mardi 22\/09\/2015"},"content":{"rendered":"<div class=\"mdjDate\">Mardi 22\/09\/2015<\/div>\n<div class=\"mdjTexte\">\u00abJ\u00e9r\u00e9my Corbyn : effroi de la presse fran\u00e7aise\u00bb<\/div>\n<div class=\"mdjAuteur\">Arr\u00eats sur Image d\u00e9crivant le rejet dont fait l&rsquo;objet le nouveau chef du Parti travailliste anglais<\/div>\n<div class=\"mdjComplements\"><a href=\"http:\/\/www.lefigaro.fr\/international\/2015\/09\/13\/01003-20150913ARTFIG00175-la-victoire-du-gauchiste-corbyn-seisme-pour-le-labour.php\">&lt;La victoire du \u00abgauchiste\u00bb Corbyn, s\u00e9isme pour le Labour &#8211; Le Figaro&gt;<\/a><\/div>\n<div class=\"mdjComplements\"><a href=\"http:\/\/tempsreel.nouvelobs.com\/monde\/20150916.OBS5879\/corbyn-a-la-tete-du-labour-un-symptome-plutot-qu-un-messie.html\">&lt;Corbyn \u00e0 la t\u00eate du Labour : un sympt\u00f4me plut\u00f4t qu&rsquo;un messie &#8211; L&rsquo;Obs&gt;<\/a><\/div>\n<div class=\"mdjComplements\">Le site arr\u00eats sur images analyse ce ph\u00e9nom\u00e8ne m\u00e9diatique fran\u00e7ais par le titre : <a href=\"http:\/\/www.arretsurimages.net\/breves\/2015-09-12\/Corbyn-chef-du-parti-travailliste-effroi-de-la-presse-francaise-id19237\">&lt;Corbyn chef du parti travailliste : effroi de la presse fran\u00e7aise&gt;<\/a><\/div>\n<div class=\"mdjComplements\">Et explique : \u00ab Cette oraison fun\u00e8bre n&rsquo;est pas nouvelle. Cet \u00e9t\u00e9, comme l&rsquo;a relev\u00e9 de mani\u00e8re exhaustive Acrimed, la presse fran\u00e7aise, effray\u00e9e par la victoire annonc\u00e9e de Corbyn, se plaisait \u00e0 relayer tous les arguments de ses adversaires. Corbyn, c&rsquo;est d&rsquo;abord un homme politique qui \u00ab\u00a0n&rsquo;est pas vraiment d&rsquo;une extr\u00eame fra\u00eecheur\u00a0\u00bb (L&rsquo;Express), pr\u00f4nant de \u00ab\u00a0vieilles recettes\u00a0\u00bb et \u00ab\u00a0un retour aux strat\u00e9gies perdantes de l\u2019\u00e9poque\u00a0\u00bb (Slate), \u00e0 moins qu&rsquo;il n&rsquo;ait que \u00ab\u00a0de vieilles solutions \u00e0 de vieux probl\u00e8mes\u00a0\u00bb (HuffingtonPost). \u00ab\u00a0Il a un discours qui date d\u2019il y a 30 ans\u00a0\u00bb, assure un professeur de Sciences politique cit\u00e9 par Le Parisien. Quant \u00e0 Lib\u00e9, le journal de gauche n&rsquo;a rien trouv\u00e9 de mieux que de comparer, le 1er septembre dernier, Corbyn au personnage de fiction Freddy, \u00ab\u00a0qui attaque (et tue) les enfants dans leurs r\u00eaves\u00a0\u00bb, ironise Acrimed qui d\u00e9nonce un parall\u00e8le un peu douteux.<\/div>\n<div class=\"mdjComplements\">Au-del\u00e0 de son discours, c&rsquo;est la personnalit\u00e9 m\u00eame de Corbyn qui est probl\u00e9matique pour les m\u00e9dias fran\u00e7ais. Dans le genre ringard : \u00ab\u00a0Asc\u00e9tique, v\u00e9g\u00e9tarien, refusant de boire de l\u2019alcool et de poss\u00e9der une voiture, il est per\u00e7u comme la caricature des intellectuels de gauche du nord de Londres\u00a0\u00bb, \u00e9crit Le Monde, soulignant ainsi qu&rsquo;il est \u00ab\u00a0d\u00e9nu\u00e9 de charisme\u00a0\u00bb. Et un peu moche aussi ? \u00ab\u00a0Il porte des chemises froiss\u00e9es\u00a0\u00bb, remarque finement le quotidien de droite L&rsquo;Opinion. Heureusement qu&rsquo;il va faire perdre son parti aux prochaines \u00e9lections.\u00bb<\/div>\n<div class=\"mdjComplements\">Caroline Fourest que je d\u00e9fends la plupart du temps a cette fois attaqu\u00e9, dans sa chronique sur France Culture,\u00a0 Corbyn sur <strong>\u00ab<\/strong>ses amiti\u00e9s suspectes<strong>\u00bb <\/strong><a href=\"http:\/\/www.franceculture.fr\/emission-le-monde-selon-caroline-fourest-jeremy-corbyn-tremblement-de-terre-ou-suicide-politique-201\">&lt;Jeremy Corbyn : tremblement de terre ou suicide politique ?&gt;<\/a> et elle a le m\u00eame jour commis un article sur le Huffington Post <a href=\"http:\/\/www.huffingtonpost.fr\/caroline-fourest\/les-amis-integristes-de-jeremy-corbyn-_b_8133200.html\">&lt;Les amis int\u00e9gristes de Jeremy Corbyn&gt; <\/a><\/div>\n<div class=\"mdjComplements\">Et enfin dans l&rsquo;\u00e9mission que j&rsquo;\u00e9coute religieusement chaque dimanche \u00ab\u00a0Les centristes parlent aux centristes\u00a0\u00bb pardon cela s&rsquo;appelle <a href=\"http:\/\/www.franceculture.fr\/emission-l-esprit-public-l-election-de-jeremy-corbyn-a-la-tete-du-labour-crise-des-refugies-et-espac\">\u00ab\u00a0L&rsquo;esprit public\u00a0\u00bb <\/a>l&rsquo;excellent centriste du Centre, je veux parler de Jean-Louis Bourlanges s&rsquo;est moqu\u00e9 avec condescendance de ces pauvres d\u00e9put\u00e9s travaillistes qui ont par leur manque d&rsquo;intelligence permis cette incongruit\u00e9 (je vous expliquerai plus loin pourquoi il dit cela).<\/div>\n<div class=\"mdjComplements\">Les m\u00e9dias fran\u00e7ais semblent donc d&rsquo;accord avec le Premier ministre David Cameron qui a d\u00e9clar\u00e9 via son compte Twitter\u00a0: \u00ab\u00a0<em>Le Labour repr\u00e9sente maintenant une menace pour notre s\u00e9curit\u00e9 nationale, pour la s\u00e9curit\u00e9 de notre \u00e9conomie et celle de votre famille<\/em>\u00a0\u00bb.<\/div>\n<div class=\"mdjComplements\">Je ne connaissais pas Jeremy Corbin, mais cette unanimit\u00e9 et surtout cette violence me paraissent suspectes.<\/div>\n<div class=\"mdjComplements\">Jeremy Corbin n&rsquo;est pas un nouveau venu en politique. N\u00e9 en 1949, il est d\u00e9put\u00e9 de la circonscription d&rsquo;Islington-nord \u00e0 la Chambre des Communes depuis 1983, plus de 30 ans !<\/div>\n<div class=\"mdjComplements\">Par exemple cette ann\u00e9e o\u00f9 le Parti travailliste a \u00e9t\u00e9 s\u00e9v\u00e8rement vaincu aux \u00e9lections, <a href=\"http:\/\/www.parliament.uk\/biographies\/commons\/jeremy-corbyn\/185\">J\u00e9r\u00e9my Corbin a \u00e9t\u00e9 \u00e9lu avec<strong> 60,24% des voix.<\/strong><\/a><\/div>\n<div class=\"mdjComplements\">Je pense que vous savez qu&rsquo;en Grande Bretagne le scrutin est un scrutin uninominal \u00e0 un seul tour !<\/div>\n<div class=\"mdjComplements\">Il a eu 60 % au premier et seul tour des \u00e9lections et il y avait 5 autres candidats !\u00a0 Le conservateur (17%) un \u00e9cologiste (10%) et encore 3 autres dont l&rsquo;extr\u00eame droite UKIP 4%.<\/div>\n<div class=\"mdjComplements\">Il a \u00e9t\u00e9 \u00e9lu \u00e0 la t\u00eate du Parti Labour, le 12 septembre 2015, d\u00e8s le premier tour, avec 59,5 % des voix exprim\u00e9es.<\/div>\n<div class=\"mdjComplements\">La candidate se r\u00e9clamant du blairisme, Liz Kendall a eu 4,5% des voix, ce qu&rsquo;a \u00e0 peu pr\u00e8s obtenu Manuel Valls aux primaires qui lui aussi se r\u00e9clamait du blairisme.<\/div>\n<div class=\"mdjComplements\">Le scrutin qui l&rsquo;a d\u00e9sign\u00e9 est nouveau, en effet ce ne sont pas seulement les adh\u00e9rents du Parti Travailliste qui ont vot\u00e9 mais tous les sympathisants qui acceptaient de verser 3 livres sterling (c&rsquo;est assez proche des primaires socialistes ou de ceux que veulent organiser le parti des r\u00e9publicains, mais c&rsquo;est un peu plus cher).<\/div>\n<div class=\"mdjComplements\">La remarque de Bourlanges \u00e0 l&rsquo;\u00e9gard des d\u00e9put\u00e9s qui auraient fait une erreur,\u00a0 s&rsquo;explique du fait que pour se pr\u00e9senter \u00e0 ce scrutin il fallait avoir l&rsquo;aval d&rsquo;un certain nombre de d\u00e9put\u00e9s travaillistes qui aurait donc pu s&rsquo;opposer \u00e0 ce qu&rsquo;il se pr\u00e9sente ! Bien que le corps \u00e9lectoral de sa circonscription lui ait accord\u00e9 60%.<\/div>\n<div class=\"mdjComplements\">Je suis effar\u00e9 par cette attitude !<\/div>\n<div class=\"mdjComplements\">Quand en Iran, pour pouvoir se pr\u00e9senter aux \u00e9lections il faut que le \u00ab\u00a0Guide Supr\u00eame\u00a0\u00bb et sa clique de religieux soient d&rsquo;accord, on trouve cela scandaleux.<\/div>\n<div class=\"mdjComplements\">Et on trouverait normal qu&rsquo;un quarteron d&rsquo;\u00e9lus puisse jouer le m\u00eame r\u00f4le de censeur !<\/div>\n<div class=\"mdjComplements\">Certains diront mais il faut bien \u00e9carter les candidats farfelus !<\/div>\n<div class=\"mdjComplements\">Mais on ne peut pas dire d&rsquo;un homme qui a \u00e9t\u00e9 \u00e9lu d\u00e9mocratiquement par le corps \u00e9lectoral de sa circonscription soit un farfelu.<\/div>\n<div class=\"mdjComplements\">Et puis l&rsquo;\u00e9lection \u00e0 la t\u00eate du Parti montre encore plus la l\u00e9gitimit\u00e9 de cette candidature.<\/div>\n<div class=\"mdjComplements\">Tony Blair a tout au long de la campagne \u00e9ruct\u00e9 contre ce candidat qu&rsquo;il abhorre. Il ne s&rsquo;interroge pas sur le rejet de sa personne dont cette \u00e9lection est la preuve.<\/div>\n<div class=\"mdjComplements\">Qu&rsquo;est ce qu&rsquo;est que le blairisme anglais et le Schroederisme allemand ?<\/div>\n<div class=\"mdjComplements\">Ce sont deux types, beau gosse, tr\u00e8s t\u00e9l\u00e9g\u00e9niques qui disent \u00e0 leur peuple : \u00ab\u00a0Les gars il va falloir sacr\u00e9ment se serrer la ceinture et renoncer \u00e0 beaucoup de vos petits privil\u00e8ges pour qu&rsquo;on arrive \u00e0 s&rsquo;en sortir\u00a0\u00bb.<\/div>\n<div class=\"mdjComplements\">Parall\u00e8lement on constate que les in\u00e9galit\u00e9s progressent de mani\u00e8re consid\u00e9rable.<\/div>\n<div class=\"mdjComplements\">Et d\u00e8s que nos beaux gosses \u00ab\u00a0repr\u00e9sentant la gauche moderne\u00a0\u00bb quittent la politique, ils vont s&rsquo;enrichir grassement l&rsquo;un dans une tourn\u00e9e de conf\u00e9rence pay\u00e9e \u00e0 prix d&rsquo;or et l&rsquo;autre dans un poste de dirigeant d&rsquo;une entreprise russe gr\u00e2ce \u00e0 ses bonnes relations avec Poutine.<\/div>\n<div class=\"mdjComplements\">Des valeurs \u00e0 mille lieux de ce que la vie de Corbyn jusqu&rsquo;ici montre.<\/div>\n<div class=\"mdjComplements\">Je vous renvoie vers deux articles de presse fran\u00e7aise plus \u00e9quilibr\u00e9s que les premiers que j&rsquo;ai cit\u00e9\u00a0<a href=\"http:\/\/www.lesinrocks.com\/2015\/09\/17\/actualite\/qui-est-jeremy-corbyn-le-nouveau-chef-radical-du-labour-11774451\/\">&lt;lesinrocks&gt;<\/a> et\u00a0<a href=\"http:\/\/www.mediapart.fr\/journal\/international\/140815\/grande-bretagne-lirresistible-ascension-de-jeremy-corbyn?page_article=2\">&lt;mediapart.fr&gt;<\/a>.<\/div>\n<div class=\"mdjComplements\">Je ne crois pas aux hommes providentiels mais je crois que dans ces temps difficiles nous avons besoin d&rsquo;hommes int\u00e8gres qui bien s\u00fbr ne peuvent pas r\u00e9aliser des miracles mais qui dans leurs paroles, leurs actions et leur comportement sont clairement dans le camp du plus grand nombre.<\/div>\n<div class=\"mdjComplements\">On ne rappellera jamais assez ce propos r\u00e9v\u00e9lateur de Warren Buffet \u00ab\u00a0Oui la lutte des classes existent, et c&rsquo;est ma classe qui l&rsquo;a gagn\u00e9e\u00a0\u00bb. Pour \u00eatre juste avec Warren Buffet, il a exactement dit Le 25 mai 2005, sur la cha\u00eene de t\u00e9l\u00e9vision CNN\u00a0: <a href=\"https:\/\/fr.wikipedia.org\/wiki\/Warren_Buffett\">\u00ab\u00a0Il y a une guerre des classes, o\u00f9 ma classe gagne de plus en plus, alors qu&rsquo;elle ne le devrait pas\u00a0\u00bb (<em>It&rsquo;s a class warfare, my class is winning, but they shouldn&rsquo;t be<\/em>)<\/a><\/div>\n<div class=\"mdjComplements\">Car le rejet de Tony Blair est aussi celui d&rsquo;un homme qui se dit de gauche et qui est si proche de la classe d&rsquo;un tr\u00e8s petit nombre qui gagne de plus en plus au sens de Warren Buffet.<\/div>\n<div class=\"mdjComplements\">Et je pense que si Alexis Tsipras a \u00e9t\u00e9 r\u00e9\u00e9lu dimanche malgr\u00e9 son renoncement au programme qui l&rsquo;avait fait \u00e9lire en janvier, c&rsquo;est parce que les grecs lui reconnaissent, \u00e0 tort ou \u00e0 raison, une plus grande int\u00e9grit\u00e9 qu&rsquo;aux autres candidats.<\/div>\n","protected":false},"excerpt":{"rendered":"<p>Mardi 22\/09\/2015 \u00abJ\u00e9r\u00e9my Corbyn : effroi de la presse fran\u00e7aise\u00bb Arr\u00eats sur Image d\u00e9crivant le rejet dont fait l&rsquo;objet le nouveau chef du Parti travailliste anglais &lt;La victoire du \u00abgauchiste\u00bb Corbyn, s\u00e9isme pour le Labour &#8211; Le Figaro&gt; &lt;Corbyn \u00e0<\/p>\n","protected":false},"author":1,"featured_media":0,"comment_status":"closed","ping_status":"closed","sticky":false,"template":"","format":"standard","meta":{"footnotes":""},"categories":[1],"tags":[],"class_list":["post-1246","post","type-post","status-publish","format-standard","hentry","category-motdujour"],"_links":{"self":[{"href":"https:\/\/lemotdujour.fr\/index.php?rest_route=\/wp\/v2\/posts\/1246","targetHints":{"allow":["GET"]}}],"collection":[{"href":"https:\/\/lemotdujour.fr\/index.php?rest_route=\/wp\/v2\/posts"}],"about":[{"href":"https:\/\/lemotdujour.fr\/index.php?rest_route=\/wp\/v2\/types\/post"}],"author":[{"embeddable":true,"href":"https:\/\/lemotdujour.fr\/index.php?rest_route=\/wp\/v2\/users\/1"}],"replies":[{"embeddable":true,"href":"https:\/\/lemotdujour.fr\/index.php?rest_route=%2Fwp%2Fv2%2Fcomments&post=1246"}],"version-history":[{"count":1,"href":"https:\/\/lemotdujour.fr\/index.php?rest_route=\/wp\/v2\/posts\/1246\/revisions"}],"predecessor-version":[{"id":1247,"href":"https:\/\/lemotdujour.fr\/index.php?rest_route=\/wp\/v2\/posts\/1246\/revisions\/1247"}],"wp:attachment":[{"href":"https:\/\/lemotdujour.fr\/index.php?rest_route=%2Fwp%2Fv2%2Fmedia&parent=1246"}],"wp:term":[{"taxonomy":"category","embeddable":true,"href":"https:\/\/lemotdujour.fr\/index.php?rest_route=%2Fwp%2Fv2%2Fcategories&post=1246"},{"taxonomy":"post_tag","embeddable":true,"href":"https:\/\/lemotdujour.fr\/index.php?rest_route=%2Fwp%2Fv2%2Ftags&post=1246"}],"curies":[{"name":"wp","href":"https:\/\/api.w.org\/{rel}","templated":true}]}}