{"id":1244,"date":"2015-09-21T02:00:00","date_gmt":"2015-09-20T22:00:00","guid":{"rendered":"http:\/\/lemotdujour.fr\/?p=1244"},"modified":"2017-05-08T13:26:44","modified_gmt":"2017-05-08T11:26:44","slug":"lundi-21092015","status":"publish","type":"post","link":"https:\/\/lemotdujour.fr\/?p=1244","title":{"rendered":"Lundi 21\/09\/2015"},"content":{"rendered":"<div class=\"mdjDate\">Lundi 21\/09\/2015<\/div>\n<div class=\"mdjTexte\">\u00ab[La crise des r\u00e9fugi\u00e9s est devenu] un \u00e9v\u00e8nement smartphone\u00bb<\/div>\n<div class=\"mdjAuteur\">Olivier Duhamel<\/div>\n<div class=\"mdjComplements\">Le gouvernement allemand a du faire volte-face, apr\u00e8s avoir annonc\u00e9 que l&rsquo;Allemagne accueillera 800 000 r\u00e9fugi\u00e9s. Elle a d\u00fb interrompre son acte de g\u00e9n\u00e9rosit\u00e9 en r\u00e9instituant un contr\u00f4le aux fronti\u00e8res int\u00e9rieures de l&rsquo;Union.<\/div>\n<div class=\"mdjComplements\">Cette annonce avait \u00e9t\u00e9 faite sans concertation avec les autres pays europ\u00e9ens et l&rsquo;Allemagne s&rsquo;est plainte par la suite du manque de solidarit\u00e9 des autres Etats de l&rsquo;Union.<\/div>\n<div class=\"mdjComplements\">Je ne d\u00e9velopperai pas ce point qui est toutefois tr\u00e8s probl\u00e9matique sur ces deux points : l&rsquo;Allemagne qui pr\u00e9tend seule dire ce qui doit \u00eatre fait et le manque de solidarit\u00e9 de l&rsquo;Union particuli\u00e8rement des anciens pays du bloc sovi\u00e9tique qu&rsquo;un des n\u00e9o-cons de GW Busch avait appel\u00e9 \u00abla nouvelle Europe\u00bb.\u00a0 <\/div>\n<div class=\"mdjComplements\">Mais il y a un autre point que je souhaite aborder et dont a parl\u00e9 Olivier Duhamel dans son \u00e9mission <a href=\"http:\/\/www.europe1.fr\/emissions\/mediapolis\/mediapolis-190915-2517251\">&lt;Mediapolis&gt; <\/a>en ces termes : <\/div>\n<div class=\"mdjComplements\"> \u00abNous avons assist\u00e9 \u00e0 un \u00e9v\u00e8nement m\u00e9dia-politique sans pr\u00e9c\u00e9dent !<\/div>\n<div class=\"mdjComplements\">C&rsquo;est la premi\u00e8re fois dans l&rsquo;Histoire qu&rsquo;un \u00e9v\u00e8nement massif, c&rsquo;est \u00e0 dire le d\u00e9placement d&rsquo;une population de centaine de milliers de personnes a constitu\u00e9 un effet smartphone<\/div>\n<div class=\"mdjComplements\">D\u00e8s qu\u2019Angela Merkel a dit que l&rsquo;Allemagne va accueillir 800 000 personnes. Les nouvelles et les images se diffusent, en quelques minutes, sur Internet.<\/div>\n<div class=\"mdjComplements\">Aussit\u00f4t des dizaines de milliers de personnes se mettent en mouvement en direction de l&rsquo;Allemagne, <\/div>\n<div class=\"mdjComplements\">Aussit\u00f4t, car avant cela la nouvelle aurait mis plusieurs jours \u00e0 \u00eatre diffus\u00e9 si largement.<\/div>\n<div class=\"mdjComplements\">L\u00e0 dans les minutes qui suivent cela est diffus\u00e9 \u00e0 des centaines de milliers de r\u00e9fugi\u00e9s.<\/div>\n<div class=\"mdjComplements\">Ceux-l\u00e0 se mettent du coup imm\u00e9diatement en mouvement.<\/div>\n<div class=\"mdjComplements\">Avec le m\u00eame outil, les m\u00eames portables ils ont rapidement acc\u00e8s \u00e0 des cartes et des chemins qui leur permettront de parvenir aux lieux o\u00f9 ils peuvent \u00eatre accueillis.<\/div>\n<div class=\"mdjComplements\">Les enfants commencent avec des applications \u00e0 apprendre les premiers mots d&rsquo;allemand qu&rsquo;ils auront \u00e0 prononcer en arrivant \u00e0 Munich.<\/div>\n<div class=\"mdjComplements\">C&rsquo;est un \u00e9v\u00e8nement smartphone<\/div>\n<div class=\"mdjComplements\">L&rsquo;erreur de Merkel a \u00e9t\u00e9 de sous-estimer l&rsquo;effet imm\u00e9diat que cela allait produire.<\/div>\n<div class=\"mdjComplements\">C&rsquo;est quelque chose de radicalement nouveau.\u00bb<\/div>\n<div class=\"mdjComplements\">J\u00e9r\u00f4me Jaffr\u00e9 ajoute \u00ab le premier mot du migrant quand il arrive c&rsquo;est de dire \u00ab\u00a0J&rsquo;aime l&rsquo;Allemagne\u00a0\u00bb ou \u00ab\u00a0J&rsquo;aime l&rsquo;Espagne\u00a0\u00bb selon l&rsquo;endroit o\u00f9 il arrive.\u00bb<\/div>\n<div class=\"mdjComplements\">Oui le fameux like de facebook ou autres r\u00e9seaux sociaux.<\/div>\n<div class=\"mdjComplements\">Angela Merkel a cr\u00e9\u00e9 un appel d&rsquo;air auquel l&rsquo;Allemagne a \u00e9t\u00e9 incapable de faire face, au moins dans la rapidit\u00e9 n\u00e9cessaire par rapport \u00e0 la r\u00e9activit\u00e9 des foules \u00e0 l&rsquo;heure du monde connect\u00e9.<\/div>\n<div class=\"mdjComplements\">Angela Merkel a dit \u00ab\u00a0nous accueillerons tous ceux qui viennent\u00a0\u00bb mais elle ne se rendait pas compte de l&rsquo;effet de cette annonce<\/div>\n<div class=\"mdjComplements\">Nous avons tous \u00e0 faire un effort pour comprendre comment la technologie d&rsquo;aujourd&rsquo;hui et le monde connect\u00e9 changent profond\u00e9ment le fonctionnement des soci\u00e9t\u00e9s et des mouvements de population.<\/div>\n<div class=\"mdjComplements\">Mais cet effort est encore plus essentiel et fondamental pour les hommes et les femmes de pouvoir.<\/div>\n<div class=\"mdjComplements\">Et je crois que nous pouvons comprendre qu&rsquo;ils ont beaucoup de mal.\u00a0<\/div>\n","protected":false},"excerpt":{"rendered":"<p>Lundi 21\/09\/2015 \u00ab[La crise des r\u00e9fugi\u00e9s est devenu] un \u00e9v\u00e8nement smartphone\u00bb Olivier Duhamel Le gouvernement allemand a du faire volte-face, apr\u00e8s avoir annonc\u00e9 que l&rsquo;Allemagne accueillera 800 000 r\u00e9fugi\u00e9s. Elle a d\u00fb interrompre son acte de g\u00e9n\u00e9rosit\u00e9 en r\u00e9instituant un<\/p>\n","protected":false},"author":1,"featured_media":0,"comment_status":"closed","ping_status":"closed","sticky":false,"template":"","format":"standard","meta":{"footnotes":""},"categories":[1],"tags":[],"class_list":["post-1244","post","type-post","status-publish","format-standard","hentry","category-motdujour"],"_links":{"self":[{"href":"https:\/\/lemotdujour.fr\/index.php?rest_route=\/wp\/v2\/posts\/1244","targetHints":{"allow":["GET"]}}],"collection":[{"href":"https:\/\/lemotdujour.fr\/index.php?rest_route=\/wp\/v2\/posts"}],"about":[{"href":"https:\/\/lemotdujour.fr\/index.php?rest_route=\/wp\/v2\/types\/post"}],"author":[{"embeddable":true,"href":"https:\/\/lemotdujour.fr\/index.php?rest_route=\/wp\/v2\/users\/1"}],"replies":[{"embeddable":true,"href":"https:\/\/lemotdujour.fr\/index.php?rest_route=%2Fwp%2Fv2%2Fcomments&post=1244"}],"version-history":[{"count":1,"href":"https:\/\/lemotdujour.fr\/index.php?rest_route=\/wp\/v2\/posts\/1244\/revisions"}],"predecessor-version":[{"id":1245,"href":"https:\/\/lemotdujour.fr\/index.php?rest_route=\/wp\/v2\/posts\/1244\/revisions\/1245"}],"wp:attachment":[{"href":"https:\/\/lemotdujour.fr\/index.php?rest_route=%2Fwp%2Fv2%2Fmedia&parent=1244"}],"wp:term":[{"taxonomy":"category","embeddable":true,"href":"https:\/\/lemotdujour.fr\/index.php?rest_route=%2Fwp%2Fv2%2Fcategories&post=1244"},{"taxonomy":"post_tag","embeddable":true,"href":"https:\/\/lemotdujour.fr\/index.php?rest_route=%2Fwp%2Fv2%2Ftags&post=1244"}],"curies":[{"name":"wp","href":"https:\/\/api.w.org\/{rel}","templated":true}]}}