{"id":12425,"date":"2021-10-19T00:10:00","date_gmt":"2021-10-18T22:10:00","guid":{"rendered":"http:\/\/lemotdujour.fr\/?p=12425"},"modified":"2023-08-15T01:16:45","modified_gmt":"2023-08-14T23:16:45","slug":"mardi-19-octobre-2021","status":"publish","type":"post","link":"https:\/\/lemotdujour.fr\/?p=12425","title":{"rendered":"Mardi 19 octobre 2021"},"content":{"rendered":"<div class=\"mdjTexte\">\u00ab\u00a0L&rsquo;incommensurable difficult\u00e9 de faire silence. \u00bb<\/div>\n<div class=\"mdjAuteur\">Exp\u00e9rience v\u00e9cue dans la zone de silence du d\u00e9sert de la Chartreuse.<\/div>\n<p><span style=\"color: #777777; font-family: Arial;\">Avec Annie, nous avons pass\u00e9 deux semaines de vacances dans le massif de la Chartreuse.<br \/>\n<\/span><\/p>\n<p><span style=\"color: #777777; font-family: Arial;\">Bien entendu, nous sommes all\u00e9s faire la randonn\u00e9e qui contourne le monast\u00e8re de la Grande Chartreuse.<br \/>\n<\/span><\/p>\n<p><span style=\"color: #777777; font-family: Arial;\">Lieu de recueillement et de m\u00e9ditation, dans la montagne qui dessine un sublime \u00e9crin dans lequel se pose le monast\u00e8re o\u00f9 vivent des hommes qui ont fait v\u0153u de silence.<br \/>\n<\/span><\/p>\n<p><img decoding=\"async\" class=\"alignleft\" src=\"https:\/\/lemotdujour.fr\/wp-content\/uploads\/2021\/10\/101821_2120_Mardi19octo1.jpg\" alt=\"\" align=\"left\" \/><span style=\"color: #777777; font-family: Arial;\">Partout les guides, les prospectus, les panneaux au bord du chemin invitaient au silence les randonneurs qui souhaitaient s&rsquo;approcher de ce lieu.<br \/>\n<\/span><\/p>\n<p><span style=\"color: #777777; font-family: Arial;\">Avec Annie, nous nous r\u00e9jouissions de pouvoir accomplir ce p\u00e9riple dans le silence des paroles et de l&rsquo;esprit, dans cet espace o\u00f9 la nature et l&rsquo;homme ont su cr\u00e9er un joyau mystique.<br \/>\n<\/span><\/p>\n<p><span style=\"color: #777777; font-family: Arial;\">La Grande Chartreuse est le premier monast\u00e8re et la maison-m\u00e8re des moines-ermites de l&rsquo;ordre des Chartreux. <\/span><\/p>\n<p><span style=\"color: #777777; font-family: Arial;\">Elle est situ\u00e9e sur la commune de Saint-Pierre-de-Chartreuse, dans l&rsquo;Is\u00e8re. Elle a \u00e9t\u00e9 fond\u00e9e en 1084 par Saint Bruno accompagn\u00e9, selon la tradition, par 6 compagnons.<br \/>\n<\/span><\/p>\n<p><span style=\"color: #777777; font-family: Arial;\"><img loading=\"lazy\" decoding=\"async\" class=\"alignnone  wp-image-12421\" src=\"https:\/\/lemotdujour.fr\/wp-content\/uploads\/2021\/10\/101821_2120_Mardi19octo2.jpg\" alt=\"\" width=\"854\" height=\"506\" \/>C&rsquo;est le nom du massif de la chartreuse qui a donn\u00e9 le nom au monast\u00e8re et \u00e0 l&rsquo;ordre monastique. Install\u00e9 dans le vallon de Chartreuse, on appellera, d\u00e8s lors, ce lieu\u00a0 \u00ab le d\u00e9sert de chartreuse \u00bb en raison de son isolement.<br \/>\n<\/span><\/p>\n<p><span style=\"color: #777777; font-family: Arial;\">L&rsquo;Ordre des Chartreux est donc un Ordre monastique qui s&rsquo;\u00e9panouit dans la vie contemplative et le silence.<br \/>\n<\/span><\/p>\n<p><span style=\"color: #777777; font-family: Arial;\">Bruno, le premier des chartreux, \u00e9crivait :<br \/>\n<\/span><\/p>\n<p style=\"margin-left: 28pt;\"><span style=\"color: #c00000; font-family: Arial;\">\u00ab\u00a0Quelle utilit\u00e9, quelle joie divine la solitude et le silence du d\u00e9sert apportent \u00e0 qui les aime, seuls le savent ceux qui ont fait l&rsquo;exp\u00e9rience. Ici les hommes forts peuvent tout \u00e0 loisir rentrer en eux-m\u00eames et y demeurer, cultiver assidument les vertus et se nourrir avec d\u00e9lices des fruits du paradis.\u00a0\u00bb<br \/>\n<\/span><span style=\"color: #c00000; font-family: Arial;\"><em>Cit\u00e9 Dans La Grande Chartreuse par un chartreux Page 99<br \/>\n<\/em><\/span><\/p>\n<p><span style=\"color: #777777; font-family: Arial;\">Et conform\u00e9ment \u00e0 la r\u00e8gle cartusienne qui veille \u00e0 prot\u00e9ger la solitude des moines, le monast\u00e8re ne se visite pas. Seul le mus\u00e9e install\u00e9 \u00e0 2 km environ en aval du monast\u00e8re autorise les visites.<br \/>\n<\/span><\/p>\n<p><span style=\"color: #777777; font-family: Arial;\">Ce mus\u00e9e est install\u00e9 dans la \u00ab\u00a0Correrie\u00a0\u00bb constitu\u00e9 par un groupe de b\u00e2timents monastiques qualifi\u00e9s de \u00ab maison basse \u00bb du monast\u00e8re de la Grande Chartreuse, destin\u00e9s \u00e0 l&rsquo;habitat et aux ateliers des fr\u00e8res convers.<br \/>\n<\/span><\/p>\n<p><span style=\"color: #777777; font-family: Arial;\">Traditionnellement dans les ordres religieux catholiques, on distinguait deux types de membres :<br \/>\n<\/span><\/p>\n<ul>\n<li><span style=\"color: #777777; font-family: Arial;\"><strong>Les moines de ch\u0153ur<\/strong>, qui se consacraient principalement \u00e0 l&rsquo;Opus Dei \u2014 \u00ab l&rsquo;\u0153uvre de Dieu \u00bb \u2014 \u00e0 l&rsquo;\u00e9tude, et \u00e0 l&rsquo;\u00e9criture.<br \/>\n<\/span><\/li>\n<li><span style=\"color: #777777; font-family: Arial;\"><strong>Les fr\u00e8res converts<\/strong> appel\u00e9s aussi les fr\u00e8res lais qui \u00e9taient charg\u00e9s des travaux manuels et des affaires s\u00e9culi\u00e8res d&rsquo;un monast\u00e8re.<br \/>\n<\/span><\/li>\n<\/ul>\n<p><span style=\"color: #777777; font-family: Arial;\">Rempli de ce d\u00e9sir de paix et de silence nous avons donc entrepris <a href=\"https:\/\/www.isere-tourisme.com\/equipements\/le-monastere-de-la-grande-chartreuse\"><span style=\"color: #0000ff;\">cette randonn\u00e9e de 11 km<\/span><\/a> qui commence imm\u00e9diatement par la zone de silence entourant le monast\u00e8re.<br \/>\n<\/span><\/p>\n<p><span style=\"color: #777777; font-family: Arial;\">Nous n&rsquo;\u00e9tions pas seuls !<br \/>\n<\/span><\/p>\n<p><span style=\"color: #777777; font-family: Arial;\">Mais les autres randonneurs ou promeneurs n&rsquo;\u00e9taient pas dans le m\u00eame \u00e9tat d&rsquo;esprit que nous. Je parle de promeneurs car il me semble que tous ceux que nous avons rencontr\u00e9 n&rsquo;ont pas entrepris l&rsquo;int\u00e9gralit\u00e9 du p\u00e9riple mais se sont content\u00e9s de faire un aller-retour vers le monast\u00e8re puis de revenir au parking du mus\u00e9e,<br \/>\n<\/span><\/p>\n<p><img decoding=\"async\" class=\"alignright\" src=\"https:\/\/lemotdujour.fr\/wp-content\/uploads\/2021\/10\/101821_2120_Mardi19octo3.jpg\" alt=\"\" align=\"left\" \/><span style=\"color: #777777; font-family: Arial;\">Il y avait d&rsquo;abord les \u00ab\u00a0polis\u00a0\u00bb qui disaient gentiment \u00ab\u00a0bonjour\u00a0\u00bb en nous souriant.<br \/>\n<\/span><\/p>\n<p><span style=\"color: #777777; font-family: Arial;\">\u00c9videmment, dire bonjour ce n&rsquo;est pas faire silence.<br \/>\n<\/span><\/p>\n<p><span style=\"color: #777777; font-family: Arial;\">Mais ces gens \u00e9taient beaucoup plus silencieux que d&rsquo;autres qui \u00e0 deux souvent \u00e0 trois ou quatre engageaient des discussions vigoureuses et produisaient suffisamment de d\u00e9cibels pour qu&rsquo;il ne soit pas possible d&rsquo;ignorer pr\u00e9cis\u00e9ment l&rsquo;objet des discussions.<br \/>\n<\/span><\/p>\n<p><span style=\"color: #777777; font-family: Arial;\">Les forces de l&rsquo;esprit auraient pu les inciter, dans ce cadre unique, \u00e0 c\u00e9l\u00e9brer la beaut\u00e9 du lieu, ou \u00e9voquer la vie monastique, pourquoi pas \u00e9changer sur la spiritualit\u00e9 ou sur Dieu ?<br \/>\n<\/span><\/p>\n<p><span style=\"color: #777777; font-family: Arial;\">Ce n&rsquo;\u00e9tait cependant pas ce qui \u00e9tait pr\u00e9vu, puisque la demande \u00e9tait celle du silence.<br \/>\n<\/span><\/p>\n<p><span style=\"color: #777777; font-family: Arial;\">Probablement que ces gens n&rsquo;ont pas lu ou n&rsquo;ont pas compris ce qui \u00e9tait demand\u00e9.<br \/>\n<\/span><\/p>\n<p><span style=\"color: #777777; font-family: Arial;\">Mais ces hommes et femmes de plus de cinquante ans, non issus de la diversit\u00e9 qui fait la richesse de la France, et vraisemblablement d&rsquo;ascendance tr\u00e8s chr\u00e9tienne ne brisaient pas le silence par des propos empruntant les voies de la spiritualit\u00e9.<br \/>\n<\/span><\/p>\n<p><img decoding=\"async\" class=\"alignleft\" src=\"https:\/\/lemotdujour.fr\/wp-content\/uploads\/2021\/10\/101821_2120_Mardi19octo4.jpg\" alt=\"\" align=\"left\" \/><span style=\"color: #777777; font-family: Arial;\">Les premiers que nous avons rencontr\u00e9s parlaient de probl\u00e8mes de voisinage dans leur lotissement. Comble du paradoxe, ils semblaient se plaindre du manque de calme qu&rsquo;ils y rencontraient, alors qu&rsquo;ils avaient choisi ce lieu de r\u00e9sidence parce qu&rsquo;ils esp\u00e9raient le trouver.<br \/>\n<\/span><\/p>\n<p><span style=\"color: #777777; font-family: Arial;\">Un second groupe d\u00e9battait de la difficult\u00e9 qu&rsquo;ils avaient eu \u00e0 se retrouver parce qu&rsquo;ils n&rsquo;avaient pas \u00e9t\u00e9 suffisamment explicites pour d\u00e9finir leur lieu de rendez-vous.<br \/>\n<\/span><\/p>\n<p><span style=\"color: #777777; font-family: Arial;\">Nous avions acc\u00e9l\u00e9r\u00e9 le pas pour essayer de nous \u00e9loigner de ce bruit et de cette agitation engendr\u00e9s par ces mortels englu\u00e9s dans leurs p\u00e9rip\u00e9ties quotidiennes.<br \/>\n<\/span><\/p>\n<p><span style=\"color: #777777; font-family: Arial;\">C&rsquo;est alors que descendant d&rsquo;un chemin qui \u00e9tait encore plus proche du monast\u00e8re, une femme qui pr\u00e9c\u00e9dait deux hommes, expliquait doctement et avec force qu&rsquo;elle \u00e9tait souvent prise de \u00ab violentes douleurs aux fesses \u00bb, mais qu&rsquo;elle avait trouv\u00e9 un ost\u00e9opathe qui en manipulant son dos, \u00e9tait capable de faire partir cette souffrance touchant son s\u00e9ant.<br \/>\n<\/span><\/p>\n<p><span style=\"color: #777777; font-family: Arial;\">Je dois conc\u00e9der que si l&rsquo;ambiance \u00e9tait bien telle que je la d\u00e9cris, sans cet \u00e9loge tonitruant de l&rsquo;art ost\u00e9opathique, dans ce lieu, je n&rsquo;aurais probablement pas \u00e9crit ce mot du jour.<br \/>\n<\/span><\/p>\n<p><span style=\"color: #777777; font-family: Arial;\">J&rsquo;avais commis en juin 2016, un mot du jour sur \u00ab\u00a0<a href=\"https:\/\/lemotdujour.fr\/?p=1386\"><span style=\"color: #0000ff;\">L&rsquo;histoire du silence\u00a0<\/span><\/a>\u00bb qui \u00e9tait un ouvrage de l&rsquo;historien <strong>Alain Corbin<\/strong> qui \u00e9voquait le silence \u00e0 travers les si\u00e8cles et notait la difficult\u00e9, peut \u00eatre la peur, du silence aujourd&rsquo;hui.<br \/>\n<\/span><\/p>\n<p><span style=\"color: #777777; font-family: Arial;\">Il est de plus en plus rare de pratiquer des minutes de silence, particuli\u00e8rement sur les stades de football. Le plus souvent, on la remplace par une minute d&rsquo;applaudissements, ce qui \u00e9videmment ne mobilise pas les m\u00eames ressorts int\u00e9rieurs.<br \/>\n<\/span><\/p>\n<p><span style=\"color: #777777; font-family: Arial;\">L&rsquo;historien \u00e9crivait\u00a0:<br \/>\n<\/span><\/p>\n<p style=\"margin-left: 28pt;\"><span style=\"color: #c00000;\"><span style=\"font-family: Arial;\">\u00ab Le silence n&rsquo;est pas la simple absence de bruit. Il r\u00e9side en nous, dans cette citadelle int\u00e9rieure que de grands \u00e9crivains, penseurs, savants, femmes et hommes de foi, ont cultiv\u00e9e durant des si\u00e8cles. [&#8230;]<br \/>\n<\/span><\/span><span style=\"color: #c00000;\"><span style=\"font-family: Arial;\">Condition du recueillement, de la r\u00eaverie, de l&rsquo;oraison, le silence est le lieu intime d&rsquo;o\u00f9 la parole \u00e9merge. Les moines ont imagin\u00e9 mille techniques pour l&rsquo;exalter, jusqu&rsquo;aux chartreux qui vivent sans parler. Philosophes et romanciers ont dit combien la nature et le monde ne sont pas distraction vaine. [\u2026]<br \/>\nJ&rsquo;ai voulu montrer l&rsquo;importance qu&rsquo;avait le silence, et les richesses qu&rsquo;on a peut-\u00eatre perdues. J&rsquo;aimerais que le lecteur s&rsquo;interroge et se dise : tiens, ces gens n&rsquo;\u00e9taient pas comme nous. Aujourd&rsquo;hui, il n&rsquo;y a plus gu\u00e8re que les randonneurs, les moines, des amoureux contemplatifs, des \u00e9crivains et des adeptes de la m\u00e9ditation \u00e0 savoir \u00e9couter le silence\u2026 \u00bb<\/span><span style=\"font-family: Times New Roman;\"><br \/>\n<\/span><\/span><\/p>\n<p><span style=\"color: #777777; font-family: Arial;\">Le silence n&rsquo;est pas la simple absence de bruit, il ne se r\u00e9duit pas non plus au seul fait de se taire. Il est plus profond et plus grand que cela. Il n&rsquo;en reste pas moins qu&rsquo;il faut savoir d\u00e9j\u00e0 se taire pour esp\u00e9rer acc\u00e9der \u00e0 la richesse et \u00e0 l&rsquo;intimit\u00e9 du silence.<br \/>\n<\/span><\/p>\n<p><span style=\"color: #777777; font-family: Arial;\">Nous avons ensuite, apr\u00e8s nous \u00eatre \u00e9loign\u00e9 du monast\u00e8re, pu gouter au silence du randonneur pendant quelques temps.<br \/>\n<\/span><\/p>\n<p><img loading=\"lazy\" decoding=\"async\" class=\"alignright\" src=\"https:\/\/lemotdujour.fr\/wp-content\/uploads\/2021\/10\/101821_2120_Mardi19octo5.jpg\" alt=\"\" width=\"383\" height=\"511\" align=\"left\" \/><\/p>\n<p><span style=\"color: #777777; font-family: Arial;\">A la fin de la randonn\u00e9e, en revenant vers le monast\u00e8re nous avons alors \u00e9t\u00e9 submerg\u00e9 par un bruit \u00ab\u00a0industriel\u00a0\u00bb intense.<\/span><\/p>\n<p><span style=\"color: #777777; font-family: Arial;\">A quelques 50 m\u00e8tres du porche du monast\u00e8re, un bucheron utilisait une superbe et efficace machine \u00e0 couper le bois et \u00e0 l&rsquo;entasser, en produisant, en plus, un bruit \u00e0 faire fuir toute personne raisonnable soucieuse de pr\u00e9server son acuit\u00e9 auditive.<br \/>\n<\/span><\/p>\n<p><span style=\"color: #777777; font-family: Arial;\">Il \u00e9tait difficilement envisageable que ce travail ne fut pas r\u00e9alis\u00e9 pour le compte des moines. Il fallait donc se r\u00e9soudre \u00e0 admettre que ces derniers \u00e9taient consentants au d\u00e9chainement de ce tohu-bohu assourdissant.<br \/>\n<\/span><\/p>\n<p><span style=\"color: #777777; font-family: Arial;\">M\u00eame les moines \u2026<br \/>\n<\/span><\/p>\n<p><span style=\"color: #777777; font-family: Arial;\">Que dire\u00a0?<br \/>\n<\/span><\/p>\n<p><span style=\"color: #777777; font-family: Arial;\">Que penser\u00a0?<br \/>\n<\/span><\/p>\n<p><span style=\"color: #777777; font-family: Arial;\">Laisser la derni\u00e8re parole \u00e0 <strong>Christian Bobin <\/strong>:<br \/>\n<\/span><\/p>\n<p style=\"margin-left: 28pt;\"><span style=\"color: #c00000; font-family: Arial;\">\u00ab\u00a0Le silence est la plus haute forme de la pens\u00e9e, et c&rsquo;est en d\u00e9veloppant en nous cette attention muette au jour que nous trouverons notre place dans l&rsquo;absolu qui nous entoure\u00a0\u00bb<br \/>\n<\/span><span style=\"color: #c00000; font-family: Arial;\"><em>Le huiti\u00e8me jour de la semaine p. 25<br \/>\n<\/em><\/span><\/p>\n<p><span style=\"color: maroon; font-family: Arial;\">&lt;1607&gt;<\/span><\/p>\n","protected":false},"excerpt":{"rendered":"<p>\u00ab\u00a0L&rsquo;incommensurable difficult\u00e9 de faire silence. \u00bb Exp\u00e9rience v\u00e9cue dans la zone de silence du d\u00e9sert de la Chartreuse. Avec Annie, nous avons pass\u00e9 deux semaines de vacances dans le massif de la Chartreuse. Bien entendu, nous sommes all\u00e9s faire la<\/p>\n","protected":false},"author":1,"featured_media":0,"comment_status":"open","ping_status":"closed","sticky":false,"template":"","format":"standard","meta":{"footnotes":""},"categories":[1],"tags":[17,19,212],"class_list":["post-12425","post","type-post","status-publish","format-standard","hentry","category-motdujour","tag-histoire","tag-personnel","tag-spiritualite"],"_links":{"self":[{"href":"https:\/\/lemotdujour.fr\/index.php?rest_route=\/wp\/v2\/posts\/12425","targetHints":{"allow":["GET"]}}],"collection":[{"href":"https:\/\/lemotdujour.fr\/index.php?rest_route=\/wp\/v2\/posts"}],"about":[{"href":"https:\/\/lemotdujour.fr\/index.php?rest_route=\/wp\/v2\/types\/post"}],"author":[{"embeddable":true,"href":"https:\/\/lemotdujour.fr\/index.php?rest_route=\/wp\/v2\/users\/1"}],"replies":[{"embeddable":true,"href":"https:\/\/lemotdujour.fr\/index.php?rest_route=%2Fwp%2Fv2%2Fcomments&post=12425"}],"version-history":[{"count":8,"href":"https:\/\/lemotdujour.fr\/index.php?rest_route=\/wp\/v2\/posts\/12425\/revisions"}],"predecessor-version":[{"id":12705,"href":"https:\/\/lemotdujour.fr\/index.php?rest_route=\/wp\/v2\/posts\/12425\/revisions\/12705"}],"wp:attachment":[{"href":"https:\/\/lemotdujour.fr\/index.php?rest_route=%2Fwp%2Fv2%2Fmedia&parent=12425"}],"wp:term":[{"taxonomy":"category","embeddable":true,"href":"https:\/\/lemotdujour.fr\/index.php?rest_route=%2Fwp%2Fv2%2Fcategories&post=12425"},{"taxonomy":"post_tag","embeddable":true,"href":"https:\/\/lemotdujour.fr\/index.php?rest_route=%2Fwp%2Fv2%2Ftags&post=12425"}],"curies":[{"name":"wp","href":"https:\/\/api.w.org\/{rel}","templated":true}]}}