{"id":12413,"date":"2021-10-20T01:10:00","date_gmt":"2021-10-19T23:10:00","guid":{"rendered":"http:\/\/lemotdujour.fr\/?p=12413"},"modified":"2021-11-12T20:26:38","modified_gmt":"2021-11-12T19:26:38","slug":"mercredi-20-octobre-2021","status":"publish","type":"post","link":"https:\/\/lemotdujour.fr\/?p=12413","title":{"rendered":"Mercredi 20 octobre 2021"},"content":{"rendered":"<div class=\"mdjTexte\">\u00ab\u00a0Le biais cognitif de confirmation\u00bb<\/div>\n<div class=\"mdjAuteur\">Une interpr\u00e9tation orient\u00e9e de la r\u00e9alit\u00e9<\/div>\n<p><span style=\"color: #777777; font-family: Arial;\">Au d\u00e9part, il y a une photo, publi\u00e9e sur divers r\u00e9seaux sociaux, accompagn\u00e9e d&rsquo;une l\u00e9gende\u00a0:<br \/>\n<\/span><\/p>\n<p><img decoding=\"async\" src=\"https:\/\/lemotdujour.fr\/wp-content\/uploads\/2021\/10\/101721_2110_Mercredi20o1.jpg\" alt=\"\" \/><span style=\"color: #777777; font-family: Arial;\"><br \/>\n<\/span><\/p>\n<p><span style=\"color: #777777; font-family: Arial;\">Cette photo fait beaucoup rire. Les commentaires sont d\u00e9finitifs et condamnent sans mesure.<br \/>\n<\/span><span style=\"color: #777777; font-family: Arial;\">Elle a \u00e9t\u00e9 partag\u00e9e des dizaines de fois.<br \/>\n<\/span><\/p>\n<p><span style=\"color: #777777; font-family: Arial;\">Et vous, qu&rsquo;en pensez-vous ?<br \/>\n<\/span><\/p>\n<p><span style=\"color: #777777; font-family: Arial;\">Ne trouvez-vous pas \u00e9trange le caract\u00e8re syst\u00e9matique, calme et ordonn\u00e9 de tous ces jeunes filles et gar\u00e7ons assis et concentr\u00e9s devant leur \u00e9cran de smartphone\u00a0?<br \/>\n<\/span><\/p>\n<p><span style=\"color: #777777; font-family: Arial;\">Pour ma part, j&rsquo;ai mis un commentaire prudent\u00a0:<br \/>\n<\/span><\/p>\n<p style=\"margin-left: 28pt;\"><span style=\"color: #c00000; font-family: Arial;\">\u00ab\u00a0Je prends l&rsquo;hypoth\u00e8se que cette photo n&rsquo;est pas un montage.<br \/>\n<\/span><span style=\"color: #c00000; font-family: Arial;\">Dans ce cas deux hypoth\u00e8ses : la premi\u00e8re correspond \u00e0 la l\u00e9gende de la photo<br \/>\n<\/span><span style=\"color: #c00000; font-family: Arial;\">La seconde plus bienveillante : ces jeunes gens consultent des sites pour en conna\u00eetre davantage sur les peintres et les \u0153uvres qu&rsquo;ils ont vus dans ce mus\u00e9e.\u00a0\u00bb<br \/>\n<\/span><\/p>\n<p><span style=\"color: #777777; font-family: Arial;\">Et quand j&rsquo;en ai parl\u00e9 \u00e0 Annie, elle m&rsquo;a dit que c&rsquo;\u00e9tait une s\u00e9rie de photos connue et qui avait \u00e9t\u00e9 utilis\u00e9e pour illustrer de mauvaises interpr\u00e9tations d&rsquo;un fait, en raison de convictions ou de croyances. Cette photo avait \u00e9t\u00e9 prise lors d&rsquo;une visite scolaire organis\u00e9e. Ces jeunes devaient faire des recherches et r\u00e9pondre \u00e0 des questions via une application sur leur smartphone. Et quand elle avait \u00e9t\u00e9 publi\u00e9e sans explication, elle a \u00e9t\u00e9 le plus souvent interpr\u00e9t\u00e9e de mani\u00e8re erron\u00e9e et disons malveillante.<br \/>\n<\/span><\/p>\n<p><span style=\"color: #777777; font-family: Arial;\">J&rsquo;ai quand m\u00eame trouv\u00e9 une femme qui a remis les choses \u00e0 l&rsquo;endroit.<br \/>\n<\/span><\/p>\n<p><img loading=\"lazy\" decoding=\"async\" class=\"alignleft\" src=\"https:\/\/lemotdujour.fr\/wp-content\/uploads\/2021\/10\/101721_2110_Mercredi20o2.png\" alt=\"\" width=\"494\" height=\"532\" align=\"left\" \/><span style=\"color: #777777; font-family: Arial;\"> On appelle ce type d&rsquo;interpr\u00e9tation erron\u00e9e d&rsquo;un fait\u00a0: \u00ab\u00a0<strong>un biais cognitif de confirmation<\/strong>\u00a0\u00bb<br \/>\n<\/span><\/p>\n<p><span style=\"color: #777777; font-family: Arial;\">Un &lt;<span style=\"color: #0000ff;\"><a style=\"color: #0000ff;\" href=\"https:\/\/fr.wikipedia.org\/wiki\/Biais_cognitif\">biais cognitif<\/a><\/span>&gt; est selon wikipedia\u00a0:<br \/>\n<\/span><\/p>\n<p style=\"margin-left: 28pt;\"><span style=\"color: #c00000; font-family: Arial;\">\u00ab\u00a0Une distorsion dans le traitement cognitif d&rsquo;une information. Le terme biais fait r\u00e9f\u00e9rence \u00e0 une d\u00e9viation syst\u00e9matique de la pens\u00e9e logique et rationnelle par rapport \u00e0 la r\u00e9alit\u00e9. Les biais cognitifs conduisent le sujet \u00e0 accorder des importances diff\u00e9rentes \u00e0 des faits de m\u00eame nature et peuvent \u00eatre rep\u00e9r\u00e9s lorsque des paradoxes ou des erreurs apparaissent dans un raisonnement ou un jugement.<br \/>\n<\/span><\/p>\n<p style=\"margin-left: 28pt;\"><span style=\"color: #c00000; font-family: Arial;\">L&rsquo;\u00e9tude des biais cognitifs fait l&rsquo;objet de nombreux travaux en psychologie cognitive, en psychologie sociale et plus g\u00e9n\u00e9ralement dans les sciences cognitives.\u00a0\u00bb<br \/>\n<\/span><\/p>\n<p><span style=\"color: #777777; font-family: Arial;\">Le biais cognitif de confirmation constitue une de ces distorsions \u00e9voqu\u00e9es ci-avant.<br \/>\n<\/span><\/p>\n<p><span style=\"color: #777777; font-family: Arial;\">Il consiste \u00e0 privil\u00e9gier les informations confirmant ses id\u00e9es pr\u00e9con\u00e7ues ou ses croyances et \u00e0 accorder moins de poids aux hypoth\u00e8ses et informations jouant en d\u00e9faveur de ses conceptions.<\/span><\/p>\n<p><span style=\"color: #777777; font-family: Arial;\">Pour ne donner aucune chance \u00e0 la seconde hypoth\u00e8se que j&rsquo;avais spontan\u00e9ment envisag\u00e9e, il faut avoir pour id\u00e9e pr\u00e9con\u00e7ue que les jeunes g\u00e9n\u00e9rations utilisent forc\u00e9ment leurs smartphones pour des motifs de loisirs ou futiles et qu&rsquo;ils sont incapables d&rsquo;utiliser leur concentration pour s&rsquo;int\u00e9resser \u00e0 l&rsquo;Art.<br \/>\n<\/span><\/p>\n<p><span style=\"color: #777777; font-family: Arial;\">Sur un blog du monde, &lt;<a href=\"https:\/\/www.lemonde.fr\/blog\/fredericjoignot\/2016\/10\/17\/2749\/\"><span style=\"color: #0000ff;\">un article<\/span><\/a>&gt; \u00e9voquant des \u00e9tudes et analyses sur les cons\u00e9quences d\u00e9l\u00e9t\u00e8res de l&rsquo;utilisation des smartphones par les jeunes g\u00e9n\u00e9rations\u00a0: coupure avec le r\u00e9el, \u00e9vitement de la conversation en face \u00e0 face, menace sur l&#8217;empathie.<br \/>\n<\/span><\/p>\n<p><span style=\"color: #777777; font-family: Arial;\">L&rsquo;article de <strong>Fr\u00e9d\u00e9ric Joignot<\/strong> \u00e9voque la psychosociologue <a href=\"https:\/\/fr.wikipedia.org\/wiki\/Sherry_Turkle\"><span style=\"color: #0000ff;\">Sherry Turkle<\/span><\/a>, professeure au Massachusetts Institute of Technology (MIT) qui m\u00e8ne depuis vingt ans un travail sur l&rsquo;influence des technologies sur les comportements et qui a plusieurs fois utilis\u00e9 des photos de ce type pour d\u00e9noncer les d\u00e9rives du smartphone<br \/>\n<\/span><\/p>\n<p><span style=\"color: #777777; font-family: Arial;\">Et il ajoute\u00a0:<br \/>\n<\/span><\/p>\n<p style=\"margin-left: 28pt;\"><span style=\"color: #c00000; font-family: Arial;\">\u00ab\u00a0Si la plupart des chercheurs qui analysent depuis une quinzaine d&rsquo;ann\u00e9es les enjeux sociaux, comportementaux et anthropologiques des TIC et des r\u00e9seaux sociaux saluent le travail pionnier de Sherry Turkle, tous ne se reconnaissent pas dans sa critique radicale. Nombre de ces sociologues de l&rsquo;Internet estiment qu&rsquo;elle c\u00e8de \u00e0 une forme de \u00ab panique morale \u00bb face \u00e0 des fa\u00e7ons d&rsquo;\u00eatre et de communiquer radicalement nouvelles, encore mal d\u00e9crypt\u00e9es, et \u00e0 des pratiques g\u00e9n\u00e9rationnelles qui la d\u00e9passent. En France, le philosophe des technologies <strong>St\u00e9phane Vial,<\/strong> auteur de <strong>L&rsquo;Etre et l&rsquo;Ecran<\/strong>. Comment le num\u00e9rique change la perception (PUF, 2013), \u00e9voque m\u00eame une v\u00e9ritable \u00ab incompr\u00e9hension \u00bb des pratiques r\u00e9elles de la g\u00e9n\u00e9ration num\u00e9rique.<br \/>\n<\/span><\/p>\n<p style=\"margin-left: 28pt;\"><span style=\"color: #c00000; font-family: Arial;\"><img loading=\"lazy\" decoding=\"async\" class=\"wp-image-12412 alignleft\" src=\"https:\/\/lemotdujour.fr\/wp-content\/uploads\/2021\/10\/101721_2110_Mercredi20o3.jpg\" alt=\"\" width=\"518\" height=\"836\" srcset=\"https:\/\/lemotdujour.fr\/wp-content\/uploads\/2021\/10\/101721_2110_Mercredi20o3.jpg 775w, https:\/\/lemotdujour.fr\/wp-content\/uploads\/2021\/10\/101721_2110_Mercredi20o3-186x300.jpg 186w, https:\/\/lemotdujour.fr\/wp-content\/uploads\/2021\/10\/101721_2110_Mercredi20o3-635x1024.jpg 635w, https:\/\/lemotdujour.fr\/wp-content\/uploads\/2021\/10\/101721_2110_Mercredi20o3-768x1239.jpg 768w\" sizes=\"auto, (max-width: 518px) 100vw, 518px\" \/>\u00ab A toutes ses conf\u00e9rences, Sherry Turkle montre des photos de ses filles et de leurs amies tapotant sur des portables sans se parler. Mais est-ce qu&rsquo;elle s&rsquo;interroge sur ce qu&rsquo;elles sont en train de faire ? Elles lisent peut-\u00eatre un roman, ou dialoguent avec leur amoureux\u2026 \u00adElles ne sont pas forc\u00e9ment isol\u00e9es ou d\u00e9c\u00e9r\u00e9br\u00e9es \u00bb, argumente-t-il.<br \/>\n<\/span><\/p>\n<p style=\"margin-left: 28pt;\"><span style=\"color: #c00000; font-family: Arial;\">St\u00e9phane Vial donne un exemple frappant des id\u00e9es biais\u00e9es sur l&rsquo;usage des mobiles par les adolescents. En janvier, le quotidien britannique The Telegraph a publi\u00e9 une contre-enqu\u00eate sur une photo repr\u00e9sentant un groupe de lyc\u00e9ens au Rijksmuseum d&rsquo;Amsterdam : devant La Ronde de nuit, de Rembrandt, tous regardaient leur t\u00e9l\u00e9phone. \u00ab Cette image a fait le tour du Net, elle est devenue le symbole de la d\u00e9culturation et de la d\u00e9r\u00e9alisation des jeunes, rappelle-t-il. Or, il s&rsquo;est av\u00e9r\u00e9 que les lyc\u00e9ens consultaient une application \u00e9ducative du mus\u00e9e. Et dans une photo pr\u00e9c\u00e9dente, les m\u00eames \u00e9taient assis devant un Rembrandt, discutant du tableau. \u00bb<br \/>\n<\/span><\/p>\n<p><span style=\"color: #777777; font-family: Arial;\">L&rsquo;article de <strong>Fr\u00e9d\u00e9ric Joignot <\/strong>est beaucoup plus riche en informations et r\u00e9flexions que la toute petite partie que j&rsquo;en ai extraite pour illustrer mon propos sur l&rsquo;analyse de la photo mise au centre de ce mot du jour.<br \/>\n<\/span><\/p>\n<p><span style=\"color: #777777; font-family: Arial;\">Il ne s&rsquo;agit pas de refuser de prendre en consid\u00e9ration les risques d&rsquo;utilisation fr\u00e9n\u00e9tique des smartphones, mais d&rsquo;accepter la complexit\u00e9 du r\u00e9el et de ne pas r\u00e9duire notre champ de r\u00e9flexion \u00e0 une vision unilat\u00e9rale.<br \/>\n<\/span><\/p>\n<p><span style=\"color: #777777; font-family: Arial;\">La bienveillance est parfois bonne conseill\u00e8re<br \/>\n<\/span><\/p>\n<p><span style=\"color: maroon; font-family: Arial;\">&lt;1608&gt;<\/span><\/p>\n","protected":false},"excerpt":{"rendered":"<p>\u00ab\u00a0Le biais cognitif de confirmation\u00bb Une interpr\u00e9tation orient\u00e9e de la r\u00e9alit\u00e9 Au d\u00e9part, il y a une photo, publi\u00e9e sur divers r\u00e9seaux sociaux, accompagn\u00e9e d&rsquo;une l\u00e9gende\u00a0: Cette photo fait beaucoup rire. Les commentaires sont d\u00e9finitifs et condamnent sans mesure. Elle<\/p>\n","protected":false},"author":1,"featured_media":0,"comment_status":"open","ping_status":"closed","sticky":false,"template":"","format":"standard","meta":{"footnotes":""},"categories":[1],"tags":[39,32],"class_list":["post-12413","post","type-post","status-publish","format-standard","hentry","category-motdujour","tag-jeunesse","tag-numerique"],"_links":{"self":[{"href":"https:\/\/lemotdujour.fr\/index.php?rest_route=\/wp\/v2\/posts\/12413","targetHints":{"allow":["GET"]}}],"collection":[{"href":"https:\/\/lemotdujour.fr\/index.php?rest_route=\/wp\/v2\/posts"}],"about":[{"href":"https:\/\/lemotdujour.fr\/index.php?rest_route=\/wp\/v2\/types\/post"}],"author":[{"embeddable":true,"href":"https:\/\/lemotdujour.fr\/index.php?rest_route=\/wp\/v2\/users\/1"}],"replies":[{"embeddable":true,"href":"https:\/\/lemotdujour.fr\/index.php?rest_route=%2Fwp%2Fv2%2Fcomments&post=12413"}],"version-history":[{"count":6,"href":"https:\/\/lemotdujour.fr\/index.php?rest_route=\/wp\/v2\/posts\/12413\/revisions"}],"predecessor-version":[{"id":12706,"href":"https:\/\/lemotdujour.fr\/index.php?rest_route=\/wp\/v2\/posts\/12413\/revisions\/12706"}],"wp:attachment":[{"href":"https:\/\/lemotdujour.fr\/index.php?rest_route=%2Fwp%2Fv2%2Fmedia&parent=12413"}],"wp:term":[{"taxonomy":"category","embeddable":true,"href":"https:\/\/lemotdujour.fr\/index.php?rest_route=%2Fwp%2Fv2%2Fcategories&post=12413"},{"taxonomy":"post_tag","embeddable":true,"href":"https:\/\/lemotdujour.fr\/index.php?rest_route=%2Fwp%2Fv2%2Ftags&post=12413"}],"curies":[{"name":"wp","href":"https:\/\/api.w.org\/{rel}","templated":true}]}}