{"id":12404,"date":"2021-10-18T00:18:00","date_gmt":"2021-10-17T22:18:00","guid":{"rendered":"http:\/\/lemotdujour.fr\/?p=12404"},"modified":"2021-11-12T20:25:17","modified_gmt":"2021-11-12T19:25:17","slug":"lundi-18-octobre-2021","status":"publish","type":"post","link":"https:\/\/lemotdujour.fr\/?p=12404","title":{"rendered":"Lundi 18 octobre 2021"},"content":{"rendered":"<div class=\"mdjTexte\">\u00ab Une nouvelle saison\u00bb<\/div>\n<div class=\"mdjAuteur\">Nouvelle \u00e9tape de l\u2019\u00e9criture des mots du jour<\/div>\n<p><span style=\"color: #777777; font-family: Arial;\">Notre esp\u00e8ce se pr\u00e9occupe du temps\u00a0: celui qui passe, celui du pr\u00e9sent, celui qui reste.<br \/><\/span><\/p>\n<p><span style=\"color: #777777; font-family: Arial;\">Pour inscrire ce temps \u00ab\u00a0dans le marbre\u00a0\u00bb, marquer les p\u00e9riodes, dater un \u00e9v\u00e8nement, homo sapiens a cr\u00e9\u00e9 le calendrier.<br \/><\/span><\/p>\n<p><span style=\"color: #777777; font-family: Arial;\">Pour cr\u00e9er le calendrier, il a fallu d&rsquo;abord <strong>inventer l&rsquo;\u00e9criture<\/strong>, pour inscrire le calendrier sur un support p\u00e9renne.<br \/><\/span><\/p>\n<p><span style=\"color: #777777; font-family: Arial;\">Le consensus scientifique place cette invention au <strong>IV\u00e8me si\u00e8cle avant notre \u00e8re, en M\u00e9sopotamie, dans le pays de Sumer<\/strong>. <span style=\"color: #0000ff;\">&lt;<a style=\"color: #0000ff;\" href=\"https:\/\/www.histoire-pour-tous.fr\/inventions\/743-invention-de-l-ecriture.html\">Ce site<\/a><\/span>&gt; \u00e9crit\u00a0:<br \/><\/span><\/p>\n<p style=\"margin-left: 28pt;\"><span style=\"color: #c00000; font-family: Arial;\">\u00ab\u00a0Vers 3400 ans avant J-C que les sum\u00e9riens invent\u00e8rent le premier syst\u00e8me d&rsquo;\u00e9criture afin d&rsquo;enregistrer les transactions commerciales. Cette \u00e9criture, appel\u00e9e cun\u00e9iforme, \u00e9tait obtenue par l&#8217;empreinte de roseaux sur de l&rsquo;argile humide. Elle mit plusieurs centaines d&rsquo;ann\u00e9es \u00e0 \u00e9voluer vers un syst\u00e8me plus complexe et l&rsquo;invention de l&rsquo;alphabet. \u00a0\u00bb<br \/><\/span><\/p>\n<p><span style=\"color: #777777; font-family: Arial;\">Et tout naturellement, c&rsquo;est en M\u00e9sopotamie, un mill\u00e9naire apr\u00e8s, que fut invent\u00e9 le premier calendrier. Sur ce &lt;<span style=\"color: #0000ff;\"><a style=\"color: #0000ff;\" href=\"https:\/\/icalendrier.fr\/historique-calendriers\">site<\/a><\/span>&gt; qui parle de l&rsquo;historique du calendrier, nous pouvons lire\u00a0:<br \/><\/span><\/p>\n<p style=\"margin-left: 28pt;\"><span style=\"color: #c00000; font-family: Arial;\">\u00ab\u00a0Au IIIe mill\u00e9naire avant J.C, les cit\u00e9s de Babylone sont les premi\u00e8res \u00e0 appliquer un\u00a0<strong>calendrier<\/strong>, correspondant aux mouvements de la Lune, auquel ils ajoutaient si n\u00e9cessaire des mois suppl\u00e9mentaires pour conserver une correspondance avec les saisons de l&rsquo;ann\u00e9e.\u00a0\u00bb<br \/><\/span><\/p>\n<p><span style=\"color: #777777; font-family: Arial;\">Pourtant cette m\u00eame page \u00e9voque une tentative pr\u00e9alable d&rsquo;un \u00ab\u00a0soi-disant calendrier\u00a0\u00bb qui daterait d&rsquo;avant l&rsquo;\u00e9criture, en Egypte\u00a0:<br \/><\/span><\/p>\n<p><img loading=\"lazy\" decoding=\"async\" class=\"alignleft\" src=\"https:\/\/lemotdujour.fr\/wp-content\/uploads\/2021\/10\/101721_1418_Lundi18octo1.jpg\" alt=\"\" width=\"556\" height=\"236\" align=\"left\" \/><span style=\"color: #777777; font-family: Arial;\">Ce \u00ab calendrier \u00bb qui daterait du 5e mill\u00e9naire avant J-C a \u00e9t\u00e9 d\u00e9couvert dans le sud de l&rsquo;\u00c9gypte, \u00e0 <strong>Nabta Playa<\/strong>.<br \/><\/span><\/p>\n<p><span style=\"color: #777777; font-family: Arial;\">Cette photo montre une reconstitution du calendrier de Nabta Playa au mus\u00e9e de la Nubie \u00e0 Assouan.<br \/><\/span><\/p>\n<p><span style=\"color: #777777; font-family: Arial;\">&lt;<a href=\"https:\/\/fr.wikipedia.org\/wiki\/Nabta_Playa\"><span style=\"color: #0000ff;\">Wikipedia<\/span><\/a>&gt; pr\u00e9cise\u00a0:<br \/><\/span><\/p>\n<p style=\"margin-left: 28pt;\"><span style=\"color: #c00000; font-family: Arial;\">\u00ab\u00a0Ce monument suppos\u00e9 c\u00e9r\u00e9moniel est impressionnant, m\u00eame s&rsquo;il n&rsquo;est pas tr\u00e8s grand (environ 4 m\u00e8tres de diam\u00e8tre -). Il consiste en une s\u00e9rie de blocs de pierres de gr\u00e8s arrang\u00e9s en cercle, certaines atteignant deux m\u00e8tres de hauteur. Sur le cercle, on peut distinguer quatre couples de pierres plus grandes formant comme des \u00ab portes \u00bb. \u00c0 l&rsquo;int\u00e9rieur du cercle, on rencontre deux rang\u00e9es de pierres, dont la fonction astronomique, s&rsquo;il y en avait une, n&rsquo;est pas \u00e9vidente. Quant aux \u00ab portes \u00bb, deux d&rsquo;entre-elles, en vis \u00e0 vis, sont sur une ligne Nord-Sud. Les deux autres paires forment une ligne \u00e0 70\u00b0 \u00e0 l&rsquo;Est-Nord-Est, qui s&rsquo;aligne avec la position calcul\u00e9e du lever du soleil au solstice d&rsquo;\u00e9t\u00e9 il y a 6000 ans [\u2026] Le solstice d&rsquo;\u00e9t\u00e9 correspond aussi au d\u00e9but de la saison des pluies dans le d\u00e9sert. Mais l&rsquo;\u00e2ge exact de ce cercle n&rsquo;est pas connu avec certitude.\u00a0\u00bb<br \/><\/span><\/p>\n<p><span style=\"color: #777777; font-family: Arial;\">Nous comprenons donc que cette tentative cherche surtout \u00e0 se rep\u00e9rer dans une ann\u00e9e solaire, c&rsquo;est-\u00e0-dire la p\u00e9riode d&rsquo;une r\u00e9volution de la terre autour du soleil et \u00e0 distinguer les diff\u00e9rentes saisons de l&rsquo;ann\u00e9e.<br \/><\/span><\/p>\n<p><span style=\"color: #777777; font-family: Arial;\">Il n&rsquo;y a pas d&rsquo;inscription dans la dur\u00e9e, au sens du calendrier que nous connaissons aujourd&rsquo;hui.<br \/><\/span><\/p>\n<p><span style=\"color: #777777; font-family: Arial;\">Cette d\u00e9couverte ne remet donc pas en cause le lien \u00e9troit entre cr\u00e9ation du calendrier et invention de l&rsquo;\u00e9criture.<br \/><\/span><\/p>\n<p><span style=\"color: #777777; font-family: Arial;\">Mais pour qu&rsquo;il existe vraiment un calendrier il a fallu une autre invention d&rsquo;homo sapiens\u00a0: l&rsquo;invention des r\u00e9cits religieux.<br \/><\/span><\/p>\n<p><span style=\"color: #777777; font-family: Arial;\">J&rsquo;avais \u00e9voqu\u00e9 ce lien lors d&rsquo;un mot du jour consacr\u00e9 \u00e0 souhaiter la bonne ann\u00e9e\u00a0: &lt;<a href=\"https:\/\/lemotdujour.fr\/?p=1568\"><span style=\"color: #0000ff;\">mot du jour du 12 janvier 2016<\/span><\/a>&gt;.<br \/><\/span><\/p>\n<p><span style=\"color: #777777; font-family: Arial;\">Car en effet pour qu&rsquo;il existe un calendrier qui puisse rep\u00e9rer et dater dans le temps, il faut \u00e9videmment en plus de la tentative de Nabta Playa, une date origine qui marque la premi\u00e8re ann\u00e9e\u00a0: le premier jour, du premier mois de la premi\u00e8re ann\u00e9e.<br \/><\/span><\/p>\n<p><span style=\"color: #777777; font-family: Arial;\">Le mot du jour du 12 janvier 2016 faisait le constat de la coexistence de nombreux calendriers autre que le n\u00f4tre \u00ab\u00a0<strong>le calendrier gr\u00e9gorien<\/strong>\u00a0\u00bb qui marque pour origine la naissance de J\u00e9sus de Nazareth, telle qu&rsquo;elle a \u00e9t\u00e9 imagin\u00e9e par des th\u00e9ologiens.<br \/><\/span><\/p>\n<p><span style=\"color: #777777; font-family: Arial;\">Pour \u00e9voquer cette origine il faut regarder cette \u00e9mission de l&rsquo;historien <strong>Patrick Boucheron<\/strong>\u00a0: &lt; <a href=\"https:\/\/www.youtube.com\/watch?v=zt4ABgR-Vm4\"><span style=\"color: #0000ff;\">La crucifixion de J\u00e9sus | Quand l&rsquo;histoire fait dates<\/span><\/a> &gt;<br \/><\/span><\/p>\n<p><span style=\"color: #777777; font-family: Arial;\">Notre calendrier se base donc sur un r\u00e9cit religieux comme le calendrier h\u00e9bra\u00efque, le calendrier musulman et bien d&rsquo;autres.<br \/><\/span><\/p>\n<p><span style=\"color: #777777; font-family: Arial;\">Notre calendrier se base sur une ann\u00e9e qui commence le 1er janvier depuis <a href=\"https:\/\/fr.wikipedia.org\/wiki\/%C3%89dit_de_Roussillon\"><span style=\"color: #0000ff;\">\u00a0l&rsquo;\u00e9dit de Roussillon de 1564<\/span><\/a> de Charles IX.<br \/><\/span><\/p>\n<p><span style=\"color: #777777; font-family: Arial;\">Mais force est de constater que si nous f\u00eatons le 1<sup>er<\/sup> janvier, notre vie culturelle, \u00e9conomique dans son organisation ne tient quasi aucun compte du 1<sup>er<\/sup> janvier.<br \/><\/span><\/p>\n<p><span style=\"color: #777777; font-family: Arial;\">C&rsquo;est un autre d\u00e9coupage du calendrier qui est primordial pour nous\u00a0: l&rsquo;ann\u00e9e scolaire.<br \/><\/span><\/p>\n<p><span style=\"color: #777777; font-family: Arial;\">Or l&rsquo;ann\u00e9e scolaire ne commence pas au premier janvier mais en septembre.<br \/><\/span><\/p>\n<p><span style=\"color: #777777; font-family: Arial;\">Et la vie culturelle met ses pas dans cette ann\u00e9e scolaire, mais pour le th\u00e9\u00e2tre, les concerts on ne parle pas d&rsquo;ann\u00e9e mais de \u00ab\u00a0<strong>saisons<\/strong>\u00bb. On parle aussi de saison sportive ou de saison de chasse.<br \/><\/span><\/p>\n<p><span style=\"color: #777777; font-family: Arial;\">Bien s\u00fbr la &lt;<span style=\"color: #0000ff;\"><a style=\"color: #0000ff;\" href=\"https:\/\/fr.wikipedia.org\/wiki\/Saison\">saison<\/a><\/span>&gt; est d&rsquo;abord cette p\u00e9riode de l&rsquo;ann\u00e9e qui observe une relative constance du climat et de la temp\u00e9rature. L&rsquo;ann\u00e9e est divis\u00e9e en 4 saisons qui durent trois mois et se situent entre les 2 solstices et les 2 \u00e9quinoxes . Actuellement nous sommes en automne.<br \/><\/span><\/p>\n<p><img decoding=\"async\" class=\"alignleft\" src=\"https:\/\/lemotdujour.fr\/wp-content\/uploads\/2021\/10\/101721_1418_Lundi18octo2.jpg\" alt=\"\" align=\"left\" \/><span style=\"color: #777777; font-family: Arial;\">Et je ne r\u00e9siste pas au plaisir de partager une photo d&rsquo;automne canadien d\u00e9couvert sur le net.<br \/><\/span><\/p>\n<p><span style=\"color: #777777; font-family: Arial;\">On parle aussi des saisons de la vie.<br \/><\/span><\/p>\n<p><span style=\"color: #777777; font-family: Arial;\">Pour ma part, \u00e0 63 ans je peux dire que je suis au bel automne de ma vie.<br \/><\/span><\/p>\n<p><span style=\"color: #777777; font-family: Arial;\">Ainsi, en faisant r\u00e9f\u00e9rence aux saisons de concerts ou de th\u00e9\u00e2tre, j&rsquo;ai trouv\u00e9 pertinent de parler, pour recommencer apr\u00e8s la tr\u00eave estivale \u00e0 \u00e9crire r\u00e9guli\u00e8rement des mots du jour, d&rsquo;une nouvelle saison.<br \/><\/span><\/p>\n<p><span style=\"color: #777777; font-family: Arial;\">Cette aventure des mots du jour a commenc\u00e9 le 9 octobre 2012. Ce qui signifie que ce 18 octobre 2021, je commence la 10<sup>\u00e8me<\/sup> saison de mots du jour.<br \/><\/span><\/p>\n<p><span style=\"color: #777777; font-family: Arial;\">Le 18 octobre 2012, le mot du jour \u00e9tait\u00a0: \u00ab <a href=\"https:\/\/lemotdujour.fr\/?p=1891\"><span style=\"color: #0000ff;\">Il est n\u00e9cessaire de mettre fin aux petits privil\u00e8ges d&rsquo;un grand nombre pour pouvoir pr\u00e9server les grands privil\u00e8ges d&rsquo;un tout petit nombre<\/span> !<\/a> \u00bb ce qui constituait un jugement qu&rsquo;Emmanuel Todd portait sur certaines mesures du gouvernement.<br \/><\/span><\/p>\n<p><span style=\"color: #777777; font-family: Arial;\">C&rsquo;est une nouvelle saison, ce n&rsquo;est pas la derni\u00e8re.<br \/><\/span><\/p>\n<p><span style=\"color: #777777; font-family: Arial;\">C&rsquo;est au moins mon souhait si ma sant\u00e9 continue \u00e0 le permettre.<br \/><\/span><\/p>\n<p><span style=\"color: #777777; font-family: Arial;\">C&rsquo;est pourtant une saison particuli\u00e8re\u00a0: il s&rsquo;agit de la derni\u00e8re r\u00e9alis\u00e9e int\u00e9gralement alors que je reste en activit\u00e9 en tant que fonctionnaire d&rsquo;\u00e9tat.<br \/><\/span><\/p>\n<p><span style=\"color: #777777; font-family: Arial;\">En janvier 2023, je prendrai ma retraite et une derni\u00e8re \u00e9tape de vie commencera.<br \/><\/span><\/p>\n<p><span style=\"color: #777777; font-family: Arial;\">C&rsquo;\u00e9tait un mot du jour un peu plus personnel pour commencer cette nouvelle saison 2021\/2022.<br \/><\/span><\/p>\n<p><span style=\"color: #800000; font-family: Arial;\">&lt;1606&gt;<\/span><\/p>\n\n\n<p><\/p>\n","protected":false},"excerpt":{"rendered":"<p>\u00ab Une nouvelle saison\u00bb Nouvelle \u00e9tape de l\u2019\u00e9criture des mots du jour Notre esp\u00e8ce se pr\u00e9occupe du temps\u00a0: celui qui passe, celui du pr\u00e9sent, celui qui reste. Pour inscrire ce temps \u00ab\u00a0dans le marbre\u00a0\u00bb, marquer les p\u00e9riodes, dater un \u00e9v\u00e8nement,<\/p>\n","protected":false},"author":1,"featured_media":0,"comment_status":"open","ping_status":"closed","sticky":false,"template":"","format":"standard","meta":{"footnotes":""},"categories":[1],"tags":[17,19],"class_list":["post-12404","post","type-post","status-publish","format-standard","hentry","category-motdujour","tag-histoire","tag-personnel"],"_links":{"self":[{"href":"https:\/\/lemotdujour.fr\/index.php?rest_route=\/wp\/v2\/posts\/12404","targetHints":{"allow":["GET"]}}],"collection":[{"href":"https:\/\/lemotdujour.fr\/index.php?rest_route=\/wp\/v2\/posts"}],"about":[{"href":"https:\/\/lemotdujour.fr\/index.php?rest_route=\/wp\/v2\/types\/post"}],"author":[{"embeddable":true,"href":"https:\/\/lemotdujour.fr\/index.php?rest_route=\/wp\/v2\/users\/1"}],"replies":[{"embeddable":true,"href":"https:\/\/lemotdujour.fr\/index.php?rest_route=%2Fwp%2Fv2%2Fcomments&post=12404"}],"version-history":[{"count":7,"href":"https:\/\/lemotdujour.fr\/index.php?rest_route=\/wp\/v2\/posts\/12404\/revisions"}],"predecessor-version":[{"id":12704,"href":"https:\/\/lemotdujour.fr\/index.php?rest_route=\/wp\/v2\/posts\/12404\/revisions\/12704"}],"wp:attachment":[{"href":"https:\/\/lemotdujour.fr\/index.php?rest_route=%2Fwp%2Fv2%2Fmedia&parent=12404"}],"wp:term":[{"taxonomy":"category","embeddable":true,"href":"https:\/\/lemotdujour.fr\/index.php?rest_route=%2Fwp%2Fv2%2Fcategories&post=12404"},{"taxonomy":"post_tag","embeddable":true,"href":"https:\/\/lemotdujour.fr\/index.php?rest_route=%2Fwp%2Fv2%2Ftags&post=12404"}],"curies":[{"name":"wp","href":"https:\/\/api.w.org\/{rel}","templated":true}]}}