{"id":1240,"date":"2015-09-17T02:00:00","date_gmt":"2015-09-16T22:00:00","guid":{"rendered":"http:\/\/lemotdujour.fr\/?p=1240"},"modified":"2017-05-08T13:26:43","modified_gmt":"2017-05-08T11:26:43","slug":"jeudi-17092015","status":"publish","type":"post","link":"https:\/\/lemotdujour.fr\/?p=1240","title":{"rendered":"Jeudi 17\/09\/2015"},"content":{"rendered":"<div class=\"mdjDate\">Jeudi 17\/09\/2015<\/div>\n<div class=\"mdjTexte\">\u00ab En France, il n\u2019y a pas\u00a0d\u2019ins\u00e9curit\u00e9 culturelle,<br \/>mais une ins\u00e9curit\u00e9 historique\u00a0\u00bb<\/div>\n<div class=\"mdjAuteur\">Patrick Weil<\/div>\n<div class=\"mdjComplements\">Depuis quelques ann\u00e9es, il a beaucoup \u00e9t\u00e9 question d\u2019identit\u00e9 nationale et plus r\u00e9cemment d\u2019ins\u00e9curit\u00e9 culturelle (livre de Laurent Bouvet)<\/div>\n<div class=\"mdjComplements\">La France a semble-t-il un probl\u00e8me avec les \u00e9trangers ou ceux qui bien que fran\u00e7ais ne le seraient pas suffisamment.<\/div>\n<div class=\"mdjComplements\">L\u2019historien Patrick Weil a publi\u00e9 r\u00e9cemment \u00ab le Sens de la R\u00e9publique \u00bb o\u00f9 il parle plut\u00f4t d\u2019ins\u00e9curit\u00e9 historique.<\/div>\n<div class=\"mdjComplements\">Dans un entretien \u00e0 Lib\u00e9ration, il explique notamment \u00ab\u00a0Les Fran\u00e7ais sont forts, ils l\u2019ont montr\u00e9 le\u00a011\u00a0janvier. Mais, ils pourraient devenir encore plus forts s\u2019ils r\u00e9alisaient qu\u2019ils ont beaucoup plus en commun qu\u2019ils ne le croient. Aujourd\u2019hui, trop de Fran\u00e7ais le sont, tout en se sentant mal \u00e0 l\u2019aise : soit parce qu\u2019ils ne se sentent pas reconnus comme tels par leurs compatriotes, soit parce qu\u2019ils ne \u00abreconnaissent\u00bb plus leur pays. Ce malaise vient notamment de ce que les migrants de nos anciennes colonies sont diff\u00e9rents de ceux venus d\u2019Italie, de Turquie ou de Pologne. Ces derniers savaient qu\u2019ils arrivaient dans un pays \u00e9tranger, et qu\u2019ils devaient en apprendre la langue et les lois. <\/div>\n<div class=\"mdjComplements\">Ceux en provenance de l\u2019ancien empire colonial n\u2019avaient pas un rapport d\u2019\u00e9trangers \u00e0 la France : certains avaient m\u00eame \u00e9t\u00e9 fran\u00e7ais \u00e0 un moment, comme les Alg\u00e9riens ; d\u2019autres \u00e9taient fran\u00e7ais depuis longtemps, comme les Antillais ou les R\u00e9unionnais. Ils \u00e9taient en outre li\u00e9s \u00e0 la France par la langue, les valeurs de la R\u00e9volution fran\u00e7aise. A l\u2019arriv\u00e9e en m\u00e9tropole, ils subissaient un choc de voir que personne ne connaissait leur histoire, qui \u00e9tait pourtant aussi celle de la France. Il\u00a0y\u00a0a donc, en France, une coh\u00e9sion nationale qui\u00a0s\u2019ignore, ind\u00e9pendante de toute appartenance religieuse.\u00a0\u00bb<\/div>\n<div class=\"mdjComplements\"> [En France, il n\u2019y a pas\u00a0d\u2019ins\u00e9curit\u00e9 culturelle mais une \u00abins\u00e9curit\u00e9 historique]. <\/div>\n<div class=\"mdjComplements\">\u00abSi des Fran\u00e7ais se sentent en \u00abins\u00e9curit\u00e9\u00bb face \u00e0 un compatriote de couleur, c\u2019est parce que leur r\u00e9f\u00e9rent historique ne les a jamais inclus. Il n\u2019inclut pas les Antilles, l\u2019Alg\u00e9rie ou le Mali, alors qu\u2019ils font partie de l\u2019histoire de France. Nous\u00a0avons en commun une histoire qu\u2019il nous faut partager, que ce soit dans les manuels scolaires ou dans la mani\u00e8re dont nous nous ressentons comme peuple. \u00bb<\/div>\n<div class=\"mdjComplements\">[\u2026] \u00a0Depuis 2005, emmen\u00e9s par Pierre Nora, certains [historiens] affirment que dire que l\u2019esclavage \u00e9tait un crime contre l\u2019humanit\u00e9 comme le fait la loi Taubira de\u00a02001, \u00e9tait un anachronisme, car c\u2019\u00e9tait appliquer une notion du XXe\u00a0si\u00e8cle aux si\u00e8cles pr\u00e9c\u00e9dents. Que c\u2019\u00e9tait confondre m\u00e9moire de groupe et histoire. Or, il se trouve que ces historiens se trompaient. La France a \u00e9t\u00e9 le premier pays au monde \u00e0 avoir instaur\u00e9 le crime contre l\u2019humanit\u00e9 dans son droit : c\u2019\u00e9tait justement au sujet de l\u2019esclavage, en\u00a01794. Celui qui pratiquait la traite \u00e9tait d\u00e9chu de la nationalit\u00e9 : on le mettait au ban de la nation, de l\u2019humanit\u00e9. Ne pas vouloir reconna\u00eetre cette histoire-l\u00e0, c\u2019est donc dire \u00e0 certains de nos compatriotes qu\u2019ils n\u2019avaient pas leur place dans l\u2019histoire nationale.<\/div>\n<div class=\"mdjComplements\">Il ajoute : [Il faut] \u00a0un r\u00e9cit national qui ne soit pas \u00abm\u00e9tropolitanocentr\u00e9\u00bb \u00a0C\u2019est cette histoire globale et commune que nous devons rappeler et transmettre. \u00bb<\/div>\n<div class=\"mdjComplements\">Et Pour lui les 4 Piliers de la R\u00e9publique fran\u00e7aise sont :<\/div>\n<div class=\"mdjComplements\">1 L&rsquo;Egalit\u00e9<\/div>\n<div class=\"mdjComplements\">2 La langue fran\u00e7aise<\/div>\n<div class=\"mdjComplements\">3 La m\u00e9moire positive de la r\u00e9volution fran\u00e7aise<\/div>\n<div class=\"mdjComplements\">4 La la\u00efcit\u00e9<\/div>\n<div class=\"mdjComplements\">Dans son livre et \u00e0 <a href=\"http:\/\/www.franceinter.fr\/emission-le-79-patrick-weil-le-droit-du-sol-meme-pas-change-sous-vichy-fait-partie-des-principes-de-\">l\u2019interview accord\u00e9 \u00e0 France Inter <\/a>il a aussi r\u00e9v\u00e9l\u00e9 avoir d\u00e9couvert un document surprenant au Quai d&rsquo;Orsay o\u00f9 il apparaissait que Val\u00e9ry Giscard d&rsquo;Estaing avait eu lors de sa pr\u00e9sidence l\u2019id\u00e9e de vouloir renvoyer 500\u00a0000 immigr\u00e9s maghr\u00e9bins dans leurs pays d\u2019origine. Ce document a \u00e9t\u00e9 confirm\u00e9, selon l\u2019historien, par Jean-Fran\u00e7ois Poncet, le ministre des Affaires \u00e9trang\u00e8res de l&rsquo;\u00e9poque. L&rsquo;objectif du Pr\u00e9sident fran\u00e7ais, selon ce qu\u2019affirme l\u2019historien, \u00e9tait de \u00ablutter de contre le ch\u00f4mage\u00bb et de \u00abremplacer, par exemple, les \u00e9boueurs \u00e9trangers par des \u00e9boueurs fran\u00e7ais et faire partir les \u00e9trangers&#8230;\u00bb Pour cela, il voulait \u00abd\u00e9noncer les accords d&rsquo;Evian qui permettaient la libre circulation entre la France et l&rsquo;Alg\u00e9rie et changer la loi pour permettre l&rsquo;arr\u00eat des titres de s\u00e9jour ou la non reconduite des titres de s\u00e9jour de ceux qui \u00e9taient l\u00e0 depuis dix, quinze ou vingt ans\u00bb.<\/div>\n<div class=\"mdjComplements\">Un ancien conseiller du Pr\u00e9sident fran\u00e7ais a confi\u00e9 \u00e0 l&rsquo;historien avoir persuad\u00e9 le ministre Jean-Fran\u00e7ois Poncet de l&rsquo;ind\u00e9cence de cette id\u00e9e : \u00abComment va-t-on faire ? Un jour, au petit matin, on ira avec des cars de police et de gendarmerie arr\u00eater les gens chez eux pour les mettre dans des trains, des cars puis des bateaux ? Et les enfants, on en fera quoi ? Ils sont Fran\u00e7ais. On va s\u00e9parer les enfants des parents ? Ou on va renvoyer des parents fran\u00e7ais ?\u00bb <\/div>\n<div class=\"mdjComplements\">L\u2019historien raconte que Val\u00e9ry Giscard d&rsquo;Estaing a fini par mettre un terme \u00e0 son projet, face au blocage de Raymond Barre, Simone Veil, et de la plupart des ministres, ainsi que du Conseil d&rsquo;Etat. A l&rsquo;\u00e9poque, il a exist\u00e9 assez d&rsquo;hommes et de femmes\u00a0 dans les rangs du pouvoir pour dire non au Pr\u00e9sident de la R\u00e9publique. Serait ce toujours le cas aujourd&rsquo;hui ?<\/div>\n<div class=\"mdjComplements\">Il aussi \u00e9t\u00e9 invit\u00e9 \u00e0 cette \u00e9mission de France Culture : <a href=\"http:\/\/www.franceculture.fr\/emission-la-grande-table-2eme-partie-quelle-histoire-commune-2015-06-29\">http:\/\/www.franceculture.fr\/emission-la-grande-table-2eme-partie-quelle-histoire-commune-2015-06-29<\/a><\/div>\n","protected":false},"excerpt":{"rendered":"<p>Jeudi 17\/09\/2015 \u00ab En France, il n\u2019y a pas\u00a0d\u2019ins\u00e9curit\u00e9 culturelle,mais une ins\u00e9curit\u00e9 historique\u00a0\u00bb Patrick Weil Depuis quelques ann\u00e9es, il a beaucoup \u00e9t\u00e9 question d\u2019identit\u00e9 nationale et plus r\u00e9cemment d\u2019ins\u00e9curit\u00e9 culturelle (livre de Laurent Bouvet) La France a semble-t-il un probl\u00e8me<\/p>\n","protected":false},"author":1,"featured_media":0,"comment_status":"closed","ping_status":"closed","sticky":false,"template":"","format":"standard","meta":{"footnotes":""},"categories":[1],"tags":[],"class_list":["post-1240","post","type-post","status-publish","format-standard","hentry","category-motdujour"],"_links":{"self":[{"href":"https:\/\/lemotdujour.fr\/index.php?rest_route=\/wp\/v2\/posts\/1240","targetHints":{"allow":["GET"]}}],"collection":[{"href":"https:\/\/lemotdujour.fr\/index.php?rest_route=\/wp\/v2\/posts"}],"about":[{"href":"https:\/\/lemotdujour.fr\/index.php?rest_route=\/wp\/v2\/types\/post"}],"author":[{"embeddable":true,"href":"https:\/\/lemotdujour.fr\/index.php?rest_route=\/wp\/v2\/users\/1"}],"replies":[{"embeddable":true,"href":"https:\/\/lemotdujour.fr\/index.php?rest_route=%2Fwp%2Fv2%2Fcomments&post=1240"}],"version-history":[{"count":1,"href":"https:\/\/lemotdujour.fr\/index.php?rest_route=\/wp\/v2\/posts\/1240\/revisions"}],"predecessor-version":[{"id":1241,"href":"https:\/\/lemotdujour.fr\/index.php?rest_route=\/wp\/v2\/posts\/1240\/revisions\/1241"}],"wp:attachment":[{"href":"https:\/\/lemotdujour.fr\/index.php?rest_route=%2Fwp%2Fv2%2Fmedia&parent=1240"}],"wp:term":[{"taxonomy":"category","embeddable":true,"href":"https:\/\/lemotdujour.fr\/index.php?rest_route=%2Fwp%2Fv2%2Fcategories&post=1240"},{"taxonomy":"post_tag","embeddable":true,"href":"https:\/\/lemotdujour.fr\/index.php?rest_route=%2Fwp%2Fv2%2Ftags&post=1240"}],"curies":[{"name":"wp","href":"https:\/\/api.w.org\/{rel}","templated":true}]}}