{"id":1238,"date":"2015-09-16T02:00:00","date_gmt":"2015-09-15T22:00:00","guid":{"rendered":"http:\/\/lemotdujour.fr\/?p=1238"},"modified":"2017-05-08T13:26:42","modified_gmt":"2017-05-08T11:26:42","slug":"mercredi-16092015","status":"publish","type":"post","link":"https:\/\/lemotdujour.fr\/?p=1238","title":{"rendered":"Mercredi 16\/09\/2015"},"content":{"rendered":"<div class=\"mdjDate\">Mercredi 16\/09\/2015<\/div>\n<div class=\"mdjTexte\">\u00ab L\u2019utopie est le r\u00eave n\u00e9cessaire et la r\u00e9alit\u00e9 le d\u00e9fi permanent. \u00bb<\/div>\n<div class=\"mdjAuteur\">Daniel Cohn-Bendit<\/div>\n<div class=\"mdjComplements\">Je sais que parmi les destinataires de ce mot, Daniel Cohn-Bendit ne fait pas l&rsquo;unanimit\u00e9.<\/div>\n<div class=\"mdjComplements\">Je trouve cependant qu&rsquo;il dit souvent des choses tr\u00e8s justes et qu&rsquo;il a cette facult\u00e9 de pouvoir \u00e0 la fois s&rsquo;inscrire dans l&rsquo;Histoire et se projeter dans l&rsquo;avenir. Ce que peu d&rsquo;hommes politiques savent faire.<\/div>\n<div class=\"mdjComplements\">Voici des extraits d&rsquo;un article du Monde o\u00f9 il r\u00e9pond \u00e0 des questions de Raphaelle Bacqu\u00e9<\/div>\n<div class=\"mdjComplements\">\u00ab Juste apr\u00e8s 68, j\u2019ai \u00e9t\u00e9 de ceux qui th\u00e9orisaient l\u2019ali\u00e9nation dans la lign\u00e9e de Jean-Jacques Rousseau : l\u2019homme est bon, mais c\u2019est la soci\u00e9t\u00e9 qui en a fait un monstre, changeons le syst\u00e8me et l\u2019homme pourra s\u2019accomplir dans toute sa valeur. <\/div>\n<div class=\"mdjComplements\">C\u2019est au milieu des ann\u00e9es 1970 que je suis devenu plus proche de ce que disait Hannah Arendt : l\u2019homme n\u2019est ni bon ni mauvais par essence, mais une m\u00eame personne peut \u00eatre admirable ou abominable selon les p\u00e9riodes. Les juifs ou les r\u00e9fugi\u00e9s sont des victimes mais ils ne sont pas par essence des hommes bons et je ne veux pas simplement m\u2019identifier avec des victimes. Je suis solidaire mais je veux rester lucide. L\u2019utopie est le r\u00eave n\u00e9cessaire et la r\u00e9alit\u00e9 le d\u00e9fi permanent. Je suis impr\u00e9gn\u00e9 de cette philosophie qu\u2019Edgar Morin a ensuite appel\u00e9e la philosophie de la complexit\u00e9. \u00bb<\/div>\n<div class=\"mdjComplements\">\u00abUne r\u00e9volution est un moment de changement violent, mais la d\u00e9sali\u00e9nation prend forc\u00e9ment du temps. C\u2019est ce que les r\u00e9volutionnaires n\u2019ont pas compris ou pas voulu admettre. Ils ont une conception de l\u2019homme qui suppose de lui imposer le changement d\u2019en haut, \u00ab pour son bien \u00bb. C\u2019est la quintessence du marxisme qui am\u00e8ne logiquement au parti bolchevique, seul \u00e0 savoir ce qui est bien pour les autres. Mais il faut distinguer entre la r\u00e9volution politique et la transformation de la soci\u00e9t\u00e9. Celle-ci est longue. Tenez la R\u00e9volution fran\u00e7aise. Elle a d\u00e9clench\u00e9 un processus de d\u00e9mocratisation qui a dur\u00e9, avec des soubresauts, jusqu\u2019en 1945 lorsque les femmes ont eu le droit de vote. L\u2019important, c\u2019est comment changer le monde et qui va le changer. Il faut \u00eatre capable d\u2019accompagner l\u2019\u00e9volution des mentalit\u00e9s des citoyens. La r\u00e9volution id\u00e9ologique est un long fleuve plus ou moins tranquille qui, malheureusement, \u00e0 certains moments, risque d\u2019\u00eatre victime de la s\u00e9cheresse de la pens\u00e9e.<\/div>\n<div class=\"mdjComplements\">Changer le monde, c\u2019est croire en l\u2019humanisation des mentalit\u00e9s. \u00bb<\/div>\n<div class=\"mdjComplements\">A la question : Comment imaginez-vous le monde dans cinquante ans ? Il r\u00e9pond : <\/div>\n<div class=\"mdjComplements\">\u00ab Dans cinquante ans, nous aurons une Europe f\u00e9d\u00e9rale, une gouvernance europ\u00e9enne, un budget europ\u00e9en ! \u00bb<\/div>\n<div class=\"mdjComplements\">Comme vous \u00eates optimiste ! s&rsquo;exclame Raphaelle Bacqu\u00e9<\/div>\n<div class=\"mdjComplements\">\u00ab Mais oui ! Si je vous avais pr\u00e9dit la chute du communisme en Europe de l\u2019Est, en 1988, vous m\u2019auriez cru fou. Je vous dis donc que dans la mondialisation qui va gagner encore, dans cinquante ans, l\u2019Allemagne aura l\u2019importance qu\u2019a le Luxembourg et la France aura celle qu\u2019a Malte dans l\u2019Europe d\u2019aujourd\u2019hui. Notre projet de civilisation est-il de vivre p\u00e9p\u00e8re comme le Luxembourg et Malte ? Si on a un projet de civilisation, on ne peut le faire que par l\u2019Europe. C\u2019est en d\u00e9finissant le r\u00eave que l\u2019on d\u00e9finit la direction et en d\u00e9finissant la direction on peut r\u00e9ussir le changement. \u00bb<\/div>\n<div class=\"mdjComplements\">Moi j&rsquo;aime !<\/div>\n<div class=\"mdjComplements\">Sans utopie notre vie n&rsquo;a pas de sens, pas de but.<\/div>\n<div class=\"mdjComplements\">Mais cette utopie doit \u00eatre confront\u00e9e et s&rsquo;inscrire dans la r\u00e9alit\u00e9. C&rsquo;est un d\u00e9fi raisonnable. Et ce qui est raisonnable peut \u00eatre accompli.<\/div>\n","protected":false},"excerpt":{"rendered":"<p>Mercredi 16\/09\/2015 \u00ab L\u2019utopie est le r\u00eave n\u00e9cessaire et la r\u00e9alit\u00e9 le d\u00e9fi permanent. \u00bb Daniel Cohn-Bendit Je sais que parmi les destinataires de ce mot, Daniel Cohn-Bendit ne fait pas l&rsquo;unanimit\u00e9. Je trouve cependant qu&rsquo;il dit souvent des choses<\/p>\n","protected":false},"author":1,"featured_media":0,"comment_status":"closed","ping_status":"closed","sticky":false,"template":"","format":"standard","meta":{"footnotes":""},"categories":[1],"tags":[],"class_list":["post-1238","post","type-post","status-publish","format-standard","hentry","category-motdujour"],"_links":{"self":[{"href":"https:\/\/lemotdujour.fr\/index.php?rest_route=\/wp\/v2\/posts\/1238","targetHints":{"allow":["GET"]}}],"collection":[{"href":"https:\/\/lemotdujour.fr\/index.php?rest_route=\/wp\/v2\/posts"}],"about":[{"href":"https:\/\/lemotdujour.fr\/index.php?rest_route=\/wp\/v2\/types\/post"}],"author":[{"embeddable":true,"href":"https:\/\/lemotdujour.fr\/index.php?rest_route=\/wp\/v2\/users\/1"}],"replies":[{"embeddable":true,"href":"https:\/\/lemotdujour.fr\/index.php?rest_route=%2Fwp%2Fv2%2Fcomments&post=1238"}],"version-history":[{"count":1,"href":"https:\/\/lemotdujour.fr\/index.php?rest_route=\/wp\/v2\/posts\/1238\/revisions"}],"predecessor-version":[{"id":1239,"href":"https:\/\/lemotdujour.fr\/index.php?rest_route=\/wp\/v2\/posts\/1238\/revisions\/1239"}],"wp:attachment":[{"href":"https:\/\/lemotdujour.fr\/index.php?rest_route=%2Fwp%2Fv2%2Fmedia&parent=1238"}],"wp:term":[{"taxonomy":"category","embeddable":true,"href":"https:\/\/lemotdujour.fr\/index.php?rest_route=%2Fwp%2Fv2%2Fcategories&post=1238"},{"taxonomy":"post_tag","embeddable":true,"href":"https:\/\/lemotdujour.fr\/index.php?rest_route=%2Fwp%2Fv2%2Ftags&post=1238"}],"curies":[{"name":"wp","href":"https:\/\/api.w.org\/{rel}","templated":true}]}}