{"id":1236,"date":"2015-09-15T02:00:00","date_gmt":"2015-09-14T22:00:00","guid":{"rendered":"http:\/\/lemotdujour.fr\/?p=1236"},"modified":"2017-05-08T13:26:42","modified_gmt":"2017-05-08T11:26:42","slug":"mardi-15092015","status":"publish","type":"post","link":"https:\/\/lemotdujour.fr\/?p=1236","title":{"rendered":"Mardi 15\/09\/2015"},"content":{"rendered":"<div class=\"mdjDate\">Mardi 15\/09\/2015<\/div>\n<div class=\"mdjTexte\">\u00ab La situation peut vous sembler nouvelle, mais elle ne l\u2019est pas, [&#8230;]<br \/>\u00a0De tout temps, la fuite et l\u2019expulsion ont \u00e9t\u00e9 les cons\u00e9quences de la violence. \u00bb <\/div>\n<div class=\"mdjAuteur\">Joachim Mertes, maire de Buch dans la Rh\u00e9nanie-Palatinat<\/div>\n<div class=\"mdjComplements\">Encore un mot du jour sur les r\u00e9fugi\u00e9s. Je voudrais partager avec vous un article du Monde sur l&rsquo;accueil de r\u00e9fugi\u00e9s d&rsquo;un petit village d&rsquo;Allemagne : \u00ab\u00a0Buch\u00a0\u00bb<\/div>\n<div class=\"mdjComplements\">Toutefois, il ne s&rsquo;agit pas d&rsquo;\u00eatre ang\u00e9lique et de penser que la bonne volont\u00e9 suffit. D&rsquo;ailleurs le gouvernement de Merkel a \u00e9t\u00e9 oblig\u00e9 \u00e0 revenir \u00e0 la dure r\u00e9alit\u00e9 des faits apr\u00e8s avoir laiss\u00e9 planer l&rsquo;illusion que l&rsquo;Allemagne serait capable d\u2019accueillir quasi sans limite tous les r\u00e9fugi\u00e9s qui se pr\u00e9senteront. Ce qui n&rsquo;est \u00e9videmment pas le cas.<\/div>\n<div class=\"mdjComplements\">Apr\u00e8s le mot du jour sur le revenu de base pour tous, Daniel avait r\u00e9pliqu\u00e9 : <strong>\u00ab<\/strong>Donc on ouvre largement les fronti\u00e8res aux r\u00e9fugi\u00e9s, puis on met en place le revenu de base pour tous ! \u00c7a peut peut-\u00eatre marcher&#8230;.. sur le papier<strong>\u00bb <\/strong><\/div>\n<div class=\"mdjComplements\">Juste interrogation. Toutefois si vous avez \u00e9cout\u00e9 l&rsquo;\u00e9mission sur le revenu de base, il faut comprendre que dans cette perspective il n&rsquo;y a plus aucune prestation sociale, pas plus que de retraite sauf pour ceux qui auront souscrit des assurances priv\u00e9es. Le revenu de base constitue r\u00e9ellement un changement de paradigme qui pose cependant la question des fronti\u00e8res et de la communaut\u00e9 des citoyens qui y ont acc\u00e8s.<\/div>\n<div class=\"mdjComplements\"><a href=\"http:\/\/www.liberation.fr\/politiques\/2015\/09\/12\/refugies-en-france-la-mort-d-aylan-n-a-rien-change_1380973\">Pour revenir aux r\u00e9fugi\u00e9s, une\u00a0 \u00e9tude montre que les fran\u00e7ais sont toujours aussi r\u00e9ticents et que la publication de la photo d&rsquo;Aylan n&rsquo;a pas chang\u00e9 leur opinion.\u00a0 <\/a><\/div>\n<div class=\"mdjComplements\">Mais ce qui me parait important c&rsquo;est d&rsquo;inverser la logique du raisonnement. Il me semble que le raisonnement du plus grand nombre est :<\/div>\n<div class=\"mdjComplements\">1\u00b0 Nous n&rsquo;avons pas les moyens 2\u00b0 Nous ne pouvons donc pas accueillir de r\u00e9fugi\u00e9s m\u00eame si nous \u00e9prouvons de la compassion pour eux.<\/div>\n<div class=\"mdjComplements\">Et ce raisonnement doit \u00eatre invers\u00e9 :<\/div>\n<div class=\"mdjComplements\">1\u00b0 Nous devons accueillir ces r\u00e9fugi\u00e9s c&rsquo;est une question de valeur et de Droit &#8211; 2\u00b0 En pratique que pouvons-nous faire pour aller aussi loin que possible dans l&rsquo;accueil, m\u00eame si nous savons qu&rsquo;il y a des limites ?<\/div>\n<div class=\"mdjComplements\">Ceci nous ram\u00e8ne \u00e0 la petite ville de Buch, dont l&rsquo;exp\u00e9rience me parait tr\u00e8s instructive :<\/div>\n<div class=\"mdjComplements\">Un jour de mai 2014, le maire de Buch adressa un courrier \u00e0 ses concitoyens ( 1 000 habitants) : commen\u00e7ant par cette phrase\u00a0 \u00ab Maintenant, la mis\u00e8re du monde nous a rejoints. \u00bb Et puis cette annonce : \u00ab Cinq jeunes hommes d\u2019Egypte et de Syrie vont s\u2019installer en tant que r\u00e9fugi\u00e9s dans notre village de Buch, o\u00f9 nous disposons de logements vacants. Ils sont les bienvenus. \u00bb Les habitants de la petite bourgade allemande \u00e9taient convi\u00e9s dans la salle des f\u00eates, le jeudi suivant, pour de plus amples informations.<\/div>\n<div class=\"mdjComplements\">Lors de cette r\u00e9union il commen\u00e7a par ces mots : \u00ab La situation peut vous sembler nouvelle, mais elle ne l\u2019est pas, dit-il devant les quelques dizaines de villageois venus l\u2019\u00e9couter. De tout temps, la fuite et l\u2019expulsion ont \u00e9t\u00e9 les cons\u00e9quences de la violence. \u00bb .<\/div>\n<div class=\"mdjComplements\">Il puise dans les racines chr\u00e9tiennes de ses concitoyens pour les convaincre et conclut par ces mots : \u00ab Nous, \u00e0 Buch, nous devons accueillir ceux qui doivent fuir [&#8230;] . Nous montrerons que l\u2019humanit\u00e9 et l\u2019aide du prochain font partie des valeurs europ\u00e9ennes que sont la d\u00e9mocratie, la libert\u00e9 et la solidarit\u00e9. Nous souhaitons la bienvenue \u00e0 nos h\u00f4tes. \u00bb<\/div>\n<div class=\"mdjComplements\">Tout le monde applaudit. Ceux qui n\u2019approuvent pas l\u2019initiative n\u2019osent pas le dire tout haut : c\u2019est gagn\u00e9. \u00ab Ce n\u2019\u00e9tait pas forc\u00e9ment facile pour les gens, observe Joachim Mertes, mais je savais que des chr\u00e9tiens ne pouvaient qu\u2019\u00eatre r\u00e9ceptifs \u00e0 un appel \u00e0 l\u2019humanit\u00e9. Un discours politique, c\u2019est comme une m\u00e9lodie : \u00e7a d\u00e9pend de la premi\u00e8re note. Si les gens ne sont pas concern\u00e9s, c\u2019est fichu. Si on leur dit quelque chose qui leur rappelle leur \u00e9ducation, \u00e7a r\u00e9sonne en eux. \u00bb<\/div>\n<div class=\"mdjComplements\">La suite de l&rsquo;article montre que les habitants se sont peu \u00e0 peu mobilis\u00e9s. Il y avait aussi des difficult\u00e9s mais selon l&rsquo;article la bienveillance et la fermet\u00e9 ont aussi pu donner la possibilit\u00e9 de l&rsquo;int\u00e9gration de ces familles (Il y en eut d&rsquo;autres apr\u00e8s).<\/div>\n<div class=\"mdjComplements\">Ainsi dans cet \u00e9pisode : \u00ab l\u2019un des gar\u00e7ons prend mal de se voir donner des ordres, surtout par une femme, sur le tri s\u00e9lectif des ordures : Je t\u2019explique, lui dit-elle, ici, on ne met pas le plastique et les d\u00e9chets dans la m\u00eame poubelle\u2026 \u00bb<\/div>\n<div class=\"mdjComplements\">Cette autorit\u00e9 p\u00e9dagogique n\u2019a pas plu au jeune Egyptien. Une mise au point a \u00e9t\u00e9 n\u00e9cessaire, raconte Joachim Mertes : \u00ab Ici, il n\u2019y a pas une s\u0153ur, une m\u00e8re ou une grand-m\u00e8re qui va nettoyer pour toi, tu dois le faire toi-m\u00eame. \u00bb Un fonctionnaire du Land le r\u00e9sume encore mieux, en fran\u00e7ais avec un bel accent allemand : \u00ab Il a vallu leur expliguer gue chez nous, c\u2019est auzi les nanas qui d\u00e9zident ! \u00bb<\/div>\n<div class=\"mdjComplements\">Dans la conclusion on peut lire : \u00ab Buch est l\u2019un des villages d\u2019Allemagne qui accueille le plus de r\u00e9fugi\u00e9s proportionnellement \u00e0 la population, et la Rh\u00e9nanie-Palatinat le Land qui compte le plus de volontaires pour les r\u00e9fugi\u00e9s : 41 %. La situation frontali\u00e8re favorisait l\u2019ouverture au monde, la pr\u00e9sence des r\u00e9fugi\u00e9s bouleverse les mentalit\u00e9s. \u00ab Ils nous apportent beaucoup, note le jeune maire conservateur, Tobias Vogt (CDU), \u00e9lu il y a un an \u00e0 la suite de Joachim Mertes qui, apr\u00e8s trente ann\u00e9es de service, a pass\u00e9 la main. <strong>On s\u2019occupe d\u2019eux, ils cr\u00e9ent du lien, les villageois se parlent plus qu\u2019avant, c\u2019est extraordinaire. \u00bb<\/strong><\/div>\n<div class=\"mdjComplements\">Mais ce n&rsquo;est pas simple bien s\u00fbr<\/div>\n","protected":false},"excerpt":{"rendered":"<p>Mardi 15\/09\/2015 \u00ab La situation peut vous sembler nouvelle, mais elle ne l\u2019est pas, [&#8230;]\u00a0De tout temps, la fuite et l\u2019expulsion ont \u00e9t\u00e9 les cons\u00e9quences de la violence. \u00bb Joachim Mertes, maire de Buch dans la Rh\u00e9nanie-Palatinat Encore un mot<\/p>\n","protected":false},"author":1,"featured_media":0,"comment_status":"closed","ping_status":"closed","sticky":false,"template":"","format":"standard","meta":{"footnotes":""},"categories":[1],"tags":[],"class_list":["post-1236","post","type-post","status-publish","format-standard","hentry","category-motdujour"],"_links":{"self":[{"href":"https:\/\/lemotdujour.fr\/index.php?rest_route=\/wp\/v2\/posts\/1236","targetHints":{"allow":["GET"]}}],"collection":[{"href":"https:\/\/lemotdujour.fr\/index.php?rest_route=\/wp\/v2\/posts"}],"about":[{"href":"https:\/\/lemotdujour.fr\/index.php?rest_route=\/wp\/v2\/types\/post"}],"author":[{"embeddable":true,"href":"https:\/\/lemotdujour.fr\/index.php?rest_route=\/wp\/v2\/users\/1"}],"replies":[{"embeddable":true,"href":"https:\/\/lemotdujour.fr\/index.php?rest_route=%2Fwp%2Fv2%2Fcomments&post=1236"}],"version-history":[{"count":1,"href":"https:\/\/lemotdujour.fr\/index.php?rest_route=\/wp\/v2\/posts\/1236\/revisions"}],"predecessor-version":[{"id":1237,"href":"https:\/\/lemotdujour.fr\/index.php?rest_route=\/wp\/v2\/posts\/1236\/revisions\/1237"}],"wp:attachment":[{"href":"https:\/\/lemotdujour.fr\/index.php?rest_route=%2Fwp%2Fv2%2Fmedia&parent=1236"}],"wp:term":[{"taxonomy":"category","embeddable":true,"href":"https:\/\/lemotdujour.fr\/index.php?rest_route=%2Fwp%2Fv2%2Fcategories&post=1236"},{"taxonomy":"post_tag","embeddable":true,"href":"https:\/\/lemotdujour.fr\/index.php?rest_route=%2Fwp%2Fv2%2Ftags&post=1236"}],"curies":[{"name":"wp","href":"https:\/\/api.w.org\/{rel}","templated":true}]}}