{"id":1234,"date":"2015-09-14T02:00:00","date_gmt":"2015-09-13T22:00:00","guid":{"rendered":"http:\/\/lemotdujour.fr\/?p=1234"},"modified":"2020-12-07T01:27:52","modified_gmt":"2020-12-07T00:27:52","slug":"lundi-14092015","status":"publish","type":"post","link":"https:\/\/lemotdujour.fr\/?p=1234","title":{"rendered":"Lundi 14\/09\/2015"},"content":{"rendered":"<div class=\"mdjDate\">Lundi 14\/09\/2015<\/div>\n<div class=\"mdjTexte\">\u00abAlle Menschen werden Br\u00fcder;<br \/>\n[&#8230;]\u00a0 Seid umschlungen, Millionen !<br \/>\nDiesen Ku\u00df der ganzen Welt !\u00bb<br \/>\nTous les hommes deviennent fr\u00e8res ;[..]<br \/>\nSoyez enlac\u00e9s, millions !<br \/>\nCe baiser au monde entier !<\/div>\n<div class=\"mdjAuteur\">Beethoven &#8211; Schiller &#8211; Ode \u00e0 la joie<\/div>\n<p><span style=\"color: #777777; font-family: Arial;\">Un enchantement !<br \/>\n<\/span><\/p>\n<p><span style=\"color: #777777; font-family: Arial;\">Ce samedi 12 septembre, l&rsquo;orchestre National de Lyon faisait sa rentr\u00e9e dans l&rsquo;\u00e9crin de l&rsquo;auditorium de Lyon.<br \/>\n<\/span><\/p>\n<p><span style=\"color: #777777; font-family: Arial;\">L\u00e9onard Slatkin, qui a donc 70 ans, a choisi la 9\u00e8me symphonie de Beethoven qui se termine par l&rsquo;Ode \u00e0 la joie sur un texte de Friedrich Schiller pour ce d\u00e9but de sa 5\u00e8me saison \u00e0 Lyon.<br \/>\n<\/span><\/p>\n<p><span style=\"color: #777777; font-family: Arial;\">L\u00e9onard Slatkin est un grand chef qui dirige magistralement ce chef d&rsquo;\u0153uvre.<br \/>\n<\/span><\/p>\n<p><span style=\"color: #777777; font-family: Arial;\">Si vous prenez une des grandes interpr\u00e9tations enregistr\u00e9es de cette \u0153uvre, vous trouverez des chefs comme Furtwaengler, Toscanini, Klemperer,\u00a0Karajan qui ont encore une plus grande dimension que Slatkin dans l&rsquo;art de l&rsquo;interpr\u00e9tation.<br \/>\n<\/span><\/p>\n<p><span style=\"color: #777777; font-family: Arial;\">Et m\u00eame si les merveilleux musiciens de l&rsquo;Orchestre de Lyon forment un bel orchestre, il n&rsquo;a pas la qualit\u00e9 de l&rsquo;Orchestre Philharmonique de Berlin, de Vienne, de l&rsquo;Orchestre du ConcertGebow d&rsquo;Amsterdam, de la Staatskapelle de Dresde ou du Chicago Symphony Orchestra.<br \/>\n<\/span><\/p>\n<p><span style=\"color: #777777; font-family: Arial;\">Pourtant, je vous le dis, jamais une musique enregistr\u00e9e, m\u00eame \u00e9cout\u00e9e dans les meilleures conditions techniques ne pourra atteindre l&rsquo;\u00e9motion et la somptuosit\u00e9 d&rsquo;une belle interpr\u00e9tation en direct dans une salle de concert digne de ce nom.<br \/>\n<\/span><\/p>\n<p><span style=\"color: #777777; font-family: Arial;\">Et comme Slatkin est non seulement un grand chef mais aussi un show man am\u00e9ricain, il a eu l&rsquo;id\u00e9e \u00e0 la fin du concert de faire chanter l&rsquo;ensemble du public de l&rsquo;auditorium Maurice Ravel, donc 2120 personnes (il ne restait aucune place de libre) un extrait de l&rsquo;ode \u00e0 la joie, car on avait distribu\u00e9 une partition \u00e0 l&rsquo;entracte.<br \/>\n<\/span><\/p>\n<p><span style=\"color: #777777; font-family: Arial;\">Cela ajouta \u00e0 l&rsquo;euphorie du concert.<br \/>\n<\/span><\/p>\n<p><span style=\"color: #777777; font-family: Arial;\">Vous allez me poser la question : Mais pourquoi est-il pertinent, mis \u00e0 part le fait que tu sois all\u00e9 \u00e0 ce concert, de parler aujourd&rsquo;hui de l&rsquo;ode \u00e0 la joie de Schiller mise en musique par Beethoven ?<br \/>\n<\/span><\/p>\n<p><span style=\"color: #777777; font-family: Arial;\">D&rsquo;abord parce que lorsqu&rsquo;on est passionn\u00e9, le besoin de partager sa passion est irr\u00e9fragable.<br \/>\n<\/span><\/p>\n<p><span style=\"color: #777777; font-family: Arial;\">Ensuite parce qu&rsquo;il est toujours sage d&rsquo;apprendre, m\u00eame des bribes de savoir, d&rsquo;un passionn\u00e9.<br \/>\n<\/span><\/p>\n<p><span style=\"color: #777777; font-family: Arial;\">Et puis vous n&rsquo;\u00eates pas sans savoir que l&rsquo;ode \u00e0 la joie sert depuis 1986 comme base \u00e0 <a href=\"https:\/\/fr.wikipedia.org\/wiki\/Hymne_europ%C3%A9en\"><span style=\"color: blue; text-decoration: underline;\">&lt;l&rsquo;hymne europ\u00e9en&gt;<\/span><\/a><br \/>\n<\/span><\/p>\n<p><span style=\"color: #777777; font-family: Arial;\">En raison de la multiplicit\u00e9 des langues de l&rsquo;Union, il s&rsquo;agit d&rsquo;un hymne sans parole, la musique \u00e9tant un langage universel.<br \/>\n<\/span><\/p>\n<p><span style=\"color: #777777; font-family: Arial;\">Et cette ode est un hymne \u00e0 la fraternit\u00e9 que Beethoven, dans sa croyance panth\u00e9iste, a offert au Monde.<br \/>\n<\/span><\/p>\n<p><img loading=\"lazy\" decoding=\"async\" class=\"alignleft\" src=\"https:\/\/lemotdujour.fr\/wp-content\/uploads\/2020\/12\/120720_0019_LundiXXdcem1.jpg\" alt=\"\" width=\"437\" height=\"210\" align=\"left\" \/><span style=\"color: #777777; font-family: Arial;\">La fraternit\u00e9 qui est aussi le troisi\u00e8me terme de la devise de la R\u00e9publique fran\u00e7aise.<br \/>\n<\/span><\/p>\n<p><span style=\"color: #777777; font-family: Arial;\">La fraternit\u00e9 que R\u00e9gis Debray a expliqu\u00e9 si justement :<br \/>\n<\/span><\/p>\n<p style=\"margin-left: 28pt;\"><span style=\"color: #c00000; font-family: Arial;\">\u00ab\u00catre fraternel, c&rsquo;est faire famille avec ceux qui ne sont pas de la famille.\u00bb<br \/>\n(Mot du jour du 13 f\u00e9vrier 2013)<br \/>\n<\/span><\/p>\n<p><span style=\"color: #777777; font-family: Arial;\">Et c&rsquo;est pourquoi je trouve ce rappel pertinent en pleine crise des r\u00e9fugi\u00e9s.<br \/>\n<\/span><\/p>\n<p><span style=\"color: #777777; font-family: Arial;\">L&rsquo;ode \u00e0 la joie a aussi \u00e9t\u00e9 utilis\u00e9e par L\u00e9onard Bernstein pour c\u00e9l\u00e9brer la chute du mur de Berlin et il a interpr\u00e9t\u00e9 cette \u0153uvre en rempla\u00e7ant le mot de \u00ab <strong>joie <\/strong>\u00bb par celui de \u00ab <strong>libert\u00e9<\/strong> \u00bb.<br \/>\n<\/span><\/p>\n<p><span style=\"color: #777777; font-family: Arial;\">En fran\u00e7ais, remplacer \u00ab joie \u00bb par \u00ablibert\u00e9\u00bb pose une difficult\u00e9 de syllabes et de rythme.<br \/>\n<\/span><\/p>\n<p><span style=\"color: #777777; font-family: Arial;\">Mais tel n&rsquo;est pas le cas en allemand o\u00f9 remplacer \u00ab <strong>Freude<\/strong> \u00bb par \u00ab <strong>Freiheit<\/strong> \u00bb est ais\u00e9e, on pourrait aussi le remplacer par \u00abFriede\u00bb (paix).<br \/>\n<\/span><\/p>\n<p><span style=\"color: #777777; font-family: Arial;\">Voici une belle interpr\u00e9tation de la 9\u00e8me symphonie de Beethoven : <span style=\"color: #0000ff;\"><a style=\"color: #0000ff;\" href=\"https:\/\/www.youtube.com\/watch?v=rOjHhS5MtvA\"><span style=\"text-decoration: underline;\">&lt;Chicago Symphony Orchestra \u2013 Riccardo Muti&gt;<\/span><\/a><\/span><br \/>\n<\/span><\/p>\n<p><span style=\"color: #777777; font-family: Arial;\">Et voici la 9\u00e8me utilis\u00e9e comme musique d&rsquo;un ballet de Maurice B\u00e9jart. <a href=\"https:\/\/www.youtube.com\/watch?v=GcnIxDET10E\"><span style=\"color: blue; text-decoration: underline;\"><span style=\"color: #0000ff; text-decoration: underline;\">&lt;Il s&rsquo;agit d&rsquo;un extrait \u2013 ici le 3\u00e8me mouvement&gt;<\/span><\/span><\/a><br \/>\n<\/span><\/p>\n<p><span style=\"color: #777777; font-family: Arial;\">Voici la version de la libert\u00e9 \u00e0 Berlin de Bernstein <a href=\"https:\/\/www.youtube.com\/watch?v=IciKr8NUmKs\"><span style=\"color: blue; text-decoration: underline;\"><span style=\"color: #0000ff; text-decoration: underline;\">&lt;Bernstein dirige \u00e0 Berlin l&rsquo;ode \u00e0 la Libert\u00e9&gt;<\/span><\/span><\/a><br \/>\n<\/span><\/p>\n<p><span style=\"color: #777777; font-family: Arial;\">Et voici <span style=\"color: #0000ff;\">&lt;<a style=\"color: #0000ff;\" href=\"http:\/\/europa.eu\/about-eu\/basic-information\/symbols\/anthem\/european-anthem-2012.mp3\"><span style=\"text-decoration: underline;\"> l&rsquo;hymne europ\u00e9en <\/span><\/a>&gt;<\/span><br \/>\n<\/span><\/p>\n<p><a href=\"http:\/\/www.lvbeethoven.fr\/Oeuvres\/HymneEuropeen-OdeALaJoie.html\"><span style=\"color: blue; font-family: Arial; text-decoration: underline;\"><span style=\"color: #0000ff; text-decoration: underline;\">Voici le texte de L&rsquo;ode \u00e0 la joie<\/span><\/span><\/a><span style=\"color: #777777; font-family: Arial;\"><span style=\"color: #0000ff;\"> :<\/span><br \/>\n<\/span><\/p>\n<p style=\"margin-left: 28pt;\"><span style=\"color: #c00000; font-family: Arial;\">Joie ! Joie ! Belle \u00e9tincelle divine,<br \/>\nFille de l&rsquo;Elys\u00e9e,<br \/>\nNous entrons l&rsquo;\u00e2me enivr\u00e9e<br \/>\nDans ton temple glorieux.<br \/>\nTon magique attrait resserre<br \/>\nCe que la mode en vain d\u00e9truit ;<br \/>\n<\/span><\/p>\n<p style=\"margin-left: 28pt;\"><span style=\"color: #c00000; font-family: Arial;\">Tous les hommes deviennent fr\u00e8res<br \/>\nO\u00f9 ton aile nous conduit.<br \/>\nSi le sort comblant ton \u00e2me,<br \/>\nD&rsquo;un ami t&rsquo;a fait l&rsquo;ami,<br \/>\nSi tu as conquis l&rsquo;amour d&rsquo;une noble femme,<br \/>\nM\u00eale ton exultation \u00e0 la n\u00f4tre!<br \/>\n<\/span><\/p>\n<p style=\"margin-left: 28pt;\"><span style=\"color: #c00000; font-family: Arial;\">Viens, m\u00eame si tu n&rsquo;aimas qu&rsquo;une heure<br \/>\nQu&rsquo;un seul \u00eatre sous les cieux !<br \/>\nMais vous que nul amour n&rsquo;effleure,<br \/>\nEn pleurant, quittez ce ch\u0153ur !<br \/>\nTous les \u00eatres boivent la joie,<br \/>\nEn pressant le sein de la nature<br \/>\nTous, bons et m\u00e9chants,<br \/>\nSuivent les roses sur ses traces,<br \/>\nElle nous donne baisers et vendanges,<br \/>\nEt nous offre l&rsquo;ami \u00e0 l&rsquo;\u00e9preuve de la mort,<br \/>\n<\/span><\/p>\n<p style=\"margin-left: 28pt;\"><span style=\"color: #c00000; font-family: Arial;\">L&rsquo;ivresse s&#8217;empare du vermisseau,<br \/>\nEt le ch\u00e9rubin appara\u00eet devant Dieu.<br \/>\nHeureux, tels les soleils qui volent<br \/>\nDans le plan resplendissant des cieux,<br \/>\nParcourez, fr\u00e8res, votre course,<br \/>\nJoyeux comme un h\u00e9ros volant \u00e0 la victoire!<br \/>\n<\/span><\/p>\n<p style=\"margin-left: 28pt;\"><span style=\"color: #c00000; font-family: Arial;\">Qu&rsquo;ils s&rsquo;enlacent tous les \u00eatres !<br \/>\n&gt;Ce baiser au monde entier !<br \/>\nFr\u00e8res, au-dessus de la tente c\u00e9leste<br \/>\nDoit r\u00e9gner un tendre p\u00e8re.<br \/>\nVous prosternez-vous millions d&rsquo;\u00eatres ?<br \/>\nPressens-tu ce cr\u00e9ateur, Monde ?<br \/>\nCherche-le au-dessus de la tente c\u00e9leste,<br \/>\nAu-del\u00e0 des \u00e9toiles il demeure n\u00e9cessairement<br \/>\n<\/span><\/p>\n<p><span style=\"color: #777777; font-family: Arial;\"><span style=\"color: #800000;\">&lt;554&gt;<\/span><br \/>\n<\/span><\/p>\n","protected":false},"excerpt":{"rendered":"<p>Lundi 14\/09\/2015 \u00abAlle Menschen werden Br\u00fcder; [&#8230;]\u00a0 Seid umschlungen, Millionen ! Diesen Ku\u00df der ganzen Welt !\u00bb Tous les hommes deviennent fr\u00e8res ;[..] Soyez enlac\u00e9s, millions ! Ce baiser au monde entier ! Beethoven &#8211; Schiller &#8211; Ode \u00e0 la<\/p>\n","protected":false},"author":1,"featured_media":0,"comment_status":"closed","ping_status":"closed","sticky":false,"template":"","format":"standard","meta":{"footnotes":""},"categories":[1],"tags":[107,54,20],"class_list":["post-1234","post","type-post","status-publish","format-standard","hentry","category-motdujour","tag-culture","tag-humanisme","tag-musique"],"_links":{"self":[{"href":"https:\/\/lemotdujour.fr\/index.php?rest_route=\/wp\/v2\/posts\/1234","targetHints":{"allow":["GET"]}}],"collection":[{"href":"https:\/\/lemotdujour.fr\/index.php?rest_route=\/wp\/v2\/posts"}],"about":[{"href":"https:\/\/lemotdujour.fr\/index.php?rest_route=\/wp\/v2\/types\/post"}],"author":[{"embeddable":true,"href":"https:\/\/lemotdujour.fr\/index.php?rest_route=\/wp\/v2\/users\/1"}],"replies":[{"embeddable":true,"href":"https:\/\/lemotdujour.fr\/index.php?rest_route=%2Fwp%2Fv2%2Fcomments&post=1234"}],"version-history":[{"count":3,"href":"https:\/\/lemotdujour.fr\/index.php?rest_route=\/wp\/v2\/posts\/1234\/revisions"}],"predecessor-version":[{"id":10363,"href":"https:\/\/lemotdujour.fr\/index.php?rest_route=\/wp\/v2\/posts\/1234\/revisions\/10363"}],"wp:attachment":[{"href":"https:\/\/lemotdujour.fr\/index.php?rest_route=%2Fwp%2Fv2%2Fmedia&parent=1234"}],"wp:term":[{"taxonomy":"category","embeddable":true,"href":"https:\/\/lemotdujour.fr\/index.php?rest_route=%2Fwp%2Fv2%2Fcategories&post=1234"},{"taxonomy":"post_tag","embeddable":true,"href":"https:\/\/lemotdujour.fr\/index.php?rest_route=%2Fwp%2Fv2%2Ftags&post=1234"}],"curies":[{"name":"wp","href":"https:\/\/api.w.org\/{rel}","templated":true}]}}