{"id":1232,"date":"2015-09-11T02:00:00","date_gmt":"2015-09-10T22:00:00","guid":{"rendered":"http:\/\/lemotdujour.fr\/?p=1232"},"modified":"2017-05-08T13:26:38","modified_gmt":"2017-05-08T11:26:38","slug":"vendredi-11092015","status":"publish","type":"post","link":"https:\/\/lemotdujour.fr\/?p=1232","title":{"rendered":"Vendredi 11\/09\/2015"},"content":{"rendered":"<div class=\"mdjDate\">Vendredi 11\/09\/2015<\/div>\n<div class=\"mdjTexte\">\u00abNous exp\u00e9rimenterons le revenu de base pour tous\u00bb<\/div>\n<div class=\"mdjAuteur\">Juha Spil\u00e4, premier ministre finlandais<\/div>\n<div class=\"mdjComplements\">Daniel Cohen nous entra\u00eenait, la semaine derni\u00e8re, dans un questionnement fondamental sur la croissance et l&#8217;emploi.<\/div>\n<div class=\"mdjComplements\">La Finlande a annonc\u00e9 (il faut encore qu&rsquo;elle fasse ce qu&rsquo;elle dit) une mesure r\u00e9volutionnaire.<\/div>\n<div class=\"mdjComplements\">En effet, dans sa d\u00e9claration de politique g\u00e9n\u00e9rale, le premier ministre finlandais a expliqu\u00e9 vouloir exp\u00e9rimenter un revenu universel. Une allocation de base vers\u00e9e \u00e0 tous les citoyens qui devrait atteindre 1000 euros.<\/div>\n<div class=\"mdjComplements\">Le mot du jour du 27\/01\/2014 \u00ab Un revenu de base pour tous \u00bb Baptiste Mylondo, avait \u00e9voqu\u00e9 le concept, cette fois nous sommes dans la r\u00e9flexion sur la mise en \u0153uvre.<\/div>\n<div class=\"mdjComplements\"><a href=\"http:\/\/www.lefigaro.fr\/conjoncture\/2015\/07\/25\/20002-20150725ARTFIG00001-en-finlande-travailler-pourrait-devenir-un-choix.php\">Le FIGARO<\/a> \u00e9crit : \u00abJusqu&rsquo;ici, l&rsquo;id\u00e9e ressemblait surtout \u00e0 une lubie utopiste r\u00e9serv\u00e9e aux stricts milieux intellectuels. Si l&rsquo;on ne conna\u00eet pas encore les d\u00e9tails exacts du projet de loi pr\u00e9sent\u00e9 par le premier ministre finlandais, Juha Spil\u00e4, on en conna\u00eet les contours. Le gouvernement de centre droit entend tester dans les prochains mois l&rsquo;id\u00e9e d&rsquo;une allocation de base pour tous les citoyens du pays, sans distinction d&rsquo;\u00e2ge, de situation sociale ou de sant\u00e9. L&rsquo;exp\u00e9rimentation devrait \u00eatre r\u00e9alis\u00e9e dans un premier temps dans une r\u00e9gion du pays fortement impact\u00e9e par le ch\u00f4mage servant de laboratoire. Ce revenu universel, vers\u00e9 sans contrepartie, a pour objectif de permettre \u00e0 chaque citoyen finlandais de vivre modestement. Pour le gouvernement, il s&rsquo;agit de lutter contre la pauvret\u00e9. Un salaire minimum commun remplacerait alors toutes aides sociales en vigueur. Un Finlandais verrait donc s&rsquo;\u00e9vaporer ses aides au logement, aux \u00e9tudes, au ch\u00f4mage mais aussi sa pension de retraite. Les citoyens qui souhaitent avoir un niveau de vie plus \u00e9lev\u00e9 pourront bien s\u00fbr compl\u00e9ter ce revenu de base en \u00e9tant salari\u00e9, artisan ou entrepreneur. La Finlande a un PIB par habitant (environ 46.450 dollars) bien sup\u00e9rieur \u00e0 celui de l&rsquo;Allemagne (43.910 euros) et \u00e0 la France (37.741 euros).<\/div>\n<div class=\"mdjComplements\">Le projet \u00e9nonc\u00e9 est soutenu majoritairement en Finlande o\u00f9 selon les premiers sondages, 79% de la population approuve cette id\u00e9e alors que la r\u00e9forme est \u00e9galement bien re\u00e7ue par 69% des d\u00e9put\u00e9s. Cette proposition est r\u00e9fl\u00e9chie depuis maintenant plus de quatre ans et Vera Hjelt, une figure historique de la politique finlandaise, avait m\u00eame d\u00e9fendu un programme similaire d\u00e8s 1912 avec un plan appel\u00e9 \u00abComment vivre sans mourir de faim?\u00bb. Une d\u00e9marche similaire est en place en Alaska, o\u00f9 les habitants se partagent depuis 1976 une partie de la rente mini\u00e8re et p\u00e9troli\u00e8re de l&rsquo;\u00c9tat.<\/div>\n<div class=\"mdjComplements\">[&#8230;] Le premier ministre a \u00e9voqu\u00e9 la somme de 1000 euros alors qu&rsquo;une \u00e9tude r\u00e9cente publi\u00e9e par le Helsinki Times \u00e9voquait la somme de 1166\u20ac par mois pour \u00e9liminer compl\u00e8tement la pauvret\u00e9 alors que le taux de ch\u00f4mage d\u00e9passe actuellement les 10% dans un pays qui compte 5,4 millions d&rsquo;habitants.\u00bb<\/div>\n<div class=\"mdjComplements\">Cette id\u00e9e fait son chemin en Europe<\/div>\n<div class=\"mdjComplements\">\u00abIl y a quelques mois, l&rsquo;\u00e9conomiste Marc de Basquiat et le philosophe Gaspard Koenig avaient abord\u00e9 la probl\u00e9matique dans un essai appel\u00e9 \u00abLiber, un revenu de libert\u00e9 pour tous\u00bb. Marc de Basquiat affirme \u00abne pas \u00eatre surpris par l&rsquo;initiative finlandaise. La Finlande est un pays en avance sur cette question comme l&rsquo;ensemble des territoires nordiques et qui ose surtout\u00bb. Cependant, l&rsquo;\u00e9conomiste voit le mod\u00e8le diff\u00e9remment avec \u00abun maintien des cotisations et un revenu de base, dit universel, pour assurer la survie de chaque individu\u00bb, hors frais de logement, en ad\u00e9quation avec le seuil de pauvret\u00e9. [&#8230;] Reste que depuis quelques ann\u00e9es, l&rsquo;id\u00e9e d&rsquo;un revenu universel fait son chemin en Europe. La Finlande pourrait faire le premier pas alors que Podemos a \u00e9voqu\u00e9 cette initiative dans son programme en Espagne et que la Suisse pr\u00e9pare un r\u00e9f\u00e9rendum sur la question pour l&rsquo;ann\u00e9e prochaine. Certains hommes politiques fran\u00e7ais commencent \u00e9galement \u00e0 s&rsquo;int\u00e9resser \u00e0 l&rsquo;alternative. Dans son dernier ouvrage, \u00abUne crise devenue fran\u00e7aise, quelle politique \u00e9conomique pour la France?\u00bb, l&rsquo;ancien ministre du Budget, Eric Woerth, aborde la question. Arnaud Montebourg a \u00e9galement d\u00e9j\u00e0 \u00e9voqu\u00e9 la piste. \u00abCe serait une fa\u00e7on de transf\u00e9rer la responsabilit\u00e9 sur le citoyen. En offrant un revenu minimum, on doit se d\u00e9brouiller avec et spontan\u00e9ment il y aura une recherche de travail pour sortir de la pr\u00e9carit\u00e9, explique l&rsquo;\u00e9conomiste Jean-Marc Daniel (ESCP Europe). Surtout que sur la question, on a un transpartisme.\u00bb<\/div>\n<div class=\"mdjComplements\">Une \u00e9mission de France Culture s&rsquo;interrogeait sur le contenu d&rsquo;un tel projet et sa pertinence : &lt;<a href=\"http:\/\/www.franceculture.fr\/emission-du-grain-a-moudre-d-ete-le-revenu-universel-de-base-est-il-une-mesure-realiste-2015-07-28&quot; \\t &quot;_blank\">http:\/\/www.franceculture.fr\/emission-du-grain-a-moudre-d-ete-le-revenu-universel-de-base-est-il-une-mesure-realiste-2015-07-28&gt;<\/a><\/div>\n<div class=\"mdjComplements\">D&rsquo;autres articles abordent ce sujet : <a href=\"http:\/\/www.lejdd.fr\/Economie\/Un-revenu-de-base-pour-tous-la-solution-pour-eradiquer-la-pauvrete-744640\">&lt;http:\/\/www.lejdd.fr\/Economie\/Un-revenu-de-base-pour-tous-la-solution-pour-eradiquer-la-pauvrete-744640&gt;<\/a><\/div>\n<div class=\"mdjComplements\">&lt;<a href=\"http:\/\/geopolis.francetvinfo.fr\/la-finlande-prete-a-experimenter-la-fin-du-travail-71493\">http:\/\/geopolis.francetvinfo.fr\/la-finlande-prete-a-experimenter-la-fin-du-travail-71493<\/a>&gt;<\/div>\n","protected":false},"excerpt":{"rendered":"<p>Vendredi 11\/09\/2015 \u00abNous exp\u00e9rimenterons le revenu de base pour tous\u00bb Juha Spil\u00e4, premier ministre finlandais Daniel Cohen nous entra\u00eenait, la semaine derni\u00e8re, dans un questionnement fondamental sur la croissance et l&#8217;emploi. La Finlande a annonc\u00e9 (il faut encore qu&rsquo;elle fasse<\/p>\n","protected":false},"author":1,"featured_media":0,"comment_status":"closed","ping_status":"closed","sticky":false,"template":"","format":"standard","meta":{"footnotes":""},"categories":[1],"tags":[],"class_list":["post-1232","post","type-post","status-publish","format-standard","hentry","category-motdujour"],"_links":{"self":[{"href":"https:\/\/lemotdujour.fr\/index.php?rest_route=\/wp\/v2\/posts\/1232","targetHints":{"allow":["GET"]}}],"collection":[{"href":"https:\/\/lemotdujour.fr\/index.php?rest_route=\/wp\/v2\/posts"}],"about":[{"href":"https:\/\/lemotdujour.fr\/index.php?rest_route=\/wp\/v2\/types\/post"}],"author":[{"embeddable":true,"href":"https:\/\/lemotdujour.fr\/index.php?rest_route=\/wp\/v2\/users\/1"}],"replies":[{"embeddable":true,"href":"https:\/\/lemotdujour.fr\/index.php?rest_route=%2Fwp%2Fv2%2Fcomments&post=1232"}],"version-history":[{"count":1,"href":"https:\/\/lemotdujour.fr\/index.php?rest_route=\/wp\/v2\/posts\/1232\/revisions"}],"predecessor-version":[{"id":1233,"href":"https:\/\/lemotdujour.fr\/index.php?rest_route=\/wp\/v2\/posts\/1232\/revisions\/1233"}],"wp:attachment":[{"href":"https:\/\/lemotdujour.fr\/index.php?rest_route=%2Fwp%2Fv2%2Fmedia&parent=1232"}],"wp:term":[{"taxonomy":"category","embeddable":true,"href":"https:\/\/lemotdujour.fr\/index.php?rest_route=%2Fwp%2Fv2%2Fcategories&post=1232"},{"taxonomy":"post_tag","embeddable":true,"href":"https:\/\/lemotdujour.fr\/index.php?rest_route=%2Fwp%2Fv2%2Ftags&post=1232"}],"curies":[{"name":"wp","href":"https:\/\/api.w.org\/{rel}","templated":true}]}}