{"id":1228,"date":"2015-09-09T02:00:00","date_gmt":"2015-09-08T22:00:00","guid":{"rendered":"http:\/\/lemotdujour.fr\/?p=1228"},"modified":"2020-05-03T18:31:34","modified_gmt":"2020-05-03T16:31:34","slug":"mercredi-09092015","status":"publish","type":"post","link":"https:\/\/lemotdujour.fr\/?p=1228","title":{"rendered":"Mercredi 9 septembre 2015"},"content":{"rendered":"<div class=\"mdjDate\">Mercredi 09\/09\/2015<\/div>\n<div class=\"mdjTexte\">\u00abComprendre le monde, c&rsquo;est d\u00e9j\u00e0 le transformer !\u00bb<\/div>\n<div class=\"mdjAuteur\">Guillaume Erner <a href=\"http:\/\/www.franceculture.fr\/emission-les-matins-rentrees-politiques-comment-reenchanter-la-democratie-2015-08-31\">Les Matins du 31 Ao\u00fbt 2015<\/a><\/div>\n<p><span style=\"color: #777777; font-family: Arial;\"><strong>Marc Voinchet<\/strong> a quitt\u00e9 les matins de France Culture pour prendre la direction de France Musique.<br \/>\n<\/span><\/p>\n<p><img decoding=\"async\" class=\"alignleft\" src=\"https:\/\/lemotdujour.fr\/wp-content\/uploads\/2020\/05\/050320_1629_LundiXXmai21.jpg\" alt=\"\" align=\"left\" \/><span style=\"color: #777777; font-family: Arial;\">Il a \u00e9t\u00e9 remplac\u00e9 par <strong>Guillaume Erner<\/strong> qui dans sa pr\u00e9sentation a eu ces mots<br \/>\n<\/span><\/p>\n<p style=\"margin-left: 28pt;\"><span style=\"color: #c00000; font-family: Arial;\">\u00abVoici le premier matin ensemble !<br \/>\n<\/span><\/p>\n<p style=\"margin-left: 28pt;\"><span style=\"color: #c00000; font-family: Arial;\">Cela compte un premier matin !<br \/>\n<\/span><\/p>\n<p style=\"margin-left: 28pt;\"><span style=\"color: #c00000; font-family: Arial;\">Une phrase s&rsquo;est impos\u00e9e pour d\u00e9finir les matins qui s&rsquo;annoncent : comprendre le monde c&rsquo;est d\u00e9j\u00e0 le transformer !<br \/>\n<\/span><\/p>\n<p style=\"margin-left: 28pt;\"><span style=\"color: #c00000; font-family: Arial;\">Il y a une foule d&rsquo;individus qui pensent qu&rsquo;il va de leur int\u00e9r\u00eat de maintenir la m\u00e9connaissance des choses : les dealers de temps de cerveau disponible, les poujadistes de tout pelage, ceux qui aimerait bien imposer la souverainet\u00e9 du people sur celle du peuple.<br \/>\n<\/span><\/p>\n<p style=\"margin-left: 28pt;\"><span style=\"color: #c00000; font-family: Arial;\">En un mot tous ceux qui ont int\u00e9r\u00eat \u00e0 la m\u00e9sintelligence du monde.<br \/>\n<\/span><\/p>\n<p style=\"margin-left: 28pt;\"><span style=\"color: #c00000; font-family: Arial;\">C&rsquo;est contre eux qu&rsquo;il faut se r\u00e9veiller pour interrompre le sommeil de l&rsquo;intellect.<br \/>\n<\/span><\/p>\n<p style=\"margin-left: 28pt;\"><span style=\"color: #c00000; font-family: Arial;\">Tous les verbes qui nous arrachent \u00e0 la nuit de la pens\u00e9e : comprendre, expliquer, r\u00e9fl\u00e9chir sont des verbes militants.\u00bb<br \/>\n<\/span><\/p>\n<p><span style=\"color: #777777; font-family: Arial;\">J&rsquo;adh\u00e8re \u00e0 cette qu\u00eate, tout en restant plus modeste : essayons de comprendre le monde&#8230;<br \/>\n<\/span><\/p>\n<p><span style=\"color: #c00000; font-family: Arial;\">&lt;551&gt;<\/span><\/p>\n","protected":false},"excerpt":{"rendered":"<p>Mercredi 09\/09\/2015 \u00abComprendre le monde, c&rsquo;est d\u00e9j\u00e0 le transformer !\u00bb Guillaume Erner Les Matins du 31 Ao\u00fbt 2015 Marc Voinchet a quitt\u00e9 les matins de France Culture pour prendre la direction de France Musique. Il a \u00e9t\u00e9 remplac\u00e9 par Guillaume<\/p>\n","protected":false},"author":1,"featured_media":0,"comment_status":"closed","ping_status":"closed","sticky":false,"template":"","format":"standard","meta":{"footnotes":""},"categories":[1],"tags":[54,6],"class_list":["post-1228","post","type-post","status-publish","format-standard","hentry","category-motdujour","tag-humanisme","tag-philosophie"],"_links":{"self":[{"href":"https:\/\/lemotdujour.fr\/index.php?rest_route=\/wp\/v2\/posts\/1228","targetHints":{"allow":["GET"]}}],"collection":[{"href":"https:\/\/lemotdujour.fr\/index.php?rest_route=\/wp\/v2\/posts"}],"about":[{"href":"https:\/\/lemotdujour.fr\/index.php?rest_route=\/wp\/v2\/types\/post"}],"author":[{"embeddable":true,"href":"https:\/\/lemotdujour.fr\/index.php?rest_route=\/wp\/v2\/users\/1"}],"replies":[{"embeddable":true,"href":"https:\/\/lemotdujour.fr\/index.php?rest_route=%2Fwp%2Fv2%2Fcomments&post=1228"}],"version-history":[{"count":3,"href":"https:\/\/lemotdujour.fr\/index.php?rest_route=\/wp\/v2\/posts\/1228\/revisions"}],"predecessor-version":[{"id":8754,"href":"https:\/\/lemotdujour.fr\/index.php?rest_route=\/wp\/v2\/posts\/1228\/revisions\/8754"}],"wp:attachment":[{"href":"https:\/\/lemotdujour.fr\/index.php?rest_route=%2Fwp%2Fv2%2Fmedia&parent=1228"}],"wp:term":[{"taxonomy":"category","embeddable":true,"href":"https:\/\/lemotdujour.fr\/index.php?rest_route=%2Fwp%2Fv2%2Fcategories&post=1228"},{"taxonomy":"post_tag","embeddable":true,"href":"https:\/\/lemotdujour.fr\/index.php?rest_route=%2Fwp%2Fv2%2Ftags&post=1228"}],"curies":[{"name":"wp","href":"https:\/\/api.w.org\/{rel}","templated":true}]}}