{"id":1226,"date":"2015-09-08T02:00:00","date_gmt":"2015-09-07T22:00:00","guid":{"rendered":"http:\/\/lemotdujour.fr\/?p=1226"},"modified":"2020-11-15T18:43:28","modified_gmt":"2020-11-15T17:43:28","slug":"mardi-08092015","status":"publish","type":"post","link":"https:\/\/lemotdujour.fr\/?p=1226","title":{"rendered":"Mardi 8 septembre 2015"},"content":{"rendered":"<div class=\"mdjDate\">Mardi 08\/09\/2015<\/div>\n<div class=\"mdjTexte\">\u00ab L&rsquo;Assembl\u00e9e du d\u00e9sert&nbsp;\u00bb<\/div>\n<div class=\"mdjAuteur\">Rassemblement protestant secret<\/div>\n<div class=\"mdjComplements\">La plus grande partie des \u00e9missions que j\u2019\u00e9coute, je le fais via des podcasts et donc de mani\u00e8re diff\u00e9r\u00e9e.<\/div>\n<div class=\"mdjComplements\">Je fais une exception : L&rsquo;esprit public de Philippe Meyer \u00e0 11h le dimanche sur France Culture.<\/div>\n<div class=\"mdjComplements\">Mais ce dimanche 6 septembre, Comme d&rsquo;ailleurs tous les premiers dimanche du mois de septembre de chaque ann\u00e9e, cette \u00e9mission est remplac\u00e9e par une c\u00e9l\u00e9bration protestante&nbsp;: l&rsquo;assembl\u00e9e du d\u00e9sert.<\/div>\n<div class=\"mdjComplements\">Car depuis le 24 septembre 1911,&nbsp; tous les ans \u00e0 l\u2019exception de quelques ann\u00e9es de guerre, se tient l\u2019assembl\u00e9e du D\u00e9sert, r\u00e9unissant 15.000 \u00e0 20.000 personnes.<\/div>\n<div class=\"mdjComplements\">Cette c\u00e9r\u00e9monie se d\u00e9roule dans les C\u00e9vennes dans le hameau : \u00ab Le Mas Soubeyran \u00bb qui se situe dans la commune de Mialet dans le Gard \u00e0 18 km d\u2019Al\u00e8s et \u00e0 60 km de Nimes.<\/div>\n<div class=\"mdjComplements\">Dans ce hameau a \u00e9t\u00e9 install\u00e9 <a href=\"http:\/\/www.museedudesert.com\/article5684.html\">&lt;le mus\u00e9e du d\u00e9sert &gt;<\/a>.<\/div>\n<div class=\"mdjComplements\">Cette c\u00e9r\u00e9monie fait r\u00e9f\u00e9rence aux assembl\u00e9es du d\u00e9sert qui \u00e9taient des r\u00e9unions clandestines tenues par les protestants au temps de la pers\u00e9cution de leur religion&nbsp; afin de c\u00e9l\u00e9brer le culte protestant, souvent \u00e0 l&rsquo;occasion d&rsquo;un pr\u00e9dicant itin\u00e9rant, au risque, toujours pr\u00e9sent dans les esprits, d&rsquo;\u00eatre arr\u00eat\u00e9 et emprisonn\u00e9 par les autorit\u00e9s.\u200b Ce mot de D\u00e9sert avait pour eux un sens biblique, comme les 40 ann\u00e9es pendant lesquelles les H\u00e9breux de l\u2019Exode avaient err\u00e9 dans le d\u00e9sert. \u200bPriv\u00e9s alors de libert\u00e9 de culte, c\u2019est loin des villes, cach\u00e9s dans les endroits isol\u00e9s, d\u00e9serts (dans les for\u00eats, les garrigues, les grottes ou les ravins\u2026), que les protestants de France (en C\u00e9vennes, mais aussi en Haut-Languedoc, en Poitou, Dauphin\u00e9, Vivarais\u2026) furent oblig\u00e9s de vivre clandestinement leur foi.<\/div>\n<div class=\"mdjComplements\">Car au XVI et XVIIeme si\u00e8cle, c&rsquo;\u00e9tait en Europe et entre chr\u00e9tiens que de terribles guerres de religion aboutissaient \u00e0 des massacres.<\/div>\n<div class=\"mdjComplements\">En France, 3 Dates sont fondamentales :<\/div>\n<p>1598 Henri IV donne \u00e0 la France<a href=\"https:\/\/fr.wikipedia.org\/wiki\/%C3%89dit_de_Nantes\"> L&rsquo;\u00c9dit de Nantes q<\/a>ui offre la libert\u00e9 de culte aux protestants<\/p>\n<p>1685 Louis XIV r\u00e9voque l&rsquo;\u00c9dit de Nantes par l&rsquo;<a href=\"https:\/\/fr.wikipedia.org\/wiki\/%C3%89dit_de_Fontainebleau_%281685%29\">\u00c9dit de Fontainebleau <\/a>qui interdit le culte r\u00e9form\u00e9 en France<\/p>\n<p>1787 Louis XVI redonne un <a href=\"https:\/\/fr.wikipedia.org\/wiki\/%C3%89dit_de_Versailles\">\u00c9dit de Tol\u00e9rance \u00e0 Versailles<\/a><\/p>\n<div class=\"mdjComplements\">Les assembl\u00e9es du d\u00e9sert se situent entre l&rsquo;\u00c9dit de Fontainebleau et l&rsquo;\u00c9dit de tol\u00e9rance, entre 1685 et 1787.<\/div>\n<div class=\"mdjComplements\">Mais tous les protestants n\u2019ont pas eu cette d\u00e9marche de rester en France et de continuer leur culte en secret, car apr\u00e8s la r\u00e9vocation de l&rsquo;\u00e9dit de Nantes les protestants fran\u00e7ais vont s\u2019enfuir en masse vers d\u2019autres pays.<\/div>\n<div class=\"mdjComplements\">L\u2019Encyclop\u00e9die, \u00e0 l&rsquo;article \u00ab R\u00e9fugi\u00e9 \u00bb, affirme : \u00ab Louis XIV, en pers\u00e9cutant les protestants, a priv\u00e9 son royaume de pr\u00e8s d&rsquo;un million d&rsquo;hommes industrieux. \u00bb. Selon Wikipedia, des estimations plus prudentes \u00e9voquent le chiffre de 200 000 personnes apr\u00e8s la r\u00e9vocation.<\/div>\n<div class=\"mdjComplements\">Colbert avait compris que cet exode allait \u00eatre une catastrophe pour la France. Peu de temps avant sa mort il &nbsp;r\u00e9digea un m\u00e9moire pour prendre leur d\u00e9fense et essayer de faire \u00e9voluer le roi Louis XIV. Vauban aussi r\u00e9digea un M\u00e9moire pour le rappel des Huguenots, \u00e9dit\u00e9 en 1689, o\u00f9 il &nbsp;d\u00e9taille l&rsquo;ensemble des d\u00e9g\u00e2ts qu&rsquo;a caus\u00e9 sur l&rsquo;\u00e9conomie fran\u00e7aise le d\u00e9part des artisans, marins et soldats protestants.<\/div>\n<div class=\"mdjComplements\">Cet exil fut un d\u00e9sastre pour la France et une immense chance pour les pays d\u2019accueil&nbsp;: La Suisse, les Pays-Bas appel\u00e9s \u00e0 l\u2019\u00e9poque les Provinces-Unies, la Prusse et aussi l\u2019Angleterre.<\/div>\n<div class=\"mdjComplements\">&nbsp;On apprend encore&nbsp;: \u00abEntre la fin de la guerre de Trente Ans (1648), et la p\u00e9riode suivant la r\u00e9vocation de l&rsquo;\u00e9dit de Nantes (1685), 50 000 r\u00e9form\u00e9s fran\u00e7ais \u00e9migrent en Brandebourg.<\/div>\n<div class=\"mdjComplements\">En 1697, la population de Berlin intra-muros atteint 20 000 habitants, dont 4 922 exil\u00e9s fran\u00e7ais, selon Pierre Miquel. Parler le fran\u00e7ais est prestigieux, les riches Allemands veulent des professeurs fran\u00e7ais pour leurs enfants.<\/div>\n<div class=\"mdjComplements\">La population de Gen\u00e8ve triple durant les ann\u00e9es 1680. Alors qu&rsquo;elle s&rsquo;\u00e9levait \u00e0 16 000 habitants, plus de 30 000 protestants fran\u00e7ais &nbsp;s&rsquo;y rendent.\u00bb<\/div>\n<div class=\"mdjComplements\">Les protestants appellent ces migrations<\/div>\n<div class=\"mdjComplements\">\u00ab Le refuge \u00bb. C&rsquo;est de cette origine que vient le mot r\u00e9fugi\u00e9.<\/div>\n<div class=\"mdjComplements\">Tous ces pays d\u2019accueil profit\u00e8rent de l\u2019apport de ces hommes qui \u00e9taient des hommes d\u2019\u00e9lites. Car il faut \u00eatre une \u00e9lite pour accepter de tout abandonner pour vivre sa libert\u00e9 de pens\u00e9e.<\/div>\n","protected":false},"excerpt":{"rendered":"<p>Mardi 08\/09\/2015 \u00ab L&rsquo;Assembl\u00e9e du d\u00e9sert&nbsp;\u00bb Rassemblement protestant secret La plus grande partie des \u00e9missions que j\u2019\u00e9coute, je le fais via des podcasts et donc de mani\u00e8re diff\u00e9r\u00e9e. Je fais une exception : L&rsquo;esprit public de Philippe Meyer \u00e0 11h<\/p>\n","protected":false},"author":1,"featured_media":0,"comment_status":"closed","ping_status":"closed","sticky":false,"template":"","format":"standard","meta":{"footnotes":""},"categories":[1],"tags":[],"class_list":["post-1226","post","type-post","status-publish","format-standard","hentry","category-motdujour"],"_links":{"self":[{"href":"https:\/\/lemotdujour.fr\/index.php?rest_route=\/wp\/v2\/posts\/1226","targetHints":{"allow":["GET"]}}],"collection":[{"href":"https:\/\/lemotdujour.fr\/index.php?rest_route=\/wp\/v2\/posts"}],"about":[{"href":"https:\/\/lemotdujour.fr\/index.php?rest_route=\/wp\/v2\/types\/post"}],"author":[{"embeddable":true,"href":"https:\/\/lemotdujour.fr\/index.php?rest_route=\/wp\/v2\/users\/1"}],"replies":[{"embeddable":true,"href":"https:\/\/lemotdujour.fr\/index.php?rest_route=%2Fwp%2Fv2%2Fcomments&post=1226"}],"version-history":[{"count":2,"href":"https:\/\/lemotdujour.fr\/index.php?rest_route=\/wp\/v2\/posts\/1226\/revisions"}],"predecessor-version":[{"id":10145,"href":"https:\/\/lemotdujour.fr\/index.php?rest_route=\/wp\/v2\/posts\/1226\/revisions\/10145"}],"wp:attachment":[{"href":"https:\/\/lemotdujour.fr\/index.php?rest_route=%2Fwp%2Fv2%2Fmedia&parent=1226"}],"wp:term":[{"taxonomy":"category","embeddable":true,"href":"https:\/\/lemotdujour.fr\/index.php?rest_route=%2Fwp%2Fv2%2Fcategories&post=1226"},{"taxonomy":"post_tag","embeddable":true,"href":"https:\/\/lemotdujour.fr\/index.php?rest_route=%2Fwp%2Fv2%2Ftags&post=1226"}],"curies":[{"name":"wp","href":"https:\/\/api.w.org\/{rel}","templated":true}]}}