{"id":1224,"date":"2015-09-07T02:00:00","date_gmt":"2015-09-06T22:00:00","guid":{"rendered":"http:\/\/lemotdujour.fr\/?p=1224"},"modified":"2020-12-01T11:01:16","modified_gmt":"2020-12-01T10:01:16","slug":"lundi-7-septembre-2015","status":"publish","type":"post","link":"https:\/\/lemotdujour.fr\/?p=1224","title":{"rendered":"Lundi 7 Septembre 2015"},"content":{"rendered":"<div class=\"mdjDate\">Lundi 7 Septembre 2015<\/div>\n<div class=\"mdjTexte\">\u00ab Une vid\u00e9o capte un instant furtif,<br>une photo fige une sc\u00e8ne pour l&rsquo;\u00e9ternit\u00e9 \u00bb<\/div>\n<div class=\"mdjAuteur\">Auteur inconnu<\/div>\n<p><span style=\"color: #777777; font-family: Arial;\">Dans la difficile qu\u00eate quotidienne du mot du jour, il faut trouver une citation et son auteur.<br><\/span><\/p>\n<p><span style=\"color: #777777; font-family: Arial;\">Je me souviens avoir lu cette formule qui me parait si exacte, dans la fin des ann\u00e9es 1980, alors que je d\u00e9butais dans la photographie, mais je ne me souviens pas de l&rsquo;auteur.<br><\/span><\/p>\n<p><span style=\"color: #777777; font-family: Arial;\">Cette phrase m&rsquo;avait marqu\u00e9, je m&rsquo;en souviens encore et j&rsquo;ai toujours pr\u00e9f\u00e9r\u00e9 faire des photos que des vid\u00e9os.<br><\/span><\/p>\n<p><span style=\"color: #777777; font-family: Arial;\">Les documentaires peuvent expliquer les situations de mani\u00e8re d\u00e9taill\u00e9e, argument\u00e9e, ils n&rsquo;auront jamais la force d&rsquo;une photo.<br><\/span><\/p>\n<p><span style=\"color: #777777; font-family: Arial;\">Aujourd&rsquo;hui tout le monde ne parle que d&rsquo;une photo, celle du petit <strong>Aylan Kurdi<\/strong>, enfant syrien noy\u00e9 et trouv\u00e9 sur une plage de Turquie par<a href=\"http:\/\/www.lexpress.fr\/actualite\/monde\/europe\/la-photographe-temoigne-lorsque-j-ai-vu-le-corps-d-aylan-j-etais-petrifiee_1712267.html\"><span style=\"color: blue; text-decoration: underline;\"> la photographe turque Nil\u00fcfer Demir.<\/span><\/a><br><\/span><\/p>\n<p><span style=\"color: #777777; font-family: Arial;\">Les journaux fran\u00e7ais ont h\u00e9sit\u00e9 \u00e0 la publier dans un premier temps, ils avaient peur que la photo f\u00fbt choquante. Ils ont cependant compris que ce n&rsquo;\u00e9tait pas la photo qui \u00e9tait choquante, mais la situation qu&rsquo;elle r\u00e9v\u00e8le. <\/span><\/p>\n<p>Cette photo va devenir historique comme la photo de l&rsquo;enfant juif du ghetto de Varsovie, dans les ann\u00e9es 40, les mains lev\u00e9es avec des soldats arm\u00e9s en arri\u00e8re-plan. Ou la photo du Viet Nam d&rsquo;une jeune fille nue brul\u00e9e au napalm ou encore cet homme seul qui arr\u00eate une colonne de chars lors des \u00e9v\u00e8nements de la Place Tien an Men en Chine.<\/p>\n\n\n<figure class=\"wp-block-gallery aligncenter columns-3 is-cropped wp-block-gallery-1 is-layout-flex wp-block-gallery-is-layout-flex\"><ul class=\"blocks-gallery-grid\"><li class=\"blocks-gallery-item\"><figure><img loading=\"lazy\" decoding=\"async\" width=\"1024\" height=\"727\" src=\"https:\/\/lemotdujour.fr\/wp-content\/uploads\/2020\/12\/Enfant-juif-les-mains-lev\u00e9es-1-1024x727.png\" alt=\"\" data-id=\"10280\" data-full-url=\"https:\/\/lemotdujour.fr\/wp-content\/uploads\/2020\/12\/Enfant-juif-les-mains-lev\u00e9es-1.png\" data-link=\"https:\/\/lemotdujour.fr\/?attachment_id=10280\" class=\"wp-image-10280\" srcset=\"https:\/\/lemotdujour.fr\/wp-content\/uploads\/2020\/12\/Enfant-juif-les-mains-lev\u00e9es-1-1024x727.png 1024w, https:\/\/lemotdujour.fr\/wp-content\/uploads\/2020\/12\/Enfant-juif-les-mains-lev\u00e9es-1-300x213.png 300w, https:\/\/lemotdujour.fr\/wp-content\/uploads\/2020\/12\/Enfant-juif-les-mains-lev\u00e9es-1-768x545.png 768w, https:\/\/lemotdujour.fr\/wp-content\/uploads\/2020\/12\/Enfant-juif-les-mains-lev\u00e9es-1-1536x1091.png 1536w, https:\/\/lemotdujour.fr\/wp-content\/uploads\/2020\/12\/Enfant-juif-les-mains-lev\u00e9es-1-2048x1454.png 2048w\" sizes=\"auto, (max-width: 1024px) 100vw, 1024px\" \/><\/figure><\/li><li class=\"blocks-gallery-item\"><figure><img loading=\"lazy\" decoding=\"async\" width=\"1024\" height=\"802\" src=\"https:\/\/lemotdujour.fr\/wp-content\/uploads\/2020\/12\/Fille-brul\u00e9e-au-napalm-1-1024x802.jpg\" alt=\"\" data-id=\"10281\" data-full-url=\"https:\/\/lemotdujour.fr\/wp-content\/uploads\/2020\/12\/Fille-brul\u00e9e-au-napalm-1.jpg\" data-link=\"https:\/\/lemotdujour.fr\/?attachment_id=10281\" class=\"wp-image-10281\" srcset=\"https:\/\/lemotdujour.fr\/wp-content\/uploads\/2020\/12\/Fille-brul\u00e9e-au-napalm-1-1024x802.jpg 1024w, https:\/\/lemotdujour.fr\/wp-content\/uploads\/2020\/12\/Fille-brul\u00e9e-au-napalm-1-300x235.jpg 300w, https:\/\/lemotdujour.fr\/wp-content\/uploads\/2020\/12\/Fille-brul\u00e9e-au-napalm-1-768x601.jpg 768w, https:\/\/lemotdujour.fr\/wp-content\/uploads\/2020\/12\/Fille-brul\u00e9e-au-napalm-1.jpg 1134w\" sizes=\"auto, (max-width: 1024px) 100vw, 1024px\" \/><\/figure><\/li><li class=\"blocks-gallery-item\"><figure><img loading=\"lazy\" decoding=\"async\" width=\"1024\" height=\"718\" src=\"https:\/\/lemotdujour.fr\/wp-content\/uploads\/2020\/12\/Tien-an-men-lhomme-qui-arr\u00eate-les-chars-1-1024x718.png\" alt=\"\" data-id=\"10282\" data-full-url=\"https:\/\/lemotdujour.fr\/wp-content\/uploads\/2020\/12\/Tien-an-men-lhomme-qui-arr\u00eate-les-chars-1.png\" data-link=\"https:\/\/lemotdujour.fr\/?attachment_id=10282\" class=\"wp-image-10282\" srcset=\"https:\/\/lemotdujour.fr\/wp-content\/uploads\/2020\/12\/Tien-an-men-lhomme-qui-arr\u00eate-les-chars-1-1024x718.png 1024w, https:\/\/lemotdujour.fr\/wp-content\/uploads\/2020\/12\/Tien-an-men-lhomme-qui-arr\u00eate-les-chars-1-300x210.png 300w, https:\/\/lemotdujour.fr\/wp-content\/uploads\/2020\/12\/Tien-an-men-lhomme-qui-arr\u00eate-les-chars-1-768x538.png 768w, https:\/\/lemotdujour.fr\/wp-content\/uploads\/2020\/12\/Tien-an-men-lhomme-qui-arr\u00eate-les-chars-1.png 1093w\" sizes=\"auto, (max-width: 1024px) 100vw, 1024px\" \/><\/figure><\/li><\/ul><\/figure>\n\n\n\n<p>Que d&rsquo;\u00e9motion !<\/p>\n\n\n\n<p>Oui ! c&rsquo;est un enfant blanc, couch\u00e9 sur la plage. Il est habill\u00e9 avec un tee shirt rouge et un short bleu comme ceux qu&rsquo;on peut trouver dans nos magasins.<\/p>\n\n\n\n<p>Oui ! Cela pourrait notre enfant !<\/p>\n\n\n\n<p>Nous n&rsquo;avons alors aucun mal \u00e0 nous projeter dans une compassion mim\u00e9tique. Nous comprenons la douleur du p\u00e8re d&rsquo;Aylan. Et nous trouvons cela bien s\u00fbr terrible et spontan\u00e9ment nous voulons aider.<\/p>\n\n\n\n<p>Cette photo a vraiment renvers\u00e9 les opinions les plus tranch\u00e9es Comme le journal anglais <a href=\"https:\/\/www.franceculture.fr\/emissions\/revue-de-presse-internationale\/apres-l-emotion-la-polemique\">THE SUN<\/a> qui se targue aujourd&rsquo;hui d&rsquo;avoir publi\u00e9 la photo du jeune Aylan et demand\u00e9 au Premier ministre d&rsquo;agir pour aider les r\u00e9fugi\u00e9s, mais qui quelque jours auparavant interpellait David Cameron, mais cette fois-ci pour exiger qu&rsquo;il tire une ligne rouge sur l&rsquo;immigration qui submerge le Royaume-Uni. Une journaliste du SUN avait compar\u00e9 les migrants se rendant en Grande-Bretagne \u00e0 des cafards. Certaines de nos villes, \u00e9crivait-elle \u00e0 l&rsquo;\u00e9poque, sont des plaies purulentes couvertes de nu\u00e9es d&rsquo;immigr\u00e9s et de demandeurs d&rsquo;asile recevant des allocations comme des billets de Monopoly.<\/p>\n\n\n\n<p>D&rsquo;ailleurs, David Cameron ne voulait pas non plus de r\u00e9fugi\u00e9s syriens sur son territoire <a href=\"http:\/\/www.lepoint.fr\/monde\/le-royaume-uni-a-la-rescousse-de-milliers-de-refugies-syriens-04-09-2015-1961997_24.php\">&lt;avant la photo&gt;<\/a>, alors que la Grande Bretagne \u00e9tait au c\u00f4t\u00e9 des Etats Unis de GW Busch lorsqu&rsquo;il a d\u00e9cid\u00e9 d&rsquo;attaquer l&rsquo;Irak.<\/p>\n\n\n\n<p>En Hongrie on construit un mur pour arr\u00eater les r\u00e9fugi\u00e9s, en Pologne on n&rsquo;en veut pas. Ces deux pays qui alors qu&rsquo;ils \u00e9taient sous le joug sovi\u00e9tique ont vu beaucoup de leurs ressortissants s&rsquo;enfuir et se r\u00e9fugier en Europe de l&rsquo;Ouest.<\/p>\n\n\n\n<p>Les slovaques veulent bien recevoir des r\u00e9fugi\u00e9s mais uniquement s&rsquo;ils sont chr\u00e9tiens, c&rsquo;\u00e9tait du moins leur position avant la photo.<\/p>\n\n\n\n<p>L&rsquo;\u00e9motion oui. Il ne faudrait pas que notre c\u0153ur se ferme \u00e0 notre capacit\u00e9 d&rsquo;\u00eatre touch\u00e9e par les sentiments d&rsquo;humanit\u00e9. Il est rassurant que nous ne nous soyons pas qu&rsquo;un cerveau et un portefeuille.<\/p>\n\n\n\n<p>Mais l&rsquo;\u00e9motion peut \u00eatre suspecte, provoqu\u00e9e, d\u00e9voy\u00e9e.<\/p>\n\n\n\n<p>L&rsquo;\u00e9motion est passag\u00e8re aussi.<\/p>\n\n\n\n<p>La raison nous ram\u00e8ne \u00e0 l&rsquo;Histoire. Pas \u00e0 un \u00e9v\u00e8nement en particulier, mais l&rsquo;Histoire dans la dur\u00e9e, celle qui permet de comprendre ce qui se passe.<\/p>\n\n\n\n<p>Alors voil\u00e0 en 1914, l&rsquo;Irak, la Syrie, la Palestine, l&rsquo;Arabie \u00e9tait territoire de l&rsquo;Empire Ottoman.<\/p>\n\n\n\n<p>L&#8217;empire Ottoman a \u00e9t\u00e9 dans le camp des vaincus, il a donc \u00e9t\u00e9 d\u00e9membr\u00e9.<\/p>\n\n\n\n<p>La Grande Bretagne et la France \u00e9taient les vainqueurs triomphants.<\/p>\n\n\n\n<p>En 1916 deux hommes un fran\u00e7ais Fran\u00e7ois Georges-Picot,&nbsp; un anglais Mark Sykes vont se mettre d&rsquo;accord sur un partage de&nbsp; zones d&rsquo;influence entre leurs 2 pays. <a href=\"http:\/\/rue89.nouvelobs.com\/2014\/06\/28\/quand-paris-londres-refaisaient-moyen-orient-dos-arabes-253272\">On parlera des accords de Sykes-Picot. <\/a>La future Syrie est sous responsabilit\u00e9 fran\u00e7aise et le futur Irak sous protectorat britannique. Ce partage ne tenait pas compte des populations locales.<\/p>\n\n\n\n<p>Et puis apr\u00e8s la seconde guerre, le 17 avril 1946 pour la Syrie, sur la base de ce d\u00e9coupage et dans les limites d\u00e9cid\u00e9es par les occidentaux, la Syrie est devenue un Etat. On a d\u00e9cid\u00e9 que la population vivant sur ce territoire serait la nation syrienne.<\/p>\n\n\n\n<p>Il a fallu des si\u00e8cles aux Fran\u00e7ais pour devenir une nation. Ici, comme en Afrique on a d\u00e9cid\u00e9 que toutes ces communaut\u00e9s, tous ces clans allaient former un Etat nation.<\/p>\n\n\n\n<p>Bien entendu nos vieux pays, comme aurait dit Dominique de Villepin, connaissaient \u00e0 merveille cette r\u00e8gle d&rsquo;or : \u00ab\u00a0diviser pour mieux r\u00e9gner\u00a0\u00bb. Alors ils n&rsquo;ont rien fait pour rapprocher les communaut\u00e9s bien au contraire.<\/p>\n\n\n\n<p>Alors, comment ces Etats qui ne sont pas une nation sont arriv\u00e9s \u00e0 une organisation qui fonctionne \u00e0 peu pr\u00e8s ?<\/p>\n\n\n\n<p>Par un pouvoir fort et dictatorial bien s\u00fbr.<\/p>\n\n\n\n<p>L&rsquo;Irak et la Syrie ont cela de commun que dans ces deux cas c&rsquo;est toujours une communaut\u00e9 minoritaire qui gouvernait :&nbsp; En Irak des sunnites qui gouvernaient un pays majoritairement chiite et en Syrie une minorit\u00e9 chiite alaouite qui opprimait une majorit\u00e9 sunnite. Au milieu de cela des kurdes qui auraient pu peut-\u00eatre constituer une nation mais qui n&rsquo;avait pas eu la gr\u00e2ce d&rsquo;int\u00e9resser suffisamment les occidentaux.<\/p>\n\n\n\n<p>Et c&rsquo;est dans ces conditions que GW Busch influenc\u00e9 par les n\u00e9o-cons(ervateurs) a eu cette id\u00e9e g\u00e9niale, nous allons renverser Saddam Hussein et cr\u00e9er la d\u00e9mocratie en Irak. Et quand nous aurons r\u00e9ussi cette \u0153uvre de civilisation, les autres peuples autour, comme la Syrie par exemple, par contagion, mim\u00e9tisme et ferveur vont se convertir aussi \u00e0 la d\u00e9mocratie.<\/p>\n\n\n\n<p>Et arriva ce qui devait arriver : ils ont chass\u00e9 Saddam Hussein (vous vous souvenez de cette fable&nbsp;: la 2\u00e8me et ou la 3\u00e8me arm\u00e9e du monde ?) sans difficult\u00e9 mais avec beaucoup de bombes et beaucoup de victimes (mais pas occidentales).<\/p>\n\n\n\n<p>Et puis ils ont impos\u00e9 la d\u00e9mocratie.<\/p>\n\n\n\n<p>Dans un Etat nation comme la France, un lorrain ath\u00e9e vote pour un candidat breton catholique parce qu&rsquo;il est de droite et un \u00e9lecteur limousin protestant vote pour un candidat normand juif parce qu&rsquo;il est de gauche.<\/p>\n\n\n\n<p>Mais dans un \u00e9tat communautaire, un chiite vote pour un chiite, un sunnite pour un sunnite et un kurde pour un kurde etc\u2026<\/p>\n\n\n\n<p>Ce n&rsquo;est alors pas difficile de savoir qui va gagner, en Irak ce fut les chiites.<\/p>\n\n\n\n<p>Les chiites qui ont \u00e9t\u00e9 opprim\u00e9s sous Saddam ont souhait\u00e9 montrer aux sunnites qui \u00e9tait la communaut\u00e9 dominante.<\/p>\n\n\n\n<p>Les sunnites de l&rsquo;arm\u00e9e de Saddam qui avaient \u00e9t\u00e9 d\u00e9mobilis\u00e9s par les am\u00e9ricains ne se sont pas laiss\u00e9 faire. Eux qui \u00e9taient baasistes, peu int\u00e9ress\u00e9s par la religion ont trouv\u00e9 strat\u00e9giquement pertinent de se rapprocher d&rsquo;illumin\u00e9s islamiques pour cr\u00e9er une force de d\u00e9fense qui allaient \u00eatre en mesure de reconqu\u00e9rir des territoires pour les sunnites. Force qu&rsquo;on appelle DAESH d\u00e9sormais.<\/p>\n\n\n\n<p>L&rsquo;Irak dont on a chass\u00e9 le dictateur est un chaos dans lequel se d\u00e9chaine la violence. Remarquez que depuis, dans ce bel esprit de contagion proph\u00e9tis\u00e9 par les n\u00e9os-cons, il y a bien eu propagation \u00e0 la Syrie. Mais propagation de ce qu&rsquo;il y avait en Irak : le chaos et non la d\u00e9mocratie. Le Liban et la Jordanie commencent \u00e0 \u00eatre s\u00e9rieusement menac\u00e9s.<\/p>\n\n\n\n<p>Dans ce d\u00e9sastre que l&rsquo;on ait chass\u00e9 le dictateur comme en Irak ou non comme en Syrie, la situation est \u00e0 peu pr\u00e8s la m\u00eame.<\/p>\n\n\n\n<p>Et puis les forces sunnites de DAESH remettent en cause les fronti\u00e8res impos\u00e9es par les occidentaux, elles consid\u00e8rent la fronti\u00e8re entre la Syrie et l&rsquo;Irak comme parfaitement artificielle.<\/p>\n\n\n\n<p>Pour se venger, pour qu&rsquo;on parle d&rsquo;eux, pour qu&rsquo;on les craignent, ils r\u00e8gnent par la terreur.<\/p>\n\n\n\n<p>Et voil\u00e0 pourquoi le petit Aylan Kurdi qui est d&rsquo;ailleurs un kurde comme son nom l&rsquo;indique a fui avec sa famille la Syrie, dans des conditions d\u00e9sastreuses, qu&rsquo;il est tomb\u00e9 \u00e0 la mer et qu&rsquo;il est mort.<\/p>\n\n\n\n<p>La France, la Grande Bretagne et les Etats-Unis ne sont pas responsables de tous les malheurs du monde. Mais pour ce qui se passe au moyen orient, leur responsabilit\u00e9 historique est immense, \u00e9crasante.<\/p>\n\n\n\n<div class=\"wp-block-image\"><figure class=\"alignright size-large is-resized\"><img loading=\"lazy\" decoding=\"async\" src=\"https:\/\/lemotdujour.fr\/wp-content\/uploads\/2020\/12\/120120_0852_LundiXXnove1.jpg\" alt=\"\" class=\"wp-image-10263\" width=\"426\" height=\"315\" srcset=\"https:\/\/lemotdujour.fr\/wp-content\/uploads\/2020\/12\/120120_0852_LundiXXnove1.jpg 748w, https:\/\/lemotdujour.fr\/wp-content\/uploads\/2020\/12\/120120_0852_LundiXXnove1-300x222.jpg 300w\" sizes=\"auto, (max-width: 426px) 100vw, 426px\" \/><\/figure><\/div>\n\n\n\n<p>Pour revenir \u00e0 une photo, j&rsquo;avais trouv\u00e9 celle-ci sur Internet, il y a quelques mois. Les commentaires pr\u00e9tendent qu&rsquo;elle a \u00e9t\u00e9 prise en Syrie :  un petit gar\u00e7on prot\u00e8ge sa s\u0153ur pendant des bombardements. Elle ne nous dit pas ce qui arrive \u00e0 la fin du p\u00e9riple comme le montre la photo d&rsquo;Aylan, mais pourquoi ils s&rsquo;enfuient :<\/p>\n\n\n\n<p>Cette photo se trouve sur des centaines de page d&rsquo;internet. Je ne peux pas affirmer qu&rsquo;elle soit authentique. Quoi qu&rsquo;il en soit elle montre ce que les articles d\u00e9crivant la situation en Syrie racontent.<\/p>\n\n\n\n<p>Je vous rappelle qu&rsquo;il y a eu d\u00e9j\u00e0 deux mots du jour qui ont parl\u00e9 de ces r\u00e9fugi\u00e9s mais sans photo.<\/p>\n\n\n<p><span style=\"color: #777777; font-family: Arial;\">Celui du Jeudi 16 avril 2015&nbsp;: &lt;<span style=\"color: #0000ff;\"><a style=\"color: #0000ff;\" href=\"https:\/\/lemotdujour.fr\/?p=1080\">La culture du bien-\u00eatre nous rend insensibles aux cris d&rsquo;autrui [et] aboutit \u00e0 une globalisation de l&rsquo;indiff\u00e9rence..<\/a><\/span>&gt; Pape Fran\u00e7ois<\/span><\/p>\n<p><span style=\"color: #777777; font-family: Arial;\">Et le Mardi 28 avril 2015&nbsp;: &lt;<span style=\"color: #0000ff;\"><a style=\"color: #0000ff;\" href=\"https:\/\/lemotdujour.fr\/?p=1096\">parce que ce qui compte ici, c&rsquo;est que ce sont des hommes, des hommes en danger de mort.<\/a><\/span>&gt; Jean-Paul Sartre<\/span><\/p>\n<p><span style=\"color: #c00000; font-family: Arial;\">&lt;549&gt;<\/span><\/p>","protected":false},"excerpt":{"rendered":"<p>Lundi 7 Septembre 2015 \u00ab Une vid\u00e9o capte un instant furtif,une photo fige une sc\u00e8ne pour l&rsquo;\u00e9ternit\u00e9 \u00bb Auteur inconnu Dans la difficile qu\u00eate quotidienne du mot du jour, il faut trouver une citation et son auteur. Je me souviens<\/p>\n","protected":false},"author":1,"featured_media":0,"comment_status":"open","ping_status":"closed","sticky":false,"template":"","format":"standard","meta":{"footnotes":""},"categories":[1],"tags":[17,119,28],"class_list":["post-1224","post","type-post","status-publish","format-standard","hentry","category-motdujour","tag-histoire","tag-moyen-orient","tag-photo"],"_links":{"self":[{"href":"https:\/\/lemotdujour.fr\/index.php?rest_route=\/wp\/v2\/posts\/1224","targetHints":{"allow":["GET"]}}],"collection":[{"href":"https:\/\/lemotdujour.fr\/index.php?rest_route=\/wp\/v2\/posts"}],"about":[{"href":"https:\/\/lemotdujour.fr\/index.php?rest_route=\/wp\/v2\/types\/post"}],"author":[{"embeddable":true,"href":"https:\/\/lemotdujour.fr\/index.php?rest_route=\/wp\/v2\/users\/1"}],"replies":[{"embeddable":true,"href":"https:\/\/lemotdujour.fr\/index.php?rest_route=%2Fwp%2Fv2%2Fcomments&post=1224"}],"version-history":[{"count":23,"href":"https:\/\/lemotdujour.fr\/index.php?rest_route=\/wp\/v2\/posts\/1224\/revisions"}],"predecessor-version":[{"id":10299,"href":"https:\/\/lemotdujour.fr\/index.php?rest_route=\/wp\/v2\/posts\/1224\/revisions\/10299"}],"wp:attachment":[{"href":"https:\/\/lemotdujour.fr\/index.php?rest_route=%2Fwp%2Fv2%2Fmedia&parent=1224"}],"wp:term":[{"taxonomy":"category","embeddable":true,"href":"https:\/\/lemotdujour.fr\/index.php?rest_route=%2Fwp%2Fv2%2Fcategories&post=1224"},{"taxonomy":"post_tag","embeddable":true,"href":"https:\/\/lemotdujour.fr\/index.php?rest_route=%2Fwp%2Fv2%2Ftags&post=1224"}],"curies":[{"name":"wp","href":"https:\/\/api.w.org\/{rel}","templated":true}]}}