{"id":1222,"date":"2015-09-04T02:00:00","date_gmt":"2015-09-03T22:00:00","guid":{"rendered":"http:\/\/lemotdujour.fr\/?p=1222"},"modified":"2017-05-08T13:26:33","modified_gmt":"2017-05-08T11:26:33","slug":"vendredi-4-septembre-2015","status":"publish","type":"post","link":"https:\/\/lemotdujour.fr\/?p=1222","title":{"rendered":"Vendredi 4 Septembre 2015"},"content":{"rendered":"<div class=\"mdjDate\">Vendredi 4 Septembre 2015<\/div>\n<div class=\"mdjTexte\">\u00ab Il faut construire un nouvel Etat-providence qui recr\u00e9e de la s\u00e9curit\u00e9\u00bb<\/div>\n<div class=\"mdjAuteur\">Daniel Cohen<\/div>\n<div class=\"mdjComplements\">R\u00e9sumons les r\u00e9flexions de la semaine :<\/div>\n<p>Notre soci\u00e9t\u00e9 est nourrie \u00e0 la croissance. Il s&rsquo;agit d&rsquo;une v\u00e9ritable addiction. Tout le monde affirme qu&rsquo;en dessous d&rsquo;un certain seuil de croissance il ne peut y avoir de recul du ch\u00f4mage, le financement de nos retraites est fond\u00e9e sur une hypoth\u00e8se de croissance continue et solide, l\u2019homme politiques qui ne promettent pas son retour n&rsquo;ont aucune chance d&rsquo;\u00eatre \u00e9lus. Et surtout ce que la richesse ne peut nous apporter, la croissance en est capable : nous donner le sentiment de bien-\u00eatre (Paradoxe d&rsquo;Easterlin) ;<\/p>\n<p>La r\u00e9volution num\u00e9rique est bas\u00e9e sur un doublement des performances \u00e0 peu pr\u00e8s tous les 18 mois (loi de Moore) ;<\/p>\n<p>Gr\u00e2ce \u00e0 ces performances, les programmes informatiques et la robotisation remplacent, dans des domaines de plus en plus large, les m\u00e9tiers des humains de la classe moyenne ;<\/p>\n<p>Depuis 30 ans la croissance des pays d\u00e9velopp\u00e9s diminue, pour l&rsquo;instant la r\u00e9volution num\u00e9rique n&rsquo;a pas provoqu\u00e9 un sursaut de croissance. Si on analyse ces choses de mani\u00e8re rationnelle on doit conclure \u00e0 une grande incertitude sur le retour de notre drogue : la croissance. Il est possible que nous ne retrouvions pas de croissance avant longtemps.<\/p>\n<div class=\"mdjComplements\">Pour Daniel Cohen plus que la financiarisation de l&rsquo;Economie qui a d\u00e9but\u00e9 dans les ann\u00e9es 1980, c&rsquo;est la r\u00e9volution num\u00e9rique qui a surgi au d\u00e9but des ann\u00e9es 1990 qui a boulevers\u00e9 l&rsquo;organisation du travail, non plus seulement dans les ateliers mais dans les bureaux.\u00a0<\/div>\n<div class=\"mdjComplements\">\u00abC&rsquo;est, je crois, le c\u0153ur du probl\u00e8me d&rsquo;aujourd&rsquo;hui. [&#8230;] Penser que la mondialisation est responsable de tous les malheurs du vieux mod\u00e8le industriel est une erreur. Les destructions d&#8217;emplois dans l&rsquo;industrie fran\u00e7aise sont dues pour deux tiers au progr\u00e8s technique et pour un tiers aux importations. Pour l&rsquo;\u00e9conomie dans son ensemble c&rsquo;est beaucoup moins encore. A mes yeux, le d\u00e9mant\u00e8lement de la classe moyenne n&rsquo;a rien \u00e0 voir avec la Chine. \u00bb<\/div>\n<div class=\"mdjComplements\">\u00abLe temps humain ne cesse de s&rsquo;acc\u00e9l\u00e9rer. Il a fallu 100 000 ans pour passer du bip\u00e8de rationnel \u00e0 l&rsquo;homme agricole, 10 000 ans pour passer \u00e0 l&rsquo;homme industriel, puis 200 ans pour passer \u00e0 l&rsquo;homme num\u00e9rique.<\/div>\n<div class=\"mdjComplements\">Par une perversion de l&rsquo;Histoire, la soci\u00e9t\u00e9 post-industrielle qui devait \u00e9manciper les individus a d\u00e9bouch\u00e9 sur un monde d&rsquo;ins\u00e9curit\u00e9, de cost cutting- la recherche de technologies qui r\u00e9duisent les co\u00fbts. A l&rsquo;organisation hi\u00e9rarchique s&rsquo;est substitu\u00e9 le management par le stress. L&rsquo;ins\u00e9curit\u00e9 \u00e9conomique est au fondement de nos peurs collectives. Il faut construire un nouvel Etat-providence qui recr\u00e9e de la s\u00e9curit\u00e9. L&rsquo;enjeu de la soci\u00e9t\u00e9 moderne est davantage de s&rsquo;immuniser contre les fluctuations de la croissance que de vouloir \u00e0 tout prix l&rsquo;augmenter.\u00bb<\/div>\n<div class=\"mdjComplements\">\u00abL&rsquo;Etat-providence fabriqu\u00e9 par la soci\u00e9t\u00e9 industrielle ne correspond plus \u00e0 nos besoins. Nous sommes aujourd&rsquo;hui confront\u00e9s \u00e0 un nouveau risque : l&rsquo;ins\u00e9curit\u00e9 des salari\u00e9s dans leur parcours professionnel. Pour bien faire, il faudrait tendre vers un syst\u00e8me o\u00f9 perdre son emploi devienne un non-\u00e9v\u00e8nement. [&#8230;] La perte d&rsquo;un emploi doit devenir l&rsquo;occasion de renouveler ses comp\u00e9tences, en prenant le temps qu&rsquo;il faut. C&rsquo;est la seule mani\u00e8re de faire face aux \u00e9volutions rapides des technologies. \u00bb<\/div>\n<div class=\"mdjComplements\">Il pr\u00e9conise de g\u00e9n\u00e9raliser en France le syst\u00e8me des intermittents qui est contest\u00e9 parce qu&rsquo;il a \u00e9t\u00e9 manipul\u00e9 par les employeurs de l&rsquo;audiovisuel, mais qui s&rsquo;av\u00e8re une solution par rapport aux d\u00e9fis de demain.<\/div>\n<div class=\"mdjComplements\">Daniel Cohen n&rsquo;affirme pas que la croissance ne reviendra pas, mais il dit que c&rsquo;est une hypoth\u00e8se plausible. Alors quand une telle hypoth\u00e8se se trouve dans le paysage de la r\u00e9flexion, il faut que l&rsquo;organisation politique s&rsquo;adapte \u00e0 cette \u00e9ventualit\u00e9 pour y faire face.<\/div>\n<div class=\"mdjComplements\">Ainsi, en France le syst\u00e8me de retraite par r\u00e9partition qui promet un revenu fix\u00e9 \u00e0 l&rsquo;avance pour l&rsquo;avenir, est enti\u00e8rement fond\u00e9 sur le postulat d&rsquo;une croissance continue et robuste. Cohen dit : \u00ab\u00a0C&rsquo;est d\u00e9bilissime\u00a0\u00bb. C&rsquo;est un peu comme vouloir remplir un seau perc\u00e9. \u00c7a ne marche pas, il faut sans cesse remettre des rustines, de plus en plus souvent et on en dispose de moins en moins. Cela cr\u00e9e un climat d&rsquo;ins\u00e9curit\u00e9 sociale et d&rsquo;angoisse, parce qu&rsquo;on se demande si le syst\u00e8me ne va pas s&rsquo;effondrer enti\u00e8rement.<\/div>\n<div class=\"mdjComplements\">\u00abSur les retraites il y a un \u00e9norme chantier qui reste ouvert il faut immuniser les retraites des al\u00e9as de la croissance, cela s&rsquo;appelle un syst\u00e8me par point o\u00f9 on distribuera les ressources en fonction des ressources disponibles.\u00bb Ce syst\u00e8me est stable, si la croissance revient les retraites vers\u00e9es augmenteront , sinon il faudra se contenter de ce qu&rsquo;on peut avoir mais avec la certitude que le syst\u00e8me ne s&rsquo;effondrera pas.<\/div>\n<div class=\"mdjComplements\">\u00abIl faut donc que la soci\u00e9t\u00e9 et les individus qui la composent arrive \u00e0 s&rsquo;immuniser contre les al\u00e9as de la croissance.\u00bb<\/div>\n<div class=\"mdjComplements\">Daniel Cohen finit son article dans l&rsquo;Obs que je joins \u00e0 ce message par une belle comparaison : \u00abOn est pass\u00e9 de 10 millions d&rsquo;humains lorsque l&rsquo;agriculture a \u00e9t\u00e9 invent\u00e9e \u00e0 1 milliard en 1800 au moment de la r\u00e9volution industrielle. [Puis le mouvement s&rsquo;est emball\u00e9] C&rsquo;\u00e9tait une logique de r\u00e9action nucl\u00e9aire. A suivre les calculs de certains d\u00e9mographes, l&rsquo;humanit\u00e9 aurait d\u00fb exploser en 2026. Heureusement, un miracle s&rsquo;est produit : la transition d\u00e9mographique. Les Europ\u00e9ens se sont mis \u00e0\u00a0 faire moins d&rsquo;enfants. Soudain les hommes sont pass\u00e9s d&rsquo;une reproduction quantitative \u00e0 une reproduction qualitative. Ce changement qui se diffuse d\u00e9sormais \u00e0 l&rsquo;ensemble de la plan\u00e8te n&rsquo;a pas \u00e9t\u00e9 le fait de la r\u00e9volution industrielle mais a r\u00e9sult\u00e9 d&rsquo;une \u00e9volution en profondeur des mentalit\u00e9s.<\/div>\n<div class=\"mdjComplements\">Voil\u00e0 l&rsquo;exemple \u00e0 suivre pour la richesse mat\u00e9rielle ! Nous avons besoin d&rsquo;une nouvelle transition. L&rsquo;humanit\u00e9 doit r\u00e9ussir aujourd&rsquo;hui le passage du r\u00e8gne de la quantit\u00e9 industrielle \u00e0 celui de la qualit\u00e9 postindustrielle.\u00bb<\/div>\n<div class=\"mdjComplements\">Je vous redonne le lien vers l&rsquo;\u00e9mission : <a href=\"http:\/\/www.franceculture.fr\/emission-l-esprit-public-la-stagnation-seculaire-avec-daniel-cohen-2015-07-26\">&lt;http:\/\/www.franceculture.fr\/emission-l-esprit-public-la-stagnation-seculaire-avec-daniel-cohen-2015-07-26&gt;<\/a><\/div>\n<div class=\"mdjComplements\">et je vous rappelle son livre publi\u00e9 le 26 ao\u00fbt 2015 : <a href=\"http:\/\/www.albin-michel.fr\/Le-Monde-est-clos-et-le-desir-infini-EAN=9782226316745\">&lt;Le-Monde est clos et le d\u00e9sir infini&gt;<\/a><\/div>\n","protected":false},"excerpt":{"rendered":"<p>Vendredi 4 Septembre 2015 \u00ab Il faut construire un nouvel Etat-providence qui recr\u00e9e de la s\u00e9curit\u00e9\u00bb Daniel Cohen R\u00e9sumons les r\u00e9flexions de la semaine : Notre soci\u00e9t\u00e9 est nourrie \u00e0 la croissance. Il s&rsquo;agit d&rsquo;une v\u00e9ritable addiction. Tout le monde<\/p>\n","protected":false},"author":1,"featured_media":0,"comment_status":"closed","ping_status":"closed","sticky":false,"template":"","format":"standard","meta":{"footnotes":""},"categories":[1],"tags":[],"class_list":["post-1222","post","type-post","status-publish","format-standard","hentry","category-motdujour"],"_links":{"self":[{"href":"https:\/\/lemotdujour.fr\/index.php?rest_route=\/wp\/v2\/posts\/1222","targetHints":{"allow":["GET"]}}],"collection":[{"href":"https:\/\/lemotdujour.fr\/index.php?rest_route=\/wp\/v2\/posts"}],"about":[{"href":"https:\/\/lemotdujour.fr\/index.php?rest_route=\/wp\/v2\/types\/post"}],"author":[{"embeddable":true,"href":"https:\/\/lemotdujour.fr\/index.php?rest_route=\/wp\/v2\/users\/1"}],"replies":[{"embeddable":true,"href":"https:\/\/lemotdujour.fr\/index.php?rest_route=%2Fwp%2Fv2%2Fcomments&post=1222"}],"version-history":[{"count":1,"href":"https:\/\/lemotdujour.fr\/index.php?rest_route=\/wp\/v2\/posts\/1222\/revisions"}],"predecessor-version":[{"id":1223,"href":"https:\/\/lemotdujour.fr\/index.php?rest_route=\/wp\/v2\/posts\/1222\/revisions\/1223"}],"wp:attachment":[{"href":"https:\/\/lemotdujour.fr\/index.php?rest_route=%2Fwp%2Fv2%2Fmedia&parent=1222"}],"wp:term":[{"taxonomy":"category","embeddable":true,"href":"https:\/\/lemotdujour.fr\/index.php?rest_route=%2Fwp%2Fv2%2Fcategories&post=1222"},{"taxonomy":"post_tag","embeddable":true,"href":"https:\/\/lemotdujour.fr\/index.php?rest_route=%2Fwp%2Fv2%2Ftags&post=1222"}],"curies":[{"name":"wp","href":"https:\/\/api.w.org\/{rel}","templated":true}]}}