{"id":1218,"date":"2015-09-02T02:00:00","date_gmt":"2015-09-01T22:00:00","guid":{"rendered":"http:\/\/lemotdujour.fr\/?p=1218"},"modified":"2017-05-08T13:26:32","modified_gmt":"2017-05-08T11:26:32","slug":"mercredi-2-septembre-2015","status":"publish","type":"post","link":"https:\/\/lemotdujour.fr\/?p=1218","title":{"rendered":"Mercredi 2 Septembre 2015"},"content":{"rendered":"<div class=\"mdjDate\">Mercredi 2 Septembre 2015<\/div>\n<div class=\"mdjTexte\"><a id=\"14f889bd68856cd1_14f8721f08de4b21_14f871\"><\/a>\u00ab\u00a0Si tu fais la m\u00eame op\u00e9ration deux jours de suite, <br \/>cherche le logiciel qui fera la m\u00eame chose \u00e0 ta place\u00a0\u00bb <\/div>\n<div class=\"mdjAuteur\">Le mantra de l&rsquo;informatique contemporaine.<\/div>\n<div class=\"mdjComplements\">Nous sommes dans la continuit\u00e9 de la loi de Moore. Mais ce mantra informatique aggrave encore la probl\u00e9matique.<\/div>\n<div class=\"mdjComplements\">Car nous sommes au c\u0153ur du sujet de l\u2019ins\u00e9curit\u00e9 \u00e9conomique.<\/div>\n<div class=\"mdjComplements\">Si un logiciel peut faire ce que je fais, que ferais-je, moi, demain\u00a0?<\/div>\n<div class=\"mdjComplements\">Avant d&rsquo;analyser la cons\u00e9quence de ce raisonnement en mati\u00e8re d&#8217;emploi, arr\u00eatons-nous \u00e0 son caract\u00e8re totalement d\u00e9stabilisateur.<\/div>\n<div class=\"mdjComplements\">Nous autres humano\u00efdes, nous nous sommes construits dans la r\u00e9p\u00e9tition. Nous avons appris notre m\u00e9tier par la r\u00e9p\u00e9tition des m\u00eames gestes, l&rsquo;utilisation des m\u00eames outils, la consolidation des m\u00eames proc\u00e9dures.<\/div>\n<div class=\"mdjComplements\">Combien il est rassurant pour nous quand nous avons une t\u00e2che \u00e0 r\u00e9aliser de pouvoir constater : \u00ab\u00a0Cela je l&rsquo;ai d\u00e9j\u00e0 fait, donc je sais le faire\u00a0\u00bb.<\/div>\n<div class=\"mdjComplements\">Cette facilit\u00e9, cette s\u00e9curit\u00e9, cette confiance nous est retir\u00e9e : quand on a appris \u00e0 faire quelque chose avec assurance, on aura plus besoin de nous, une machine pourra le faire.<\/div>\n<div class=\"mdjComplements\">Et alors en termes d&#8217;emplois&#8230;<\/div>\n<div class=\"mdjComplements\">Ce n\u2019est plus le travail de l\u2019ouvrier dans l\u2019usine qui est en cause, il s\u2019agit cette fois des millions d\u2019emplois de la classe moyenne.<\/div>\n<div class=\"mdjComplements\">Les algorithmes branch\u00e9s sur des bases de donn\u00e9es gigantesques \u00ab\u00a0les fameux big data\u00a0\u00bb, arm\u00e9s d\u2019une puissance de calcul presque infinie constituent une concurrence \u00e0 laquelle nos capacit\u00e9s humaines sont incapables de faire face.<\/div>\n<div class=\"mdjComplements\">Pour aller vite, seuls les cr\u00e9atifs resteront indispensables. Mais tout le monde ne sait pas \u00eatre cr\u00e9atif.<\/div>\n<div class=\"mdjComplements\">Pour le reste, faire un diagnostic m\u00e9dical, rechercher un argumentaire juridique ad\u00e9quat dans le corpus du droit et de la Jurisprudence, r\u00e9aliser une comptabilit\u00e9, faire un contr\u00f4le fiscal ou m\u00eame r\u00e9aliser l\u2019expertise d\u2019un tableau de ma\u00eetre ou encore conduire un taxi, un camion, un m\u00e9tro, un train, piloter un avion, toutes ces actions rel\u00e8veront \u00e0 terme d\u2019un robot, c\u2019est-\u00e0-dire d\u2019un programme d\u2019intelligence artificielle. Et cela plus vite que nous ne le pensons. <\/div>\n<div class=\"mdjComplements\">Ces millions d\u2019emplois seront supprim\u00e9s, par lesquels seront-ils remplac\u00e9s ?<\/div>\n<div class=\"mdjComplements\">Les emplois qui pourront \u00eatre cr\u00e9\u00e9s sont, selon le propos de Daniel Cohen \u00ab\u00a0orthogonaux au progr\u00e8s techniques\u00a0\u00bb, c\u2019est-\u00e0-dire des emplois qui ne sont pas susceptibles de voir leur rendement et leur productivit\u00e9 cro\u00eetre par les progr\u00e8s de la technique\u00a0: des emplois de service, des aides-soignantes, des \u00e9ducateurs, des m\u00e9diateurs bref des m\u00e9tiers o\u00f9 l\u2019humanit\u00e9 joue un grand r\u00f4le. Mais \u00e9tant donn\u00e9 notre syst\u00e8me \u00e9conomique et le fait que ces emplois n\u2019ont pas vocation \u00e0 voir leur productivit\u00e9 augmenter, les r\u00e9mun\u00e9rations seront faibles.<\/div>\n<div class=\"mdjComplements\">Daniel Cohen explique la diff\u00e9rence entre la r\u00e9volution industrielle de la fin du XIX\u00e8me si\u00e8cle et la r\u00e9volution num\u00e9rique du XXI\u00e8me si\u00e8cle par la diff\u00e9rence entre deux concepts\u00a0:<\/div>\n<div class=\"mdjComplements\"><strong>La compl\u00e9mentarit\u00e9 et la substitution.<\/strong><\/div>\n<div class=\"mdjComplements\">En effet, la r\u00e9volution de l\u2019\u00e9lectricit\u00e9 et du moteur \u00e0 explosion a eu pour cons\u00e9quence de chasser des millions de gens de la campagne agricole vers la ville des usines.<\/div>\n<div class=\"mdjComplements\">D\u2019un c\u00f4t\u00e9, ils \u00e9taient chass\u00e9s du monde agricole parce que le progr\u00e8s technique et la r\u00e9volution agraire permettant de produire beaucoup plus avec beaucoup moins de gens, l\u2019agriculture n\u2019avait plus besoin de leur force de travail.<\/div>\n<div class=\"mdjComplements\">Mais de l\u2019autre c\u00f4t\u00e9, les usines et l\u2019industrie, qui profitaient tout autant du progr\u00e8s technique, avaient besoin de bras et de main d\u2019\u0153uvre. Ce qui signifie qu\u2019ils pouvaient retrouver des emplois en phase avec le progr\u00e8s technique.<\/div>\n<div class=\"mdjComplements\">Tout ceci ne fut pas un long fleuve tranquille. Daniel Cohen trouve que<a href=\"https:\/\/www.youtube.com\/watch?v=2oxpml68Fzs\">&lt;ce c\u00e9l\u00e8bre\u00a0 extrait des temps modernes de Charlie Chaplin&gt; <\/a>o\u00f9 on cherche \u00e0 faire entrer l\u2019homme dans les contraintes et les besoins de la machine pour b\u00e9n\u00e9ficier des gains de productivit\u00e9 du progr\u00e8s, montre bien la difficile adaptation qui fut n\u00e9cessaire \u00e0 ces ouvriers. <\/div>\n<div class=\"mdjComplements\">Mais apr\u00e8s bien des combats syndicaux et politiques, mais aussi des prises de conscience de l\u2019\u00e9lite \u00e9clair\u00e9e (car Le XIXe si\u00e8cle fut une catastrophe pour les ouvriers confront\u00e9s \u00e0 une grande paup\u00e9risation d\u00e9crite par <a href=\"http:\/\/classiques.uqac.ca\/classiques\/villerme_louis_rene\/tableaux_salaries_france\/tableaux_salaries_fr.pdf\">&lt;le rapport Villerm\u00e9 de 1840 &gt;<\/a> et enfin les deux terribles guerres mondiales qui accouch\u00e8rent aussi de r\u00e9formes sociales, le sort des classes populaires dans les pays occidentaux devint plus enviable.<\/div>\n<div class=\"mdjComplements\">Le syst\u00e8me \u00e9conomique gr\u00e2ce \u00e0 la s\u00e9curit\u00e9 sociale, les politiques Keyn\u00e9siennes, le fordisme, le syst\u00e8me financier issu de Bretton Woods parvint \u00e0 une maturit\u00e9 et une stabilit\u00e9 qui permit une croissance que nous avons cru \u00e9ternelle. Croissance qui permit et s\u2019enrichit par l\u2019\u00e9mergence d\u2019une immense classe moyenne et de la soci\u00e9t\u00e9 de consommation. Ce fut l\u2019\u00e8re de la compl\u00e9mentarit\u00e9 que Schlumpeter d\u00e9crivit par ces mots\u00a0: \u00ab\u00a0la destruction cr\u00e9atrice\u00a0\u00bb\u00a0: On d\u00e9truit des emplois peu productifs mais en compl\u00e9ment on cr\u00e9e des emplois productifs.<\/div>\n<div class=\"mdjComplements\">\u00a0<\/div>\n<div class=\"mdjComplements\">La crainte exprim\u00e9e par Daniel Cohen est que nous soyons d\u00e9sormais dans la substitution. Les emplois perdus par la r\u00e9volution num\u00e9rique ne seraient plus remplac\u00e9s par la cr\u00e9ation d\u2019emplois productifs.<\/div>\n<div class=\"mdjComplements\">Nous serions pass\u00e9s d&rsquo;un monde de compl\u00e9mentarit\u00e9 \u00e0 un monde de substitution.\u00a0 <\/div>\n<div class=\"mdjComplements\">Bernard Stiegler parle de <a href=\"https:\/\/www.youtube.com\/watch?v=CRibNTz-W7I\">\u00ab\u00a0destruction destructrice\u00a0\u00bb. <\/a>et en d\u00e9crit les cons\u00e9quences avec un esprit tr\u00e8s positif. Son analyse est tr\u00e8s int\u00e9ressante mais le mod\u00e8le \u00e9conomique que cette analyse sous-tend ne me parait pas tr\u00e8s \u00e9tabli.<\/div>\n<div class=\"mdjComplements\">Il n&rsquo;y a dans ce domaine aucune certitude, la plupart des \u00e9conomistes lib\u00e9raux continuent \u00e0 pr\u00e9tendre qu&rsquo;il faut un peu de temps et qu&rsquo;alors la r\u00e9volution num\u00e9rique cr\u00e9era les millions d&#8217;emplois productifs nouveaux souhait\u00e9s par le mod\u00e8le \u00e9conomique actuel.<\/div>\n<div class=\"mdjComplements\">Bien entendu, je ne sais pas. Mais je reste sceptique.<\/div>\n","protected":false},"excerpt":{"rendered":"<p>Mercredi 2 Septembre 2015 \u00ab\u00a0Si tu fais la m\u00eame op\u00e9ration deux jours de suite, cherche le logiciel qui fera la m\u00eame chose \u00e0 ta place\u00a0\u00bb Le mantra de l&rsquo;informatique contemporaine. Nous sommes dans la continuit\u00e9 de la loi de Moore.<\/p>\n","protected":false},"author":1,"featured_media":0,"comment_status":"closed","ping_status":"closed","sticky":false,"template":"","format":"standard","meta":{"footnotes":""},"categories":[1],"tags":[],"class_list":["post-1218","post","type-post","status-publish","format-standard","hentry","category-motdujour"],"_links":{"self":[{"href":"https:\/\/lemotdujour.fr\/index.php?rest_route=\/wp\/v2\/posts\/1218","targetHints":{"allow":["GET"]}}],"collection":[{"href":"https:\/\/lemotdujour.fr\/index.php?rest_route=\/wp\/v2\/posts"}],"about":[{"href":"https:\/\/lemotdujour.fr\/index.php?rest_route=\/wp\/v2\/types\/post"}],"author":[{"embeddable":true,"href":"https:\/\/lemotdujour.fr\/index.php?rest_route=\/wp\/v2\/users\/1"}],"replies":[{"embeddable":true,"href":"https:\/\/lemotdujour.fr\/index.php?rest_route=%2Fwp%2Fv2%2Fcomments&post=1218"}],"version-history":[{"count":1,"href":"https:\/\/lemotdujour.fr\/index.php?rest_route=\/wp\/v2\/posts\/1218\/revisions"}],"predecessor-version":[{"id":1219,"href":"https:\/\/lemotdujour.fr\/index.php?rest_route=\/wp\/v2\/posts\/1218\/revisions\/1219"}],"wp:attachment":[{"href":"https:\/\/lemotdujour.fr\/index.php?rest_route=%2Fwp%2Fv2%2Fmedia&parent=1218"}],"wp:term":[{"taxonomy":"category","embeddable":true,"href":"https:\/\/lemotdujour.fr\/index.php?rest_route=%2Fwp%2Fv2%2Fcategories&post=1218"},{"taxonomy":"post_tag","embeddable":true,"href":"https:\/\/lemotdujour.fr\/index.php?rest_route=%2Fwp%2Fv2%2Ftags&post=1218"}],"curies":[{"name":"wp","href":"https:\/\/api.w.org\/{rel}","templated":true}]}}