{"id":1206,"date":"2015-08-25T02:00:00","date_gmt":"2015-08-24T22:00:00","guid":{"rendered":"http:\/\/lemotdujour.fr\/?p=1206"},"modified":"2017-05-08T13:26:22","modified_gmt":"2017-05-08T11:26:22","slug":"mardi-25-aout-2015","status":"publish","type":"post","link":"https:\/\/lemotdujour.fr\/?p=1206","title":{"rendered":"Mardi 25 Ao\u00fbt 2015"},"content":{"rendered":"<div class=\"mdjDate\">Mardi 25 Ao\u00fbt 2015<\/div>\n<div class=\"mdjTexte\">\u00ab J\u2019aime ce style de vie, qui touche \u00e0 quelque chose de tr\u00e8s juste.\u00bb<\/div>\n<div class=\"mdjAuteur\">L\u00e9onard Slatkin, \u00e0 propos de sa vie en France et \u00e0 Lyon<\/div>\n<div class=\"mdjComplements\">Depuis quatre ans, pour les passionn\u00e9s de musique classique symphonique, les Lyonnais ont beaucoup de chance, car le chef de l&rsquo;orchestre national de Lyon est un grand chef d&rsquo;orchestre : L\u00e9onard Slatkin.<\/div>\n<div class=\"mdjComplements\">C&rsquo;est un am\u00e9ricain. Il est n\u00e9 \u00e0 Los Angeles. Son p\u00e8re et sa m\u00e8re \u00e9taient de brillants musiciens qui avaient cr\u00e9\u00e9s un quatuor \u00e0 cordes tr\u00e8s c\u00e9l\u00e8bre : le quatuor Hollywood. Ils \u00e9taient tr\u00e8s connus dans le monde du cin\u00e9ma. L\u00e9onard Slatkin raconte, enfant, il se souvient avoir \u00e9t\u00e9 sur les genoux de Frank Sinatra.<\/div>\n<div class=\"mdjComplements\">Il se d\u00e9finit lui-m\u00eame comme un parfait am\u00e9ricain.<\/div>\n<div class=\"mdjComplements\">Dans la pr\u00e9sentation de la prochaine saison de l&rsquo;orchestre de Lyon, L\u00e9onard Slatkin a accept\u00e9 de r\u00e9pondre \u00e0 une interview. Il parle beaucoup de musique, de ses exp\u00e9riences mais il y a un petit paragraphe sur Lyon et plus pr\u00e9cis\u00e9ment sur la vie en France. Je voudrais partager avec vous cet avis \u00e9clair\u00e9 sur la France par quelqu&rsquo;un qui vient des Etats-Unis et qui a toujours v\u00e9cu l\u00e0-bas :<\/div>\n<div class=\"mdjCiter\">\u00ab J\u2019adore Lyon. Ma femme et moi avons un appartement qui donne sur les quais et l\u2019universit\u00e9. Si je me l\u00e8ve t\u00f4t, je vois le soleil se lever et je ne parle pas des couchers tout aussi magni6ques. <\/div>\n<div class=\"mdjCiter\">Cet endroit est exactement ce que j\u2019esp\u00e9rais trouver en France : boulangerie, bouchons, fromagerie&#8230; une vie de quartier.<\/div>\n<div class=\"mdjCiter\">J\u2019aime d\u2019autant plus \u00e7a que nous n\u2019avons pas l\u2019\u00e9quivalent aux \u00c9tats-Unis. \u00c0 la fin de chacun de mes concerts, de mes r\u00e9p\u00e9titions ou de mes rendez-vous, je sais que je vais retrouver une vie formidable, \u00e0 laquelle je n\u2019avais jamais vraiment pens\u00e9 auparavant.<\/div>\n<div class=\"mdjCiter\">J\u2019avais 66 ans lorsque je suis venu \u00e0 Lyon, pas si jeune, et en plus l\u2019Am\u00e9ricain type, tout le monde me voit comme \u00e7a ! Si quelqu\u2019un m\u2019avait alors demand\u00e9 si j\u2019envisageais de quitter les \u00c9tats-Unis et de m\u2019installer en France, j\u2019aurais probablement dit non. Aujourd\u2019hui, je peux dire oui. J\u2019aime ce style de vie, qui touche \u00e0 quelque chose de tr\u00e8s juste. L\u2019id\u00e9e d\u2019\u00eatre dans une ville de culture, qui a port\u00e9 un pan entier de l\u2019histoire du cin\u00e9ma, une ville de gastronomie, une vieille ville fantastique, et dans le m\u00eame temps aussi visionnaire dans sa relation \u00e0 l\u2019avenir&#8230; Je pense que personne ne pourrait dire : jamais je ne pourrais m\u2019installer ici&#8230; <\/div>\n<div class=\"mdjCiter\">Sauf moi il y a cinq ans ! \u00bb<\/div>\n<div class=\"mdjComplements\">\u00ab wie Gott in Frankreich leben \u00bb, c&rsquo;est \u00e0 dire heureux comme Dieu en France disent les allemands.<\/div>\n<div class=\"mdjComplements\">Sans que cette th\u00e8se ne fasse l&rsquo;unanimit\u00e9, certains pr\u00e9tendent que cette expression serait d&rsquo;origine yiddish, la communaut\u00e9 juive exprimant ainsi sa reconnaissance \u00e0 l&rsquo;\u00e9gard de la r\u00e9volution fran\u00e7aise qui avait vot\u00e9 <a href=\"https:\/\/fr.wikipedia.org\/wiki\/%C3%89mancipation_des_Juifs\">l&rsquo;\u00e9mancipation<\/a> gr\u00e2ce au r\u00f4le pr\u00e9pond\u00e9rant de l&rsquo;Abb\u00e9 Gr\u00e9goire et de Mirabeau.<\/div>\n<div class=\"mdjComplements\">Il est utile qu&rsquo;un homme, venu de l&rsquo;autre c\u00f4t\u00e9 de l&rsquo;Oc\u00e9an, nous rappelle les joies simples de notre art de vivre.<\/div>\n<div class=\"mdjComplements\">Un petit lien vers un extrait de la marche imp\u00e9riale de Star Wars dirig\u00e9 par Slatkin \u00e0 la t\u00eate de l&rsquo;orchestre National de Lyon : <a href=\"https:\/\/www.youtube.com\/watch?v=Ek7HJlXG3DM\">https:\/\/www.youtube.com\/watch?v=Ek7HJlXG3DM<\/a><\/div>\n","protected":false},"excerpt":{"rendered":"<p>Mardi 25 Ao\u00fbt 2015 \u00ab J\u2019aime ce style de vie, qui touche \u00e0 quelque chose de tr\u00e8s juste.\u00bb L\u00e9onard Slatkin, \u00e0 propos de sa vie en France et \u00e0 Lyon Depuis quatre ans, pour les passionn\u00e9s de musique classique symphonique,<\/p>\n","protected":false},"author":1,"featured_media":0,"comment_status":"closed","ping_status":"closed","sticky":false,"template":"","format":"standard","meta":{"footnotes":""},"categories":[1],"tags":[],"class_list":["post-1206","post","type-post","status-publish","format-standard","hentry","category-motdujour"],"_links":{"self":[{"href":"https:\/\/lemotdujour.fr\/index.php?rest_route=\/wp\/v2\/posts\/1206","targetHints":{"allow":["GET"]}}],"collection":[{"href":"https:\/\/lemotdujour.fr\/index.php?rest_route=\/wp\/v2\/posts"}],"about":[{"href":"https:\/\/lemotdujour.fr\/index.php?rest_route=\/wp\/v2\/types\/post"}],"author":[{"embeddable":true,"href":"https:\/\/lemotdujour.fr\/index.php?rest_route=\/wp\/v2\/users\/1"}],"replies":[{"embeddable":true,"href":"https:\/\/lemotdujour.fr\/index.php?rest_route=%2Fwp%2Fv2%2Fcomments&post=1206"}],"version-history":[{"count":1,"href":"https:\/\/lemotdujour.fr\/index.php?rest_route=\/wp\/v2\/posts\/1206\/revisions"}],"predecessor-version":[{"id":1207,"href":"https:\/\/lemotdujour.fr\/index.php?rest_route=\/wp\/v2\/posts\/1206\/revisions\/1207"}],"wp:attachment":[{"href":"https:\/\/lemotdujour.fr\/index.php?rest_route=%2Fwp%2Fv2%2Fmedia&parent=1206"}],"wp:term":[{"taxonomy":"category","embeddable":true,"href":"https:\/\/lemotdujour.fr\/index.php?rest_route=%2Fwp%2Fv2%2Fcategories&post=1206"},{"taxonomy":"post_tag","embeddable":true,"href":"https:\/\/lemotdujour.fr\/index.php?rest_route=%2Fwp%2Fv2%2Ftags&post=1206"}],"curies":[{"name":"wp","href":"https:\/\/api.w.org\/{rel}","templated":true}]}}