{"id":12035,"date":"2021-08-10T08:09:00","date_gmt":"2021-08-10T06:09:00","guid":{"rendered":"http:\/\/lemotdujour.fr\/?p=12035"},"modified":"2021-08-09T14:37:41","modified_gmt":"2021-08-09T12:37:41","slug":"mardi-10-aout-2021","status":"publish","type":"post","link":"https:\/\/lemotdujour.fr\/?p=12035","title":{"rendered":"Mardi 10 ao\u00fbt 2021"},"content":{"rendered":"<div class=\"mdjTexte\">\u00ab Le mot du jour est en cong\u00e9.\u00bb<\/div>\n<div class=\"mdjAuteur\">Il reviendra probablement le 18 octobre 2021<\/div>\n<p><span style=\"color: #777777; font-family: Arial;\">Il faut savoir faire silence, se reposer, se r\u00e9g\u00e9n\u00e9rer, lire, fl\u00e2ner, m\u00e9diter, pour revenir pour de nouveaux partages, r\u00e9flexions et questionnements.<\/span><span style=\"font-family: Times New Roman;\"><br \/>\n<\/span><\/p>\n<p><img loading=\"lazy\" decoding=\"async\" class=\"wp-image-5147 alignleft\" src=\"https:\/\/lemotdujour.fr\/wp-content\/uploads\/2018\/07\/Chat-cong\u00e9.jpg\" alt=\"\" width=\"475\" height=\"325\" srcset=\"https:\/\/lemotdujour.fr\/wp-content\/uploads\/2018\/07\/Chat-cong\u00e9.jpg 711w, https:\/\/lemotdujour.fr\/wp-content\/uploads\/2018\/07\/Chat-cong\u00e9-300x205.jpg 300w\" sizes=\"auto, (max-width: 475px) 100vw, 475px\" \/><\/p>\n<p><span style=\"color: #777777;\">Hier, je finissais cette saison avec \u00ab<span style=\"color: #0000ff;\"><a style=\"color: #0000ff;\" href=\"https:\/\/lemotdujour.fr\/?p=12022\">Demain<\/a><\/span>\u00bb une chanson de <strong>Moustaki<\/strong> , d&rsquo;une beaut\u00e9 ineffable mais aussi ouverture vers la r\u00e9flexion sur le demain de l&rsquo;humanit\u00e9.<\/span><\/p>\n<p><span style=\"color: #777777;\">Cet article faisait suite \u00e0 une semaine pendant laquelle je m&rsquo;\u00e9tais arr\u00eat\u00e9 \u00e0 des destins particuliers. <\/span><\/p>\n<p><span style=\"color: #777777;\">Par exemple <strong>Ang\u00e9lique Ionatos<\/strong> la chanteuse de la lumi\u00e8re qui magnifiait la po\u00e9sie grecque : &lt;<span style=\"color: #0000ff;\"><a style=\"color: #0000ff;\" href=\"https:\/\/lemotdujour.fr\/?p=11961\">C\u2019est toujours un r\u00eave quand la po\u00e9sie tombe dans les filets de la musique.<\/a><\/span>&gt;, <strong>Fr\u00e9d\u00e9rique Lemarchand<\/strong> dont l&rsquo;existence m\u00eame constitue un hymne \u00e0 la vie &lt;<span style=\"color: #0000ff;\"><a style=\"color: #0000ff;\" href=\"https:\/\/lemotdujour.fr\/?p=11993\">Je ne suis pas n\u00e9e vivante, je le deviens<\/a> <\/span>&gt;, Pour finir avec le po\u00e8te de la tendresse et de la r\u00e9volte qui nous vient du Rwanda<strong> Ga\u00ebl Faye<\/strong> &lt;<a href=\"https:\/\/lemotdujour.fr\/?p=12007\">T<span style=\"color: #0000ff;\">raverser la vie en se sentant digne de cette petite parenth\u00e8se qui est l\u2019existence<\/span><\/a><span style=\"color: #0000ff;\">.<\/span>&gt;<br \/>\n<\/span><\/p>\n<p><span style=\"color: #777777;\">Lors de cette saison plusieurs s\u00e9ries de mots du jour ont \u00e9t\u00e9 \u00e9crites : <\/span><\/p>\n<ul>\n<li><span style=\"color: #777777;\"><a href=\"https:\/\/lemotdujour.fr\/?page_id=9648\"><span style=\"color: #0000ff;\">&lt;Franz Schubert : l\u2019ann\u00e9e 1828&gt;<\/span><\/a><\/span><\/li>\n<li><span style=\"color: #777777;\"><a href=\"https:\/\/lemotdujour.fr\/?page_id=11241\"><span style=\"color: #0000ff;\">&lt;Beethoven est n\u00e9 il y a 250 ans<\/span><\/a><span style=\"color: #0000ff;\">&gt;<\/span><\/span><\/li>\n<li><a href=\"https:\/\/lemotdujour.fr\/?page_id=11220\"><span style=\"color: #777777;\"><span style=\"color: #0000ff;\">&lt;Albert Camus et \u00ab Le premier homme \u00bb&gt;<\/span><\/span><\/a><\/li>\n<li><a href=\"https:\/\/lemotdujour.fr\/?page_id=11154\"><span style=\"color: #0000ff;\">&lt;La Commune de Paris&gt;<\/span><\/a><\/li>\n<li><a href=\"https:\/\/lemotdujour.fr\/?page_id=11919\"><span style=\"color: #777777;\"><span style=\"color: #0000ff;\">&lt;1979 : L\u2019ann\u00e9e du grand retournement&gt;<\/span><\/span><\/a><\/li>\n<\/ul>\n<p><span style=\"color: #777777;\">D&rsquo;autres s\u00e9ries n&rsquo;ont pas encore leur page dans la liste des s\u00e9ries : &lt;<span style=\"color: #0000ff;\"><a style=\"color: #0000ff;\" href=\"https:\/\/lemotdujour.fr\/?p=10705\">L&rsquo;inceste, cet acte ignoble longtemps rest\u00e9 tabou<\/a><\/span>&gt; et aussi &lt;<span style=\"color: #0000ff;\"><a style=\"color: #0000ff;\" href=\"https:\/\/lemotdujour.fr\/?p=11503\">Amazon<\/a><\/span>&gt;<\/span><\/p>\n<p><span style=\"color: #777777;\">Et bien d&rsquo;autres mots du jour : comme <span style=\"color: #0000ff;\">\u00ab <a style=\"color: #0000ff;\" href=\"https:\/\/lemotdujour.fr\/?p=11308\">La diaspora des cendres<\/a> \u00bb <span style=\"color: #777777;\">qui parle de la shoah. <\/span><\/span><\/span><\/p>\n<p><span style=\"color: #777777;\"><span style=\"color: #0000ff;\"><span style=\"color: #777777;\">Ou ce moment de gr\u00e2ce po\u00e9tique \u00ab<span style=\"color: #0000ff;\"><a style=\"color: #0000ff;\" href=\"https:\/\/lemotdujour.fr\/?p=9669\">Ce n\u2019est qu\u2019alors qu\u2019il peut arriver qu\u2019en une heure tr\u00e8s rare, du milieu d\u2019eux, se l\u00e8ve le premier mot d\u2019un vers.<\/a><\/span>\u00bb. <\/span><\/span><\/span><\/p>\n<p><span style=\"color: #777777;\"><span style=\"color: #0000ff;\"><span style=\"color: #777777;\">Et aussi sur les vertus quasi miraculeuse de la musique \u00ab<a href=\"https:\/\/lemotdujour.fr\/?p=10795\"><span style=\"color: #0000ff;\"> Le pansement Schubert<\/span><\/a> \u00bb.\u00a0 <\/span><\/span><\/span><\/p>\n<p><span style=\"color: #777777;\"><span style=\"color: #0000ff;\"><span style=\"color: #777777;\">Cet article qui parle du destin de la scientifique hongroise passionn\u00e9e de l&rsquo;ARN messager et qui a cr\u00e9\u00e9 le vaccin de Pfizer &lt;<span style=\"color: #0000ff;\"><a style=\"color: #0000ff;\" href=\"https:\/\/lemotdujour.fr\/?p=10849\">Katalin Kariko<\/a><\/span>&gt;. <\/span><\/span><\/span><\/p>\n<p><span style=\"color: #777777;\"><span style=\"color: #0000ff;\"><span style=\"color: #777777;\">Tous ces mots du jour et tous les autres peuvent \u00eatre trouv\u00e9s sur la page &lt;<span style=\"color: #0000ff;\"><a style=\"color: #0000ff;\" href=\"https:\/\/lemotdujour.fr\/?page_id=2283\">La liste des mots<\/a><\/span>&gt;<br \/>\n<\/span><\/span><\/span><\/p>\n<p><span style=\"color: #800000;\">&lt;mot sans num\u00e9ro&gt;<\/span><\/p>\n","protected":false},"excerpt":{"rendered":"<p>\u00ab Le mot du jour est en cong\u00e9.\u00bb Il reviendra probablement le 18 octobre 2021 Il faut savoir faire silence, se reposer, se r\u00e9g\u00e9n\u00e9rer, lire, fl\u00e2ner, m\u00e9diter, pour revenir pour de nouveaux partages, r\u00e9flexions et questionnements. Hier, je finissais cette<\/p>\n","protected":false},"author":1,"featured_media":0,"comment_status":"open","ping_status":"closed","sticky":false,"template":"","format":"standard","meta":{"footnotes":""},"categories":[1],"tags":[96],"class_list":["post-12035","post","type-post","status-publish","format-standard","hentry","category-motdujour","tag-pause"],"_links":{"self":[{"href":"https:\/\/lemotdujour.fr\/index.php?rest_route=\/wp\/v2\/posts\/12035","targetHints":{"allow":["GET"]}}],"collection":[{"href":"https:\/\/lemotdujour.fr\/index.php?rest_route=\/wp\/v2\/posts"}],"about":[{"href":"https:\/\/lemotdujour.fr\/index.php?rest_route=\/wp\/v2\/types\/post"}],"author":[{"embeddable":true,"href":"https:\/\/lemotdujour.fr\/index.php?rest_route=\/wp\/v2\/users\/1"}],"replies":[{"embeddable":true,"href":"https:\/\/lemotdujour.fr\/index.php?rest_route=%2Fwp%2Fv2%2Fcomments&post=12035"}],"version-history":[{"count":4,"href":"https:\/\/lemotdujour.fr\/index.php?rest_route=\/wp\/v2\/posts\/12035\/revisions"}],"predecessor-version":[{"id":12051,"href":"https:\/\/lemotdujour.fr\/index.php?rest_route=\/wp\/v2\/posts\/12035\/revisions\/12051"}],"wp:attachment":[{"href":"https:\/\/lemotdujour.fr\/index.php?rest_route=%2Fwp%2Fv2%2Fmedia&parent=12035"}],"wp:term":[{"taxonomy":"category","embeddable":true,"href":"https:\/\/lemotdujour.fr\/index.php?rest_route=%2Fwp%2Fv2%2Fcategories&post=12035"},{"taxonomy":"post_tag","embeddable":true,"href":"https:\/\/lemotdujour.fr\/index.php?rest_route=%2Fwp%2Fv2%2Ftags&post=12035"}],"curies":[{"name":"wp","href":"https:\/\/api.w.org\/{rel}","templated":true}]}}