{"id":12022,"date":"2021-08-09T11:08:00","date_gmt":"2021-08-09T09:08:00","guid":{"rendered":"http:\/\/lemotdujour.fr\/?p=12022"},"modified":"2021-11-12T20:24:44","modified_gmt":"2021-11-12T19:24:44","slug":"lundi-9-aout-2021","status":"publish","type":"post","link":"https:\/\/lemotdujour.fr\/?p=12022","title":{"rendered":"Lundi 9 ao\u00fbt 2021"},"content":{"rendered":"<div class=\"mdjTexte\">\u00ab\u00a0Demain nous n&rsquo;aurons plus peur de voir se lever le jour.\u00a0\u00bb<\/div>\n<div class=\"mdjAuteur\">Georges Moustaki<\/div>\n<p><span style=\"color: #777777; font-family: Arial;\">C&rsquo;\u00e9tait \u00e0 la fin d&rsquo;une \u00e9mission de radio, il y a plus d&rsquo;un an d\u00e9j\u00e0, le pr\u00e9sentateur a alors annonc\u00e9 une chanson de Georges Moustaki\u00a0: \u00ab\u00a0<strong>Demain\u00a0<\/strong>\u00bb<br \/>\n<\/span><\/p>\n<p><span style=\"color: #777777; font-family: Arial;\">Moustaki n\u00e9 en 1934 \u00e0 Alexandrie, en Egypte, et d\u00e9c\u00e9d\u00e9 en France en 2013, fut un des plus grands auteurs compositeurs de chansons fran\u00e7aises.<br \/>\n<\/span><\/p>\n<p><span style=\"color: #777777; font-family: Arial;\">Il a \u00e9crit \u00ab\u00a0<strong>Milord\u00a0<\/strong>\u00bb pour \u00c9dith Piaf, \u00ab <strong>Ma libert\u00e9<\/strong>\u00a0\u00bb ou \u00ab\u00a0<strong>Sarah<\/strong>\u00a0\u00bb pour Serge Reggiani, \u00ab\u00a0<strong>La longue Dame Brune<\/strong>\u00a0\u00bb pour Barbara qu&rsquo;il chantera en duo avec elle.<br \/>\n<\/span><\/p>\n<p><span style=\"color: #777777; font-family: Arial;\">Car il \u00e9tait aussi interpr\u00e8te, il a notamment compos\u00e9 et interpr\u00e9t\u00e9 personnellement \u00ab\u00a0<strong>Le M\u00e9t\u00e8que<\/strong> \u00bb. Chanson qu&rsquo;il a \u00e9crite apr\u00e8s que la m\u00e8re d&rsquo;une jeune fille dont il \u00e9tait l&rsquo;amoureux ait interpell\u00e9 sa fille devant Moustaki : \u00ab C&rsquo;est qui ce m\u00e9t\u00e8que que tu me ram\u00e8nes ? \u00bb<br \/>\n<\/span><\/p>\n<p><span style=\"color: #777777; font-family: Arial;\">Tant d&rsquo;\u0153uvres inoubliables sont de sa main.<br \/>\n<\/span><\/p>\n<p><span style=\"color: #777777; font-family: Arial;\">Mais cette chanson \u00ab\u00a0<strong>Demain\u00a0<\/strong>\u00bb est tr\u00e8s m\u00e9connue, alors qu&rsquo;il s&rsquo;agit d&rsquo;une \u0153uvre d&rsquo;une \u00e9motion et d&rsquo;une puissance rare, peut \u00eatre la plus belle.<br \/>\n<\/span><\/p>\n<p><span style=\"color: #777777; font-family: Arial;\">J&rsquo;ai imm\u00e9diatement \u00e9t\u00e9 saisi par le ton, la musique d&rsquo;une subtilit\u00e9 et d&rsquo;une finesse touchante, le texte d&rsquo;abord apaisant puis d&rsquo;une beaut\u00e9 tragique.<br \/>\n<\/span><\/p>\n<p><span style=\"color: #777777; font-family: Arial;\">D\u00e8s cet instant, j&rsquo;ai voulu la partager.<br \/>\n<\/span><\/p>\n<p><span style=\"color: #777777; font-family: Arial;\">Mais quand et comment\u00a0?<br \/>\n<\/span><\/p>\n<p><span style=\"color: #777777; font-family: Arial;\">L&rsquo;\u00e9vidence m&rsquo;est apparue : il fallait la partager <strong>un 9 ao\u00fbt \u00e0 11:08<\/strong><br \/>\n<\/span><\/p>\n<p><span style=\"color: #777777; font-family: Arial;\"><strong>Voici la chanson &lt;<a href=\"https:\/\/lemotdujour.fr\/wp-content\/uploads\/2021\/08\/09-Demain.mp3\"><span style=\"color: #0000ff;\">Demain<\/span><\/a>&gt;<\/strong><br \/>\n<\/span><\/p>\n<p><span style=\"color: #777777; font-family: Arial;\">Et voici le texte\u00a0:<br \/>\n<\/span><\/p>\n<p style=\"margin-left: 28pt;\"><span style=\"color: #c00000; font-family: Arial;\">\u00ab\u00a0Demain nous n&rsquo;aurons plus peur<br \/>\nDe voir se lever le jour<br \/>\nDemain ce sera moins lourd<br \/>\nMon amour si tu pleures<br \/>\nAu soleil de l&rsquo;\u00e9t\u00e9 je s\u00e9cherai tes larmes<br \/>\nDemain nous n&rsquo;aurons plus faim<br \/>\nLa guerre sera finie<br \/>\nLa terre offrira ses fruits<br \/>\nNous ferons un festin<br \/>\nPour oublier la fureur et le bruit des armes<br \/>\n<\/span><\/p>\n<p style=\"margin-left: 28pt;\">\n<p style=\"margin-left: 28pt;\"><span style=\"color: #c00000; font-family: Arial;\">Le ciel est sans nuage apr\u00e8s la nuit d&rsquo;orage<br \/>\nLa cloche de l&rsquo;\u00e9glise annonce un mariage<br \/>\nUn prisonnier confie son \u00e2me \u00e0 son gardien<br \/>\nOubli\u00e9 par l&rsquo;histoire il meurt au quotidien<br \/>\nC&rsquo;est un jour un jour du mois d&rsquo;ao\u00fbt<br \/>\n<\/span><span style=\"color: #c00000; font-family: Arial;\">Pareil \u00e0 tous les jours<br \/>\nAvec des cris joyeux et des chagrins d&rsquo;amour<br \/>\nEt la guerre est ailleurs si proche et si lointaine<br \/>\nL&rsquo;esp\u00e9rance est fragile elle existe quand m\u00eame<br \/>\nDemain nous n&rsquo;aurons plus faim<br \/>\nLa guerre sera finie<br \/>\nLa terre offrira ses fruits<br \/>\nNous ferons un festin<br \/>\nPour oublier la fureur et le bruit des armes<\/span><\/p>\n<p style=\"margin-left: 28pt;\"><span style=\"color: #c00000; font-family: Arial;\">Demain nous n&rsquo;aurons plus peur<br \/>\nDe voir se lever le jour<br \/>\nDemain ce sera moins lourd<br \/>\nMon amour pourquoi tu pleures ?<\/span><\/p>\n<p style=\"margin-left: 28pt;\"><span style=\"color: #c00000; font-family: Arial;\">Nagasaki 9 ao\u00fbt 1945 11 heures 08\u00a0\u00bb<br \/>\n<\/span><\/p>\n<p><span style=\"color: #777777; font-family: Arial;\">C&rsquo;est donc une chanson sur Nagasaki et la bombe qui explosa le 9 aout 1945 sur cette ville japonaise.<br \/>\n<\/span><\/p>\n<p><img decoding=\"async\" class=\"alignleft\" src=\"https:\/\/lemotdujour.fr\/wp-content\/uploads\/2021\/08\/080721_2232_Lundi9aot201.jpg\" alt=\"\" align=\"left\" \/><span style=\"color: #777777; font-family: Arial;\">La chanson est de 1992 et parut sur le disque\u00a0: \u00ab\u00a0<strong>M\u00e9diterran\u00e9en<\/strong>\u00a0\u00bb.<br \/>\n<\/span><\/p>\n<p><span style=\"color: #777777; font-family: Arial;\">En 1972, il avait \u00e9crit une chanson \u00ab\u00a0<strong>Hiroshima\u00a0<\/strong>\u00bb d\u00e9di\u00e9e \u00e0 la premi\u00e8re ville touch\u00e9e par la bombe atomique. Pour le remercier Hiroshima fit Moustaki citoyen d&rsquo;honneur de la ville.<br \/>\n<\/span><\/p>\n<p><span style=\"color: #777777; font-family: Arial;\">Malgr\u00e9 de nombreuses recherches sur Internet et m\u00eame \u00e0 la biblioth\u00e8que je n&rsquo;ai pas trouv\u00e9 beaucoup d&rsquo;informations sur les conditions de cr\u00e9ation de la chanson \u00ab\u00a0<strong>Demain\u00a0<\/strong>\u00bb .<br \/>\n<\/span><\/p>\n<p><span style=\"color: #777777; font-family: Arial;\">Ce que je sais c&rsquo;est que Moustaki allait fr\u00e9quemment en tourn\u00e9e au Japon.<br \/>\n<\/span><\/p>\n<p><span style=\"color: #777777; font-family: Arial;\">Pour la chanson \u00ab\u00a0<strong>Demain<\/strong> \u00bb les paroles sont de Georges Moustaki, mais la musique de <\/span><span style=\"font-family: Arial;\"><a href=\"https:\/\/fr.wikipedia.org\/wiki\/Teiz%C5%8D_Matsumura\"><span style=\"color: #0000ff;\">Teizo Matsumura<\/span><\/a><\/span><span style=\"color: #777777; font-family: Arial;\"><br \/>\n<\/span><\/p>\n<p><span style=\"color: #777777; font-family: Arial;\">Or il existe un film japonais \u00ab\u00a0\u00ab <span style=\"color: #0000ff;\"><a style=\"color: #0000ff;\" href=\"https:\/\/www.imdb.com\/title\/tt0094682\/\">Tomorrow-Ashita<\/a> <\/span>\u00bb de 1988 r\u00e9alis\u00e9 par<strong> Kazuo Kuroki<\/strong> qui raconte la vie d&rsquo;habitants de Nagasaki pendant les 24 heures qui ont pr\u00e9c\u00e9d\u00e9 l&rsquo;explosion de la bombe.<br \/>\n<\/span><\/p>\n<p><span style=\"color: #777777; font-family: Arial;\">Et j&rsquo;ai trouv\u00e9 <span style=\"color: #0000ff;\"><a style=\"color: #0000ff;\" href=\"https:\/\/www.youtube.com\/watch?v=iiMmUc6Hakg\">&lt;Cet extrait de la t\u00e9l\u00e9vision japonaise&gt;<\/a><\/span> dans lequel dans un premier temps on voit des extraits de ce film japonais pendant qu&rsquo;on entend la chanson \u00ab Demain \u00bb chant\u00e9e par Moustaki. La fin de l&rsquo;extrait est une interview en japonais de Moustaki \u00e0 laquelle on ne comprend rien.<br \/>\n<\/span><\/p>\n<p><span style=\"color: #777777; font-family: Arial;\">Je ne connais donc pas le rapport entre ce film et la chanson ni d&rsquo;ailleurs s&rsquo;il en existe un, hors le rapprochement fait par cette t\u00e9l\u00e9vision japonaise.<br \/>\n<\/span><\/p>\n<p><span style=\"color: #777777; font-family: Arial;\">Si un lecteur peut m&rsquo;\u00e9clairer qu&rsquo;il n&rsquo;h\u00e9site pas \u00e0 enrichir ma connaissance.<br \/>\n<\/span><\/p>\n<p><span style=\"color: #777777; font-family: Arial;\">Un mot du jour n&rsquo;est pas fig\u00e9 et si de mon cot\u00e9 je trouve plus d&rsquo;explications, celui-ci sera enrichi et compl\u00e9t\u00e9.<br \/>\n<\/span><\/p>\n<p><span style=\"color: #777777; font-family: Arial;\"><strong>Il reste cette chanson \u00e0 la beaut\u00e9 tragique qui ne peut que saisir l&rsquo;auditeur.<\/strong><br \/>\n<\/span><br \/>\n<span style=\"color: #777777; font-family: Arial;\">Je pourrais m\u2019arr\u00eater l\u00e0, sur l&rsquo;\u00e9motion d\u00e9livr\u00e9e par cette chanson. Mais il est aussi possible de jeter un regard contemporain sur cette trag\u00e9die du 9 ao\u00fbt 1945.<\/span><\/p>\n<p><span style=\"color: #777777; font-family: Arial;\">C\u2019\u00e9tait la seconde et derni\u00e8re fois, pour l\u2019instant, et j\u2019esp\u00e8re pour toujours, qu\u2019homo sapiens a utilis\u00e9 cette terrible arme que son g\u00e9nie et sa folie ont \u00e9t\u00e9 capables d\u2019imaginer et de r\u00e9aliser. <span style=\"color: #777777; font-family: Arial;\">J\u2019\u00e9crivais qu\u2019en 1979 nous avions peur d\u2019une guerre nucl\u00e9aire alors que nous vivions la guerre froide entre bloc occidental et bloc sovi\u00e9tique. <\/span><\/span><\/p>\n<p><span style=\"color: #777777; font-family: Arial;\"><span style=\"color: #777777; font-family: Arial;\">Depuis la fin de la guerre froide j\u2019ai le sentiment que cette crainte s\u2019est dissip\u00e9e. Mais, si on examine la situation de mani\u00e8re froide et rationnelle, ce soulagement ne semble pas sage. Depuis qu\u2019il n\u2019y a plus deux pouvoirs ennemis qui pouvaient se parler, en \u00e9tant conscient de l\u2019\u00e9quilibre de la terreur, le risque a plut\u00f4t augment\u00e9.<\/span><\/span><\/p>\n<p><span style=\"color: #777777; font-family: Arial;\"><span style=\"color: #777777; font-family: Arial;\"><span style=\"color: #777777; font-family: Arial;\">Il est vrai aussi que nous avons pris conscience que d\u2019autres risques tout aussi graves et plus in\u00e9luctables se dressent devant nous. <span style=\"color: #777777; font-family: Arial;\">Demain et d\u00e9j\u00e0 aujourd\u2019hui nous devons faire face :<\/span><\/span><\/span><\/span><\/p>\n<ul>\n<li><span style=\"color: #777777; font-family: Arial;\"><span style=\"color: #777777; font-family: Arial;\"><span style=\"color: #777777; font-family: Arial;\"><span style=\"color: #777777; font-family: Arial;\"><span style=\"color: #777777; font-family: Arial;\">A la chute de la biodiversit\u00e9 ;<\/span><\/span><\/span><\/span><\/span><\/li>\n<li><span style=\"color: #777777; font-family: Arial;\"><span style=\"color: #777777; font-family: Arial;\"><span style=\"color: #777777; font-family: Arial;\"><span style=\"color: #777777; font-family: Arial;\"><span style=\"color: #777777; font-family: Arial;\"><span style=\"color: #777777; font-family: Arial;\">A la diminution des ressources ;<br \/>\n<\/span><\/span><\/span><\/span><\/span><\/span><\/li>\n<li><span style=\"color: #777777; font-family: Arial;\"><span style=\"color: #777777; font-family: Arial;\"><span style=\"color: #777777; font-family: Arial;\"><span style=\"color: #777777; font-family: Arial;\"><span style=\"color: #777777; font-family: Arial;\"><span style=\"color: #777777; font-family: Arial;\">A<span style=\"color: #777777; font-family: Arial;\">u r\u00e9chauffement climatique ;<br \/>\n<\/span><\/span><\/span><\/span><\/span><\/span><\/span><\/li>\n<li><span style=\"color: #777777; font-family: Arial;\"><span style=\"color: #777777; font-family: Arial;\"><span style=\"color: #777777; font-family: Arial;\"><span style=\"color: #777777; font-family: Arial;\"><span style=\"color: #777777; font-family: Arial;\"><span style=\"color: #777777; font-family: Arial;\"><span style=\"color: #777777; font-family: Arial;\"><span style=\"color: #777777; font-family: Arial;\">Aux tensions sur l\u2019acc\u00e8s \u00e0 l&rsquo;eau ;<br \/>\n<\/span><\/span><\/span><\/span><\/span><\/span><\/span><\/span><\/li>\n<li><span style=\"color: #777777; font-family: Arial;\"><span style=\"color: #777777; font-family: Arial;\"><span style=\"color: #777777; font-family: Arial;\"><span style=\"color: #777777; font-family: Arial;\"><span style=\"color: #777777; font-family: Arial;\"><span style=\"color: #777777; font-family: Arial;\"><span style=\"color: #777777; font-family: Arial;\"><span style=\"color: #777777; font-family: Arial;\"><span style=\"color: #777777; font-family: Arial;\">Aux aspirations de d\u00e9miurge de plus en plus d\u00e9ment de certains humains ; <\/span><\/span><\/span><\/span><\/span><\/span><\/span><\/span><\/span><\/li>\n<li><span style=\"color: #777777; font-family: Arial;\"><span style=\"color: #777777; font-family: Arial;\"><span style=\"color: #777777; font-family: Arial;\"><span style=\"color: #777777; font-family: Arial;\"><span style=\"color: #777777; font-family: Arial;\"><span style=\"color: #777777; font-family: Arial;\"><span style=\"color: #777777; font-family: Arial;\"><span style=\"color: #777777; font-family: Arial;\"><span style=\"color: #777777; font-family: Arial;\"><span style=\"color: #777777; font-family: Arial;\">A la folie\u00a0\u00a0totalitaire aid\u00e9e par la technologie toujours plus invasive et plus capable de contr\u00f4ler le moindre espace de libert\u00e9 ; <\/span><\/span><\/span><\/span><\/span><\/span><\/span><\/span><\/span><\/span><\/li>\n<li><span style=\"color: #777777; font-family: Arial;\"><span style=\"color: #777777; font-family: Arial;\"><span style=\"color: #777777; font-family: Arial;\"><span style=\"color: #777777; font-family: Arial;\"><span style=\"color: #777777; font-family: Arial;\"><span style=\"color: #777777; font-family: Arial;\"><span style=\"color: #777777; font-family: Arial;\"><span style=\"color: #777777; font-family: Arial;\"><span style=\"color: #777777; font-family: Arial;\"><span style=\"color: #777777; font-family: Arial;\"><span style=\"color: #777777; font-family: Arial;\">Au fait que quelle que soit la mani\u00e8re dont on aborde le probl\u00e8me, l\u2019esp\u00e8ce homo sapiens prend trop de place et trop de ressources de la biosph\u00e8re qui constitue la fine couche miraculeuse autour de la terre qui a rendu la vie possible.<\/span><\/span><\/span><\/span><\/span><\/span><\/span><\/span><\/span><\/span><\/span><\/li>\n<\/ul>\n<p><span style=\"color: #777777; font-family: Arial;\"><span style=\"color: #777777; font-family: Arial;\"><span style=\"color: #777777; font-family: Arial;\"><span style=\"color: #777777; font-family: Arial;\"><span style=\"color: #777777; font-family: Arial;\"><span style=\"color: #777777; font-family: Arial;\"><span style=\"color: #777777; font-family: Arial;\"><span style=\"color: #777777; font-family: Arial;\"><span style=\"color: #777777; font-family: Arial;\"><span style=\"color: #777777; font-family: Arial;\"><span style=\"color: #777777; font-family: Arial;\"><span style=\"color: #777777; font-family: Arial;\">Le rapport du GIEC est annonc\u00e9 pour cette journ\u00e9e du 9 ao\u00fbt. Nous savons d\u00e9j\u00e0 <\/span><\/span><\/span><\/span><\/span><\/span><\/span><\/span><\/span><\/span><\/span><\/span><span style=\"color: #777777; font-family: Arial;\"><span style=\"color: #777777; font-family: Arial;\"><span style=\"color: #777777; font-family: Arial;\"><span style=\"color: #777777; font-family: Arial;\"><span style=\"color: #777777; font-family: Arial;\"><span style=\"color: #777777; font-family: Arial;\"><span style=\"color: #777777; font-family: Arial;\"><span style=\"color: #777777; font-family: Arial;\"><span style=\"color: #777777; font-family: Arial;\"><span style=\"color: #777777; font-family: Arial;\"><span style=\"color: #777777; font-family: Arial;\"><span style=\"color: #777777; font-family: Arial;\">que \u00ab <span style=\"color: #0000ff;\"><a style=\"color: #0000ff;\" href=\"https:\/\/www.huffingtonpost.fr\/entry\/rapport-giec-climat-avertissement-plus-severe-jamais-lance-president-cop26_fr_61103d82e4b0e28b31e2cc23\">Le nouveau Rapport [constitue] l&rsquo;avertissement le plus s\u00e9v\u00e8re jamais lanc\u00e9.<\/a> <\/span>\u00bb<\/span><\/span><\/span><\/span><\/span><\/span><\/span><\/span><\/span><\/span><\/span><\/span><\/p>\n<p><span style=\"color: #777777; font-family: Arial;\"><span style=\"color: #777777; font-family: Arial;\"><span style=\"color: #777777; font-family: Arial;\"><span style=\"color: #777777; font-family: Arial;\"><span style=\"color: #777777; font-family: Arial;\"><span style=\"color: #777777; font-family: Arial;\"><span style=\"color: #777777; font-family: Arial;\"><span style=\"color: #777777; font-family: Arial;\"><span style=\"color: #777777; font-family: Arial;\"><span style=\"color: #777777; font-family: Arial;\"><span style=\"color: #777777; font-family: Arial;\"><span style=\"color: #777777; font-family: Arial;\"><span style=\"color: #777777; font-family: Arial;\">Alors de quoi sera fait demain ?<\/span><\/span><\/span><\/span><\/span><\/span><\/span><\/span><\/span><\/span><\/span><\/span><\/span><\/p>\n<p><span style=\"color: #777777; font-family: Arial;\"><span style=\"color: #777777; font-family: Arial;\"><span style=\"color: #777777; font-family: Arial;\"><span style=\"color: #777777; font-family: Arial;\"><span style=\"color: #777777; font-family: Arial;\"><span style=\"color: #777777; font-family: Arial;\"><span style=\"color: #777777; font-family: Arial;\"><span style=\"color: #777777; font-family: Arial;\"><span style=\"color: #777777; font-family: Arial;\"><span style=\"color: #777777; font-family: Arial;\"><span style=\"color: #777777; font-family: Arial;\"><span style=\"color: #777777; font-family: Arial;\"><span style=\"color: #777777; font-family: Arial;\"><span style=\"color: #777777; font-family: Arial;\">Edgar Morin \u00e9crit\u00a0 : \u00ab <span style=\"color: #0000ff;\"><a style=\"color: #0000ff;\" href=\"https:\/\/www.francetvinfo.fr\/culture\/livres\/edgar-morin\/grand-entretien-nous-n-avons-pas-la-conscience-lucide-que-nous-marchons-vers-l-abime-alerte-le-philosophe-edgar-morin-qui-fete-ses-100-ans_4693409.html\">Nous n&rsquo;avons pas la conscience lucide que nous marchons vers l&rsquo;ab\u00eeme<\/a><\/span> \u00bb<br \/>\n<\/span><\/span><\/span><\/span><\/span><\/span><\/span><\/span><\/span><\/span><\/span><\/span><\/span><\/span><\/p>\n<p style=\"margin-left: 28pt;\"><span style=\"color: #c00000; font-family: Arial;\">\u00ab\u00a0Moi, je pense que nous avons besoin, toujours, de nous mobiliser pour une chose commune, pour une communaut\u00e9. On ne peut pas se r\u00e9aliser en \u00e9tant enferm\u00e9 dans son propre \u00e9go\u00efsme, dans sa propre carri\u00e8re. On doit aussi participer \u00e0 l&rsquo;humanit\u00e9 et c&rsquo;est une des raisons, je crois, qui m&rsquo;ont maintenu alerte jusqu&rsquo;\u00e0 mon \u00e2ge. [&#8230;] <\/span><\/p>\n<p style=\"margin-left: 28pt;\"><span style=\"color: #c00000; font-family: Arial;\">Surtout, il y a l&rsquo;absence de conscience lucide que l&rsquo;on marche vers l&rsquo;ab\u00eeme. Ce que je dis n&rsquo;est pas fataliste. Je cite souvent la parole du po\u00e8te <strong>H\u00f6lderlin<\/strong> qui dit que \u00ab<strong>l\u00e0 o\u00f9 cro\u00eet le p\u00e9ril cro\u00eet aussi ce qui sauve<\/strong>\u00bb. Donc, je pense quand m\u00eame qu&rsquo;il y a encore espoir. [&#8230;]<br \/>\nCe qui me frappe beaucoup, c&rsquo;est que nous sommes \u00e0 un moment o\u00f9 nous avons, tous les humains, une communaut\u00e9 de destin \u2013 et la pand\u00e9mie en est la preuve, on a tous subi la m\u00eame chose de la Nouvelle-Z\u00e9lande \u00e0 la Chine et \u00e0 l&rsquo;Europe. On a subi les m\u00eames dangers physiques, personnels, sociaux, politiques. On a v\u00e9cu des p\u00e9riodes sombres comme l&rsquo;Occupation o\u00f9 pendant des ann\u00e9es, il n&rsquo;y avait pas d&rsquo;espoir, jusqu&rsquo;\u00e0 ce qu&rsquo;arrive le miracle de la d\u00e9fense de Moscou et de l&rsquo;entr\u00e9e en guerre des \u00c9tats-Unis. Donc l&rsquo;improbable arrive dans l&rsquo;histoire. Des \u00e9v\u00e8nements heureux arrivent. Parfois, ils n&rsquo;ont qu&rsquo;un sens limit\u00e9, mais quand m\u00eame important. [&#8230;]<\/span><\/p>\n<p style=\"margin-left: 28pt;\"><span style=\"color: #c00000; font-family: Arial;\">Dans le fond, il y a toujours la lutte entre ce qu&rsquo;on peut appeler les forces d&rsquo;union, d&rsquo;association, d&rsquo;amiti\u00e9, Eros, et les forces contraires de destruction et de mort, Thanatos. C&rsquo;est le conflit depuis l&rsquo;origine de l&rsquo;univers o\u00f9 les atomes s&rsquo;associent et o\u00f9 les \u00e9toiles se d\u00e9truisent, se font bouffer par les trous noirs. Vous avez partout l&rsquo;union et la mort. Vous l&rsquo;avez dans la nature physique, vous l&rsquo;avez dans le monde humain. Moi, je dis aux gens, aux jeunes : prenez parti pour les forces positives, les forces d&rsquo;union, d&rsquo;association, d&rsquo;amour, et luttez contre toutes les forces de destruction, de haine et de m\u00e9pris.\u00a0\u00bb<\/span><\/p>\n<p style=\"margin-left: 28pt;\"><a href=\"https:\/\/lemotdujour.fr\/wp-content\/uploads\/2021\/08\/09-Demain.mp3\"><span style=\"color: #c00000; font-family: Arial;\"><strong><span style=\"color: #777777; font-family: Arial;\"><span style=\"color: #0000ff;\">Demain nous n\u2019aurons plus peur de voir se lever le jour<\/span>.<\/span><\/strong><\/span><\/a><\/p>\n<p><span style=\"color: maroon; font-family: Arial;\">&lt;1605&gt;<\/span><\/p>\n","protected":false},"excerpt":{"rendered":"<p>\u00ab\u00a0Demain nous n&rsquo;aurons plus peur de voir se lever le jour.\u00a0\u00bb Georges Moustaki C&rsquo;\u00e9tait \u00e0 la fin d&rsquo;une \u00e9mission de radio, il y a plus d&rsquo;un an d\u00e9j\u00e0, le pr\u00e9sentateur a alors annonc\u00e9 une chanson de Georges Moustaki\u00a0: \u00ab\u00a0Demain\u00a0\u00bb Moustaki<\/p>\n","protected":false},"author":1,"featured_media":0,"comment_status":"open","ping_status":"closed","sticky":false,"template":"","format":"standard","meta":{"footnotes":""},"categories":[1],"tags":[193,17,128],"class_list":["post-12022","post","type-post","status-publish","format-standard","hentry","category-motdujour","tag-chanson","tag-histoire","tag-japon"],"_links":{"self":[{"href":"https:\/\/lemotdujour.fr\/index.php?rest_route=\/wp\/v2\/posts\/12022","targetHints":{"allow":["GET"]}}],"collection":[{"href":"https:\/\/lemotdujour.fr\/index.php?rest_route=\/wp\/v2\/posts"}],"about":[{"href":"https:\/\/lemotdujour.fr\/index.php?rest_route=\/wp\/v2\/types\/post"}],"author":[{"embeddable":true,"href":"https:\/\/lemotdujour.fr\/index.php?rest_route=\/wp\/v2\/users\/1"}],"replies":[{"embeddable":true,"href":"https:\/\/lemotdujour.fr\/index.php?rest_route=%2Fwp%2Fv2%2Fcomments&post=12022"}],"version-history":[{"count":14,"href":"https:\/\/lemotdujour.fr\/index.php?rest_route=\/wp\/v2\/posts\/12022\/revisions"}],"predecessor-version":[{"id":12703,"href":"https:\/\/lemotdujour.fr\/index.php?rest_route=\/wp\/v2\/posts\/12022\/revisions\/12703"}],"wp:attachment":[{"href":"https:\/\/lemotdujour.fr\/index.php?rest_route=%2Fwp%2Fv2%2Fmedia&parent=12022"}],"wp:term":[{"taxonomy":"category","embeddable":true,"href":"https:\/\/lemotdujour.fr\/index.php?rest_route=%2Fwp%2Fv2%2Fcategories&post=12022"},{"taxonomy":"post_tag","embeddable":true,"href":"https:\/\/lemotdujour.fr\/index.php?rest_route=%2Fwp%2Fv2%2Ftags&post=12022"}],"curies":[{"name":"wp","href":"https:\/\/api.w.org\/{rel}","templated":true}]}}