{"id":1202,"date":"2015-08-21T02:00:00","date_gmt":"2015-08-20T22:00:00","guid":{"rendered":"http:\/\/lemotdujour.fr\/?p=1202"},"modified":"2017-05-08T13:26:15","modified_gmt":"2017-05-08T11:26:15","slug":"vendredi-21-aout-2015","status":"publish","type":"post","link":"https:\/\/lemotdujour.fr\/?p=1202","title":{"rendered":"Vendredi 21 Ao\u00fbt 2015"},"content":{"rendered":"<div class=\"mdjDate\">Vendredi 21 Ao\u00fbt 2015<\/div>\n<div class=\"mdjTexte\">\u00abComment para\u00eetre intelligent ? \u00bb<\/div>\n<div class=\"mdjAuteur\">Pierre M\u00e9nard<\/div>\n<div class=\"mdjComplements\">Hier, je parlais de l&rsquo;injonction d&rsquo;\u00eatre productif, actif, tout le temps m\u00eame pendant les p\u00e9riodes de loisirs et de vacances.<\/div>\n<div class=\"mdjComplements\">Il existe une autre injonction qui nous est faite de mani\u00e8re constante, celle d&rsquo;\u00eatre intelligent.<\/div>\n<div class=\"mdjComplements\">En juillet, j&rsquo;ai eu le privil\u00e8ge d&rsquo;accueillir un jeune homme brillant et destinataire des mots du jour.<\/div>\n<div class=\"mdjComplements\">Me laissant aller \u00e0 mon penchant naturel de la d\u00e9rision et de l&rsquo;humour simple, accoutr\u00e9 en outre d&rsquo;habits offensant l&rsquo;\u00e9l\u00e9gance avec pour couronnement une casquette dont je reconnais moi-m\u00eame le ridicule, ce gar\u00e7on observateur a \u00e9mis cette observation perspicace et malicieuse : \u00abQuand on te voit, on se demande vraiment si c&rsquo;est toi qui \u00e9cris les mots du jour.\u00bb<\/div>\n<div class=\"mdjComplements\">Tout en \u00e9tant ridicule, j&rsquo;ai de la r\u00e9parti et de la m\u00e9moire et j&rsquo;ai donc pu objecter le tout premier mot du jour de la s\u00e9rie [du 9 octobre 2012] : \u00ab Il vaut mieux mobiliser son intelligence sur des conneries, que mobiliser sa connerie sur des choses intelligentes \u00bb (Devise Shadok)<\/div>\n<div class=\"mdjComplements\">Mais cette interpellation judicieuse et avis\u00e9e m&rsquo;a fait comprendre l&rsquo;importance de para\u00eetre intelligent (le fait d&rsquo;\u00eatre r\u00e9ellement intelligent est davantage question subjective et pol\u00e9mique que d\u00e9monstration scientifique.)<\/div>\n<div class=\"mdjComplements\">Chance, un homme, Pierre M\u00e9nard, a \u00e9tudi\u00e9 ce probl\u00e8me et a \u00e9crit <a href=\"http:\/\/www.huffingtonpost.fr\/pierre-menard\/comment-paraitre-intelligent_b_6746402.html\">un article sur le Huffington Post <\/a>dont je partage avec vous les extraits qui me semblent les plus \u00e9clairants sur cette probl\u00e9matique qui nous concerne tous :<\/div>\n<div class=\"mdjCiter\">\u00abOn se plaint avec raison des discriminations qui touchent les femmes, les noirs, les homosexuels, les petits, les roux, les gros&#8230; et ceux qui ont le malheur d&rsquo;\u00eatre tout cela \u00e0 la fois. Pourtant, il existe une discrimination bien plus odieuse, et d&rsquo;autant plus scandaleuse qu&rsquo;elle est socialement accept\u00e9e: celle qui frappe les imb\u00e9ciles.<\/div>\n<div class=\"mdjCiter\">Peut-\u00eatre passe-t-elle inaper\u00e7ue en raison de son importance m\u00eame. Depuis deux si\u00e8cles, l&rsquo;esprit a en effet supplant\u00e9 la naissance pour l&rsquo;acc\u00e8s aux situations les plus enviables. Si Saint-Simon pouvait s&rsquo;offusquer au XVIIe si\u00e8cle de voir des \u00ab gens sans naissance \u00bb acc\u00e9der au pouvoir et se boucher le nez au passage des roturiers, personne ne se vante aujourd&rsquo;hui d&rsquo;atteindre une quelconque position en raison du carnet d&rsquo;adresses de ses parents. La m\u00e9ritocratie a triomph\u00e9, et rares sont ceux qui songeraient \u00e0 la remettre en cause.<\/div>\n<div class=\"mdjCiter\">Parall\u00e8lement, l&rsquo;enseignement s&rsquo;est \u00e9tendu jusqu&rsquo;aux couches les plus humbles de la population et le monde de l&rsquo;entreprise a supplant\u00e9 l&rsquo;organisation traditionnelle des soci\u00e9t\u00e9s ; l&rsquo;artisan, le paysan ou le soldat (dont l&rsquo;activit\u00e9 intellectuelle \u00e9tait loin d&rsquo;\u00eatre d\u00e9bordante) disparaissant au profit du cadre. M\u00ealant m\u00e9ritocratie et lib\u00e9ralisme, la soci\u00e9t\u00e9 est devenue une gigantesque machine \u00e0 classer, soumettant ses sujets \u00e0 un tri permanent de la cr\u00e8che \u00e0 la maison de retraite.<\/div>\n<div class=\"mdjCiter\">La cons\u00e9quence est que l&rsquo;intelligence est pass\u00e9e de luxe \u00e0 n\u00e9cessit\u00e9. Pendant longtemps, on ne demandait pas \u00e0 un homme (encore moins \u00e0 une femme), \u00e0 quelques exceptions pr\u00e8s, d&rsquo;\u00eatre dou\u00e9 d&rsquo;un esprit particuli\u00e8rement profond, mais, selon les classes et les \u00e9poques, d&rsquo;\u00eatre bien n\u00e9, riche, pieux, courageux, travailleur ou docile.<\/div>\n<div class=\"mdjCiter\">Plus encore qu&rsquo;un luxe, l&rsquo;intelligence pouvait m\u00eame \u00eatre un vice. L&rsquo;\u00eatre intelligent, par sa promptitude \u00e0 tout remettre en question, constitue ind\u00e9niablement une menace pour toute soci\u00e9t\u00e9 dont le fondement est la tradition plut\u00f4t que le changement. [&#8230;]<\/div>\n<div class=\"mdjCiter\">Or, il est triste de l&rsquo;admettre, mais cette facult\u00e9 ne concerne fatalement qu&rsquo;un petit nombre d&rsquo;\u00e9lus. Stultorum numerus est infinitus, \u00ab\u00a0le nombre des sots est infini\u00a0\u00bb, lit-on d\u00e9j\u00e0 dans la Bible (Eccl\u00e9siaste, I, 15).<\/div>\n<div class=\"mdjCiter\">[&#8230;] Le langage lui-m\u00eame vient confirmer la pr\u00e9gnance de la b\u00eatise, puisque si l&rsquo;on ne trouve que quelques \u00e9quivalents du mot intelligence (esprit, entendement, g\u00e9nie), ceux concernant l&rsquo;imb\u00e9cillit\u00e9 sont innombrables: ignorant, inculte, incomp\u00e9tent, incapable, primitif, arri\u00e9r\u00e9, b\u00eate, abruti, brute, ahuri, balourd, ben\u00eat, born\u00e9, bouch\u00e9, idiot, imb\u00e9cile, gourde, lourdaud, fruste, gauche, stupide, obtus, butor, sot, grossier&#8230; pour ne citer que les plus polis.<\/div>\n<div class=\"mdjCiter\">[&#8230;] Soyons clair, il sera difficile de devenir intelligent. Aucun traitement ne pourra vous permettre d&rsquo;y rem\u00e9dier en profondeur [&#8230;] Vous ne serez pas le premier \u00e0 le faire. Napol\u00e9on, pour ne citer que lui, faisait retoucher ses portraits pour y grossir la taille de sa t\u00eate, l\u00e9g\u00e8rement plus petite que la moyenne, afin de faire ressortir son g\u00e9nie \u00e0 une \u00e9poque o\u00f9 l&rsquo;on pensait que l&rsquo;intellect \u00e9tait fonction de la forme et de la taille du cr\u00e2ne.<\/div>\n<div class=\"mdjCiter\">[premier conseil]\u00a0 faites l&rsquo;acquisition d&rsquo;une paire de lunettes. Conseil basique, certes, mais efficace.<\/div>\n<div class=\"mdjCiter\">Montesquieu affirme ainsi dans les Lettres persanes (1721) qu&rsquo;un homme qui porte des lunettes ne peut pas \u00eatre un fat. [&#8230;] L&rsquo;id\u00e9e avanc\u00e9e par Montesquieu est loin d&rsquo;\u00eatre une boutade. Mme d&rsquo;Aulnoy remarque au milieu du XVIIIe si\u00e8cle que les riches espagnols ont coutume, pour avoir l&rsquo;air intelligent, de porter des lunettes, bien que cela leur soit inutile. Jacques Chirac se serait lui-m\u00eame pr\u00eat\u00e9 au jeu pour renforcer sa cr\u00e9dibilit\u00e9 au d\u00e9but de sa carri\u00e8re, poussant para\u00eet-il le vice jusqu&rsquo;\u00e0 poser pour des photos de campagne \u00e9lectorale avec une monture d\u00e9pourvue de verres afin d&rsquo;\u00e9viter les reflets. Les grands avocats am\u00e9ricains recommandent eux aussi fortement \u00e0 leurs clients de venir aux proc\u00e8s affubl\u00e9s de besicles selon le New York Daily News. Un homme ayant besoin de correction est en effet jug\u00e9 plus fiable, plus intelligent et surtout plus int\u00e8gre que les autres.\u00bb<\/div>\n<div class=\"mdjComplements\">Comme Pierre M\u00e9nard n&rsquo;est pas totalement stupide, il arr\u00eate sur ce point son article gratuit et renvoie vers son livre payant pour distiller d&rsquo;autres conseils. Ce livre a le m\u00eame titre <a href=\"http:\/\/livre.fnac.com\/a7868182\/Pierre-Menard-Comment-paraitre-intelligent\">\u00ab Comment para\u00eetre intelligent ? \u00bb mais avec cette pr\u00e9cision \u00abOu Petit br\u00e9viaire destin\u00e9 \u00e0 ceux qui ne le sont pas, \u00e9crit par quelqu&rsquo;un qui aurait besoin de le lire \u00bb<\/a><\/div>\n<div class=\"mdjComplements\">Toutefois, il \u00e9tait aussi l&rsquo;invit\u00e9, avec d&rsquo;autres de l&rsquo;\u00e9mission de France Culture : Comment revenir plus intelligent \u00e0 la rentr\u00e9e : <a href=\"http:\/\/www.franceculture.fr\/emission-du-grain-a-moudre-comment-revenir-plus-intelligent-a-la-rentree-2015-07-02\">http:\/\/www.franceculture.fr\/emission-du-grain-a-moudre-comment-revenir-plus-intelligent-a-la-rentree-2015-07-02<\/a><\/div>\n<div class=\"mdjComplements\">Dans cette \u00e9mission, Elena Pasquinelli, philosophe, charg\u00e9e de recherches au sein du d\u00e9partement de sciences cognitives de l&rsquo;\u00c9cole Normale Sup\u00e9rieure a d\u00e9finitivement mis fin \u00e0 cette l\u00e9gende : \u00ab\u00a0Nous utilisons bien 100% de notre cerveau et non pas 10% comme le pr\u00e9tendent des sots qui n&rsquo;ont aucune comp\u00e9tence en science cognitive\u00a0\u00bb<\/div>\n<div class=\"mdjComplements\">Elle a \u00e9galement totalement \u00e9cart\u00e9 ces conseils qui sont prodigu\u00e9s dans nombre de magazines par exemple manger des fruits secs&#8230;<\/div>\n<div class=\"mdjComplements\">A priori pour am\u00e9liorer son intelligence, il faut surtout l&rsquo;utiliser en lisant, en restant curieux, en m\u00e9ditant&#8230;<\/div>\n<div class=\"mdjComplements\">Mais notre conseiller en \u00ab\u00a0para\u00eetre\u00a0\u00bb a ajout\u00e9 un autre conseil pour para\u00eetre intelligent : \u00ab apprendre par c\u0153ur des citations et les prodiguer \u00e0 bon escient dans les conversations.\u00bb<\/div>\n<div class=\"mdjComplements\">Dans ce cas, je vous conseille d&rsquo;apprendre quelques-uns des mots du jour et de les replacer habilement.<\/div>\n<div class=\"mdjComplements\">Il n&rsquo;en reste pas moins que c&rsquo;est un exercice quotidien d&rsquo;\u00ab essayer de para\u00eetre intelligent.\u00bb<\/div>\n","protected":false},"excerpt":{"rendered":"<p>Vendredi 21 Ao\u00fbt 2015 \u00abComment para\u00eetre intelligent ? \u00bb Pierre M\u00e9nard Hier, je parlais de l&rsquo;injonction d&rsquo;\u00eatre productif, actif, tout le temps m\u00eame pendant les p\u00e9riodes de loisirs et de vacances. Il existe une autre injonction qui nous est faite<\/p>\n","protected":false},"author":1,"featured_media":0,"comment_status":"closed","ping_status":"closed","sticky":false,"template":"","format":"standard","meta":{"footnotes":""},"categories":[1],"tags":[],"class_list":["post-1202","post","type-post","status-publish","format-standard","hentry","category-motdujour"],"_links":{"self":[{"href":"https:\/\/lemotdujour.fr\/index.php?rest_route=\/wp\/v2\/posts\/1202","targetHints":{"allow":["GET"]}}],"collection":[{"href":"https:\/\/lemotdujour.fr\/index.php?rest_route=\/wp\/v2\/posts"}],"about":[{"href":"https:\/\/lemotdujour.fr\/index.php?rest_route=\/wp\/v2\/types\/post"}],"author":[{"embeddable":true,"href":"https:\/\/lemotdujour.fr\/index.php?rest_route=\/wp\/v2\/users\/1"}],"replies":[{"embeddable":true,"href":"https:\/\/lemotdujour.fr\/index.php?rest_route=%2Fwp%2Fv2%2Fcomments&post=1202"}],"version-history":[{"count":1,"href":"https:\/\/lemotdujour.fr\/index.php?rest_route=\/wp\/v2\/posts\/1202\/revisions"}],"predecessor-version":[{"id":1203,"href":"https:\/\/lemotdujour.fr\/index.php?rest_route=\/wp\/v2\/posts\/1202\/revisions\/1203"}],"wp:attachment":[{"href":"https:\/\/lemotdujour.fr\/index.php?rest_route=%2Fwp%2Fv2%2Fmedia&parent=1202"}],"wp:term":[{"taxonomy":"category","embeddable":true,"href":"https:\/\/lemotdujour.fr\/index.php?rest_route=%2Fwp%2Fv2%2Fcategories&post=1202"},{"taxonomy":"post_tag","embeddable":true,"href":"https:\/\/lemotdujour.fr\/index.php?rest_route=%2Fwp%2Fv2%2Ftags&post=1202"}],"curies":[{"name":"wp","href":"https:\/\/api.w.org\/{rel}","templated":true}]}}