{"id":12007,"date":"2021-08-06T00:49:37","date_gmt":"2021-08-05T22:49:37","guid":{"rendered":"http:\/\/lemotdujour.fr\/?p=12007"},"modified":"2021-11-12T20:49:51","modified_gmt":"2021-11-12T19:49:51","slug":"vendredi-06-aout-2021","status":"publish","type":"post","link":"https:\/\/lemotdujour.fr\/?p=12007","title":{"rendered":"Vendredi 06 ao\u00fbt 2021"},"content":{"rendered":"<div class=\"mdjTexte\">\u00ab\u00a0La dignit\u00e9 [\u2026] est ce qui nous permet de traverser la vie en se sentant digne de cette petite parenth\u00e8se qui est l&rsquo;existence.\u00a0\u00bb<\/div>\n<div class=\"mdjAuteur\">Gael Faye<\/div>\n<p><span style=\"color: #777777; font-family: Arial;\">Ga\u00ebl Faye est tutsi. Enfin, sa m\u00e8re est rwandaise et tutsi. Son p\u00e8re est fran\u00e7ais et natif de Lyon.<br \/>\n<\/span><\/p>\n<p><span style=\"color: #777777; font-family: Arial;\">Il est n\u00e9 en 1982 \u00e0 Bujumbura au Burundi, l&rsquo;\u00e9tat voisin du Rwanda.<br \/>\n<\/span><\/p>\n<p><span style=\"color: #777777; font-family: Arial;\">Il avait 12 ans, en 1994 quand le g\u00e9nocide et les massacres des tutsis par l&rsquo;ethnie majoritaire des hutus se sont r\u00e9alis\u00e9s.<br \/>\n<\/span><\/p>\n<p><span style=\"color: #777777; font-family: Arial;\">Il fuit son pays natal pour la France, \u00e0 l&rsquo;\u00e2ge de treize ans.<br \/>\n<\/span><\/p>\n<p><img decoding=\"async\" class=\"alignleft\" src=\"https:\/\/lemotdujour.fr\/wp-content\/uploads\/2021\/08\/080521_2242_Vendredi06a1.jpg\" alt=\"\" align=\"left\" \/><span style=\"color: #777777; font-family: Arial;\">Il a racont\u00e9 son histoire partiellement dans un roman autobiographique \u00ab\u00a0<a href=\"https:\/\/www.grasset.fr\/livres\/petit-pays-remev-9782246857334\"><span style=\"color: #0000ff;\">Petit Pays<\/span>\u00a0<\/a>\u00bb<br \/>\n<\/span><\/p>\n<p><span style=\"color: #777777; font-family: Arial;\">Ce roman publi\u00e9 en ao\u00fbt 2016, re\u00e7oit de nombreux prix\u00a0:<br \/>\n<\/span><\/p>\n<ul>\n<li><span style=\"color: #777777; font-family: Arial;\">Le prix Goncourt des lyc\u00e9ens<br \/>\n<\/span><\/li>\n<li><span style=\"color: #777777; font-family: Arial;\">Le Prix du roman Fnac<br \/>\n<\/span><\/li>\n<li><span style=\"color: #777777; font-family: Arial;\">Le Prix du premier roman fran\u00e7ais,<br \/>\n<\/span><\/li>\n<li><span style=\"color: #777777; font-family: Arial;\">Le prix du roman des \u00e9tudiants France Culture-T\u00e9l\u00e9rama<br \/>\n<\/span><\/li>\n<\/ul>\n<p><span style=\"color: #777777; font-family: Arial;\">Ce livre va permettre \u00e0 Ga\u00ebl Faye de gagner en notori\u00e9t\u00e9.<br \/>\n<\/span><\/p>\n<p><span style=\"color: #777777; font-family: Arial;\">Mais sa premi\u00e8re passion est la musique. <\/span><span style=\"color: #777777; font-family: Arial;\">Il est y entr\u00e9 par le rap.<br \/>\n<\/span><\/p>\n<p><span style=\"color: #777777; font-family: Arial;\">Le rap est un moyen d&rsquo;expression assez \u00e9loign\u00e9 de ma sensibilit\u00e9.<br \/>\n<\/span><\/p>\n<p><span style=\"color: #777777; font-family: Arial;\">Mais Gael Faye a dans son dernier album \u00ab<span style=\"color: #0000ff;\"><a style=\"color: #0000ff;\" href=\"https:\/\/www.fnac.com\/a15070709\/Gael-Faye-Lundi-Mechant-CD-album\">\u00a0Lundi m\u00e9chant\u00a0<\/a><\/span>\u00bb fait beaucoup de chemin vers ma sensibilit\u00e9.<br \/>\n<\/span><\/p>\n<p><span style=\"color: #777777; font-family: Arial;\">Je l&rsquo;ai entendu dans les matins de France Culture du 15 juillet 2021 invit\u00e9 par Chlo\u00eb Cambreling <span style=\"color: #0000ff;\">&lt;<a style=\"color: #0000ff;\" href=\"https:\/\/www.franceculture.fr\/emissions\/linvitee-des-matins\/gael-faye-est-linvite-des-matins-dete-0\">Les mots ont toujours \u00e9t\u00e9 mes petites armes d\u00e9risoires pour r\u00e9sister<\/a>&gt;<\/span><br \/>\n<\/span><\/p>\n<p><span style=\"color: #777777; font-family: Arial;\">J&rsquo;ai aim\u00e9 sa voix douce et l&rsquo;intelligence de ce qu&rsquo;il disait.<br \/>\n<\/span><\/p>\n<p><span style=\"color: #777777; font-family: Arial;\">La profondeur et la beaut\u00e9 des textes qu&rsquo;il chante m&rsquo;ont touch\u00e9.<br \/>\n<\/span><\/p>\n<p><span style=\"color: #777777; font-family: Arial;\">Et pour la musique, il a expliqu\u00e9 pour cet album qui est son deuxi\u00e8me, qu&rsquo;il a d&rsquo;abord commenc\u00e9 par la musique avant de poser des paroles, le contraire de ce qu&rsquo;il faisait jusqu&rsquo;alors. Et il a ajout\u00e9 :<br \/>\n<\/span><\/p>\n<p style=\"margin-left: 28pt;\"><span style=\"color: #c00000; font-family: Arial;\">\u00ab Cela a apport\u00e9 plus de musicalit\u00e9 que j&rsquo;avais l&rsquo;habitude de faire. Cela a apport\u00e9 plus de respiration. J&rsquo;ai eu moins peur des silences. Il y a un travail avec le temps pour apprivoiser le silence. Je viens d&rsquo;une musique qui est une transe de mots. Le rap c&rsquo;est une transe de mots. Plus le temps passe, plus je me rapproche d&rsquo;une fa\u00e7on de composer qui ressemble \u00e0 ce qu&rsquo;on peut faire quand on \u00e9crit une chanson. J&rsquo;ai l&rsquo;impression de me renouveler. De redonner un souffle \u00e0 mon envie de fabriquer des chansons. [\u2026] On peut dire autant de chose en creux que de fa\u00e7on frontale. Et les silences qui peuvent exister, les instruments qui peuvent s&rsquo;exprimer cela peut raconter une histoire. [\u2026] Il y a quelques ann\u00e9es, j&rsquo;aurais pris les quatre temps pour mettre des mots, et \u00e7a c&rsquo;est un travail qui m&rsquo;int\u00e9resse de plus en plus. [ne pas saturer le temps par des mots] \u00bb<br \/>\n<\/span><\/p>\n<p><span style=\"color: #777777; font-family: Arial;\">Ne pas saturer l&rsquo;espace et le temps par des mots.<br \/>\n<\/span><\/p>\n<p><span style=\"color: #777777; font-family: Arial;\">Laisser la place au silence, car le silence est aussi musique.<br \/>\n<\/span><\/p>\n<p><span style=\"color: #777777; font-family: Arial;\">Schubert et Beethoven ne disaient pas autre chose.<br \/>\n<\/span><\/p>\n<p><span style=\"color: #777777; font-family: Arial;\">Il a donc pr\u00e9sent\u00e9 pendant cette \u00e9mission son album paru le 6 novembre 2020, mais qu&rsquo;il n&rsquo;a pu commencer \u00e0 chanter en public que r\u00e9cemment,\u00a0 pour les motifs que vous connaissez.<br \/>\n<\/span><\/p>\n<p><span style=\"color: #777777; font-family: Arial;\">J&rsquo;ai d&rsquo;abord \u00e9t\u00e9 s\u00e9duit par cette chanson \u00ab\u00a0<strong>Respire<\/strong>\u00a0\u00bb<br \/>\n<\/span><\/p>\n<p><span style=\"color: #777777; font-family: Arial;\">Le texte stimulant qui exprime toutes les agressions et aussi les d\u00e9fis auxquels nous sommes soumis et cet appel \u00e0 la s\u00e9r\u00e9nit\u00e9 qui passe par le souffle, la respiration.<br \/>\n<\/span><br \/>\n<a href=\"https:\/\/www.youtube.com\/watch?v=zPJBIt31OH8\"><img decoding=\"async\" class=\"alignright\" src=\"https:\/\/lemotdujour.fr\/wp-content\/uploads\/2021\/08\/080521_2242_Vendredi06a2.jpg\" alt=\"\" align=\"left\" border=\"0\" \/><\/a><span style=\"color: #c00000; font-family: Arial;\">\u00ab\u00a0Respire, respire, respire, esp\u00e8re\u2026<\/span><\/p>\n<p><span style=\"color: #c00000; font-family: Arial;\">Encore l&rsquo;insomnie, sonnerie du matin<br \/>\nLe corps engourdi, toujours endormi, miroir, salle de bain<br \/>\nTriste face-\u00e0-face, angoisse du r\u00e9veil<br \/>\nReflet dans la glace, les ann\u00e9es qui passent ternissent le soleil (OK)<\/span><\/p>\n<p><span style=\"color: #c00000; font-family: Arial;\">Aux flashs d&rsquo;infos : les crises, le ch\u00f4mage<br \/>\nLa fonte des glaces, les particules fines\u2026<\/span><\/p>\n<p><span style=\"color: #c00000; font-family: Arial;\">Courir apr\u00e8s l&rsquo;heure, les rames bond\u00e9es<br \/>\nLes bastons d&rsquo;regards, la vie c&rsquo;est l&rsquo;usine<br \/>\nHamster dans sa roue<br \/>\nP&rsquo;tit chef, grand bourreau<br \/>\nFaire la queue partout, font la gueule partout<br \/>\nLa vie c&rsquo;est robot<\/span><\/p>\n<p><span style=\"color: #c00000; font-family: Arial;\">T&rsquo;as le souffle court (respire)<br \/>\nQuand rien n&rsquo;est facile (respire)<br \/>\nM\u00eame si tu te perds (respire)<br \/>\nEt si tout empire (esp\u00e8re)\u00a0\u00bb<\/span><\/p>\n<p><span style=\"color: #777777; font-family: Arial;\">Il dit que son album est un album tendre\u00a0:<br \/>\n<\/span><\/p>\n<p style=\"margin-left: 28pt;\"><span style=\"color: #c00000; font-family: Arial;\">\u00ab\u00a0La tendresse c&rsquo;est pour l&rsquo;id\u00e9e d&rsquo;un amour qui est ancr\u00e9 dans le quotidien. Qui ne s&rsquo;use pas. Qui se renouvelle tous les jours, avec de petits gestes. Et chalouper c&rsquo;est tout \u00e0 fait la chanson qui r\u00e9sume cet album. Parce qu&rsquo;on veut reprendre du plaisir et pas oublier la fugacit\u00e9 des instants et leur importance. D&rsquo;ailleurs j&rsquo;aime terminer les concerts par la chanson <strong>chalouper<\/strong>\u00a0\u00bb<br \/>\n<\/span><\/p>\n<p><span style=\"color: #777777; font-family: Arial;\">Cette chanson qui \u00e9voque la vieillesse, la tendresse et ce besoin jamais rassasi\u00e9 d&rsquo;\u00eatre ensemble de se toucher, de bouger ensemble\u00a0:<br \/>\n<\/span><\/p>\n<p style=\"margin-left: 28pt;\"><span style=\"color: #c00000; font-family: Arial;\">\u00ab<\/span><a href=\"https:\/\/www.youtube.com\/watch?v=6OIQVbiY5J0\"><img decoding=\"async\" class=\"alignright\" src=\"https:\/\/lemotdujour.fr\/wp-content\/uploads\/2021\/08\/080521_2242_Vendredi06a3.jpg\" alt=\"\" align=\"left\" border=\"0\" \/><\/a><span style=\"color: #c00000; font-family: Arial;\">Un jour viendra le corps tass\u00e9<br \/>\nLes parchemins sur nos visages<br \/>\nCeux qui racontent la vie pass\u00e9e<br \/>\nTous les succ\u00e8s et les naufrages<br \/>\nEt nos mains qui tremblent au vent<br \/>\nComme des biguines au pas l\u00e9ger<br \/>\nContinueront de battre le temps<br \/>\nSous des soleils endimanch\u00e9s<br \/>\nUn jour viendra on f&rsquo;ra vieux os<br \/>\nDes b\u00e9gonias sur le balcon<br \/>\nUn petit air de calypso<br \/>\nPhoto s\u00e9pia dans le salon<br \/>\nMalgr\u00e9 la vie, le temps pass\u00e9<br \/>\nMalgr\u00e9 la jeunesse fatigu\u00e9e<br \/>\nPersonne ne pourra emp\u00eacher<br \/>\nNos corps us\u00e9s de chalouper<\/span><\/p>\n<p style=\"margin-left: 28pt;\"><span style=\"color: #c00000; font-family: Arial;\">Chalouper, chalouper<br \/>\nChalouper, chalouper<br \/>\nChalouper, chalouper<br \/>\n&#8230;\u00bb<\/span><\/p>\n<p><span style=\"color: #777777; font-family: Arial;\">J&rsquo;ai \u00e9t\u00e9 s\u00e9duit par la musique, mais ce qui frappe d&rsquo;abord c&rsquo;est la qualit\u00e9 des textes.<br \/>\n<\/span><\/p>\n<p><span style=\"color: #777777; font-family: Arial;\">Il avait aussi \u00e9t\u00e9 l&rsquo;invit\u00e9 le 19 novembre de <strong>Tewfik Hakem <\/strong>dans son \u00e9mission<strong> \u00ab\u00a0le R\u00e9veil culturel\u00a0\u00bb\u00a0: <\/strong> &lt;\u00a0<a href=\"https:\/\/www.franceculture.fr\/emissions\/le-reveil-culturel\/gael-faye-lorsque-jetais-enfant-au-burundi-la-tele-nous-parlait-du-monde-mais-jamais-de-nous\"><span style=\"color: #0000ff;\">Parler de choses graves avec des musiques douces<\/span><\/a>&gt; vient de la culture de la retenue dans laquelle j&rsquo;ai grandi au Rwanda\u00a0\u00bb<br \/>\n<\/span><\/p>\n<p><span style=\"color: #777777; font-family: Arial;\">Sur la page du site, il est cit\u00e9\u00a0:<br \/>\n<\/span><\/p>\n<p style=\"margin-left: 28pt;\"><span style=\"color: #c00000; font-family: Arial;\">\u00ab\u00a0J&rsquo;\u00e9cris pour garder une trace. Tout dispara\u00eet \u00e0 une vitesse incroyable, la m\u00e9moire efface tout. Ma famille a connu des g\u00e9nocides, on a disparu en masse. Des pans entiers d&rsquo;histoires humaines ont \u00e9t\u00e9 an\u00e9antis. Mon p\u00e8re est fran\u00e7ais, ma m\u00e8re est rwandaise mais j&rsquo;ai grandi avec mon p\u00e8re dans un petit pays d&rsquo;Afrique Centrale, o\u00f9 \u00eatre m\u00e9tis n&rsquo;a pas de r\u00e9alit\u00e9 : j&rsquo;\u00e9tais un petit Blanc. Puis subitement en France je suis devenu Noir. C&rsquo;est sans doute \u00e0 cause de ce sentiment de me sentir perp\u00e9tuellement \u00e0 la marge que je me suis b\u00e2ti sur l&rsquo;\u00e9criture.\u00a0\u00bb<br \/>\n<em>Ga\u00ebl Faye<br \/>\n<\/em><\/span><\/p>\n<p><span style=\"color: #777777; font-family: Arial;\">S&rsquo;il y a de la tendresse, il y aussi de la r\u00e9volte. Et s&rsquo;il \u00e9crit ses textes il accepte aussi de prendre des textes \u00e9crits par d&rsquo;autres, notamment ce po\u00e8me de Christiane Taubira \u00a0: \u00ab <strong>Seuls et vaincus<\/strong> \u00bb. Il explique que la r\u00e9volte est aussi indispensable que la tendresse<br \/>\n<\/span><\/p>\n<p style=\"margin-left: 28pt;\"><span style=\"color: #c00000; font-family: Arial;\">\u00ab Je cite souvent un professeur d&rsquo;esp\u00e9rance, Ren\u00e9 Depestre, qui m&rsquo;a appris cet \u00e9quilibre important chez l&rsquo;\u00eatre humain entre la r\u00e9volte et la tendresse. Je pense qu&rsquo;il ne peut pas y avoir de la tendresse, s&rsquo;il n&rsquo;y a pas aussi de la r\u00e9volte en face du monde tel qu&rsquo;il ne va pas.<br \/>\n<\/span><\/p>\n<p style=\"margin-left: 28pt;\"><span style=\"color: #c00000; font-family: Arial;\">On peut d\u00e9ployer son amour que si on est aussi r\u00e9volt\u00e9 par les injustices, dans ce monde qui nous met en position de domin\u00e9. Il faut ce balancier. C&rsquo;est pourquoi je voulais collaborer avec des gens qui ont \u0153uvr\u00e9 toute leur vie entre ces deux positions comme <a href=\"https:\/\/www.rtbf.be\/culture\/musique\/detail_la-musique-de-gael-faye-nous-manquait-il-est-de-retour-avec-lundi-mechant-son-deuxieme-album?id=10640270\"><span style=\"color: #0000ff;\">Harry Belafonte<\/span><\/a> et Christiane Taubira. \u00bb<br \/>\n<\/span><\/p>\n<p><span style=\"color: #777777; font-family: Arial;\">L&rsquo;ancienne ministre dans son texte fustige les x\u00e9nophobes et tous ceux qui m\u00e8nent selon elle un combat d&rsquo;arri\u00e8re-garde.<br \/>\n<\/span><\/p>\n<p><a href=\"https:\/\/www.youtube.com\/watch?v=E0PSjnV-LUY\"><img decoding=\"async\" class=\"alignright\" src=\"https:\/\/lemotdujour.fr\/wp-content\/uploads\/2021\/08\/080521_2242_Vendredi06a4.jpg\" alt=\"\" align=\"left\" border=\"0\" \/><\/a><span style=\"color: #c00000; font-family: Arial;\">\u00abVous finirez seuls et vaincus<br \/>\nSourds aux palpitations du monde<br \/>\n\u00c0 ses hoquets, ses hauts, ses bas<br \/>\nSes haussements d&rsquo;\u00e9paules veules<br \/>\nAu recensement des ossements<br \/>\nQui tapissent le fond des eaux<\/span><\/p>\n<p><span style=\"color: #c00000; font-family: Arial;\">Vous finirez seuls et vaincus<br \/>\nAveugles aux d\u00e9bris tenaces<br \/>\nDe ces vies qui t\u00eatues s&rsquo;enlacent<br \/>\nDe ces amours qui ne se lassent<br \/>\nM\u00eame lac\u00e9r\u00e9es de se hisser<br \/>\n\u00c0 la cime des songeries<br \/>\n[&#8230;]<br \/>\n<span style=\"color: #c00000; font-family: Arial;\">Et vos enfants joyeux et vifs<br \/>\nFeront rondes et farandoles<br \/>\nAvec nos enfants et leurs chants<br \/>\nEt s&rsquo;aimant sans y prendre garde<br \/>\nVous puniront en vous offrant<br \/>\nDes petits-enfants chatoyants<\/span><\/span><\/p>\n<p><span style=\"color: #c00000; font-family: Arial;\">Vous finirez seuls et vaincus<br \/>\nCar invincible est notre ardeur<br \/>\nEt si ardent notre pr\u00e9sent<br \/>\nIncandescent notre avenir<br \/>\nGr\u00e2ce \u00e0 la tendresse qui survit<br \/>\n\u00c0 ce pass\u00e9 simple et compos\u00e9\u00a0\u00bb<\/span><\/p>\n<p><span style=\"color: #777777; font-family: Arial;\">A la fin de l&rsquo;\u00e9mission il donne ce chemin\u00a0:<br \/>\n<\/span><\/p>\n<p style=\"margin-left: 28pt;\"><span style=\"color: #c00000; font-family: Arial;\">\u00ab\u00a0<strong>La dignit\u00e9 c&rsquo;est une valeur qui m&rsquo;importe beaucoup, c&rsquo;est ce qui nous permet de traverser la vie en se sentant digne de cette petite parenth\u00e8se qui est l&rsquo;existence<\/strong>. La f\u00eate permet de transcender la rage en une \u00e9nergie plus grande.\u00a0\u00bb<br \/>\n<\/span><\/p>\n<p><span style=\"color: #777777; font-family: Arial;\">Et il finit son album par cette sublime chanson dans laquelle le texte est d&rsquo;une finesse et d&rsquo;une po\u00e9sie \u00e0 se p\u00e2mer\u00a0:<br \/>\n<\/span><\/p>\n<p><span style=\"color: #777777; font-family: Arial;\">C&rsquo;est une chanson en m\u00e9moire du Rwanda, de son Rwanda\u00a0:<br \/>\n<\/span><\/p>\n<p style=\"margin-left: 28pt;\"><span style=\"color: #c00000; font-family: Arial;\"> \u00ab\u00a0Au-dessus d&rsquo;ces collines s&rsquo;\u00e9l\u00e8ve ma voix \u00e0 jamais<br \/>\n<\/span><span style=\"color: #c00000; font-family: Arial;\">\u00d4 mon petit pays, \u00f4 Rwanda bien-aim\u00e9<br \/>\n<\/span><span style=\"color: #c00000; font-family: Arial;\">Un million de gouttes d&rsquo;eau qui tombent de terre en ciel<br \/>\n<\/span><span style=\"color: #c00000; font-family: Arial;\">Un million de nos tombes en trombes torrentielles<br \/>\n<\/span><\/p>\n<p style=\"margin-left: 28pt;\"><span style=\"color: #c00000; font-family: Arial;\"><a href=\"https:\/\/www.youtube.com\/watch?v=vz5Zhok8AgM\"><img loading=\"lazy\" decoding=\"async\" class=\"size-full wp-image-12005 alignright\" src=\"https:\/\/lemotdujour.fr\/wp-content\/uploads\/2021\/08\/080521_2242_Vendredi06a5.jpg\" alt=\"\" width=\"236\" height=\"236\" srcset=\"https:\/\/lemotdujour.fr\/wp-content\/uploads\/2021\/08\/080521_2242_Vendredi06a5.jpg 236w, https:\/\/lemotdujour.fr\/wp-content\/uploads\/2021\/08\/080521_2242_Vendredi06a5-150x150.jpg 150w, https:\/\/lemotdujour.fr\/wp-content\/uploads\/2021\/08\/080521_2242_Vendredi06a5-230x230.jpg 230w\" sizes=\"auto, (max-width: 236px) 100vw, 236px\" \/><\/a>De nos fosses profondes \u00e0 nos points culminants<br \/>\n<\/span><span style=\"color: #c00000; font-family: Arial;\">Nous sommes debout maintenant les cheveux dans le vent<br \/>\n<\/span><span style=\"color: #c00000; font-family: Arial;\">\u00c0 conjurer le sort qu&rsquo;un d\u00e9sastre engloutit<br \/>\n<\/span><span style=\"color: #c00000; font-family: Arial;\">\u00c0 se dire qu&rsquo;on est fort, qu&rsquo;on vient de l&rsquo;infini<br \/>\n<\/span><\/p>\n<p style=\"margin-left: 28pt;\"><span style=\"color: #c00000; font-family: Arial;\">Je r\u00eave de vous (kwibuka)<br \/>\n<\/span><span style=\"color: #c00000; font-family: Arial;\">I&rsquo;m dreamin&rsquo; of you (kwibuka)<br \/>\n<\/span><\/p>\n<p style=\"margin-left: 28pt;\"><span style=\"color: #c00000; font-family: Arial;\">Je r\u00eave de vous, chanson d&rsquo;un soir d&rsquo;ivoire<br \/>\n<\/span><span style=\"color: #c00000; font-family: Arial;\">Je r\u00eave de vous, mes mots sont d\u00e9risoires<br \/>\n<\/span><span style=\"color: #c00000; font-family: Arial;\">Je r\u00eave de vous quand l&rsquo;Histoire nous \u00e9gare<br \/>\n<\/span><span style=\"color: #c00000; font-family: Arial;\">Je r\u00eave debout au jardin des m\u00e9moires<br \/>\n<\/span><span style=\"color: #c00000; font-family: Arial;\">Et vu que je renais d\u00e9j\u00e0 de nos abysses<br \/>\n<\/span><span style=\"color: #c00000; font-family: Arial;\">Je fais de nos sourires d&rsquo;\u00e9ternelles cicatrices<br \/>\n<\/span><\/p>\n<p style=\"margin-left: 28pt;\"><span style=\"color: #c00000; font-family: Arial;\">[&#8230;]<br \/>\n<\/span><\/p>\n<p style=\"margin-left: 28pt;\"><span style=\"color: #c00000; font-family: Arial;\">Je r\u00eave de vous<br \/>\n<\/span><span style=\"color: #c00000; font-family: Arial;\">Vous mes lumi\u00e8res invaincues<br \/>\n<\/span><span style=\"color: #c00000; font-family: Arial;\">Mon souvenir<br \/>\n<\/span><span style=\"color: #c00000; font-family: Arial;\">Mes silences nus<br \/>\n<\/span><span style=\"color: #c00000; font-family: Arial;\">Je r\u00eave de vous<br \/>\n<\/span><span style=\"color: #c00000; font-family: Arial;\">Dissipe les t\u00e9n\u00e8bres<br \/>\n<\/span><span style=\"color: #c00000; font-family: Arial;\">Je n&rsquo;oublie pas<br \/>\n<\/span><span style=\"color: #c00000; font-family: Arial;\">Je m&rsquo;habille de vos r\u00eaves\u00a0\u00bb<br \/>\n<\/span><\/p>\n<p><span style=\"color: #777777; font-family: Arial;\">C&rsquo;est un moment de gr\u00e2ce.<br \/>\n<\/span><\/p>\n<p><span style=\"color: #777777; font-family: Arial;\">J&rsquo;ai bien s\u00fbr achet\u00e9 cet album de cet artiste, de ce po\u00e8te, de cet humaniste qui a pour nom <strong>Gael Faye<\/strong> et qui nous vient du Rwanda.<br \/>\n<\/span><\/p>\n<p><img decoding=\"async\" src=\"https:\/\/lemotdujour.fr\/wp-content\/uploads\/2021\/08\/080521_2242_Vendredi06a6.jpg\" alt=\"\" \/><span style=\"color: #777777; font-family: Arial;\"><br \/>\n<\/span><\/p>\n<p><span style=\"color: maroon; font-family: Arial;\"> &lt;1604&gt;<\/span><\/p>\n","protected":false},"excerpt":{"rendered":"<p>\u00ab\u00a0La dignit\u00e9 [\u2026] est ce qui nous permet de traverser la vie en se sentant digne de cette petite parenth\u00e8se qui est l&rsquo;existence.\u00a0\u00bb Gael Faye Ga\u00ebl Faye est tutsi. Enfin, sa m\u00e8re est rwandaise et tutsi. Son p\u00e8re est fran\u00e7ais<\/p>\n","protected":false},"author":1,"featured_media":0,"comment_status":"open","ping_status":"closed","sticky":false,"template":"","format":"standard","meta":{"footnotes":""},"categories":[1],"tags":[193,15,8,208],"class_list":["post-12007","post","type-post","status-publish","format-standard","hentry","category-motdujour","tag-chanson","tag-france","tag-poesie","tag-rwanda"],"_links":{"self":[{"href":"https:\/\/lemotdujour.fr\/index.php?rest_route=\/wp\/v2\/posts\/12007","targetHints":{"allow":["GET"]}}],"collection":[{"href":"https:\/\/lemotdujour.fr\/index.php?rest_route=\/wp\/v2\/posts"}],"about":[{"href":"https:\/\/lemotdujour.fr\/index.php?rest_route=\/wp\/v2\/types\/post"}],"author":[{"embeddable":true,"href":"https:\/\/lemotdujour.fr\/index.php?rest_route=\/wp\/v2\/users\/1"}],"replies":[{"embeddable":true,"href":"https:\/\/lemotdujour.fr\/index.php?rest_route=%2Fwp%2Fv2%2Fcomments&post=12007"}],"version-history":[{"count":10,"href":"https:\/\/lemotdujour.fr\/index.php?rest_route=\/wp\/v2\/posts\/12007\/revisions"}],"predecessor-version":[{"id":12721,"href":"https:\/\/lemotdujour.fr\/index.php?rest_route=\/wp\/v2\/posts\/12007\/revisions\/12721"}],"wp:attachment":[{"href":"https:\/\/lemotdujour.fr\/index.php?rest_route=%2Fwp%2Fv2%2Fmedia&parent=12007"}],"wp:term":[{"taxonomy":"category","embeddable":true,"href":"https:\/\/lemotdujour.fr\/index.php?rest_route=%2Fwp%2Fv2%2Fcategories&post=12007"},{"taxonomy":"post_tag","embeddable":true,"href":"https:\/\/lemotdujour.fr\/index.php?rest_route=%2Fwp%2Fv2%2Ftags&post=12007"}],"curies":[{"name":"wp","href":"https:\/\/api.w.org\/{rel}","templated":true}]}}