{"id":11993,"date":"2021-08-05T00:56:00","date_gmt":"2021-08-04T22:56:00","guid":{"rendered":"http:\/\/lemotdujour.fr\/?p=11993"},"modified":"2024-11-10T23:35:06","modified_gmt":"2024-11-10T22:35:06","slug":"jeudi-5-aout-2021","status":"publish","type":"post","link":"https:\/\/lemotdujour.fr\/?p=11993","title":{"rendered":"Jeudi 5 ao\u00fbt 2021"},"content":{"rendered":"<div class=\"mdjTexte\">\u00ab&nbsp;Je ne suis pas n\u00e9e vivante, je le deviens&nbsp;\u00bb<\/div>\n<div class=\"mdjAuteur\">Fr\u00e9d\u00e9rique Lemarchand<\/div>\n<p><span style=\"color: #777777; font-family: Arial;\"><strong>Fr\u00e9d\u00e9rique Lemarchand<\/strong> est une artiste peintre que j&rsquo;ai d\u00e9couverte par la publication par une \u00ab&nbsp;amie facebook&nbsp;\u00bb qui la pr\u00e9sentait.<br \/>\n<\/span><\/p>\n<p><img loading=\"lazy\" decoding=\"async\" class=\"alignright\" src=\"https:\/\/lemotdujour.fr\/wp-content\/uploads\/2021\/08\/080421_2056_Jeudi5aout21.jpg\" alt=\"\" width=\"416\" height=\"283\" align=\"left\"><span style=\"color: #777777; font-family: Arial;\">L&rsquo;Art est pour elle un chemin qui lui permet de vivre, de s&rsquo;exprimer et surtout d&rsquo;\u00eatre r\u00e9siliente.<br \/>\n<\/span><\/p>\n<p><span style=\"color: #777777; font-family: Arial;\">Parce que le plus remarquable chez cette femme est pr\u00e9cis\u00e9ment sa r\u00e9silience devant son combat de vie.<br \/>\n<\/span><\/p>\n<p><span style=\"color: #777777; font-family: Arial;\">Le c\u00e9l\u00e8bre m\u00e9decin du XVIII\u00e8me si\u00e8cle Xavier Bichat a donn\u00e9 cette d\u00e9finition qu&rsquo;on continue \u00e0 citer :<br \/>\n<\/span><\/p>\n<p style=\"margin-left: 28pt;\"><span style=\"color: #c00000; font-family: Arial;\">\u00ab&nbsp;La vie est l&rsquo;ensemble des fonctions qui r\u00e9sistent \u00e0 la mort&nbsp;\u00bb<br \/>\n<\/span><\/p>\n<p><span style=\"color: #777777; font-family: Arial;\">Fr\u00e9d\u00e9rique Lemarchand a su ou pu mobiliser des ressources et des fonctions insoup\u00e7onn\u00e9es pour r\u00e9sister \u00e0 la mort.<br \/>\n<\/span><\/p>\n<p><span style=\"color: #777777; font-family: Arial;\">Fr\u00e9d\u00e9rique Lemarchand est atteinte d&rsquo;une cardiopathie cong\u00e9nitale.<br \/>\n<\/span><\/p>\n<p><span style=\"color: #777777; font-family: Arial;\">D\u00e8s sa naissance, sa mort pr\u00e9coce est annonc\u00e9e.<br \/>\n<\/span><\/p>\n<p><span style=\"color: #777777; font-family: Arial;\">Les statistiques m\u00e9dicales sont cruelles&nbsp;: elle n&rsquo;ira pas au-del\u00e0 de ses quatorze ans.<br \/>\n<\/span><\/p>\n<p><span style=\"color: #777777; font-family: Arial;\">Elle trouve refuge dans le dessin et dans la peinture et s&rsquo;en remet \u00ab&nbsp;<span style=\"color: #c00000;\">au grand semeur de destin\u00e9es<span style=\"color: #777777;\">&nbsp;\u00bb.<br \/>\n<\/span><\/span><\/span><\/p>\n<p><span style=\"color: #777777; font-family: Arial;\">Mais les statistiques m\u00e9dicales ne sont pas la v\u00e9rit\u00e9.<br \/>\n<\/span><\/p>\n<p><span style=\"color: #777777; font-family: Arial;\">Elle atteint 20 ans et elle \u00ab&nbsp;<span style=\"color: #c00000;\">joue l&rsquo;\u00e9quilibriste entre la vie et la mort<span style=\"color: #777777;\">&nbsp;\u00bb.<br \/>\n<\/span><\/span><\/span><\/p>\n<p><span style=\"color: #777777; font-family: Arial;\">Dans cette pr\u00e9carit\u00e9 absolue, elle continue son chemin par l&rsquo;art et la volont\u00e9 farouche de vouloir continuer \u00e0 vivre.<br \/>\n<\/span><\/p>\n<p><span style=\"color: #777777; font-family: Arial;\">En 2012, elle a 34 ans elle peut enfin recevoir la transplantation c\u0153ur poumon qui peut la sauver de sa maladie.<br \/>\n<\/span><\/p>\n<p><span style=\"color: #777777; font-family: Arial;\">Cette intervention conduit \u00e0 une mort clinique et un coma qui durera 40 jours.<br \/>\n<\/span><\/p>\n<p><span style=\"color: #777777; font-family: Arial;\">De cette \u00e9preuve elle tirera une exp\u00e9rience initiatique qui lui permet d&rsquo;aller vers d&rsquo;autres lieux de perception et de compr\u00e9hension<br \/>\n<\/span><\/p>\n<p><span style=\"color: #777777; font-family: Arial;\">Sophie Mainguy qui est celle qui m&rsquo;a fait d\u00e9couvrir Fr\u00e9d\u00e9rique Lemarchand et que j&rsquo;avais \u00e9voqu\u00e9 au d\u00e9but du premier confinement dans un mot du jour dont l&rsquo;exergue \u00e9tait \u00ab&nbsp;<a href=\"https:\/\/lemotdujour.fr\/?p=8337\"><span style=\"color: #0000ff;\">Nous ne sommes pas en guerre et n&rsquo;avons pas \u00e0 l&rsquo;\u00eatre&nbsp;<\/span><\/a>\u00bb \u00e9crit \u00e0 son propos&nbsp;:<br \/>\n<\/span><\/p>\n<p style=\"margin-left: 28pt;\"><span style=\"color: #c00000; font-family: Arial;\">\u00ab&nbsp;Fr\u00e9d\u00e9rique Lemarchand est une ic\u00f4ne du vivant. Elle incarne la puissance du l\u00e2cher-prise dans sa forme humaine la plus aboutie, r\u00e9alisant que c&rsquo;est lorsque \u00ab\u00a0l&rsquo;on consent \u00e0 la vuln\u00e9rabilit\u00e9 ultime qu&rsquo;on laisse v\u00e9ritablement passage \u00e0 plus grand que soi\u00a0\u00bb. Habitant encore des lendemains incertains, elle offre par son travail et ses \u00e9clats de rire ce qu&rsquo;elle a acquis : l&rsquo;immortalit\u00e9 de l&rsquo;Esprit. Car comme elle aime \u00e0 le r\u00e9p\u00e9ter : qui peut br\u00fbler le feu&nbsp;?&nbsp;\u00bb<br \/>\n<\/span><\/p>\n<p><a href=\"https:\/\/www.tedxalsace.com\/frederique-lemarchand-ne-suis-nee-vivante-deviens\/\"><img decoding=\"async\" class=\"alignleft\" src=\"https:\/\/lemotdujour.fr\/wp-content\/uploads\/2021\/08\/080421_2056_Jeudi5aout22.png\" alt=\"\" align=\"left\"><\/a><span style=\"color: #777777; font-family: Arial;\">Mais c&rsquo;est une volont\u00e9 de vivre et de surpasser les \u00e9preuves qu&rsquo;il faut entendre par les mots et le t\u00e9moignage directs de cette extraordinaire et bouleversante femme&nbsp;:<br \/>\n<\/span><\/p>\n<p><span style=\"color: #777777; font-family: Arial;\">\u00ab&nbsp;<span style=\"color: #0000ff;\"><a style=\"color: #0000ff;\" href=\"https:\/\/www.tedxalsace.com\/frederique-lemarchand-ne-suis-nee-vivante-deviens\/\">Je ne suis pas n\u00e9e vivante, je le deviens<\/a><\/span>\u00bb<br \/>\n<\/span><\/p>\n<p><span style=\"color: #777777; font-family: Arial;\">Nous sommes presque en pr\u00e9sence d&rsquo;un miracle.<br \/>\n<\/span><\/p>\n<p><span style=\"color: #777777; font-family: Arial;\">Fr\u00e9d\u00e9rique Lemarchand est dans une d\u00e9marche mystique et croyante.<br \/>\n<\/span><\/p>\n<p><span style=\"color: #777777; font-family: Arial;\">Mais je pense que l&rsquo;hymne de vie qu&rsquo;elle incarne est capable de rassembler au-del\u00e0 de ceux qui croient, ceux qui ne croient pas.<br \/>\n<\/span><\/p>\n<p><span style=\"color: #777777; font-family: Arial;\">Elle dispose d&rsquo;un site dans lequel elle r\u00e9v\u00e8le son art et sa d\u00e9marche spirituelle \u00e0 travers notamment des vid\u00e9os &lt; <a href=\"https:\/\/www.lemarchand-peintre.com\/accueil\/\"><span style=\"color: #0000ff;\">https:\/\/www.lemarchand-peintre.com\/accueil\/<\/span><\/a>&gt;<br \/>\n<\/span><\/p>\n<p><span style=\"color: #777777; font-family: Arial;\">Sa perception et son expression mystique du monde peut pousser l&rsquo;esprit rationnel au-del\u00e0 de ses limites.<br \/>\n<\/span><\/p>\n<p><span style=\"color: #777777; font-family: Arial;\">Mais je retiens avant tout une force de vie, d&rsquo;enthousiasme, de dynamisme qui est un appel au d\u00e9passement, mais aussi \u00e0 l&rsquo;int\u00e9riorisation et \u00e0 l&rsquo;\u00e9panouissement de notre richesse int\u00e9rieure.<br \/>\n<\/span><\/p>\n<p><span style=\"color: #777777; font-family: Arial;\">Elle \u00e9crit sur son site<br \/>\n<\/span><\/p>\n<p style=\"margin-left: 28pt;\"><span style=\"color: #c00000; font-family: Arial;\">\u00ab Toutes mes formes d&rsquo;\u00eatre au monde cherchent une issue l\u00e0 o\u00f9 il n&rsquo;y en a pas et \u00e0 l&rsquo;inventer. \u00bb<br \/>\n<\/span><\/p>\n<p style=\"margin-left: 28pt;\"><span style=\"color: maroon; font-family: Arial;\">&lt;1603&gt;<span style=\"color: #c00000;\"><br \/>\n<\/span><\/span><\/p>\n","protected":false},"excerpt":{"rendered":"<p>\u00ab&nbsp;Je ne suis pas n\u00e9e vivante, je le deviens&nbsp;\u00bb Fr\u00e9d\u00e9rique Lemarchand Fr\u00e9d\u00e9rique Lemarchand est une artiste peintre que j&rsquo;ai d\u00e9couverte par la publication par une \u00ab&nbsp;amie facebook&nbsp;\u00bb qui la pr\u00e9sentait. L&rsquo;Art est pour elle un chemin qui lui permet de<\/p>\n","protected":false},"author":1,"featured_media":0,"comment_status":"open","ping_status":"closed","sticky":false,"template":"","format":"standard","meta":{"footnotes":""},"categories":[1],"tags":[46,132,153,108],"class_list":["post-11993","post","type-post","status-publish","format-standard","hentry","category-motdujour","tag-art","tag-medecine","tag-mort","tag-peinture"],"_links":{"self":[{"href":"https:\/\/lemotdujour.fr\/index.php?rest_route=\/wp\/v2\/posts\/11993","targetHints":{"allow":["GET"]}}],"collection":[{"href":"https:\/\/lemotdujour.fr\/index.php?rest_route=\/wp\/v2\/posts"}],"about":[{"href":"https:\/\/lemotdujour.fr\/index.php?rest_route=\/wp\/v2\/types\/post"}],"author":[{"embeddable":true,"href":"https:\/\/lemotdujour.fr\/index.php?rest_route=\/wp\/v2\/users\/1"}],"replies":[{"embeddable":true,"href":"https:\/\/lemotdujour.fr\/index.php?rest_route=%2Fwp%2Fv2%2Fcomments&post=11993"}],"version-history":[{"count":6,"href":"https:\/\/lemotdujour.fr\/index.php?rest_route=\/wp\/v2\/posts\/11993\/revisions"}],"predecessor-version":[{"id":16098,"href":"https:\/\/lemotdujour.fr\/index.php?rest_route=\/wp\/v2\/posts\/11993\/revisions\/16098"}],"wp:attachment":[{"href":"https:\/\/lemotdujour.fr\/index.php?rest_route=%2Fwp%2Fv2%2Fmedia&parent=11993"}],"wp:term":[{"taxonomy":"category","embeddable":true,"href":"https:\/\/lemotdujour.fr\/index.php?rest_route=%2Fwp%2Fv2%2Fcategories&post=11993"},{"taxonomy":"post_tag","embeddable":true,"href":"https:\/\/lemotdujour.fr\/index.php?rest_route=%2Fwp%2Fv2%2Ftags&post=11993"}],"curies":[{"name":"wp","href":"https:\/\/api.w.org\/{rel}","templated":true}]}}