{"id":1198,"date":"2015-07-17T02:00:00","date_gmt":"2015-07-16T22:00:00","guid":{"rendered":"http:\/\/lemotdujour.fr\/?p=1198"},"modified":"2017-05-08T13:26:14","modified_gmt":"2017-05-08T11:26:14","slug":"vendredi-17-juillet-2015","status":"publish","type":"post","link":"https:\/\/lemotdujour.fr\/?p=1198","title":{"rendered":"Vendredi 17 Juillet 2015"},"content":{"rendered":"<div class=\"mdjDate\">Vendredi 17 Juillet 2015<\/div>\n<div class=\"mdjTexte\">\u00abIl y a un moment pour tout et un temps pour toute activit\u00e9 sous le ciel : un temps\u00a0 pour parler et un temps pour se taire\u00bb<\/div>\n<div class=\"mdjAuteur\">L&rsquo;Eccl\u00e9siaste<\/div>\n<div class=\"mdjComplements\">J&rsquo;ai toujours aim\u00e9 ce texte de l&rsquo;Ancien testament qui commence par ces mots \u00abVanit\u00e9 des Vanit\u00e9s, vanit\u00e9 des vanit\u00e9s, tout est vanit\u00e9 \u00bb<\/div>\n<div class=\"mdjComplements\">C&rsquo;est le chapitre 3 qui porte ces oppositions dont je tire le mot du jour d&rsquo;aujourd&rsquo;hui.<\/div>\n<div class=\"mdjComplements\">Parce qu&rsquo;en effet il faut savoir accepter le temps de se taire.<\/div>\n<div class=\"mdjComplements\">Je vais prendre des cong\u00e9s dans quelques jours, mais je souhaite commencer le temps du silence d\u00e8s aujourd&rsquo;hui.<\/div>\n<div class=\"mdjComplements\">Ecrire un mot du jour quotidien constitue une discipline exigeante.<\/div>\n<div class=\"mdjComplements\">Elle m&rsquo;est b\u00e9n\u00e9fique car je suis le premier \u00e0 m&rsquo;enrichir des multiples butinages que je peux r\u00e9aliser.<\/div>\n<div class=\"mdjComplements\">Ce butinage, je le ferai sans mot du jour, mais cet exercice quotidien m&rsquo;aide et me soutient pour aller plus loin dans ma d\u00e9marche.<\/div>\n<div class=\"mdjComplements\">C&rsquo;est bien s\u00fbr une joie de pouvoir partager avec vous une s\u00e9lection de pollen et de nectar recueillie lors de mes voyages intellectuels.<\/div>\n<div class=\"mdjComplements\">Mais il faut savoir se ressourcer et c&rsquo;est le silence qui le permet.<\/div>\n<div class=\"mdjComplements\">Le mot du jour reviendra, si le silence a \u00e9t\u00e9 suffisant, le 20 ao\u00fbt, ce sera lors le 537\u00e8me mot du jour.<\/div>\n<div class=\"mdjComplements\">Voici le d\u00e9but du chapitre 3 de ce livre : <\/div>\n<div class=\"mdjCiter\">\u00abIl y a un moment pour tout et un temps pour toute activit\u00e9 sous le ciel:<\/div>\n<div class=\"mdjCiter\">un temps pour na\u00eetre et un temps pour mourir,<\/div>\n<div class=\"mdjCiter\">un temps pour planter et un temps pour arracher ce qui a \u00e9t\u00e9 plant\u00e9, <\/div>\n<div class=\"mdjCiter\">un temps pour tuer et un temps pour gu\u00e9rir, <\/div>\n<div class=\"mdjCiter\">un temps pour d\u00e9molir et un temps pour construire,<\/div>\n<div class=\"mdjCiter\">un temps pour pleurer et un temps pour rire,<\/div>\n<div class=\"mdjCiter\">un temps pour se lamenter et un temps pour danser,<\/div>\n<div class=\"mdjCiter\">un temps pour lancer des pierres et un temps pour en ramasser,<\/div>\n<div class=\"mdjCiter\">un temps pour embrasser et un temps pour s&rsquo;\u00e9loigner des embrassades,<\/div>\n<div class=\"mdjCiter\">un temps pour chercher et un temps pour perdre, <\/div>\n<div class=\"mdjCiter\">un temps pour garder et un temps pour jeter, <\/div>\n<div class=\"mdjCiter\">un temps pour d\u00e9chirer et un temps pour coudre, <\/div>\n<div class=\"mdjCiter\">un temps pour se taire et un temps pour parler, \u00bb<\/div>\n<div class=\"mdjComplements\"><a href=\"http:\/\/www.lirelabible.net\/LSG\/html_5\/Ecclesiaste_1.htm\">http:\/\/www.lirelabible.net\/LSG\/html_5\/Ecclesiaste_1.htm<\/a><\/div>\n","protected":false},"excerpt":{"rendered":"<p>Vendredi 17 Juillet 2015 \u00abIl y a un moment pour tout et un temps pour toute activit\u00e9 sous le ciel : un temps\u00a0 pour parler et un temps pour se taire\u00bb L&rsquo;Eccl\u00e9siaste J&rsquo;ai toujours aim\u00e9 ce texte de l&rsquo;Ancien testament<\/p>\n","protected":false},"author":1,"featured_media":0,"comment_status":"closed","ping_status":"closed","sticky":false,"template":"","format":"standard","meta":{"footnotes":""},"categories":[1],"tags":[],"class_list":["post-1198","post","type-post","status-publish","format-standard","hentry","category-motdujour"],"_links":{"self":[{"href":"https:\/\/lemotdujour.fr\/index.php?rest_route=\/wp\/v2\/posts\/1198","targetHints":{"allow":["GET"]}}],"collection":[{"href":"https:\/\/lemotdujour.fr\/index.php?rest_route=\/wp\/v2\/posts"}],"about":[{"href":"https:\/\/lemotdujour.fr\/index.php?rest_route=\/wp\/v2\/types\/post"}],"author":[{"embeddable":true,"href":"https:\/\/lemotdujour.fr\/index.php?rest_route=\/wp\/v2\/users\/1"}],"replies":[{"embeddable":true,"href":"https:\/\/lemotdujour.fr\/index.php?rest_route=%2Fwp%2Fv2%2Fcomments&post=1198"}],"version-history":[{"count":1,"href":"https:\/\/lemotdujour.fr\/index.php?rest_route=\/wp\/v2\/posts\/1198\/revisions"}],"predecessor-version":[{"id":1199,"href":"https:\/\/lemotdujour.fr\/index.php?rest_route=\/wp\/v2\/posts\/1198\/revisions\/1199"}],"wp:attachment":[{"href":"https:\/\/lemotdujour.fr\/index.php?rest_route=%2Fwp%2Fv2%2Fmedia&parent=1198"}],"wp:term":[{"taxonomy":"category","embeddable":true,"href":"https:\/\/lemotdujour.fr\/index.php?rest_route=%2Fwp%2Fv2%2Fcategories&post=1198"},{"taxonomy":"post_tag","embeddable":true,"href":"https:\/\/lemotdujour.fr\/index.php?rest_route=%2Fwp%2Fv2%2Ftags&post=1198"}],"curies":[{"name":"wp","href":"https:\/\/api.w.org\/{rel}","templated":true}]}}