{"id":11961,"date":"2021-08-02T01:01:52","date_gmt":"2021-08-01T23:01:52","guid":{"rendered":"http:\/\/lemotdujour.fr\/?p=11961"},"modified":"2021-08-02T10:38:49","modified_gmt":"2021-08-02T08:38:49","slug":"lundi-2-aout-2021","status":"publish","type":"post","link":"https:\/\/lemotdujour.fr\/?p=11961","title":{"rendered":"Lundi 2 ao\u00fbt 2021"},"content":{"rendered":"<div class=\"mdjTexte\">\u00ab&nbsp;C&rsquo;est toujours un r\u00eave quand la po\u00e9sie tombe dans les filets de la musique. \u00bb<\/div>\n<div class=\"mdjAuteur\">Ang\u00e9lique Ionatos<\/div>\n<p><span style=\"color: #777777; font-family: Arial;\">C&rsquo;\u00e9tait un matin de juillet 2019, je somnolais encore, quand une voix m&rsquo;a r\u00e9veill\u00e9. C&rsquo;\u00e9tait une voix grave de contralto, solaire, envo\u00fbtante, \u00e2pre et sensuelle.<br \/>\n<\/span><\/p>\n<p><span style=\"color: #777777; font-family: Arial;\"><strong>Ang\u00e9lique Ionatos<\/strong> chantait un po\u00e8me de <strong>Sappho de Mytilene<\/strong> de l&rsquo;\u00eele de Lesbos, \u00e9crit il y a 2500 ans qu&rsquo;elle avait mis en musique.<br \/>\n<\/span><\/p>\n<p><span style=\"color: #777777; font-family: Arial;\">J&rsquo;ai \u00e9crit imm\u00e9diatement un mot du jour&nbsp;: \u00ab&nbsp;\u00ab <span style=\"color: #0000ff;\"><a style=\"color: #0000ff;\" href=\"https:\/\/lemotdujour.fr\/?p=7043\">Anthe Amerghissan (J&rsquo;ai vu cueillant des fleurs)<\/a> <\/span>\u00bb<br \/>\n<\/span><\/p>\n<p><span style=\"color: #777777; font-family: Arial;\">Dans ce mot du jour je parlais surtout de Sappho de Mytilene, la premi\u00e8re lesbienne revendiqu\u00e9e que l&rsquo;Histoire a retenue. C&rsquo;\u00e9tait insupportable \u00e0 l\u2019\u00c9glise catholique. Sur ordre du Pape Gr\u00e9goire VII qui fut l&rsquo;\u00e9v\u00eaque de Rome de 1073 \u00e0 1085, on d\u00e9truisit les po\u00e8mes de Sappho qu&rsquo;on connaissait. Il n&rsquo;y a que des fragments qui ont pu \u00eatre sauv\u00e9s gr\u00e2ce \u00e0 quelques rebelles qui les avaient recopi\u00e9s.<br \/>\n<\/span><\/p>\n<p><span style=\"color: #777777; font-family: Arial;\">Toutes les religions monoth\u00e9istes quand elles se sont enferm\u00e9es dans leur croyance, en proclamant que c&rsquo;\u00e9tait la v\u00e9rit\u00e9, ont manifest\u00e9 cette intol\u00e9rance et ont voulu d\u00e9truire tout ce qui s&rsquo;\u00e9loignait de ce qu&rsquo;il pr\u00e9tendait \u00eatre la v\u00e9rit\u00e9.<br \/>\n<\/span><\/p>\n<p><img decoding=\"async\" class=\"alignleft\" src=\"https:\/\/lemotdujour.fr\/wp-content\/uploads\/2021\/08\/080121_2240_Lundi2aot201.jpg\" alt=\"\" align=\"left\"><span style=\"color: #777777; font-family: Arial;\">C&rsquo;est ainsi, en 2019, que j&rsquo;ai appris l&rsquo;existence de cette femme, de cet artiste irradiant la lumi\u00e8re et l&rsquo;\u00e9motion.<br \/>\n<\/span><\/p>\n<p><span style=\"color: #777777; font-family: Arial;\">Il \u00e9tait d\u00e9j\u00e0 bien tard dans l&rsquo;horloge de la vie.<br \/>\n<\/span><\/p>\n<p><span style=\"color: #777777; font-family: Arial;\">Le dernier de ses 18 albums \u00e9tait sorti en 2015 \u00ab&nbsp;<span style=\"color: #0000ff;\"><a style=\"color: #0000ff;\" href=\"https:\/\/www.fnac.com\/a9056974\/Angelique-Ionatos-Reste-la-lumiere-CD-album\">Reste la lumi\u00e8re<\/a><\/span>&nbsp;\u00bb et elle n&rsquo;avait pas pu donner un dernier concert au <a href=\"http:\/\/www.letriton.com\/programmation\/angelique-ionatos-katerina-fotinaki-2160\"><span style=\"color: #0000ff;\">Triton<\/span>,<\/a> un club des Lilas, dans la banlieue de Paris, le 6 avril 2018. Le concert fut annul\u00e9 en souhaitant prompt r\u00e9tablissement \u00e0 Ang\u00e9lique.<br \/>\n<\/span><\/p>\n<p><span style=\"color: #777777; font-family: Arial;\">Ce souhait ne se r\u00e9alisa pas. <\/span><span style=\"color: #777777; font-family: Arial;\">En butinant sur Internet sur d&rsquo;autres sujets, je suis tomb\u00e9, il y a quelques jours, sur cette page sur le site de France Musique : \u00ab<span style=\"color: #0000ff;\">&nbsp;<\/span><a href=\"https:\/\/www.francemusique.fr\/actualite-musicale\/la-chanteuse-grecque-angelique-ionatos-est-morte-97350\"><span style=\"color: #0000ff;\">La chanteuse grecque Ang\u00e9lique Ionatos est morte<\/span>&nbsp;<\/a>\u00bb.<br \/>\n<\/span><\/p>\n<p><span style=\"color: #777777; font-family: Arial;\">On pouvait lire&nbsp;:<br \/>\n<\/span><\/p>\n<p style=\"margin-left: 28pt;\"><span style=\"color: #c00000; font-family: Arial;\">\u00ab&nbsp; Ang\u00e9lique Ionatos \u00e9tait l&rsquo;une des plus grandes voix de la Gr\u00e8ce en exil. Elle s&rsquo;est \u00e9teinte aux Lilas mercredi 7 juillet.<br \/>\n<\/span><span style=\"color: #c00000; font-family: Arial;\">Il est des pays dont l&rsquo;histoire dramatique donne naissance \u00e0 des exil\u00e9s magnifiques. C&rsquo;est le cas de la Gr\u00e8ce, o\u00f9 na\u00eet, en 1954, Angelik\u00ed Ion\u00e1tou, plus connue sous son nom francophone, Ang\u00e9lique Ionatos.&nbsp;\u00bb<br \/>\n<\/span><\/p>\n<p><span style=\"color: #777777; font-family: Arial;\">Le directeur, de sa derni\u00e8re salle de spectacle \u00ab&nbsp;Le Triton&nbsp;\u00bb, <strong>Jean-Pierre Vivante<\/strong>, fut le premier \u00e0 annoncer, sur les r\u00e9seaux, la disparition de \u00ab <span style=\"color: #c00000;\">l&rsquo;immense artiste, l&rsquo;incroyable chanteuse, guitariste, musicienne, compositrice, la femme libre, lumineuse, dr\u00f4le et grav<span style=\"color: #777777;\">e \u00bb.<br \/>\n<\/span><\/span><\/span><\/p>\n<p><span style=\"color: #777777; font-family: Arial;\">Alors depuis cette nouvelle, j&rsquo;ai \u00e9cout\u00e9 et r\u00e9\u00e9cout\u00e9 les disques que j&rsquo;avais achet\u00e9s depuis ma d\u00e9couverte de 2019, j&rsquo;ai lu et j&rsquo;ai \u00e9cout\u00e9 deux \u00e9missions :<br \/>\n<\/span><\/p>\n<p><span style=\"color: #777777; font-family: Arial;\">&lt;<a href=\"https:\/\/www.youtube.com\/watch?v=8H_5qNr7yHA\"><span style=\"color: #0000ff;\">Cette interview vid\u00e9o r\u00e9alis\u00e9e par Qobuz en 2012<\/span><\/a>&gt; suite \u00e0 son spectacle \u00ab<strong>Et les r\u00eaves prendront leur revanche<\/strong>.&nbsp;\u00bb<br \/>\n<\/span><\/p>\n<p><span style=\"color: #777777; font-family: Arial;\">Et puis cette interview audio dans l&rsquo;\u00e9mission \u00ab&nbsp;<strong>A voix nue<\/strong>&nbsp;\u00bb sur France Culture, en 2016, dans laquelle celui qui l&rsquo;interroge est <strong>St\u00e9phane Manchematin<\/strong><br \/>\n<\/span><\/p>\n<p><span style=\"color: #0000ff;\"><a style=\"color: #0000ff;\" href=\"https:\/\/www.youtube.com\/watch?v=tRsMBB3nymQ\"><span style=\"font-family: Arial;\">&lt;Ici les 5 \u00e9missions sont regroup\u00e9es&gt;<\/span><\/a><\/span><span style=\"color: #777777; font-family: Arial;\">. Le tout dure un peu plus de 2 heures 20. C&rsquo;est cette version que j&rsquo;ai \u00e9cout\u00e9e.<br \/>\n<\/span><\/p>\n<p><span style=\"color: #777777; font-family: Arial;\"><span style=\"color: #0000ff;\">&lt;<a style=\"color: #0000ff;\" href=\"https:\/\/www.franceculture.fr\/emissions\/voix-nue\/angelique-ionatos-la-grece-en-heritage\">Sur le site de France Culture<\/a>&gt;<\/span> vous trouverez les 5 \u00e9missions s\u00e9par\u00e9es<br \/>\n<\/span><\/p>\n<p><span style=\"color: #777777; font-family: Arial;\">Elle est n\u00e9e, en 1954 \u00e0 Ath\u00e8nes. Son p\u00e8re est marin, il n&rsquo;est pas souvent pr\u00e9sent, mais elle raconte que lorsqu&rsquo;il \u00e9tait l\u00e0, c&rsquo;\u00e9tait un enchantement.<br \/>\n<\/span><\/p>\n<p><span style=\"color: #777777; font-family: Arial;\">Elle vit donc, le plus souvent, uniquement avec sa m\u00e8re et son fr\u00e8re Phitos. Sa m\u00e8re se sent tr\u00e8s seule et elle parle aux objets dit-elle. <\/span><span style=\"color: #777777; font-family: Arial;\">Mais cette femme simple chante beaucoup et dit des po\u00e9sies.<br \/>\n<\/span><\/p>\n<p><span style=\"color: #777777; font-family: Arial;\">A la question, pourquoi le chant&nbsp;? Elle r\u00e9pond&nbsp;:<br \/>\n<\/span><\/p>\n<p style=\"margin-left: 28pt;\"><span style=\"color: #c00000; font-family: Arial;\">\u00ab&nbsp;Ma m\u00e8re chantait tout le temps [\u2026] Et le soir quand on ne savait pas quoi faire on chantait \u00e0 trois avec mon fr\u00e8re. Le chant a \u00e9t\u00e9 tiss\u00e9 dans ma vie depuis que je suis n\u00e9e. Je ne me suis jamais demand\u00e9 pourquoi je chantais.&nbsp;\u00bb<br \/>\n<\/span><\/p>\n<p><span style=\"color: #777777; font-family: Arial;\">Au d\u00e9but de l&rsquo;entretien d&rsquo;A voix Nue <strong>St\u00e9phane Manchematin <\/strong>la d\u00e9finit comme&nbsp; \u00ab&nbsp; <span style=\"color: #c00000;\">chanteuse, compositrice et guitariste<span style=\"color: #777777;\">&nbsp;\u00bb et elle ajoute je me consid\u00e8re avant tout comme \u00ab&nbsp;<span style=\"color: #c00000;\">musicienne&nbsp;<span style=\"color: #777777;\">\u00bb.<br \/>\n<\/span><\/span><\/span><\/span><\/span><\/p>\n<p><span style=\"color: #777777; font-family: Arial;\">Il est vrai que c&rsquo;est une fabuleuse guitariste. Elle dit&nbsp;:<br \/>\n<\/span><\/p>\n<p style=\"margin-left: 28pt;\"><span style=\"color: #c00000; font-family: Arial;\">\u00ab&nbsp;Je suis assez solitaire et la guitare est mon amie j&rsquo;en joue tout le temps.&nbsp;\u00bb<br \/>\n<\/span><\/p>\n<p><span style=\"color: #777777; font-family: Arial;\">Dans les chansons qu&rsquo;elle compose, les introductions et l&rsquo;accompagnement sont d&rsquo;une richesse et d&rsquo;une complexit\u00e9 \u00e9bouriffante. Nous sommes loin de ces chanteurs qui s&rsquo;accompagnent avec 2 ou 3 accords.<br \/>\n<\/span><\/p>\n<p><span style=\"color: #777777; font-family: Arial;\">Son grand talent est de mettre en musique des po\u00e9sies \u00e9crites par d&rsquo;autres.<br \/>\n<\/span><\/p>\n<p><span style=\"color: #777777; font-family: Arial;\">A 15 ans, une grande rupture aura lieu dans sa vie : ses parents fuient la Gr\u00e8ce dans laquelle la dictature des colonels vient de commencer.<br \/>\n<\/span><\/p>\n<p><span style=\"color: #777777; font-family: Arial;\">Ses parents choisissent un pays francophone et dans un premier temps choisissent la Belgique \u00ab&nbsp;<span style=\"color: #c00000;\">Parce que c&rsquo;\u00e9tait un pays plus petit qui leur faisait moins peur<span style=\"color: #777777;\">&nbsp;\u00bb<br \/>\n<\/span><\/span><\/span><\/p>\n<p><span style=\"color: #777777; font-family: Arial;\">Ils s&rsquo;installent \u00e0 Li\u00e8ge et comme tous les grecs antifascistes, ils ont une affection particuli\u00e8re pour <a href=\"https:\/\/fr.wikipedia.org\/wiki\/M%C3%ADkis_Theodor%C3%A1kis\"><span style=\"color: #0000ff;\">M\u00edkis Theodor\u00e1kis<\/span><\/a><span style=\"color: #0000ff;\">.<\/span><br \/>\n<\/span><\/p>\n<p><span style=\"color: #777777; font-family: Arial;\">Expuls\u00e9 en 1970 et accueilli \u00e0 Paris par Melina Mercouri et Costa-Gavras, M\u00edkis Theodor\u00e1kis s&rsquo;est lanc\u00e9 dans une tourn\u00e9e mondiale qui fit escale au conservatoire de Li\u00e8ge. Toute la famille Ionatos \u00e9tait pr\u00e9sente dans la salle o\u00f9 la diaspora grecque acclamait les exhortations du h\u00e9ros tout en versant des torrents de larmes.<br \/>\n<\/span><\/p>\n<p><span style=\"color: #777777; font-family: Arial;\">Et Ang\u00e9lique Ionatos a cette formule&nbsp;:<br \/>\n<\/span><\/p>\n<p style=\"margin-left: 28pt;\"><span style=\"color: #c00000; font-family: Arial;\"> \u00ab Je me suis dit : si la musique a ce pouvoir-l\u00e0, je veux \u00eatre musicienne \u00bb<br \/>\n<\/span><\/p>\n<p><span style=\"color: #777777; font-family: Arial;\">Finalement la famille d\u00e9cide de s&rsquo;installer en France.<br \/>\n<\/span><\/p>\n<p style=\"text-align: left;\"><img loading=\"lazy\" decoding=\"async\" class=\"alignleft\" src=\"https:\/\/lemotdujour.fr\/wp-content\/uploads\/2021\/08\/080121_2240_Lundi2aot202.png\" alt=\"\" width=\"323\" height=\"320\" align=\"left\"><span style=\"color: #777777; font-family: Arial;\">Et \u00e0 18 ans, en 1972, <strong>Ang\u00e9lique Ionatos<\/strong> enregistre son premier disque avec la collaboration de son fr\u00e8re <strong>Photis <\/strong>\u00ab&nbsp;<a href=\"https:\/\/www.bayardmusique.com\/album\/599\/resurrection-a-ionatos-p-ionatos\"><strong><span style=\"color: #0000ff;\">R\u00e9surrection<\/span><\/strong><\/a><strong>&nbsp;<\/strong>\u00bb qui est couronn\u00e9 par le prix de l&rsquo;Acad\u00e9mie Charles-Cros. Dans ce premier disque toutes les chansons sont en fran\u00e7ais, dont cette merveille&nbsp;: \u00ab&nbsp;<a href=\"https:\/\/www.youtube.com\/watch?v=L_QI1ayFNN8\"><strong><span style=\"color: #0000ff;\">Y a-t-il de la place au ciel pour les po\u00e8tes<\/span>.<\/strong>&nbsp;<\/a>\u00bb<br \/>\n<\/span><\/p>\n<p><span style=\"color: #777777; font-family: Arial;\">Mais apr\u00e8s ce disque elle d\u00e9cide de chanter en grec, les po\u00e8tes grecs.<br \/>\n<\/span><\/p>\n<p><span style=\"color: #777777; font-family: Arial;\">Son fr\u00e8re avec qui elle entretenait une relation fusionnelle, refuse absolument cette voie. Il lui pr\u00e9dit qu&rsquo;elle va chanter devant des salles vides. Ils vont \u00eatre en froid pendant plusieurs ann\u00e9es, jusqu&rsquo;\u00e0 ce que <strong>Photis <\/strong>se rende \u00e0 l&rsquo;\u00e9vidence que cela marche et qu&rsquo;Ang\u00e9lique arrive \u00e0 capter un public.<br \/>\n<\/span><\/p>\n<p><img loading=\"lazy\" decoding=\"async\" class=\"alignright\" src=\"https:\/\/lemotdujour.fr\/wp-content\/uploads\/2021\/08\/080121_2240_Lundi2aot203.jpg\" alt=\"\" width=\"341\" height=\"342\" align=\"left\"><span style=\"color: #777777; font-family: Arial;\">Elle va donc chanter les po\u00e8tes grecs et particuli\u00e8rement <strong>Odyss\u00e9as El\u00fdtis<\/strong> (1911-1996) qui se verra d\u00e9cerner le Prix Nobel de litt\u00e9rature en 1979.<br \/>\n<\/span><\/p>\n<p><span style=\"color: #777777; font-family: Arial;\">Elle veut mettre en musique, son recueil \u00ab&nbsp;<strong>Marie des Brumes<\/strong>&nbsp;\u00bb elle demande l&rsquo;autorisation au po\u00e8te qui la lui refuse. Alors elle prend l&rsquo;avion et se rend \u00e0 son domicile \u00e0 Ath\u00e8nes et arrive \u00e0 le convaincre. Elle sollicitera encore beaucoup d&rsquo;autorisations qui lui seront toujours accord\u00e9es.<br \/>\n<\/span><\/p>\n<p><span style=\"color: #777777; font-family: Arial;\">J&rsquo;ai achet\u00e9 le disque \u00ab&nbsp;<a href=\"https:\/\/www.qobuz.com\/fr-fr\/album\/marie-des-brumes-angelique-ionatos\/3298499000015\"><span style=\"color: #0000ff;\">Marie des Brumes<\/span>&nbsp;<\/a>\u00bb pour 4,99 euros sur Qobuz. C&rsquo;est magnifique.<br \/>\n<\/span><\/p>\n<p><span style=\"color: #777777; font-family: Arial;\">On peut entendre, par exemple &lt;<a href=\"https:\/\/www.youtube.com\/watch?v=_hnUyiiNI0o\"><span style=\"color: #0000ff;\">To Tragoudi Tis Marias N\u00e9f\u00e9lis (Chanson de Marie des brumes)<\/span><\/a>&gt;<br \/>\n<\/span><\/p>\n<p><span style=\"color: #777777; font-family: Arial;\">Dans les deux \u00e9missions \u00e9voqu\u00e9es elle explique son rapport avec la po\u00e9sie et l&rsquo;art.<br \/>\n<\/span><\/p>\n<p><span style=\"color: #777777; font-family: Arial;\">Dans A voix nue&nbsp;:<br \/>\n<\/span><\/p>\n<p style=\"margin-left: 28pt;\"><span style=\"color: #c00000; font-family: Arial;\">\u00ab&nbsp;Quand je lis l&rsquo;histoire de mon pays depuis l&rsquo;antiquit\u00e9, c&rsquo;est \u00e0 travers l&rsquo;art que l&rsquo;on sait ce que les gens ont fait, c&rsquo;est ce qui reste. L&rsquo;architecture, la peinture, la sculpture, la litt\u00e9rature, la po\u00e9sie.&nbsp;\u00bb<br \/>\n<\/span><\/p>\n<p><span style=\"color: #777777; font-family: Arial;\">Son rapport \u00e0 la po\u00e9sie est particuli\u00e8rement forte. Elle cite un po\u00e8te grecque qui a dit&nbsp;:<br \/>\n<\/span><\/p>\n<p style=\"margin-left: 28pt;\"><span style=\"color: #c00000; font-family: Arial;\">\u00ab&nbsp;La po\u00e9sie a invent\u00e9 le monde et le monde l&rsquo;a oubli\u00e9&nbsp;\u00bb<br \/>\n<\/span><\/p>\n<p><span style=\"color: #777777; font-family: Arial;\">Pour elle la po\u00e9sie m\u00eame est grecque. En Gr\u00e8ce on appelle Dieu&nbsp;: \u00ab&nbsp;<strong>Le po\u00e8te du monde&nbsp;\u00bb<br \/>\n<\/strong><\/span><\/p>\n<p><span style=\"color: #777777; font-family: Arial;\">Elle dit&nbsp;:<br \/>\n<\/span><\/p>\n<p style=\"margin-left: 28pt;\"><span style=\"color: #c00000; font-family: Arial;\">\u00ab&nbsp;C&rsquo;est la po\u00e9sie qui m&rsquo;a donn\u00e9 envie de faire de la musique. Ma m\u00e8re n&rsquo;arr\u00eatait pas de me dire des po\u00e8mes.&nbsp;[\u2026]<br \/>\n<\/span><span style=\"color: #c00000; font-family: Arial;\">Pour moi la po\u00e9sie est vitale. Elle est pr\u00e9sente tout le temps. Je ne connais pas un jour sans po\u00e9sie dans ma t\u00eate. [Je me demande souvent] <\/span><span style=\"color: #c00000; font-family: Arial;\">Comment un homme a pu \u00e9crire cela ?<br \/>\n<\/span><span style=\"color: #c00000; font-family: Arial;\"> Les po\u00e8tes sont des \u00eatres \u00e0 part. \u00bb<br \/>\n<\/span><\/p>\n<p><span style=\"color: #777777; font-family: Arial;\"><img loading=\"lazy\" decoding=\"async\" class=\" wp-image-11965 alignleft\" src=\"https:\/\/lemotdujour.fr\/wp-content\/uploads\/2021\/08\/IOnatos03.png\" alt=\"\" width=\"392\" height=\"274\" srcset=\"https:\/\/lemotdujour.fr\/wp-content\/uploads\/2021\/08\/IOnatos03.png 588w, https:\/\/lemotdujour.fr\/wp-content\/uploads\/2021\/08\/IOnatos03-300x210.png 300w\" sizes=\"auto, (max-width: 392px) 100vw, 392px\" \/>Et elle cite El\u00fdtis :<br \/>\n<\/span><\/p>\n<p style=\"margin-left: 28pt;\"><span style=\"color: #c00000; font-family: Arial;\">\u00ab&nbsp;La po\u00e9sie existe pour que la mort n&rsquo;ait pas le dernier mot&nbsp;\u00bb<br \/>\n<\/span><\/p>\n<p><span style=\"color: #777777; font-family: Arial;\">Dans l&rsquo;interview Qobuz, elle dit la m\u00eame chose autrement<br \/>\n<\/span><\/p>\n<p style=\"margin-left: 28pt;\"><span style=\"color: #c00000; font-family: Arial;\">\u00ab&nbsp;Les po\u00e8tes sont indispensables \u00e0 la vie et au r\u00eave.<br \/>\n<\/span><span style=\"color: #c00000; font-family: Arial;\">La po\u00e9sie est la part dont on est priv\u00e9 quand on se trouve dans le malheur.<br \/>\n<\/span><span style=\"color: #c00000; font-family: Arial;\">La po\u00e9sie est indispensable pour vivre. [\u2026]<br \/>\n<\/span><span style=\"color: #c00000; font-family: Arial;\">\u00c9tant le premier art, si on prive l&rsquo;\u00eatre humain de po\u00e9sie, on le prive de son \u00e2me.<br \/>\n<\/span><span style=\"color: #c00000; font-family: Arial;\">Donc on le prive de ses r\u00eaves, de son imaginaire, de son futur et de sa m\u00e9moire. [\u2026]<br \/>\n<\/span><\/p>\n<p><span style=\"color: #777777; font-family: Arial;\">L&rsquo;intervieweur insiste que la beaut\u00e9 du spectacle vient bien s\u00fbr de la po\u00e9sie mais aussi de la musique d&rsquo;Ang\u00e9lique Ionatos et rappelle un propos qu&rsquo;elle lui a tenu pr\u00e9c\u00e9demment<br \/>\n<\/span><\/p>\n<p style=\"margin-left: 28pt;\"><span style=\"color: #c00000; font-family: Arial;\">\u00ab&nbsp;<strong>C&rsquo;est toujours un r\u00eave quand la po\u00e9sie tombe dans les filets de la musique<\/strong>&nbsp;\u00bb<br \/>\n<\/span><\/p>\n<p><span style=\"color: #777777; font-family: Arial;\">Et elle r\u00e9pond&nbsp;:<br \/>\n<\/span><\/p>\n<p style=\"margin-left: 28pt;\"><span style=\"color: #c00000; font-family: Arial;\">\u00ab&nbsp;Je crois que je suis musicienne jusqu&rsquo;au bout de l&rsquo;\u00e2me. Mais je ne sais pas si je serais devenu musicienne si je n&rsquo;avais pas cet amour pour la po\u00e9sie. [\u2026] Ma musique est indissociable de la po\u00e9sie, parce que je ne peux pas faire de la musique sans rien dire. Pourtant il y a une \u00e9norme part instrumentale dans ce que je compose.\u00bb<br \/>\n<\/span><\/p>\n<p><span style=\"color: #777777; font-family: Arial;\">Elle dit aussi que la po\u00e9sie et la musique se tricote ensemble et&nbsp;:<br \/>\n<\/span><\/p>\n<p style=\"margin-left: 28pt;\"><span style=\"color: #c00000; font-family: Arial;\">\u00ab&nbsp;SI la po\u00e9sie est l&rsquo;art qui me donne le go\u00fbt de la vie, la musique est pour moi l&rsquo;art qui fait oublier la mort&nbsp;\u00bb<br \/>\n<\/span><\/p>\n<p><span style=\"color: #777777; font-family: Arial;\">Et elle explique pourquoi elle a voulu chanter en grec alors qu&rsquo;elle vivait en France et chantait dans les salles de spectacle fran\u00e7ais et avoue son amour pour cette langue :<br \/>\n<\/span><\/p>\n<p style=\"margin-left: 28pt;\"><span style=\"color: #c00000; font-family: Arial;\">\u00ab&nbsp;Priv\u00e9e de ma patrie, la vraie patrie, la seule qu&rsquo;on ne pouvait pas me prendre, c&rsquo;\u00e9tait ma langue. C&rsquo;est pour cela que j&rsquo;ai pris la d\u00e9cision de ne chanter qu&rsquo;en grec, parce que c&rsquo;est la seule chose qu&rsquo;on ne pouvait pas me prendre. [\u2026]<br \/>\n<\/span><span style=\"color: #c00000; font-family: Arial;\">\u00ab\u00a0Grecque me fut donn\u00e9e ma langue\u00a0\u00bb comme disait Elytis. C&rsquo;est un cadeau immense. Je suis tellement heureuse d&rsquo;\u00eatre n\u00e9e grecque.<br \/>\n<\/span><span style=\"color: #c00000; font-family: Arial;\">Cette langue n&rsquo;arr\u00eatera jamais de me r\u00e9v\u00e9ler ses miracles. C&rsquo;est une langue insondable. C&rsquo;est une langue qui est belle \u00e0 entendre. [\u2026] C&rsquo;est une langue qui a un \u00e9quilibre entre les voyelles et les consommes qui est extraordinaire. C&rsquo;est le sort de l&rsquo;immigr\u00e9 d&rsquo;avoir sa langue comme patrie. [\u2026]<br \/>\n<\/span><span style=\"color: #c00000; font-family: Arial;\">Cette langue est la plus belle langue du monde. Tous les mots ont leur \u00e9tymologie. On sait pour chaque mot d&rsquo;o\u00f9 il vient. [\u2026] \u00bb<br \/>\n<\/span><\/p>\n<p><span style=\"color: #777777; font-family: Arial;\">Ang\u00e9lique Ionatos cite dans cette r\u00e9ponse <strong>Odysseus Elytis<\/strong> dont la phrase compl\u00e8te est : <span style=\"color: #c00000; font-family: Arial;\">\u00abGrecque me fut donn\u00e9e ma langue ; humble ma maison sur les sables d\u2019Hom\u00e8re. Mon seul souci ma langue sur les sables d\u2019Hom\u00e8re.\u00bb<br \/>\n<\/span><\/span><\/p>\n<p><span style=\"color: #777777; font-family: Arial;\">Et elle explique que ce n&rsquo;est pas un probl\u00e8me pour les spectateurs d&rsquo;entendre cette langue qu&rsquo;ils ne connaissent pas&nbsp;:<br \/>\n<\/span><\/p>\n<p style=\"margin-left: 28pt;\"><span style=\"color: #c00000; font-family: Arial;\"> \u00ab&nbsp;Je traduis toujours les textes dans le programme donn\u00e9 aux spectateurs.<br \/>\nEt puis pour moi la musique d\u00e9passe le langage. Il m&rsquo;arrive d&rsquo;\u00e9couter des chansons de peuples dont je ne parle pas langue et d&rsquo;\u00eatre boulevers\u00e9.<br \/>\n<\/span><span style=\"color: #c00000; font-family: Arial;\">Cela veut dire qu&rsquo;il y a quelque chose d&rsquo;inh\u00e9rent \u00e0 la musique qui touche un autre endroit dans notre cerveau. Et on ressent ce que l&rsquo;autre veut dire, m\u00eame si on ne comprend pas le mot \u00e0 mot. C&rsquo;est cela qui est fabuleux dans la musique. J&rsquo;adore Xenakis, le classique, le flamenco, la musique populaire, la musique des pygm\u00e9es.&nbsp;\u00bb<\/span><\/p>\n<p><span style=\"color: #777777; font-family: Arial;\">Elle a aussi chant\u00e9 en espagnole pour mettre en musique des po\u00e8mes de Pablo Neruda ou encore des po\u00e8mes de Frida Kahlo.<br \/>\n<\/span><\/p>\n<p><span style=\"color: #777777; font-family: Arial;\">Elle \u00e9tait en col\u00e8re pour tout ce qui a \u00e9t\u00e9 fait \u00e0 la Gr\u00e8ce. L&rsquo;abandon de l&rsquo;Europe devant la crise des migrants mais surtout les privations qu&rsquo;on a impos\u00e9 \u00e0 sa patrie. Elle dit&nbsp;:<br \/>\n<\/span><\/p>\n<p style=\"margin-left: 28pt;\"><span style=\"color: #c00000; font-family: Arial;\">\u00ab Quand \u00e0 Ath\u00e8nes, un vieil homme m&rsquo;interpelle et me demande un euro pour manger, je suis en col\u00e8re. Dans mon enfance je n&rsquo;ai jamais vu quelqu&rsquo;un fouiller dans les poubelles. Je hais l&rsquo;Europe. Ce serait bien qu&rsquo;on sorte de l&rsquo;Europe. On vous laisse le nom, car Europe vient du grec. [\u2026] Je sens que le peuple grec est humili\u00e9e.[\u2026] C&rsquo;est un pays pill\u00e9. \u00bb.<br \/>\n<\/span><\/p>\n<p><span style=\"color: #777777; font-family: Arial;\"><img loading=\"lazy\" decoding=\"async\" class=\"wp-image-11969 alignright\" src=\"https:\/\/lemotdujour.fr\/wp-content\/uploads\/2021\/08\/angelique-ionatos-10.jpg\" alt=\"\" width=\"374\" height=\"280\" srcset=\"https:\/\/lemotdujour.fr\/wp-content\/uploads\/2021\/08\/angelique-ionatos-10.jpg 1440w, https:\/\/lemotdujour.fr\/wp-content\/uploads\/2021\/08\/angelique-ionatos-10-300x225.jpg 300w, https:\/\/lemotdujour.fr\/wp-content\/uploads\/2021\/08\/angelique-ionatos-10-1024x768.jpg 1024w, https:\/\/lemotdujour.fr\/wp-content\/uploads\/2021\/08\/angelique-ionatos-10-768x576.jpg 768w\" sizes=\"auto, (max-width: 374px) 100vw, 374px\" \/>Et a ajout\u00e9<br \/>\n<\/span><\/p>\n<p style=\"margin-left: 28pt;\"><span style=\"color: #c00000; font-family: Arial;\">\u00ab&nbsp;Je ne peux pas concevoir qu&rsquo;un artiste ne veut pas t\u00e9moigner de son temps&nbsp;\u00bb<br \/>\n<\/span><\/p>\n<p><span style=\"color: #777777; font-family: Arial;\">Elle a v\u00e9cu l&rsquo;essentiel de sa vie en France. C&rsquo;est d&rsquo;ailleurs en France et en Belgique qu&rsquo;elle a eu le plus de succ\u00e8s bien plus qu&rsquo;en Gr\u00e8ce. Mais quand elle allait en Gr\u00e8ce elle utilisait le verbe \u00ab&nbsp;rentrer&nbsp;\u00bb. Je rentre en Gr\u00e8ce. Pour elle, avoir des racines est essentiel dans la vie. Elle dit<br \/>\n<\/span><\/p>\n<p style=\"margin-left: 28pt;\"><span style=\"color: #c00000; font-family: Arial;\">\u00ab&nbsp;Je suis toujours fascin\u00e9e par la beaut\u00e9 de la Gr\u00e8ce. C&rsquo;est quelque chose qui jusque ma mort me fascinera. J&rsquo;ai vu des paysages en Gr\u00e8ce que je ne verrai nulle part ailleurs. Je deviens un peu stupide de dire&nbsp;: c&rsquo;est le plus beau pays du monde, c&rsquo;est la plus belle lumi\u00e8re du monde.&nbsp;Mais je ne peux pas faire autrement, je l&rsquo;aime.\u00bb<br \/>\n<\/span><\/p>\n<p><span style=\"color: #777777; font-family: Arial;\">J&rsquo;ai aim\u00e9 particuli\u00e8rement deux hommages celui de TELERAMA&nbsp;: \u00ab&nbsp;<a href=\"https:\/\/www.telerama.fr\/musique\/la-chanteuse-angelique-ionatos-sest-eteinte-sa-tragique-lumiere-subsiste-6923306.php\"><span style=\"color: #0000ff;\">La chanteuse Ang\u00e9lique Ionatos s&rsquo;est \u00e9teinte, sa tragique lumi\u00e8re subsiste<\/span>&nbsp;\u00bb&nbsp;.<br \/>\n<\/a><\/span><span style=\"color: #777777; font-family: Arial;\">Et aussi l&rsquo;hommage trouv\u00e9 sur le site <span style=\"color: #0000ff;\"><a style=\"color: #0000ff;\" href=\"https:\/\/www.espritsnomades.net\/musiques\/angelique-ionatos-le-chant-de-l-olive-noire\/#\">Esprit Nomade<\/a><\/span>&nbsp;: \u00ab&nbsp;<span style=\"color: #0000ff;\"><a style=\"color: #0000ff;\" href=\"https:\/\/www.espritsnomades.net\/musiques\/angelique-ionatos-le-chant-de-l-olive-noire\/\">Le chant de l&rsquo;olive noire<\/a>&nbsp;<\/span>\u00bb&nbsp;:<br \/>\n<\/span><\/p>\n<p style=\"margin-left: 28pt;\"><span style=\"color: #c00000; font-family: Arial;\">\u00ab&nbsp;Ang\u00e9lique lonatos est cette belle voix grecque alti\u00e8re et au souffle immense, parfum\u00e9e par toutes les vagues de la mer M\u00e9diterran\u00e9e, et qui nous a conduits dans la for\u00eat des hommes.<br \/>\n<\/span><span style=\"color: #c00000; font-family: Arial;\">Traductrice de po\u00e8tes \u00e0 l&rsquo;ombre immense comme Elytis, Cavafy, Ritsos, S\u00e9f\u00e9ris, elle a favoris\u00e9 l&rsquo;envol des mots par la force ent\u00eatante de ses propres musiques.<br \/>\n<\/span><span style=\"color: #c00000; font-family: Arial;\">Restituant le choc \u00e9l\u00e9mentaire des paroles, elle a tress\u00e9 des chants d&rsquo;amour qui nous reviennent vague par vague, transformant \u00ab\u00a0en morceaux de pierre les dires des dieux\u00a0\u00bb.&nbsp;\u00bb<br \/>\n<\/span><\/p>\n<p><span style=\"color: #777777; font-family: Arial;\">Elle aimait donc passionn\u00e9ment la Gr\u00e8ce, ses paysages, sa lumi\u00e8re.<br \/>\n<\/span><\/p>\n<p><span style=\"color: #777777; font-family: Arial;\">Et en Gr\u00e8ce, elle aimait particuli\u00e8rement l&rsquo;ile de Lesbos. <\/span><span style=\"color: #777777; font-family: Arial;\">L&rsquo;ile de Sapho de M\u00e9thyl\u00e8ne et aussi de la famille de son cher po\u00e8te <span style=\"color: #202122; background-color: white;\"><strong>Odyss\u00e9as El\u00fdtis :<br \/>\n<\/strong><\/span><\/span><\/p>\n<p style=\"margin-left: 28pt;\"><span style=\"color: #c00000; font-family: Arial;\"><span style=\"background-color: white;\">\u00ab&nbsp;C&rsquo;est une \u00eele d&rsquo;une beaut\u00e9 que je ne peux pas d\u00e9crire. C&rsquo;est l\u00e0 qu&rsquo;il y a ma maison avec les 10 millions d&rsquo;oliviers et quelques dizaines de milliers de r\u00e9fugi\u00e9s d\u00e9sormais.&nbsp;C&rsquo;est l\u00e0 que je veux vieillir\u00bb<\/span><br \/>\n<\/span><\/p>\n<p><span style=\"color: #777777; font-family: Arial;\">Ce souhait d&rsquo;Ang\u00e9lique Ionatos ne se r\u00e9alisera pas. Elle est morte dans un EHPAD des Lilas \u00ab\u00a0des suites d&rsquo;une longue maladie\u00a0\u00bb a \u00e9crit son fils.<br \/>\n<\/span><\/p>\n<p><span style=\"color: #777777; font-family: Arial;\">J&rsquo;ai lu qu&rsquo;elle y aurait pass\u00e9 les trois derni\u00e8res ann\u00e9es de sa vie, donc depuis 2019, selon cette information.<br \/>\n<\/span><\/p>\n<p><span style=\"color: #777777; font-family: Arial;\">Elle avait 67 ans.<br \/>\n<\/span><\/p>\n<p><span style=\"color: #777777; font-family: Arial;\">Mais ses derni\u00e8res volont\u00e9s ont \u00e9t\u00e9 respect\u00e9es&nbsp;: Ces cendres ont \u00e9t\u00e9 dispers\u00e9s en Gr\u00e8ce, sur sa terre natale.<br \/>\n<\/span><\/p>\n<p><span style=\"color: #777777; font-family: Arial;\">Il nous reste ses magnifiques chansons et ses disques.<br \/>\n<span style=\"color: #0000ff;\">&lt;<a style=\"color: #0000ff;\" href=\"https:\/\/www.youtube.com\/watch?v=F0DjiyJIZMk\">H\u00e9lios, hymne au soleil<\/a>&gt;<\/span><br \/>\n<span style=\"color: #0000ff;\">&lt;<a style=\"color: #0000ff;\" href=\"https:\/\/www.youtube.com\/watch?v=jeBb0VNY6WA\">Le coquelicot<\/a>&gt;<\/span><br \/>\n<span style=\"color: #0000ff;\">&lt;<a style=\"color: #0000ff;\" href=\"https:\/\/www.youtube.com\/watch?v=P9idm9r0U-4\">J&rsquo;ai habit\u00e9 un pays<\/a>&gt;<\/span> <\/span><\/p>\n<p><span style=\"color: #777777; font-family: Arial;\">Et puis plus rare des chansons fran\u00e7aises compos\u00e9es par d&rsquo;autres :&lt;<a href=\"https:\/\/www.youtube.com\/watch?v=T5WhBzHrt-g\"><span style=\"color: #0000ff;\">Le funambule (Caussimon)<\/span><\/a>&gt;<br \/>\n<span style=\"color: #0000ff;\">&lt;<a style=\"color: #0000ff;\" href=\"https:\/\/www.youtube.com\/watch?v=LkVtY12BV_g\">Le clown (Esposito)<\/a>&gt;<\/span><br \/>\n<\/span><\/p>\n<p><span style=\"color: #800000; font-family: Arial;\">&lt;1599&gt;<\/span><\/p>\n","protected":false},"excerpt":{"rendered":"<p>\u00ab&nbsp;C&rsquo;est toujours un r\u00eave quand la po\u00e9sie tombe dans les filets de la musique. \u00bb Ang\u00e9lique Ionatos C&rsquo;\u00e9tait un matin de juillet 2019, je somnolais encore, quand une voix m&rsquo;a r\u00e9veill\u00e9. C&rsquo;\u00e9tait une voix grave de contralto, solaire, envo\u00fbtante, \u00e2pre<\/p>\n","protected":false},"author":1,"featured_media":0,"comment_status":"open","ping_status":"closed","sticky":false,"template":"","format":"standard","meta":{"footnotes":""},"categories":[1],"tags":[193,147,29,20],"class_list":["post-11961","post","type-post","status-publish","format-standard","hentry","category-motdujour","tag-chanson","tag-grece","tag-hommage","tag-musique"],"_links":{"self":[{"href":"https:\/\/lemotdujour.fr\/index.php?rest_route=\/wp\/v2\/posts\/11961","targetHints":{"allow":["GET"]}}],"collection":[{"href":"https:\/\/lemotdujour.fr\/index.php?rest_route=\/wp\/v2\/posts"}],"about":[{"href":"https:\/\/lemotdujour.fr\/index.php?rest_route=\/wp\/v2\/types\/post"}],"author":[{"embeddable":true,"href":"https:\/\/lemotdujour.fr\/index.php?rest_route=\/wp\/v2\/users\/1"}],"replies":[{"embeddable":true,"href":"https:\/\/lemotdujour.fr\/index.php?rest_route=%2Fwp%2Fv2%2Fcomments&post=11961"}],"version-history":[{"count":6,"href":"https:\/\/lemotdujour.fr\/index.php?rest_route=\/wp\/v2\/posts\/11961\/revisions"}],"predecessor-version":[{"id":11975,"href":"https:\/\/lemotdujour.fr\/index.php?rest_route=\/wp\/v2\/posts\/11961\/revisions\/11975"}],"wp:attachment":[{"href":"https:\/\/lemotdujour.fr\/index.php?rest_route=%2Fwp%2Fv2%2Fmedia&parent=11961"}],"wp:term":[{"taxonomy":"category","embeddable":true,"href":"https:\/\/lemotdujour.fr\/index.php?rest_route=%2Fwp%2Fv2%2Fcategories&post=11961"},{"taxonomy":"post_tag","embeddable":true,"href":"https:\/\/lemotdujour.fr\/index.php?rest_route=%2Fwp%2Fv2%2Ftags&post=11961"}],"curies":[{"name":"wp","href":"https:\/\/api.w.org\/{rel}","templated":true}]}}