{"id":1194,"date":"2015-07-15T02:00:00","date_gmt":"2015-07-14T22:00:00","guid":{"rendered":"http:\/\/lemotdujour.fr\/?p=1194"},"modified":"2017-05-08T13:26:13","modified_gmt":"2017-05-08T11:26:13","slug":"mercredi-15-juillet-2015","status":"publish","type":"post","link":"https:\/\/lemotdujour.fr\/?p=1194","title":{"rendered":"Mercredi 15 Juillet 2015"},"content":{"rendered":"<div class=\"mdjDate\">Mercredi 15 Juillet 2015<\/div>\n<div class=\"mdjTexte\">\u00ab le mot \u00ab\u00a0environnement\u00a0\u00bb est un mot qui, philosophiquement, [&#8230;] dit le contraire de ce qu\u2019il veut dire.<br \/>Il implique que l\u2019homme est au centre et que le reste est dans l\u2019environ. \u00bb <\/div>\n<div class=\"mdjAuteur\">Michel Serres.<\/div>\n<div class=\"mdjComplements\">On en parle beaucoup, la\u00a0 France va accueillir et pr\u00e9sider la COP 21 du 30 novembre au 11 d\u00e9cembre 2015 \u00e0 Paris.<\/div>\n<div class=\"mdjComplements\">La Convention-cadre des Nations unies sur les changements climatiques, dite \u00ab CCNUCC \u00bb (\u00ab UNFCCC \u00bb en anglais), a \u00e9t\u00e9 adopt\u00e9e au cours du sommet de la Terre de Rio de Janeiro en 1992. Elle est entr\u00e9e en vigueur le 21 mars 1994 et a \u00e9t\u00e9 ratifi\u00e9e par 196 \u00ab parties \u00bb prenantes \u00e0 la Convention.<\/div>\n<div class=\"mdjComplements\">La Conf\u00e9rence des Parties (COP), compos\u00e9e de tous les \u00c9tats \u00ab parties \u00bb, constitue l\u2019organe supr\u00eame de la Convention. Cette conf\u00e9rence est la 21\u00e8me depuis sa cr\u00e9ation d&rsquo;o\u00f9 le nom COP21.<\/div>\n<div class=\"mdjComplements\">Il existe bien s\u00fbr un site d\u00e9di\u00e9 \u00e0 cette manifestation et qui est tr\u00e8s p\u00e9dagogique : <a href=\"http:\/\/www.cop21.gouv.fr\/fr\/cop21-cmp11\/quest-ce-quune-cop\">&lt;Site COP 21&gt;<\/a>.<\/div>\n<div class=\"mdjComplements\">C&rsquo;est l&rsquo;occasion pour revenir sur une r\u00e9flexion de Michel Serres qu&rsquo;il avait d\u00e9velopp\u00e9 dans son livre le <a href=\"http:\/\/www.babelio.com\/livres\/Serres-Le-Contrat-naturel\/32030\">&lt;Le Contrat naturel&gt;<\/a><\/div>\n<div class=\"mdjComplements\"><a href=\"https:\/\/msgddcc.files.wordpress.com\/2012\/01\/fiche-de-lecture-edouard-raffin1.pdf&quot; \\t &quot;_blank\">&lt;Vous trouverez une fiche de lecture sur cet ouvrage ici&gt;<\/a><\/div>\n<div class=\"mdjComplements\">Le contrat naturel est pour la nature l&rsquo;\u00e9quivalent du contrat social de Rousseau qui s&rsquo;int\u00e9ressait aux relations sociales et politiques des humains et pose le principe de la souverainet\u00e9 du peuple. <\/div>\n<div class=\"mdjComplements\">Le mot que Serres interroge dans sa r\u00e9flexion est celui d&rsquo;\u00abenvironnement\u00bb. En effet si pour parler de la nature nous utilisons le terme d&rsquo;environnement, nous posons l&rsquo;homme comme ext\u00e9rieur \u00e0 la nature. Alors que l&rsquo;homme est bien s\u00fbr composant de la nature.<\/div>\n<div class=\"mdjComplements\">Soucieux de discuter les concepts li\u00e9s aux d\u00e9bats actuels,\u00a0 Michel Serres souligne que \u00ab le mot \u00ab environnement \u00bb est un mot qui, philosophiquement, peut \u00eatre aussi juridiquement, dit le contraire de ce qu\u2019il veut dire. Il implique que l\u2019homme est au centre et que le reste est dans l\u2019environ. Donc l\u2019homme est d\u00e9j\u00e0 ma\u00eetre et possesseur ; par cons\u00e9quent il n\u2019y a plus de contrat possible.<\/div>\n<div class=\"mdjComplements\">Michel Serres dit :\u00a0 L\u2019\u00ab environnement \u00bb est un tr\u00e8s mauvais concept. Il est anthropocentriste. Tout mon effort dans Le Contrat naturel consistait \u00e0 dire qu\u2019il ne faut pas mettre l\u2019homme au centre. \u00bb<\/div>\n<div class=\"mdjComplements\">Je tire les r\u00e9flexions suivantes d&rsquo;un article de la revue Pouvoir :<\/div>\n<div class=\"mdjComplements\">Peu convaincu par les mesures fiscales du type \u00ab pollueur payeur \u00bb, Michel Serres affirme que \u00ab l\u2019\u00e9conomie et la politique ne suffisent pas. Le droit suppose une norme et une sanction. En l\u2019esp\u00e8ce, la sanction ne viendra pas de l\u2019homme mais du monde. Ainsi le rythme de pollution des industries chinoises conduira \u00e0 la punition de la population. Face \u00e0 la situation actuelle, il y a un retour au r\u00e9el. \u00bb <\/div>\n<div class=\"mdjComplements\">\u00ab On est en train de revenir au monde. Jusqu\u2019\u00e0 pr\u00e9sent, la politique et la philosophie ignoraient le monde. Cela change, on le d\u00e9couvre. Le philosophe engag\u00e9 ne se contente plus de penser les rapports humains. J\u2019ai une seconde utopie. L\u2019opinion publique devient mondiale. Le connectif remplacera le collectif \u00bb pr\u00e9cise Michel Serres.<\/div>\n<div class=\"mdjComplements\"> \u00ab Cette opinion mondiale qui est en train de se former va devenir aussi puissante que le monde. Il y a une d\u00e9mocratie en formation. Une vague qui va dans le bon sens. Souvent la population d\u2019un pays est plus sage que ses gouvernants. Il est possible que, pour l\u2019environnement, il se passe quelque chose de ce genre. Voil\u00e0 une seconde sanction comprise dans cette seconde utopie. Apr\u00e8s la sanction par le monde, la sanction par l\u2019opinion publique. Maintenant au juriste de prendre le relais des utopies du philosophe \u00bb, ajoute Michel Serres.<\/div>\n<div class=\"mdjComplements\"><a href=\"http:\/\/www.reglementation-environnement.com\/18758-droit-environnement-michel-serres.html\">http:\/\/www.reglementation-environnement.com\/18758-droit-environnement-michel-serres.html<\/a><\/div>\n<div class=\"mdjComplements\">Voici d&rsquo;autres articles sur cette r\u00e9flexion de Michel Serres :<\/div>\n<div class=\"mdjComplements\"><a href=\"http:\/\/blogs.lexpress.fr\/les-8-plumes\/2012\/05\/10\/michel-serres-le-contrat-naturel-de-la-nature-du-droit-aux-droits-de-la-nature\/\">http:\/\/blogs.lexpress.fr\/les-8-plumes\/2012\/05\/10\/michel-serres-le-contrat-naturel-de-la-nature-du-droit-aux-droits-de-la-nature\/<\/a><\/div>\n<div class=\"mdjComplements\"><a href=\"https:\/\/msgddcc.files.wordpress.com\/2012\/01\/fiche-de-lecture-edouard-raffin1.pdf\">https:\/\/msgddcc.files.wordpress.com\/2012\/01\/fiche-de-lecture-edouard-raffin1.pdf<\/a><\/div>\n","protected":false},"excerpt":{"rendered":"<p>Mercredi 15 Juillet 2015 \u00ab le mot \u00ab\u00a0environnement\u00a0\u00bb est un mot qui, philosophiquement, [&#8230;] dit le contraire de ce qu\u2019il veut dire.Il implique que l\u2019homme est au centre et que le reste est dans l\u2019environ. \u00bb Michel Serres. On en<\/p>\n","protected":false},"author":1,"featured_media":0,"comment_status":"closed","ping_status":"closed","sticky":false,"template":"","format":"standard","meta":{"footnotes":""},"categories":[1],"tags":[],"class_list":["post-1194","post","type-post","status-publish","format-standard","hentry","category-motdujour"],"_links":{"self":[{"href":"https:\/\/lemotdujour.fr\/index.php?rest_route=\/wp\/v2\/posts\/1194","targetHints":{"allow":["GET"]}}],"collection":[{"href":"https:\/\/lemotdujour.fr\/index.php?rest_route=\/wp\/v2\/posts"}],"about":[{"href":"https:\/\/lemotdujour.fr\/index.php?rest_route=\/wp\/v2\/types\/post"}],"author":[{"embeddable":true,"href":"https:\/\/lemotdujour.fr\/index.php?rest_route=\/wp\/v2\/users\/1"}],"replies":[{"embeddable":true,"href":"https:\/\/lemotdujour.fr\/index.php?rest_route=%2Fwp%2Fv2%2Fcomments&post=1194"}],"version-history":[{"count":1,"href":"https:\/\/lemotdujour.fr\/index.php?rest_route=\/wp\/v2\/posts\/1194\/revisions"}],"predecessor-version":[{"id":1195,"href":"https:\/\/lemotdujour.fr\/index.php?rest_route=\/wp\/v2\/posts\/1194\/revisions\/1195"}],"wp:attachment":[{"href":"https:\/\/lemotdujour.fr\/index.php?rest_route=%2Fwp%2Fv2%2Fmedia&parent=1194"}],"wp:term":[{"taxonomy":"category","embeddable":true,"href":"https:\/\/lemotdujour.fr\/index.php?rest_route=%2Fwp%2Fv2%2Fcategories&post=1194"},{"taxonomy":"post_tag","embeddable":true,"href":"https:\/\/lemotdujour.fr\/index.php?rest_route=%2Fwp%2Fv2%2Ftags&post=1194"}],"curies":[{"name":"wp","href":"https:\/\/api.w.org\/{rel}","templated":true}]}}