{"id":11928,"date":"2021-07-30T05:45:00","date_gmt":"2021-07-30T03:45:00","guid":{"rendered":"http:\/\/lemotdujour.fr\/?p=11928"},"modified":"2021-07-30T07:51:01","modified_gmt":"2021-07-30T05:51:01","slug":"vendredi-30-juillet-2021","status":"publish","type":"post","link":"https:\/\/lemotdujour.fr\/?p=11928","title":{"rendered":"Vendredi 30 juillet 2021"},"content":{"rendered":"<div class=\"mdjTexte\">\u00ab\u00a0L&rsquo;ann\u00e9e du grand retournement\u00a0: 1979 selon Amin Maalouf\u00bb<\/div>\n<div class=\"mdjAuteur\">Publication de la page consacr\u00e9e \u00e0 la s\u00e9rie<\/div>\n<p><span style=\"color: #777777; font-family: Arial;\">La s\u00e9rie sur l&rsquo;ann\u00e9e 1979 s&rsquo;est termin\u00e9e tr\u00e8s logiquement par le dernier \u00e9v\u00e8nement qui s&rsquo;est pass\u00e9 cette ann\u00e9e\u00a0: l&rsquo;invasion de l&rsquo;Afghanistan par l&rsquo;arm\u00e9e de l&rsquo;Union sovi\u00e9tique.<br \/>\n<\/span><\/p>\n<p><span style=\"color: #777777; font-family: Arial;\">Cette s\u00e9rie qui correspond \u00e0 un des th\u00e8mes que Amin Maalouf a d\u00e9velopp\u00e9 dans son remarquable ouvrage \u00ab<span style=\"color: #0000ff;\">\u00a0<a style=\"color: #0000ff;\" href=\"https:\/\/www.grasset.fr\/livres\/le-naufrage-des-civilisations-prix-aujourdhui-2019-9782246852179\">Le naufrage des civilisations\u00a0<\/a><\/span>\u00bb\u00a0: Les liens qui existent entre tous les \u00e9v\u00e8nements de l&rsquo;ann\u00e9e 1979 et les cons\u00e9quences qu&rsquo;ils ont entra\u00een\u00e9es dans les ann\u00e9es suivantes jusqu&rsquo;\u00e0 nos jours 42 ans apr\u00e8s.<br \/>\n<\/span><\/p>\n<p><span style=\"color: #777777;\"><span style=\"font-family: Arial;\">La page consacr\u00e9e \u00e0 cette s\u00e9rie est en ligne sur la <span style=\"color: #0000ff;\"><a style=\"color: #0000ff;\" href=\"https:\/\/lemotdujour.fr\/?page_id=2543\">page des s\u00e9ries<\/a><\/span>. <\/span><span style=\"font-family: Times New Roman;\"><br \/>\n<\/span><\/span><\/p>\n<p><span style=\"color: #777777; font-family: Arial;\">Mais vous pouvez aller directement sur la page en suivant ce lien : &lt;<a href=\"https:\/\/lemotdujour.fr\/?page_id=11919\"><span style=\"color: #1f497d; text-decoration: underline;\"><span style=\"color: #0000ff; text-decoration: underline;\">1979\u00a0: L&rsquo;ann\u00e9e du grand retournement<\/span> <\/span><\/a>&gt;<br \/>\n<\/span><\/p>\n<p><span style=\"color: #777777; font-family: Arial;\">Apr\u00e8s avoir essay\u00e9, gr\u00e2ce \u00e0 Amin Maalouf, d&rsquo;esquisser de grands bouleversements \u00e9conomiques, politiques et religieux qui ont touch\u00e9 le monde, je reviendrai, la semaine prochaine, \u00e0 hauteur des \u00eatres humains pour \u00e9voquer 5 destins particuliers.<br \/>\n<\/span><\/p>\n<p><span style=\"color: #777777; font-family: Arial;\">Puis lundi 9, je parlerai d&rsquo;une chanson \u00e0 l&rsquo;occasion d&rsquo;un anniversaire.<br \/>\n<\/span><\/p>\n<p><span style=\"color: #777777; font-family: Arial;\">Apr\u00e8s, le mot du jour se mettra en cong\u00e9 pour une longue p\u00e9riode.<br \/>\n<\/span><\/p>\n<p><span style=\"color: #c00000; font-family: Arial;\">&lt;Mot sans num\u00e9ro&gt;<br \/>\n<\/span><\/p>\n","protected":false},"excerpt":{"rendered":"<p>\u00ab\u00a0L&rsquo;ann\u00e9e du grand retournement\u00a0: 1979 selon Amin Maalouf\u00bb Publication de la page consacr\u00e9e \u00e0 la s\u00e9rie La s\u00e9rie sur l&rsquo;ann\u00e9e 1979 s&rsquo;est termin\u00e9e tr\u00e8s logiquement par le dernier \u00e9v\u00e8nement qui s&rsquo;est pass\u00e9 cette ann\u00e9e\u00a0: l&rsquo;invasion de l&rsquo;Afghanistan par l&rsquo;arm\u00e9e de<\/p>\n","protected":false},"author":1,"featured_media":0,"comment_status":"open","ping_status":"closed","sticky":false,"template":"","format":"standard","meta":{"footnotes":""},"categories":[1],"tags":[26],"class_list":["post-11928","post","type-post","status-publish","format-standard","hentry","category-motdujour","tag-retrospective"],"_links":{"self":[{"href":"https:\/\/lemotdujour.fr\/index.php?rest_route=\/wp\/v2\/posts\/11928","targetHints":{"allow":["GET"]}}],"collection":[{"href":"https:\/\/lemotdujour.fr\/index.php?rest_route=\/wp\/v2\/posts"}],"about":[{"href":"https:\/\/lemotdujour.fr\/index.php?rest_route=\/wp\/v2\/types\/post"}],"author":[{"embeddable":true,"href":"https:\/\/lemotdujour.fr\/index.php?rest_route=\/wp\/v2\/users\/1"}],"replies":[{"embeddable":true,"href":"https:\/\/lemotdujour.fr\/index.php?rest_route=%2Fwp%2Fv2%2Fcomments&post=11928"}],"version-history":[{"count":3,"href":"https:\/\/lemotdujour.fr\/index.php?rest_route=\/wp\/v2\/posts\/11928\/revisions"}],"predecessor-version":[{"id":11937,"href":"https:\/\/lemotdujour.fr\/index.php?rest_route=\/wp\/v2\/posts\/11928\/revisions\/11937"}],"wp:attachment":[{"href":"https:\/\/lemotdujour.fr\/index.php?rest_route=%2Fwp%2Fv2%2Fmedia&parent=11928"}],"wp:term":[{"taxonomy":"category","embeddable":true,"href":"https:\/\/lemotdujour.fr\/index.php?rest_route=%2Fwp%2Fv2%2Fcategories&post=11928"},{"taxonomy":"post_tag","embeddable":true,"href":"https:\/\/lemotdujour.fr\/index.php?rest_route=%2Fwp%2Fv2%2Ftags&post=11928"}],"curies":[{"name":"wp","href":"https:\/\/api.w.org\/{rel}","templated":true}]}}