{"id":11892,"date":"2021-07-29T00:51:43","date_gmt":"2021-07-28T22:51:43","guid":{"rendered":"http:\/\/lemotdujour.fr\/?p=11892"},"modified":"2021-07-29T23:34:32","modified_gmt":"2021-07-29T21:34:32","slug":"jeudi-29-juillet-2021","status":"publish","type":"post","link":"https:\/\/lemotdujour.fr\/?p=11892","title":{"rendered":"Jeudi 29 juillet 2021"},"content":{"rendered":"<div class=\"mdjTexte\">\u00ab\u00a0Nous avons maintenant l&rsquo;occasion de donner \u00e0 l&rsquo;URSS sa guerre du Vietnam. \u00bb<\/div>\n<div class=\"mdjAuteur\">Zbigniew Brzezinski<\/div>\n<p><span style=\"color: #777777; font-family: Arial;\">Je n&rsquo;avais pas entendu parler de l&rsquo;Afghanistan pendant mes ann\u00e9es de coll\u00e8ge et de lyc\u00e9e. Tout au plus avais je appris par un quizz que la capitale de l&rsquo;Afghanistan \u00e9tait Kaboul.<br \/>\n<\/span><\/p>\n<p><img decoding=\"async\" class=\"alignleft\" src=\"https:\/\/lemotdujour.fr\/wp-content\/uploads\/2021\/07\/072821_2242_Jeudi29juil1.png\" alt=\"\" align=\"left\" \/><span style=\"color: #777777; font-family: Arial;\">Je ne savais rien de ce pays montagneux et enclav\u00e9, c&rsquo;est-\u00e0-dire sans acc\u00e8s \u00e0 la mer.<br \/>\n<\/span><\/p>\n<p><span style=\"color: #777777; font-family: Arial;\">Mais \u00e0 partir du 27 d\u00e9cembre 1979, lorsque l&rsquo;arm\u00e9e sovi\u00e9tique est entr\u00e9e dans ce pays, non seulement nous en avons tous entendu parler et depuis il n&rsquo;a plus quitt\u00e9 l&rsquo;actualit\u00e9.<br \/>\n<\/span><\/p>\n<p><span style=\"color: #777777; font-family: Arial;\">Il a re\u00e7u un surnom r\u00e9p\u00e9t\u00e9 \u00e0 sati\u00e9t\u00e9 par les journaux : <\/span><span style=\"color: #777777; font-family: Arial;\">Le Figaro : \u00ab<\/span><span style=\"font-family: Arial; color: #0000ff;\"><a style=\"color: #0000ff;\" href=\"https:\/\/www.lefigaro.fr\/vox\/monde\/2018\/01\/31\/31002-20180131ARTFIG00410-l-editorial-du-figaro-l-afghanistan-cimetiere-des-empires.php\">L&rsquo;Afghanistan, cimeti\u00e8re des empire<\/a><\/span><span style=\"color: #777777; font-family: Arial;\"><span style=\"color: #0000ff;\"><a style=\"color: #0000ff;\" href=\"https:\/\/www.lefigaro.fr\/vox\/monde\/2018\/01\/31\/31002-20180131ARTFIG00410-l-editorial-du-figaro-l-afghanistan-cimetiere-des-empires.php\">s<\/a><\/span>\u00bb, <\/span><span style=\"color: #777777; font-family: Arial;\">L&rsquo;Histoire \u00ab<span style=\"color: #0000ff;\">\u00a0<a style=\"color: #0000ff;\" href=\"https:\/\/www.lhistoire.fr\/lafghanistan-cimeti%C3%A8re-des-empires\">L&rsquo;Afghanistan, cimeti\u00e8re des empires ?\u00a0<\/a><\/span>\u00bb, Le Point\u00a0: \u00ab\u00a0<a href=\"https:\/\/www.lepoint.fr\/monde\/afghanistan-le-cimetiere-des-empires-25-07-2021-2436739_24.php\"><span style=\"color: #0000ff;\">Afghanistan, le cimeti\u00e8re des empires<\/span>\u00a0<\/a>\u00bb etc.<br \/>\n<\/span><\/p>\n<p><span style=\"color: #777777; font-family: Arial;\">Il faut remonter au d\u00e9but du XIII\u00e8me si\u00e8cle et \u00e0 <strong>Gengis Khan<\/strong>, pour qu&rsquo;un empire puisse l&rsquo;int\u00e9grer. <span style=\"color: #0000ff;\"><a style=\"color: #0000ff;\" href=\"https:\/\/fr.wikipedia.org\/wiki\/Invasion_mongole_de_l%27Empire_khwarezmien\">L&rsquo;Empire mongole de Gengis Khan<\/a><\/span> s&rsquo;\u00e9tendra sur toute la partie Ouest de l&rsquo;Afghanistan. Mais cet empire fut \u00e9ph\u00e9m\u00e8re.<\/span><\/p>\n<p><span style=\"color: #777777; font-family: Arial;\">150 ans apr\u00e8s, Tamerlan parvint aussi pendant quelques ann\u00e9es <a href=\"https:\/\/www.lesclesdumoyenorient.com\/Tamerlan-a-la-conquete-de-l-Orient-1370-1405.html\"><span style=\"color: #0000ff;\">\u00e0 conqu\u00e9rir ce pays<\/span><\/a>\u00a0:<br \/>\n<\/span><\/p>\n<p style=\"margin-left: 28pt;\"><span style=\"color: #c00000; font-family: Arial;\">\u00ab\u00a0\u00ab\u00a0Entre 1370 et 1380, Tamerlan et son arm\u00e9e \u2013 m\u00eal\u00e9e d&rsquo;\u00e9l\u00e9ments turcs et mongols \u2013 conqui\u00e8rent le Khwarezm, r\u00e9gion situ\u00e9e \u00e0 la confluence des actuels Iran, Ouzb\u00e9kistan et Turkm\u00e9nistan\u00a0;[&#8230;] Il se tourne \u00e9galement r\u00e9solument vers l&rsquo;ouest, o\u00f9 plusieurs campagnes, entre 1380 et 1396, lui permettent d&rsquo;asseoir son pouvoir sur l&rsquo;ensemble de l&rsquo;Iran et de l&rsquo;Afghanistan actuels. [&#8230;] ces r\u00e9gions constituent le c\u0153ur de son empire, centr\u00e9 sur Samarcande\u00a0\u00bb<br \/>\n<\/span><\/p>\n<p><span style=\"color: #777777; font-family: Arial;\">Mais le titre de cimeti\u00e8re des empires a pris tout son sens quand l&rsquo;Empire britannique qui avait domin\u00e9 les Indes n&rsquo;a pas pu s&#8217;emparer de l&rsquo;Afghanistan.<br \/>\n<\/span><\/p>\n<p><span style=\"color: #777777; font-family: Arial;\"><strong>Le Point<\/strong> rappelle un \u00e9pisode particuli\u00e8rement sanglant\u00a0:<br \/>\n<\/span><\/p>\n<p style=\"margin-left: 28pt;\"><span style=\"color: #c00000; font-family: Arial;\">\u00ab\u00a0Un nom r\u00e9sume la f\u00e9rocit\u00e9 des guerriers afghan\u00a0: <span style=\"color: #0000ff;\"><a style=\"color: #0000ff;\" href=\"https:\/\/fr.wikipedia.org\/wiki\/Bataille_de_Gandamak\">Gandamak<\/a><\/span>. C&rsquo;est dans ce d\u00e9fil\u00e9 qu&rsquo;en 1842, apr\u00e8s le soul\u00e8vement de Kaboul, 16\u00a0000 Anglais d\u00e9sarm\u00e9s du corps exp\u00e9ditionnaire de retour vers l&rsquo;Inde, sont massacr\u00e9s. La premi\u00e8re d\u00e9route de l&rsquo;homme blanc, bien avant la victoire des Japonais sur les Russes en 1905.\u00a0\u00bb<br \/>\n<\/span><\/p>\n<p><span style=\"color: #777777; font-family: Arial;\">Les Russes sont euphoriques en 1979, comme je l&rsquo;ai relat\u00e9 lors du mot du jour de lundi. Ils vont donc attaquer. Nous apprendrons plus loin qu&rsquo;ils ont \u00e9t\u00e9 un peu provoqu\u00e9s.<br \/>\n<\/span><\/p>\n<p><span style=\"color: #777777; font-family: Arial;\">Mais ils vont se lancer dans cette aventure qui durera 10 ans, jusqu&rsquo;\u00e0 ce Gorbatchev d\u00e9cide du retrait en 1989\u00a0; il est tard, trop tard pour l&rsquo;Union Sovi\u00e9tique.<br \/>\n<\/span><\/p>\n<p><span style=\"color: #777777; font-family: Arial;\">Amin Maalouf \u00e9crit\u00a0:<br \/>\n<\/span><\/p>\n<p style=\"margin-left: 28pt;\"><span style=\"color: #c00000; font-family: Arial;\">\u00ab\u00a0Les dirigeants sovi\u00e9tiques se sont lanc\u00e9s dans une aventure qui se r\u00e9v\u00e9la d\u00e9sastreuse et m\u00eame fatale pour leur r\u00e9gime\u00a0: la conqu\u00eate de l&rsquo;Afghanistan\u00a0\u00bb<br \/>\n<em>Le Naufrage des civilisations page 180<br \/>\n<\/em><\/span><\/p>\n<p><span style=\"color: #777777; font-family: Arial;\">Si vous voulez tout savoir et comprendre sur ce qui s&rsquo;est pass\u00e9 en Afghanistan avant l&rsquo;invasion sovi\u00e9tique, pendant et apr\u00e8s, il faut absolument regarder ces 4 documentaires passionnants d&rsquo;ARTE :<br \/>\n<\/span><\/p>\n<ul>\n<li><span style=\"color: #0000ff; font-family: Arial;\">&lt;<a style=\"color: #0000ff;\" href=\"https:\/\/www.youtube.com\/watch?v=-5vXiBru2mo&amp;t=1263s&amp;pp=sAQA\">Afghanistan Pays meurtri par la guerre 1\/4 Le royaume<\/a>&gt;<br \/>\n<\/span><\/li>\n<li><span style=\"color: #0000ff; font-family: Arial;\">&lt;<a style=\"color: #0000ff;\" href=\"https:\/\/www.youtube.com\/watch?v=W2nA5uNTJ5I&amp;pp=sAQA\">Afghanistan Pays meurtri par la guerre 2\/4 L&rsquo;arm\u00e9e sovi\u00e9tique<\/a>&gt;<br \/>\n<\/span><\/li>\n<li><span style=\"color: #0000ff; font-family: Arial;\">&lt;<a style=\"color: #0000ff;\" href=\"https:\/\/www.youtube.com\/watch?v=vhCcwDttcZg&amp;pp=sAQA\">Afghanistan Pays meurtri par la guerre 3\/4 Moudjahidine et Taliban<\/a>&gt;<br \/>\n<\/span><\/li>\n<li><span style=\"color: #777777; font-family: Arial;\"><span style=\"color: #0000ff;\">&lt;<a style=\"color: #0000ff;\" href=\"https:\/\/www.youtube.com\/watch?v=wXc0fE5wUCY&amp;t=2s&amp;pp=sAQA\">Afghanistan Pays meurtri par la guerre 4\/4 Les troupes de l&rsquo;OTAN<\/a>&gt;<\/span><br \/>\n<\/span><\/li>\n<\/ul>\n<p><img decoding=\"async\" class=\"alignright\" src=\"https:\/\/lemotdujour.fr\/wp-content\/uploads\/2021\/07\/072821_2242_Jeudi29juil2.jpg\" alt=\"\" align=\"left\" \/><span style=\"color: #777777; font-family: Arial;\">Amin Maalouf raconte\u00a0:<br \/>\n<\/span><\/p>\n<p style=\"margin-left: 28pt;\"><span style=\"color: #c00000; font-family: Arial;\">\u00ab\u00a0Ce pays montagneux, situ\u00e9 entre l&rsquo;Iran, le Pakistan, la Chine et les r\u00e9publiques sovi\u00e9tiques d&rsquo;Asie centrale, comptait des mouvements d&rsquo;ob\u00e9dience communiste, actifs et ambitieux, mais tr\u00e8s minoritaires au sein d&rsquo;une population musulmane socialement conservatrice et farouchement hostile \u00e0 toute ing\u00e9rence \u00e9trang\u00e8re. Laiss\u00e9s \u00e0 eux-m\u00eames, ces militants n&rsquo;avaient aucune chance de tenir durablement les r\u00eanes du pouvoir. Seule une implication active de leurs puissants voisins sovi\u00e9tiques pouvait modifier le rapport de force en leur faveur. Encore fallait-il que lesdits voisins soient convaincus de la n\u00e9cessit\u00e9 d&rsquo;une telle intervention.<br \/>\n<\/span><\/p>\n<p style=\"margin-left: 28pt;\"><span style=\"color: #c00000; font-family: Arial;\">C&rsquo;est justement ce qui arriva \u00e0 partir du mois d&rsquo;avril 1978. Irrit\u00e9s par un rapprochement qui s&rsquo;amor\u00e7ait entre Kaboul et l&rsquo;Occident, soucieux de pr\u00e9server la s\u00e9curit\u00e9 de leurs fronti\u00e8res et la stabilit\u00e9 de leurs r\u00e9publiques asiatiques et persuad\u00e9s de pouvoir avancer leurs pions en toute impunit\u00e9, les dirigeants sovi\u00e9tiques donn\u00e8rent leur aval \u00e0 un coup d&rsquo;\u00c9tat organis\u00e9 par l&rsquo;une des factions marxistes. Puis, lorsque des soul\u00e8vements commenc\u00e8rent \u00e0 se produire contre le nouveau r\u00e9gime, ils d\u00e9p\u00each\u00e8rent leurs troupes en grand nombre pour les r\u00e9primer, s&rsquo;enfon\u00e7ant chaque jour un peu plus dans le bourbier.<br \/>\n<\/span><\/p>\n<p style=\"margin-left: 28pt;\"><span style=\"color: #c00000; font-family: Arial;\">Comme cela est arriv\u00e9 si souvent \u00e0 travers l&rsquo;Histoire \u2013 mais chacun s&rsquo;imagine que pour lui les choses se passeraient autrement \u2013 les dirigeants sovi\u00e9tiques s&rsquo;\u00e9taient persuad\u00e9s que l&rsquo;op\u00e9ration de pacification qu&rsquo;ils menaient serait de courte dur\u00e9e et qu&rsquo;elle s&rsquo;ach\u00e8verait sur une victoire d\u00e9cisive.\u00a0\u00bb<br \/>\n<\/span><span style=\"color: #c00000; font-family: Arial;\"><em>Le Naufrage des civilisations page 180<\/em><br \/>\n<\/span><\/p>\n<p><span style=\"color: #777777; font-family: Arial;\">Les sovi\u00e9tiques pensaient que les am\u00e9ricains traumatis\u00e9s par leur d\u00e9faite lors de la guerre du Vi\u00eat-Nam et englu\u00e9s dans la prise d&rsquo;otage de leur ambassade de T\u00e9h\u00e9ran n&rsquo;avaient aucun d\u00e9sir de se lancer dans de nouvelles aventures et au-del\u00e0 de quelques protestations ne feraient rien.<br \/>\n<\/span><\/p>\n<p><span style=\"color: #777777; font-family: Arial;\">Et s&rsquo;il fallait un argument suppl\u00e9mentaire ils avaient pu constater que l&rsquo;envoi de troupes cubaines en Angola avait laiss\u00e9 les am\u00e9ricains impassibles.<br \/>\n<\/span><\/p>\n<p><span style=\"color: #777777; font-family: Arial;\">Et apparemment, dans un premier temps le plan des sovi\u00e9tiques se passait comme pr\u00e9vu. A cette nuance pr\u00e8s que l&rsquo;arm\u00e9e rouge avait pu s&#8217;emparer des grandes villes et des principales routes. Le reste de l&rsquo;Afghanistan leur \u00e9chappait. Tous ces territoires \u00e9taient aux mains de combattants nationalistes et musulmans.<br \/>\n<\/span><\/p>\n<p><span style=\"color: #777777; font-family: Arial;\"><img loading=\"lazy\" decoding=\"async\" class=\"size-full wp-image-11890 alignleft\" src=\"https:\/\/lemotdujour.fr\/wp-content\/uploads\/2021\/07\/072821_2242_Jeudi29juil3.jpg\" alt=\"\" width=\"450\" height=\"225\" srcset=\"https:\/\/lemotdujour.fr\/wp-content\/uploads\/2021\/07\/072821_2242_Jeudi29juil3.jpg 450w, https:\/\/lemotdujour.fr\/wp-content\/uploads\/2021\/07\/072821_2242_Jeudi29juil3-300x150.jpg 300w\" sizes=\"auto, (max-width: 450px) 100vw, 450px\" \/>Au sein de l&rsquo;administration Carter le ministre des affaires \u00e9trang\u00e8res, appel\u00e9 aux USA le secr\u00e9taire d&rsquo;\u00c9tat \u00e9tait tenu par un polonais comme le Pape\u00a0; <strong>Zbignizw Brzezinski<\/strong>, dit \u00ab\u00a0<strong>Zbig<\/strong>\u00a0\u00bb.<br \/>\n<\/span><\/p>\n<p><span style=\"color: #777777; font-family: Arial;\">Comme le cardinal de Cracovie, le destin de son pays natal avait fait na\u00eetre en lui un anti communisme f\u00e9roce auquel s&rsquo;ajoutait un fort ressentiment contre l&rsquo;Union sovi\u00e9tique continuateur de l&#8217;empire russe qui avait si souvent impos\u00e9 sa volont\u00e9 au peuple polonais.<br \/>\n<\/span><\/p>\n<p><span style=\"color: #777777; font-family: Arial;\">A l&rsquo;occasion de sa mort Le Point lui avait rendu hommage\u00a0: \u00ab\u00a0<a href=\"https:\/\/www.lepoint.fr\/monde\/brzezinski-l-heritage-d-un-geopolitologue-majeur-14-06-2017-2135145_24.php\"><span style=\"color: #0000ff;\">Brzezi\u0144ski, l&rsquo;h\u00e9ritage d&rsquo;un g\u00e9opolitologue majeu<\/span><\/a>r\u00a0\u00bb<br \/>\n<\/span><\/p>\n<p><span style=\"color: #777777; font-family: Arial;\">Amin Maalouf raconte\u00a0:<br \/>\n<\/span><\/p>\n<p style=\"margin-left: 28pt;\"><span style=\"color: #c00000; font-family: Arial;\">\u00ab\u00a0En juillet 1979, alors que Kaboul \u00e9tait aux mains des communistes afghans qui y avaient pris le pouvoir, et que des mouvements arm\u00e9s commen\u00e7aient \u00e0 s&rsquo;organiser pour s&rsquo;opposer \u00e0 eux au nom de l&rsquo;islam et des traditions locales, Washington avait r\u00e9agi en mettant en place, dans le secret, une op\u00e9ration dont le nom de code \u00e9tait \u00ab\u00a0<span style=\"color: #0000ff;\"><a style=\"color: #0000ff;\" href=\"https:\/\/fr.wikipedia.org\/wiki\/Programme_afghan\"><strong>Cyclone<\/strong><\/a><\/span>\u00a0\u00bb, et qui visait \u00e0 soutenir les rebelles. Avant que la d\u00e9cision ne fut prise, certains responsables am\u00e9ricains s&rsquo;\u00e9taient demand\u00e9 avec inqui\u00e9tude si une telle op\u00e9ration n&rsquo;allait pas pousser Moscou \u00e0 envoyer ses troupes dans le pays. Mais cette perspective n&rsquo;inqui\u00e9tait nullement Brzezinski. Il l&rsquo;appelait de ses v\u0153ux. Son espoir \u00e9tait justement que les Sovi\u00e9tiques, incapables de contr\u00f4ler la situation \u00e0 travers leurs alli\u00e9s locaux, soient contraints de franchir eux-m\u00eames la fronti\u00e8re, tombant ainsi dans le pi\u00e8ge qu&rsquo;il leur tendait\u00a0\u00bb<br \/>\n<em>Le Naufrage des civilisations page 196<\/em><br \/>\n<\/span><\/p>\n<p><span style=\"color: #777777; font-family: Arial;\">Les am\u00e9ricains ont donc aid\u00e9s les forces islamiques qui se battaient contre le pouvoir afghan communiste de Kaboul. En outre, il fallait que l&rsquo;URSS le sache et consente \u00e0 intervenir. D\u00e8s lors, Zbig pensait que ce serait un Viet Nam \u00e0 l&rsquo;envers\u00a0: les sovi\u00e9tiques englu\u00e9s par une gu\u00e9rilla et les am\u00e9ricains aidant la gu\u00e9rilla \u00e0 faire de plus en plus mal \u00e0 l&rsquo;arm\u00e9e r\u00e9guli\u00e8re.<br \/>\n<\/span><\/p>\n<p><span style=\"color: #777777; font-family: Arial;\">Dans un entretien avec le journaliste Vincent Jauvert, publi\u00e9 dans le nouvel Observateur du 15 janvier 1998, soit pr\u00e8s de 20 ans apr\u00e8s, Brzezinski affirme\u00a0:<br \/>\n<\/span><\/p>\n<p style=\"margin-left: 28pt;\"><span style=\"color: #c00000; font-family: Arial;\">\u00ab\u00a0 Oui. Selon la version officielle de l&rsquo;histoire, l&rsquo;aide de la CIA aux moudjahidine a d\u00e9but\u00e9 courant 1980, c&rsquo;est-\u00e0-dire apr\u00e8s que l&rsquo;arm\u00e9e sovi\u00e9tique eut envahi l&rsquo;Afghanistan, le 24 d\u00e9cembre 1979.<br \/>\n<\/span><\/p>\n<p style=\"margin-left: 28pt;\"><span style=\"color: #c00000; font-family: Arial;\">Mais la r\u00e9alit\u00e9 gard\u00e9e secr\u00e8te est tout autre : c&rsquo;est en effet le 3 juillet 1979 que le pr\u00e9sident Carter a sign\u00e9 la premi\u00e8re directive sur l&rsquo;assistance clandestine aux opposants du r\u00e9gime prosovi\u00e9tique de Kaboul. Et ce jour-l\u00e0 j&rsquo;ai \u00e9crit une note au pr\u00e9sident dans laquelle je lui expliquais qu&rsquo;\u00e0 mon avis cette aide allait entra\u00eener une intervention militaire des Sovi\u00e9tiques.<br \/>\n<\/span><\/p>\n<p style=\"margin-left: 28pt;\"><span style=\"color: #c00000; font-family: Arial;\">[\u2026] Nous n&rsquo;avons pas pouss\u00e9 les Russes \u00e0 intervenir, mais nous avons sciemment augment\u00e9 la probabilit\u00e9 qu&rsquo;ils le fassent.<br \/>\n<\/span><\/p>\n<p style=\"margin-left: 28pt;\"><span style=\"color: #c00000; font-family: Arial;\"><em>Le Nouvel Observateur : Lorsque les Sovi\u00e9tiques ont justifi\u00e9 leur intervention en affirmant qu&rsquo;ils entendaient lutter contre une ing\u00e9rence secr\u00e8te des Etats-Unis en Afghanistan, personne ne les a crus. Pourtant il y avait un fond de v\u00e9rit\u00e9. Vous ne regrettez rien aujourd&rsquo;hui ?<br \/>\n<\/em><\/span><\/p>\n<p style=\"margin-left: 28pt;\"><span style=\"color: #c00000; font-family: Arial;\">Zbigniew Brzezinski : Regretter quoi ? Cette op\u00e9ration secr\u00e8te \u00e9tait une excellente id\u00e9e. Elle a eu pour effet d&rsquo;attirer les Russes dans le pi\u00e8ge Afghan et vous voulez que je le regrette ? Le jour o\u00f9 les Sovi\u00e9tiques ont officiellement franchi la fronti\u00e8re, j&rsquo;ai \u00e9crit au pr\u00e9sident Carter, en substance <strong>: \u00ab Nous avons maintenant l&rsquo;occasion de donner \u00e0 l&rsquo;URSS sa guerre du Vietnam. \u00bb <\/strong>De fait, Moscou a d\u00fb mener pendant presque dix ans une guerre insupportable pour le r\u00e9gime, un conflit qui a entra\u00een\u00e9 la d\u00e9moralisation et finalement l&rsquo;\u00e9clatement de l&#8217;empire sovi\u00e9tique.\u00a0\u00bb\u00a0\u00bb<br \/>\n<\/span><\/p>\n<p><img loading=\"lazy\" decoding=\"async\" class=\"alignright\" src=\"https:\/\/lemotdujour.fr\/wp-content\/uploads\/2021\/07\/072821_2242_Jeudi29juil4.jpg\" alt=\"\" width=\"563\" height=\"363\" align=\"left\" \/><span style=\"color: #777777; font-family: Arial;\">Et les am\u00e9ricains vont donner des armes et des armes aux combattants d&rsquo;Afghanistan. Des armes de plus en plus sophistiqu\u00e9es comme les c\u00e9l\u00e8bres missiles Stinger qui abattront les avions russes.<br \/>\n<\/span><\/p>\n<p><span style=\"color: #777777; font-family: Arial;\">Dans les documentaires d&rsquo;Arte, un intervenant explique que c&rsquo;\u00e9tait tr\u00e8s rentable\u00a0: Un mois de pr\u00e9sence des arm\u00e9es am\u00e9ricaines en Afghanistan coutait aussi cher que l&rsquo;ensemble de l&rsquo;aide fourni pendant les 10 ans de guerres des afghans contre l&rsquo;arm\u00e9e rouge.<br \/>\n<\/span><\/p>\n<p><span style=\"color: #777777; font-family: Arial;\">Parce que les am\u00e9ricains aussi se sont laiss\u00e9s pi\u00e9ger par \u00ab le cimeti\u00e8re des empires \u00bb.<br \/>\n<\/span><\/p>\n<p><span style=\"color: #777777; font-family: Arial;\">Ils sont entr\u00e9s en guerre en 2001 et ils ne partent que maintenant. Ils seront rest\u00e9s plus longtemps que les sovi\u00e9tiques et ils partent aussi vaincus.<br \/>\n<\/span><\/p>\n<p><span style=\"color: #777777; font-family: Arial;\">Parce qu&rsquo;apr\u00e8s le d\u00e9part des sovi\u00e9tiques en 1989, les chefs de guerre afghans surarm\u00e9s ne se sont pas unis pour gouverner le pays mais se sont entretu\u00e9s.<br \/>\n<\/span><\/p>\n<p><span style=\"color: #777777; font-family: Arial;\">Alors est n\u00e9 une arm\u00e9e islamique enti\u00e8rement soutenue par le Pakistan\u00a0: les Talibans. Ils ont vaincus les chefs de guerre et impos\u00e9 leur triste, cruel et archa\u00efque r\u00e9gime islamique.<br \/>\n<\/span><\/p>\n<p><span style=\"color: #777777; font-family: Arial;\">Et \u00e0 c\u00f4t\u00e9 d&rsquo;eux des fous de Dieu, se r\u00e9clamant de l&rsquo;Islam, venant d&rsquo;Arabie saoudite et d&rsquo;ailleurs et ayant \u00e0 leur t\u00eate Oussama Ben Laden ont utilis\u00e9 leur exp\u00e9rience et leur savoir pour attaquer l&rsquo;occident par des actes de terrorisme dont les terribles attentats 11 septembre 2001.<br \/>\n<\/span><\/p>\n<p><span style=\"color: #777777; font-family: Arial;\">Les talibans refusant de livrer Ben Laden, les am\u00e9ricains aid\u00e9s par la Grande Bretagne, la France et une grande coalition ont envahi l&rsquo;Afghanistan et s&rsquo;y sont emp\u00eatr\u00e9s comme les autres<br \/>\n<\/span><\/p>\n<p><span style=\"color: #777777; font-family: Arial;\">Et ils s&rsquo;enfuient comme les autres,<br \/>\n<\/span><\/p>\n<p><span style=\"color: #777777; font-family: Arial;\"><strong><img loading=\"lazy\" decoding=\"async\" class=\"size-full wp-image-11894 alignleft\" src=\"https:\/\/lemotdujour.fr\/wp-content\/uploads\/2021\/07\/Le-Point-LA-defaite-de-loccident.jpg\" alt=\"\" width=\"300\" height=\"400\" srcset=\"https:\/\/lemotdujour.fr\/wp-content\/uploads\/2021\/07\/Le-Point-LA-defaite-de-loccident.jpg 300w, https:\/\/lemotdujour.fr\/wp-content\/uploads\/2021\/07\/Le-Point-LA-defaite-de-loccident-225x300.jpg 225w\" sizes=\"auto, (max-width: 300px) 100vw, 300px\" \/>Le Point<\/strong> du 22 Juillet 2021 titre\u00a0: \u00ab\u00a0<strong>La d\u00e9route de l&rsquo;occident<\/strong>\u00a0\u00bb<br \/>\n<\/span><\/p>\n<p><span style=\"color: #777777; font-family: Arial;\">Les Talibans sont de nouveau aux portes du pouvoir. S&rsquo;ils y arrivent ils ne feront pas seulement de l&rsquo;Afghanistan le cimeti\u00e8re des empires mais aussi le cimeti\u00e8re des femmes.<br \/>\n<\/span><\/p>\n<p><span style=\"color: #777777; font-family: Arial;\">Zbigniew Brzezinski n&rsquo;exprimait aucun regret en 1998. A la question\u00a0: \u00ab Vous ne regrettez pas non plus d&rsquo;avoir favoris\u00e9 l&rsquo;int\u00e9grisme islamiste, d&rsquo;avoir donn\u00e9 des armes, des conseils \u00e0 de futurs terroristes ?\u00a0\u00bb<br \/>\n<\/span><\/p>\n<p><span style=\"color: #777777; font-family: Arial;\">Il a r\u00e9pondu : <\/span><span style=\"color: #c00000; font-family: Arial;\"> \u00ab\u00a0Qu&rsquo;est-ce qui est le plus important au regard de l&rsquo;histoire du monde ? Les talibans ou la chute de l&#8217;empire sovi\u00e9tique ? Quelques excit\u00e9s islamistes o\u00f9 la lib\u00e9ration de l&rsquo;Europe centrale et la fin de la guerre froide ?\u00a0\u00bb<br \/>\n<\/span><\/p>\n<p><span style=\"color: #777777; font-family: Arial;\">Il est paradoxal de finir cet article consacr\u00e9 \u00e0 la d\u00e9sastreuse invasion des sovi\u00e9tiques par la d\u00e9route de l&rsquo;Occident dans ce m\u00eame pays.<br \/>\n<\/span><\/p>\n<p><span style=\"color: #777777; font-family: Arial;\">Mais c&rsquo;est ainsi que ce sont pass\u00e9s les choses depuis 1979. Les am\u00e9ricains et les occidentaux ont financ\u00e9, arm\u00e9 et soutenu des monstres qui se sont retourn\u00e9s contre eux.<br \/>\n<\/span><\/p>\n<p><span style=\"color: #777777; font-family: Arial;\">Il est vrai qu&rsquo;entretemps, comme dit Zbig, l&rsquo;Empire sovi\u00e9tique s&rsquo;est effondr\u00e9. <\/span><\/p>\n<p><span style=\"color: #777777; font-family: Arial;\">La guerre d&rsquo;Afghanistan fut un traumatisme pour les soldats russes. On ne conna\u00eet pas avec pr\u00e9cision les pertes de l&rsquo;arm\u00e9e rouge, la Russie n&rsquo;a jamais voulu communiquer sur ce sujet. On estime \u00e0 1 000 000 de morts les pertes afghanes essentiellement civiles. Wikipedia donne une fourchette entre 562 000 et 2 000 000 morts. Il y eut aussi 5 millions de r\u00e9fugi\u00e9s afghans hors d&rsquo;Afghanistan, 2 millions de d\u00e9plac\u00e9s internes et environ 3 millions d&rsquo;afghans bless\u00e9s, <\/span><span style=\"color: #777777; font-family: Arial;\">majoritairement civils (<em>l&rsquo;afghanistan compte 36 millions d&rsquo;habitants environ<\/em>). Et ce n&rsquo;\u00e9tait qu&rsquo;un d\u00e9but, les chefs de guerre, les talibans puis les am\u00e9ricains et maintenant le retour des talibans vont encore aggraver ce terrible bilan.<br \/>\n<\/span><\/p>\n<p><span style=\"color: #c00000; font-family: Arial;\">&lt;1598&gt;<\/span><\/p>\n","protected":false},"excerpt":{"rendered":"<p>\u00ab\u00a0Nous avons maintenant l&rsquo;occasion de donner \u00e0 l&rsquo;URSS sa guerre du Vietnam. \u00bb Zbigniew Brzezinski Je n&rsquo;avais pas entendu parler de l&rsquo;Afghanistan pendant mes ann\u00e9es de coll\u00e8ge et de lyc\u00e9e. Tout au plus avais je appris par un quizz que<\/p>\n","protected":false},"author":1,"featured_media":0,"comment_status":"open","ping_status":"closed","sticky":false,"template":"","format":"standard","meta":{"footnotes":""},"categories":[1],"tags":[207,158,65,78],"class_list":["post-11892","post","type-post","status-publish","format-standard","hentry","category-motdujour","tag-afghanistan","tag-communisme","tag-etats-unis","tag-russie"],"_links":{"self":[{"href":"https:\/\/lemotdujour.fr\/index.php?rest_route=\/wp\/v2\/posts\/11892","targetHints":{"allow":["GET"]}}],"collection":[{"href":"https:\/\/lemotdujour.fr\/index.php?rest_route=\/wp\/v2\/posts"}],"about":[{"href":"https:\/\/lemotdujour.fr\/index.php?rest_route=\/wp\/v2\/types\/post"}],"author":[{"embeddable":true,"href":"https:\/\/lemotdujour.fr\/index.php?rest_route=\/wp\/v2\/users\/1"}],"replies":[{"embeddable":true,"href":"https:\/\/lemotdujour.fr\/index.php?rest_route=%2Fwp%2Fv2%2Fcomments&post=11892"}],"version-history":[{"count":11,"href":"https:\/\/lemotdujour.fr\/index.php?rest_route=\/wp\/v2\/posts\/11892\/revisions"}],"predecessor-version":[{"id":11918,"href":"https:\/\/lemotdujour.fr\/index.php?rest_route=\/wp\/v2\/posts\/11892\/revisions\/11918"}],"wp:attachment":[{"href":"https:\/\/lemotdujour.fr\/index.php?rest_route=%2Fwp%2Fv2%2Fmedia&parent=11892"}],"wp:term":[{"taxonomy":"category","embeddable":true,"href":"https:\/\/lemotdujour.fr\/index.php?rest_route=%2Fwp%2Fv2%2Fcategories&post=11892"},{"taxonomy":"post_tag","embeddable":true,"href":"https:\/\/lemotdujour.fr\/index.php?rest_route=%2Fwp%2Fv2%2Ftags&post=11892"}],"curies":[{"name":"wp","href":"https:\/\/api.w.org\/{rel}","templated":true}]}}