{"id":1188,"date":"2015-07-08T02:00:00","date_gmt":"2015-07-07T22:00:00","guid":{"rendered":"http:\/\/lemotdujour.fr\/?p=1188"},"modified":"2018-02-04T22:27:54","modified_gmt":"2018-02-04T21:27:54","slug":"mercredi-8-juillet-2015","status":"publish","type":"post","link":"https:\/\/lemotdujour.fr\/?p=1188","title":{"rendered":"Mercredi 8 Juillet 2015"},"content":{"rendered":"<div class=\"mdjDate\">Mercredi 8 Juillet 2015<\/div>\n<div class=\"mdjTexte\">\u00ab Pour qu\u2019il y ait une d\u00e9mocratie il faut qu\u2019existe<br \/>\nun sentiment d\u2019appartenance communautaire suffisamment puissant pour entra\u00eener la minorit\u00e9 \u00e0 accepter la loi de la majorit\u00e9 !\u00a0 \u00bb<\/div>\n<div class=\"mdjAuteur\">Philippe S\u00e9guin<br \/>\nDiscours du 5 mai 1992 de Philippe S\u00e9guin sur la ratification du trait\u00e9 de Maastricht<\/div>\n<div class=\"mdjComplements\">On nous dit que la d\u00e9mocratie l&rsquo;a emport\u00e9 en Gr\u00e8ce parce que les Grecs ont vot\u00e9 Non \u00e0 l&rsquo;Aust\u00e9rit\u00e9. Tr\u00e8s bien ! Cela \u00e9tant on ne sait pas tr\u00e8s bien \u00e0 quoi ils ont dit Oui.<\/div>\n<div class=\"mdjComplements\">Daniel Cohn Bendit a propos\u00e9 que Merkel fasse la m\u00eame chose en Allemagne et demande si les allemands veulent continuer \u00e0 aider la Gr\u00e8ce. Selon lui la r\u00e9ponse serait Non \u00e0 80%.<\/div>\n<div class=\"mdjComplements\">Peut-\u00eatre exag\u00e8re t&rsquo;il sur le score, mais je ne pense pas qu&rsquo;il se trompe sur le r\u00e9sultat. En tout cas, ce serait d\u00e9mocratique aussi. Si les allemands votent NON et les Grecs votent NON, comment on continue ?<\/div>\n<div class=\"mdjComplements\">C&rsquo;est quoi la d\u00e9mocratie ?<\/div>\n<div class=\"mdjComplements\">Mon ami Fabien qui d\u00e9fend beaucoup la position grecque, opinion sur laquelle je ne le soutiens qu&rsquo;\u00e0 moiti\u00e9 m&rsquo;a donn\u00e9 un conseil que j&rsquo;approuve totalement, relire les discours de Philippe Seguin \u00e0 l&rsquo;occasion du trait\u00e9 de Maastricht.<\/div>\n<div class=\"mdjComplements\">Rappelons que c&rsquo;est en 1992 que les fran\u00e7ais approuv\u00e8rent par r\u00e9f\u00e9rendum le trait\u00e9 de Maastricht. Les principales personnalit\u00e9s politiques fran\u00e7aises : Mitterrand, Rocard, Chirac, Balladur \u00e9tait pour le Oui. Un homme \u00e0 Droite avait alors pris l&rsquo;\u00e9tendard du Non : Philippe Seguin. Il montra en cette occasion et en d&rsquo;autres sa stature d&rsquo;Homme d&rsquo;Etat.<\/div>\n<div class=\"mdjComplements\">H\u00e9las, sauf au moment de cette discussion sur le trait\u00e9 de Maastricht, il ne s&rsquo;imposa jamais comme le leader de son Parti, il ne s&rsquo;opposa pas \u00e0 Chirac et ce ne fut pas lui qui porta les couleurs de la Droite apr\u00e8s la retraite de Jacques Chirac. Il mourut d&rsquo;ailleurs, le 7 janvier 2010, alors que le successeur de Jacques Chirac ne se trouvait qu&rsquo;\u00e0 mi-mandat.<\/div>\n<div class=\"mdjComplements\">Philippe Meyer eut cette description de cet homme de qualit\u00e9 : \u00abEt chaque fois que vous vous rapprochez du rubicond et qu&rsquo;on esp\u00e8re que vous allez enfin le franchir, vous sortez votre canne \u00e0 p\u00eache\u00bb<\/div>\n<div class=\"mdjComplements\">Mais le 5 mai 1992, Philippe S\u00e9guin, pronon\u00e7a un discours remarquable \u00e0 l\u2019Assembl\u00e9e nationale fran\u00e7aise, dans lequel il mettait en garde contre les dangers d\u2019une ratification du nouveau trait\u00e9 europ\u00e9en.<\/div>\n<div class=\"mdjComplements\">Sa relecture vaut le d\u00e9tour, Fabien a raison. A l&rsquo;\u00e9poque j&rsquo;avais vot\u00e9 OUI, les arguments de Seguin surtout \u00e0 l&rsquo;aune de ce qui se passe aujourd&rsquo;hui sont pourtant tr\u00e8s forts.<\/div>\n<div class=\"mdjComplements\">Avec d&rsquo;abord cette v\u00e9rit\u00e9 : il y a d\u00e9mocratie quand il existe un sentiment suffisamment puissant pour entra\u00eener la minorit\u00e9 \u00e0 accepter la loi de la majorit\u00e9 !<\/div>\n<div class=\"mdjComplements\">Philippe Seguin disait <strong>il y a 23 ans<\/strong> entre autre :<\/div>\n<div><img loading=\"lazy\" decoding=\"async\" class=\"size-medium wp-image-4143 alignleft\" src=\"https:\/\/lemotdujour.fr\/wp-content\/uploads\/2015\/07\/Philippe-Seguin-300x242.jpg\" alt=\"\" width=\"300\" height=\"242\" srcset=\"https:\/\/lemotdujour.fr\/wp-content\/uploads\/2015\/07\/Philippe-Seguin-300x242.jpg 300w, https:\/\/lemotdujour.fr\/wp-content\/uploads\/2015\/07\/Philippe-Seguin.jpg 350w\" sizes=\"auto, (max-width: 300px) 100vw, 300px\" \/><\/div>\n<div class=\"mdjCiter\">\u00ab[&#8230;] Bref, quand, du fait de l\u2019application des accords de Maastricht, notamment en ce qui concerne la monnaie unique, le co\u00fbt de la d\u00e9nonciation sera devenu exorbitant, le pi\u00e8ge sera referm\u00e9 et, demain, aucune majorit\u00e9 parlementaire, quelles que soient les circonstances, ne pourra raisonnablement revenir sur ce qui aura \u00e9t\u00e9 fait.\u00a0 [&#8230;]<\/div>\n<div class=\"mdjCiter\">Mais jusqu\u2019o\u00f9 est-il permis d\u2019imposer au peuple, sous couvert de technicit\u00e9, des choix politiques majeurs qui rel\u00e8vent de lui et de lui seul ? Jusqu\u2019o\u00f9 la dissimulation peut-elle \u00eatre l\u2019instrument d\u2019une politique ?[&#8230;]<\/div>\n<div class=\"mdjCiter\">De Gaulle disait : \u00ab La d\u00e9mocratie pour moi se confond exactement avec la souverainet\u00e9 nationale. \u00bb On ne saurait mieux souligner que pour qu\u2019il y ait une d\u00e9mocratie il faut qu\u2019existe un sentiment d\u2019appartenance communautaire suffisamment puissant pour entra\u00eener la minorit\u00e9 \u00e0 accepter la loi de la majorit\u00e9 ! Et la nation c\u2019est pr\u00e9cis\u00e9ment ce par quoi ce sentiment existe. Or la nation cela ne s\u2019invente ni ne se d\u00e9cr\u00e8te pas plus que la souverainet\u00e9 !<\/div>\n<div class=\"mdjCiter\">\u00a0[&#8230;] Pour qu\u2019il y ait une citoyennet\u00e9 europ\u00e9enne, il faudrait qu\u2019il y ait une nation europ\u00e9enne. Alors oui, il est possible d\u2019enfermer les habitants des pays de la Communaut\u00e9 dans un corset de normes juridiques, de leur imposer des proc\u00e9dures, des r\u00e8gles, des interdits, de cr\u00e9er si on le veut de nouvelles cat\u00e9gories d\u2019assujettis. Mais on ne peut cr\u00e9er par un trait\u00e9 une nouvelle citoyennet\u00e9. [&#8230;] Mais qu\u2019on y prenne garde : c\u2019est lorsque le sentiment national est bafou\u00e9 que la voie s\u2019ouvre aux d\u00e9rives nationalistes et \u00e0 tous les extr\u00e9mismes ! [&#8230;]<\/div>\n<div class=\"mdjCiter\">On nous dit que la monnaie unique est la cl\u00e9 de l\u2019emploi. On nous annonce triomphalement qu\u2019elle cr\u00e9era des millions d\u2019emplois nouveaux, jusqu\u2019\u00e0 cinq millions, selon M. Delors, trois ou quatre, selon le Pr\u00e9sident de la R\u00e9publique. Mais que vaut ce genre de pr\u00e9diction, alors que, depuis des ann\u00e9es, le ch\u00f4mage augmente en m\u00eame temps que s\u2019acc\u00e9l\u00e8re la construction de l\u2019Europe technocratique ? Par quel miracle la monnaie unique pourrait-elle renverser cette tendance ? Oublierait-on que certaines simulations sur les effets de l\u2019union mon\u00e9taire sont particuli\u00e8rement inqui\u00e9tantes pour la France puisqu\u2019elles font craindre encore plus de ch\u00f4mage dans les ann\u00e9es \u00e0 venir ? [&#8230;]<\/div>\n<div class=\"mdjCiter\">D\u00e8s lors, le processus de l\u2019union \u00e9conomique et mon\u00e9taire m\u00e9rite trois commentaires.<\/div>\n<div class=\"mdjCiter\">En premier lieu, il renouvelle le choix d\u2019une politique qu\u2019on pourrait qualifier de \u201cmon\u00e9tarienne\u201d, qui est synonyme de taux d\u2019int\u00e9r\u00eat r\u00e9els \u00e9lev\u00e9s, donc de frein \u00e0 l\u2019investissement et \u00e0 l\u2019emploi et d\u2019aust\u00e9rit\u00e9 salariale. [&#8230;]<\/div>\n<div class=\"mdjCiter\">Maastricht, c\u2019est ensuite la suppression de toute politique alternative, puisque la cr\u00e9ation d\u2019un syst\u00e8me europ\u00e9en de banque centrale, ind\u00e9pendant des gouvernements mais sous influence du Mark, revient en quelque sorte \u00e0 donner une valeur constitutionnelle \u00e0 cette politique de change et \u00e0 ses cons\u00e9quences mon\u00e9taires.<\/div>\n<div class=\"mdjCiter\">Quant \u00e0 ceux qui voudraient croire qu\u2019une politique budg\u00e9taire autonome demeurerait possible, je les renvoie au texte du trait\u00e9, qui pr\u00e9voit le respect de normes budg\u00e9taires tellement contraignantes qu\u2019elles imposeront \u00e0 un gouvernement confront\u00e9 \u00e0 une r\u00e9cession d\u2019augmenter les taux d\u2019imposition pour compenser la baisse des recettes fiscales et maintenir \u00e0 tout prix le d\u00e9ficit budg\u00e9taire \u00e0 moins de 3% du PIB.<\/div>\n<div class=\"mdjCiter\">Enfin, et je souhaite insister sur ce point, la normalisation de la politique \u00e9conomique fran\u00e7aise implique \u00e0 tr\u00e8s court terme la r\u00e9vision \u00e0 la baisse de notre syst\u00e8me de protection sociale, qui va rapidement se r\u00e9v\u00e9ler un obstacle r\u00e9dhibitoire, tant pour l\u2019harmonisation que pour la fameuse \u201cconvergence\u201d des \u00e9conomies.[&#8230;]<\/div>\n<div class=\"mdjCiter\">Or, si l\u2019on veut, comme l\u2019affirme le trait\u00e9, imposer une monnaie unique \u00e0 tous les pays membres, un effort colossal devra \u00eatre consenti pour r\u00e9duire les \u00e9carts actuels, qui sont immenses, un effort colossal sans commune mesure avec ce que nous r\u00e9clame pr\u00e9sentement Jacques Delors pour doter ses fonds de coh\u00e9sion.[&#8230;]<\/div>\n<div class=\"mdjCiter\">Dans tous les cas, la monnaie unique, c\u2019est l\u2019Europe \u00e0 plusieurs vitesses : \u00e0 trois vitesses si on la fait \u00e0 six puisqu\u2019il y aurait alors une Europe du Nord, une Europe du Sud et une Europe de l\u2019Est. A deux vitesses si on la fait \u00e0 douze puisqu\u2019on continuerait \u00e0 exclure les pays de l\u2019Est. Et, dans tous les cas, la monnaie unique, c\u2019est une nouvelle division entre les nantis que nous sommes et les autres, c\u2019est-\u00e0-dire les pays de l\u2019Europe centrale et orientale.<\/div>\n<div class=\"mdjCiter\">Il y a quelque chose de pourri dans un pays o\u00f9 le rentier est plus c\u00e9l\u00e9br\u00e9 que l\u2019entrepreneur, o\u00f9 la d\u00e9tention du patrimoine est mieux r\u00e9compens\u00e9e que le service rendu \u00e0 la collectivit\u00e9.<\/div>\n<div class=\"mdjCiter\">Ce que cache la politique des comptes nationaux, ce que cache l\u2019obsession des \u00e9quilibres comptables, c\u2019est bien le conservatisme le plus profond, c\u2019est bien le renoncement \u00e0 effectuer des choix politiques clairs dont les arbitrages budg\u00e9taires ne sont que la traduction. [&#8230;]<\/div>\n<div class=\"mdjCiter\">Encore faut-il que, chez les hommes d\u2019Etat, le visionnaire l\u2019emporte encore un peu sur le gestionnaire, l\u2019id\u00e9al sur le cynisme et la hauteur de vue sur l\u2019\u00e9troitesse d\u2019esprit. Car pour donner l\u2019exemple aux autres, il convient d\u2019\u00eatre soi-m\u00eame exemplaire. Il faut, pour que la France soit \u00e0 la hauteur de sa mission, qu\u2019elle soit, chez elle, fid\u00e8le \u00e0 ses propres valeurs.<\/div>\n<div class=\"mdjCiter\">Et la France n\u2019est pas la France quand elle n\u2019est plus capable, comme aujourd\u2019hui, de partager \u00e9quitablement les profits entre le travail, le capital et la rente, quand elle conserve une fiscalit\u00e9 \u00e0 la fois injuste et inefficace, quand elle se r\u00e9signe \u00e0 voir r\u00e9gresser la solidarit\u00e9 et la promotion sociale, quand elle laisse se d\u00e9liter ce qu\u2019autrefois on appelait fi\u00e8rement le creuset fran\u00e7ais et qui \u00e9tait au c\u0153ur du projet r\u00e9publicain.\u00bb<\/div>\n<div class=\"mdjComplements\">Si vous voulez le discours int\u00e9gral c&rsquo;est ici : <span style=\"color: #0000ff;\"><a style=\"color: #0000ff;\" href=\"http:\/\/rue89.nouvelobs.com\/2011\/05\/06\/discours-du-5-mai-1992-de-philippe-seguin-202730\">http:\/\/rue89.nouvelobs.com\/2011\/05\/06\/discours-du-5-mai-1992-de-philippe-seguin-202730<\/a><\/span><\/div>\n<div class=\"mdjComplements\">Il y aurait tant de choses \u00e0 souligner dans cet extrait que j&rsquo;ai tir\u00e9 du discours mais ce constat : \u00abce que cache l\u2019obsession des \u00e9quilibres comptables, c\u2019est bien le conservatisme le plus profond\u00bb est d&rsquo;une clairvoyance rare.<\/div>\n<div><span style=\"color: #800000;\">&lt;531&gt;<\/span><\/div>\n","protected":false},"excerpt":{"rendered":"<p>Mercredi 8 Juillet 2015 \u00ab Pour qu\u2019il y ait une d\u00e9mocratie il faut qu\u2019existe un sentiment d\u2019appartenance communautaire suffisamment puissant pour entra\u00eener la minorit\u00e9 \u00e0 accepter la loi de la majorit\u00e9 !\u00a0 \u00bb Philippe S\u00e9guin Discours du 5 mai 1992<\/p>\n","protected":false},"author":1,"featured_media":0,"comment_status":"closed","ping_status":"closed","sticky":false,"template":"","format":"standard","meta":{"footnotes":""},"categories":[1],"tags":[77,50,15],"class_list":["post-1188","post","type-post","status-publish","format-standard","hentry","category-motdujour","tag-democratie","tag-europe","tag-france"],"_links":{"self":[{"href":"https:\/\/lemotdujour.fr\/index.php?rest_route=\/wp\/v2\/posts\/1188","targetHints":{"allow":["GET"]}}],"collection":[{"href":"https:\/\/lemotdujour.fr\/index.php?rest_route=\/wp\/v2\/posts"}],"about":[{"href":"https:\/\/lemotdujour.fr\/index.php?rest_route=\/wp\/v2\/types\/post"}],"author":[{"embeddable":true,"href":"https:\/\/lemotdujour.fr\/index.php?rest_route=\/wp\/v2\/users\/1"}],"replies":[{"embeddable":true,"href":"https:\/\/lemotdujour.fr\/index.php?rest_route=%2Fwp%2Fv2%2Fcomments&post=1188"}],"version-history":[{"count":3,"href":"https:\/\/lemotdujour.fr\/index.php?rest_route=\/wp\/v2\/posts\/1188\/revisions"}],"predecessor-version":[{"id":4145,"href":"https:\/\/lemotdujour.fr\/index.php?rest_route=\/wp\/v2\/posts\/1188\/revisions\/4145"}],"wp:attachment":[{"href":"https:\/\/lemotdujour.fr\/index.php?rest_route=%2Fwp%2Fv2%2Fmedia&parent=1188"}],"wp:term":[{"taxonomy":"category","embeddable":true,"href":"https:\/\/lemotdujour.fr\/index.php?rest_route=%2Fwp%2Fv2%2Fcategories&post=1188"},{"taxonomy":"post_tag","embeddable":true,"href":"https:\/\/lemotdujour.fr\/index.php?rest_route=%2Fwp%2Fv2%2Ftags&post=1188"}],"curies":[{"name":"wp","href":"https:\/\/api.w.org\/{rel}","templated":true}]}}