{"id":11873,"date":"2021-07-28T00:01:00","date_gmt":"2021-07-27T22:01:00","guid":{"rendered":"http:\/\/lemotdujour.fr\/?p=11873"},"modified":"2022-02-25T11:04:05","modified_gmt":"2022-02-25T10:04:05","slug":"mercredi-28-juillet-2021","status":"publish","type":"post","link":"https:\/\/lemotdujour.fr\/?p=11873","title":{"rendered":"Mercredi 28 juillet 2021"},"content":{"rendered":"<div class=\"mdjTexte\">\u00ab\u00a0Rien de ce qui s&rsquo;est pass\u00e9 en Europe de l&rsquo;Est n&rsquo;aurait \u00e9t\u00e9 possible sans la pr\u00e9sence de ce pape\u00a0\u00bb<\/div>\n<div class=\"mdjAuteur\">Mikha\u00efl Gorbatchev<\/div>\n<p><span style=\"color: #777777; font-family: Arial;\">Le 16 octobre 1978, une fum\u00e9e blanche s&rsquo;\u00e9l\u00e8ve au-dessus des toits du Vatican.<br \/>\n<\/span><\/p>\n<p><span style=\"color: #777777; font-family: Arial;\">Apr\u00e8s deux jours de r\u00e9clusion et huit tours de scrutin, les cardinaux r\u00e9unis en conclave dans la chapelle Sixtine viennent d&rsquo;\u00e9lire le 264e successeur de Saint Pierre \u00e0 la t\u00eate de l&rsquo;\u00c9glise catholique.<br \/>\n<\/span><\/p>\n<p><span style=\"color: #777777; font-family: Arial;\">Le cardinal Pericle Felici en tant que doyen des cardinaux \u00e9lecteurs, le terme savant est\u00a0: \u00ab\u00a0le cardinal protodiacre\u00a0\u00bb, s&rsquo;avance sur le balcon de la basilique Saint Pierre et annonce \u00e0 la foule des fid\u00e8les r\u00e9unis sur la place Saint Pierre :<br \/>\n<\/span><\/p>\n<p style=\"margin-left: 28pt;\"><span style=\"color: #c00000; font-family: Arial;\">\u00ab\u00a0Annuntio vobis gaudium magnum\u00a0:<br \/>\nhabemus papam.<br \/>\nEminentissimum ac reverendissimum dominum,<br \/>\ndominum Carolum,<br \/>\nSanctae Romanae Ecclesiae cardinalem Wojty\u0142a ,<br \/>\nqui sibi nomen imposuit Ioannis Pauli\u00a0\u00bb<br \/>\n<\/span><\/p>\n<p><span style=\"color: #777777; font-family: Arial;\">Pour celles et ceux qui ne lisent pas couramment le latin, je donne la traduction\u00a0:<br \/>\n<\/span><\/p>\n<p style=\"margin-left: 28pt;\"><span style=\"color: #c00000; font-family: Arial;\">\u00ab\u00a0Je vous annonce une grande joie\u00a0:<br \/>\nnous avons un Pape.<br \/>\nLe tr\u00e8s \u00e9minent et tr\u00e8s r\u00e9v\u00e9rend seigneur,<br \/>\nMonseigneur Karol<br \/>\ncardinal de la sainte \u00c9glise romaine, Wojty\u0142a<br \/>\nqui s&rsquo;est donn\u00e9 le nom de Jean-Paul \u00a0\u00bb<br \/>\n<\/span><\/p>\n<p><span style=\"color: #777777; font-family: Arial;\"><img loading=\"lazy\" decoding=\"async\" class=\" wp-image-11879 alignleft\" src=\"https:\/\/lemotdujour.fr\/wp-content\/uploads\/2021\/07\/Election-de-JEan-Paul-2.jpg\" alt=\"\" width=\"364\" height=\"359\" srcset=\"https:\/\/lemotdujour.fr\/wp-content\/uploads\/2021\/07\/Election-de-JEan-Paul-2.jpg 531w, https:\/\/lemotdujour.fr\/wp-content\/uploads\/2021\/07\/Election-de-JEan-Paul-2-300x295.jpg 300w\" sizes=\"auto, (max-width: 364px) 100vw, 364px\" \/>Voici ce que la t\u00e9l\u00e9vision a retransmis\u00a0: &lt;<span style=\"color: #0000ff;\"><a style=\"color: #0000ff;\" href=\"https:\/\/www.youtube.com\/watch?v=Ri6XBR9_sUE\">Election du pape Jean-Paul 2<\/a><\/span>&gt;<br \/>\n<\/span><\/p>\n<p><span style=\"color: #777777; font-family: Arial;\">Quand j&rsquo;\u00e9coute le cardinal, j&rsquo;entends qu&rsquo;il prononce\u00a0: \u00ab\u00a0Wo\u00eftiwa\u00a0\u00bb<br \/>\n<\/span><\/p>\n<p><span style=\"color: #777777; font-family: Arial;\">Un reportage publi\u00e9 \u00e0 l&rsquo;\u00e9poque par le Nouvel Observateur relatait la stupeur qui avait saisi la foule. Certains pensaient qu&rsquo;il s&rsquo;agissait d&rsquo;un africain. Finalement\u00a0:<br \/>\n<\/span><\/p>\n<p style=\"margin-left: 28pt;\"><span style=\"color: #c00000; font-family: Arial;\">\u00ab les Italiens se pr\u00e9cipitent sur L&rsquo;Osservatore romano du 15 octobre [qui listait les \u00e9ligibles] pour d\u00e9couvrir la t\u00eate et l&rsquo;origine de cet inconnu. \u00ab\u00a0E Polacco!\u00a0\u00bb [\u00ab\u00a0C&rsquo;est le Polonais\u00a0\u00bb], laisse tomber un Romain.\u00bb<br \/>\n<\/span><\/p>\n<p><span style=\"color: #777777; font-family: Arial;\">&lt;<a href=\"https:\/\/www.herodote.net\/16_octobre_1978-evenement-19781016.php\"><span style=\"color: #0000ff;\">Une surpris<\/span>e<\/a>&gt;, il est relativement jeune (58 ans) mais surtout, <strong>il n&rsquo;est pas italien<\/strong>.<br \/>\n<\/span><\/p>\n<p><span style=\"color: #777777; font-family: Arial;\">Il faut remonter \u00e0 <strong>1522 et l&rsquo;\u00e9lection <\/strong>du Hollandais Adrian Florisce, pape sous le nom d&rsquo;Adrien VI, pr\u00e9cepteur du futur empereur Charles Quint.<br \/>\n<\/span><\/p>\n<p><span style=\"color: #777777; font-family: Arial;\">Il est polonais et il est l&rsquo;archev\u00eaque de Cracovie, dans la Pologne communiste.<br \/>\n<\/span><\/p>\n<p><span style=\"color: #777777; font-family: Arial;\">Le Kremlin se m\u00e9fie. Des responsables sovi\u00e9tiques t\u00e9l\u00e9phonent aux responsables polonais et leur reprochent d&rsquo;avoir permis que cet individu soit devenu cardinal car s&rsquo;il n&rsquo;\u00e9tait pas cardinal, il n&rsquo;aurait jamais \u00e9t\u00e9 \u00e9lu<br \/>\n<\/span><\/p>\n<p><span style=\"color: #777777; font-family: Arial;\">&lt;<a href=\"http:\/\/www.slate.fr\/story\/68239\/conclave-pape-elections-cardinaux\"><span style=\"color: #0000ff;\">Slate<\/span><\/a>&gt; dit \u00e0 la fois que c&rsquo;est factuellement faux, mais en pratique tr\u00e8s probable\u00a0:<br \/>\n<\/span><\/p>\n<p style=\"margin-left: 28pt;\"><span style=\"color: #c00000; font-family: Arial;\">\u00ab\u00a0On peut m\u00eame \u00eatre \u00e9lu sans \u00eatre cardinal: il suffit juste d&rsquo;\u00eatre catholique et baptis\u00e9 \u2013si le candidat \u00e9lu n&rsquo;est pas \u00e9v\u00eaque, il devient automatiquement \u00e9v\u00eaque de Rome. Le dernier pape non cardinal \u00e9tait <a href=\"http:\/\/fr.wikipedia.org\/wiki\/Urbain_VI\" target=\"_blank\" rel=\"noopener\"><span style=\"color: #0000ff;\">Urbain VI\u00a0<\/span><\/a>(1378-1389). \u00bb<br \/>\n<\/span><\/p>\n<p><span style=\"color: #777777; font-family: Arial;\">Ce m\u00eame journal r\u00e9v\u00e8le que des indiscr\u00e9tions sur le conclave de 1978 affirment que Jean Paul II n&rsquo;avait recueilli qu&rsquo;un nombre tr\u00e8s modeste de voix dans les premiers tours, avant de profiter, au bout du troisi\u00e8me jour, du blocage du conclave entre deux cardinaux italiens, un conservateur et un progressiste.<br \/>\n<\/span><\/p>\n<p><span style=\"color: #777777; font-family: Arial;\">On sait que Karol Wojtyla (1920-2005) est un sportif, il a fait du th\u00e9\u00e2tre et il a m\u00eame \u00e9crit des pi\u00e8ces de th\u00e9\u00e2tre. Mais c&rsquo;est la Foi et la religion qui l&rsquo;ont conquis.<br \/>\n<\/span><\/p>\n<p><span style=\"color: #777777; font-family: Arial;\">Il est dot\u00e9 d&rsquo;un charisme exceptionnel et il va engager la lutte avec les communistes.<br \/>\n<\/span><\/p>\n<p><span style=\"color: #777777; font-family: Arial;\">Son premier voyage est en Am\u00e9rique du Sud. Dans cet Am\u00e9rique du Sud des religieux se battent contre les dictatures et l&rsquo;exploitation des ouvriers par des patrons sans scrupules bien que croyant. Leur doctrine s&rsquo;appelle \u00ab\u00a0La th\u00e9ologie de la Lib\u00e9ration\u00a0\u00bb.<br \/>\n<\/span><\/p>\n<p><span style=\"color: #777777; font-family: Arial;\">Jean Paul II assimile ce courant de pens\u00e9e \u00e0 une pens\u00e9e marxiste et il va la combattre avec ardeur.<br \/>\n<\/span><\/p>\n<p><span style=\"color: #777777; font-family: Arial;\">Il faut regarder ce documentaire d&rsquo;Arte &lt;<a href=\"https:\/\/www.arte.tv\/fr\/videos\/090596-000-A\/les-coulisses-de-l-histoire\/\"><strong><span style=\"color: #0000ff;\">Jean-Paul II le triomphe de la r\u00e9action<\/span><\/strong><\/a>&gt; qui montre que s&rsquo;il n&rsquo;a pas de mots assez durs pour fustiger les atteintes aux libert\u00e9s et aux droits de l&rsquo;homme dans les pays de l&rsquo;est parce qu&rsquo;ils sont gouvern\u00e9s par des communistes, il n&rsquo;exprime pas la m\u00eame critique contre des r\u00e9gimes de droite et d&rsquo;extr\u00eame droite qui violent les m\u00eames droits de l&rsquo;homme contre leurs opposants. Opposants que Jean Paul II classe dans la cat\u00e9gorie des communistes.<br \/>\n<\/span><\/p>\n<p><span style=\"color: #777777; font-family: Arial;\"><img loading=\"lazy\" decoding=\"async\" class=\"size-full wp-image-11881 alignright\" src=\"https:\/\/lemotdujour.fr\/wp-content\/uploads\/2021\/07\/Pape-en-Pologne-1979.jpg\" alt=\"\" width=\"550\" height=\"347\" srcset=\"https:\/\/lemotdujour.fr\/wp-content\/uploads\/2021\/07\/Pape-en-Pologne-1979.jpg 550w, https:\/\/lemotdujour.fr\/wp-content\/uploads\/2021\/07\/Pape-en-Pologne-1979-300x189.jpg 300w\" sizes=\"auto, (max-width: 550px) 100vw, 550px\" \/>En 1979, il d\u00e9cide d&rsquo;aller en Pologne.<br \/>\n<\/span><\/p>\n<p><span style=\"color: #777777; font-family: Arial;\">Brejnev, le vieux dirigeant sovi\u00e9tique appelle tout de suite Edward Gierek, Premier secr\u00e9taire du Parti ouvrier unifi\u00e9 polonais et lui intime l&rsquo;ordre de ne pas recevoir le Pape. Ce dernier passe outre, il pense ma\u00eetriser la situation.<br \/>\n<\/span><\/p>\n<p><span style=\"color: #777777; font-family: Arial;\">D&rsquo;immenses foules se d\u00e9placent pour voir et participer aux c\u00e9r\u00e9monies religieuses c\u00e9l\u00e9br\u00e9es par Jean-Paul II. La t\u00e9l\u00e9vision polonaise a ordre de ne pas filmer la foule dans son int\u00e9gralit\u00e9. Mais Jean Paul II a emmen\u00e9 une cohorte de professionnels avec leurs propres cam\u00e9ras qui vont filmer ce qui se passe. Ces pellicules ramen\u00e9es en Italie seront mont\u00e9es en film qui sera renvoy\u00e9 en Pologne. Film vu dans les \u00e9glises et qui donnera aux catholiques, 90% des polonais, la conscience de leur nombre et de leur puissance.<br \/>\n<\/span><\/p>\n<p><span style=\"color: #777777; font-family: Arial;\">Pendant son<span style=\"color: #0000ff;\"> <a style=\"color: #0000ff;\" href=\"https:\/\/ici.radio-canada.ca\/nouvelle\/1172305\/pape-jean-paul-pologne-histoire-archives\">voyage en Pologne du 2 au 10\u00a0juin\u00a01979<\/a><\/span>, il exhortera les polonais \u00e0 ne pas avoir peur utilisera le langage de la foi et de la croyance pour rejeter le communisme et appeler \u00e0 sa disparition des terres de Pologne.<br \/>\n<\/span><\/p>\n<p><span style=\"color: #777777; font-family: Arial;\">En 1980, appara\u00eetra le syndicat libre Solidarnosc et Lech Walesa sur les chantiers d Gdansk.<br \/>\n<\/span><\/p>\n<p><span style=\"color: #777777; font-family: Arial;\">Ce ne sera pas un long fleuve tranquille.<br \/>\n<\/span><\/p>\n<p><span style=\"color: #777777; font-family: Arial;\">Mais le soutien du Pape et les financements du Vatican ne manqueront jamais. Jean Paul II trouvera en Ronald Reagan un alli\u00e9 de poids qui d\u00e9teste les communistes autant que lui et apportera aussi des financements qui passeront par l&rsquo;\u00e9glise catholique.<br \/>\n<\/span><\/p>\n<p><span style=\"color: #777777; font-family: Arial;\">Reagan et Jean Paul II utiliseront la Pologne pour aider \u00e0 une lame de fond qui aboutira \u00e0 la chute du mur en 1989.<br \/>\n<\/span><\/p>\n<p><span style=\"color: #777777; font-family: Arial;\">Brejnev aurait dit que le communisme n&rsquo;\u00e9tait pas r\u00e9formable que si on commen\u00e7ait \u00e0 le r\u00e9former il s&rsquo;\u00e9croulerait.<br \/>\n<\/span><\/p>\n<p><span style=\"color: #777777; font-family: Arial;\">Gorbatchev pensait le contraire et il a essay\u00e9 de le r\u00e9former.<br \/>\n<\/span><\/p>\n<p><span style=\"color: #777777; font-family: Arial;\"><img loading=\"lazy\" decoding=\"async\" class=\"size-full wp-image-11884 alignleft\" src=\"https:\/\/lemotdujour.fr\/wp-content\/uploads\/2021\/07\/Gorbatchev-Jean-Paul-II.jpg\" alt=\"\" width=\"532\" height=\"323\" srcset=\"https:\/\/lemotdujour.fr\/wp-content\/uploads\/2021\/07\/Gorbatchev-Jean-Paul-II.jpg 532w, https:\/\/lemotdujour.fr\/wp-content\/uploads\/2021\/07\/Gorbatchev-Jean-Paul-II-300x182.jpg 300w\" sizes=\"auto, (max-width: 532px) 100vw, 532px\" \/>Il s&rsquo;est m\u00eame rendu au Vatican avec sa femme Ra\u00efssa pour rencontrer le pape Jean Paul II le &lt;<\/span><span style=\"font-family: Arial; color: #0000ff;\"><a style=\"color: #0000ff;\" href=\"https:\/\/www.youtube.com\/watch?v=0kGarKAVQN0\">1<sup>er<\/sup> d\u00e9cembre 198<\/a><\/span><span style=\"color: #777777; font-family: Arial;\"><a href=\"https:\/\/www.youtube.com\/watch?v=0kGarKAVQN0\">9<\/a>&gt; et lui annoncer qu&rsquo;il \u00e9tait d&rsquo;accord dans le cadre de ses r\u00e9formes d&rsquo;accorder la libert\u00e9 religieuse dans les pays communistes. Et c&rsquo;est \u00e0 cette occasion qu&rsquo;il a tenu <a href=\"https:\/\/www.lalibre.be\/international\/2005\/04\/03\/on-ne-realise-pas-encore-H7WYOL6XWVEUXIT337OKX7MYVI\/\"><span style=\"color: #0000ff;\">ce propos<\/span>\u00a0<\/a>:<br \/>\n<\/span><\/p>\n<p style=\"margin-left: 28pt;\"><span style=\"color: #c00000; font-family: Arial;\">\u00ab\u00a0Rien de ce qui s&rsquo;est pass\u00e9 en Europe de l&rsquo;Est n&rsquo;aurait \u00e9t\u00e9 possible sans la pr\u00e9sence de ce pape\u00a0\u00bb<br \/>\n<\/span><\/p>\n<p><span style=\"color: #777777; font-family: Arial;\">Nous connaissons la fin de cette histoire.<br \/>\n<\/span><\/p>\n<p><span style=\"color: #777777; font-family: Arial;\">C&rsquo;est Brejnev qui avait raison\u00a0!<br \/>\n<\/span><\/p>\n<p><span style=\"color: #777777; font-family: Arial;\">Deux ans plus tard,<span style=\"color: #0000ff;\"> <a style=\"color: #0000ff;\" href=\"https:\/\/www.youtube.com\/watch?v=lm343ogc9xg\">le 25 d\u00e9cembre 1991<\/a><\/span>, Michael Gorbatchev annon\u00e7ait sa d\u00e9mission\u00a0: l&rsquo;URSS \u00e9tait dissoute.<br \/>\n<\/span><\/p>\n<p><span style=\"color: #777777; font-family: Arial;\">La Chine voyant cet effondrement s&rsquo;est jur\u00e9e de ne jamais commettre les m\u00eames erreurs que les sovi\u00e9tiques et Gorbatchev.<br \/>\n<\/span><\/p>\n<p><span style=\"color: #777777; font-family: Arial;\">L&rsquo;historien &lt;<span style=\"color: #0000ff;\"><a style=\"color: #0000ff;\" href=\"https:\/\/larochesuryon.maville.com\/actu\/actudet_--le-parti-communiste-chinois-fer-de-lance-de-la-transformation-de-la-chine-_54135-4712727_actu.Htm\">Pierre Grosser<\/a><\/span>&gt; d\u00e9clare :<br \/>\n<\/span><\/p>\n<p style=\"margin-left: 28pt;\"><span style=\"color: #c00000; font-family: Arial;\">\u00ab\u00a0La r\u00e9f\u00e9rence, pour les dirigeants chinois, c&rsquo;est 1989-1991, avec la chute des r\u00e9gimes communistes en Europe et de l&rsquo;Union sovi\u00e9tique, et la victoire des \u00c9tats-Unis dans la guerre du Golfe gr\u00e2ce \u00e0 leur arm\u00e9e de haut niveau technologique. Il ne faut pas faire les m\u00eames erreurs que Gorbatchev, qui a sacrifi\u00e9 le r\u00f4le dirigeant du Parti et laiss\u00e9 monter les revendications nationales dans l&rsquo;Empire. Il a aussi laiss\u00e9 les influences id\u00e9ologiques (la pollution spirituelle) de l&rsquo;Occident dissoudre le communisme. Les \u00c9tats-Unis arrogants ne doivent pas pouvoir faire la m\u00eame chose avec la Chine. Le Parti a sauv\u00e9 la Chine en utilisant la force \u00e0 Tiananmen en 1989, en relan\u00e7ant des r\u00e9formes contr\u00f4l\u00e9es qui ont donn\u00e9 naissance \u00e0 un mod\u00e8le plus efficace que le capitalisme occidental, et en op\u00e9rant une modernisation militaire dissuadant les \u00c9tats-Unis.\u00a0\u00bb<br \/>\n<\/span><\/p>\n<p><span style=\"color: #777777; font-family: Arial;\">Alors est ce que Jean Paul II a \u00e9t\u00e9 le principal artisan de la chute des d\u00e9mocraties populaires de l&rsquo;Europe de l&rsquo;est\u00a0?<br \/>\n<\/span><\/p>\n<p><span style=\"color: #777777; font-family: Arial;\">A cette question, comme \u00e0 beaucoup d&rsquo;autres, l&rsquo;homme honn\u00eate du XXI\u00e8me si\u00e8cle est oblig\u00e9 de r\u00e9pondre\u00a0: \u00ab\u00a0Je ne sais pas\u00a0\u00bb.<br \/>\n<\/span><\/p>\n<p><span style=\"color: #777777; font-family: Arial;\">Jean Paul II <a href=\"https:\/\/www.lalibre.be\/international\/2005\/04\/03\/on-ne-realise-pas-encore-H7WYOL6XWVEUXIT337OKX7MYVI\/\"><span style=\"color: #0000ff;\">a lui-m\u00eame<\/span><\/a> relativis\u00e9 son importance\u00a0:<br \/>\n<\/span><\/p>\n<p style=\"margin-left: 28pt;\"><span style=\"color: #c00000; font-family: Arial;\">\u00ab Le communisme est tomb\u00e9 tout seul \u00e0 cause de sa faiblesse immanente \u00bb<br \/>\n<\/span><\/p>\n<p><span style=\"color: #777777; font-family: Arial;\">Amin Maalouf \u00e9crit\u00a0:<br \/>\n<\/span><\/p>\n<p style=\"margin-left: 28pt;\"><span style=\"color: #c00000; font-family: Arial;\">\u00ab\u00a0N\u00e9 en Pologne, Karol Wojtyla alliait un conservatisme social et doctrinal \u00e0 une combativit\u00e9 de dirigeant r\u00e9volutionnaire. [\u2026] Son influence allait se r\u00e9v\u00e9ler capitale\u00a0\u00bb<br \/>\n<em>Le Naufrage des civilisations, page 176 <\/em><\/span><\/p>\n<p><span style=\"color: #800000;\">&lt;1597&gt;<\/span><\/p>\n","protected":false},"excerpt":{"rendered":"<p>\u00ab\u00a0Rien de ce qui s&rsquo;est pass\u00e9 en Europe de l&rsquo;Est n&rsquo;aurait \u00e9t\u00e9 possible sans la pr\u00e9sence de ce pape\u00a0\u00bb Mikha\u00efl Gorbatchev Le 16 octobre 1978, une fum\u00e9e blanche s&rsquo;\u00e9l\u00e8ve au-dessus des toits du Vatican. Apr\u00e8s deux jours de r\u00e9clusion et<\/p>\n","protected":false},"author":1,"featured_media":0,"comment_status":"open","ping_status":"closed","sticky":false,"template":"","format":"standard","meta":{"footnotes":""},"categories":[1],"tags":[158,17,120,34],"class_list":["post-11873","post","type-post","status-publish","format-standard","hentry","category-motdujour","tag-communisme","tag-histoire","tag-pologne","tag-religion"],"_links":{"self":[{"href":"https:\/\/lemotdujour.fr\/index.php?rest_route=\/wp\/v2\/posts\/11873","targetHints":{"allow":["GET"]}}],"collection":[{"href":"https:\/\/lemotdujour.fr\/index.php?rest_route=\/wp\/v2\/posts"}],"about":[{"href":"https:\/\/lemotdujour.fr\/index.php?rest_route=\/wp\/v2\/types\/post"}],"author":[{"embeddable":true,"href":"https:\/\/lemotdujour.fr\/index.php?rest_route=\/wp\/v2\/users\/1"}],"replies":[{"embeddable":true,"href":"https:\/\/lemotdujour.fr\/index.php?rest_route=%2Fwp%2Fv2%2Fcomments&post=11873"}],"version-history":[{"count":8,"href":"https:\/\/lemotdujour.fr\/index.php?rest_route=\/wp\/v2\/posts\/11873\/revisions"}],"predecessor-version":[{"id":13246,"href":"https:\/\/lemotdujour.fr\/index.php?rest_route=\/wp\/v2\/posts\/11873\/revisions\/13246"}],"wp:attachment":[{"href":"https:\/\/lemotdujour.fr\/index.php?rest_route=%2Fwp%2Fv2%2Fmedia&parent=11873"}],"wp:term":[{"taxonomy":"category","embeddable":true,"href":"https:\/\/lemotdujour.fr\/index.php?rest_route=%2Fwp%2Fv2%2Fcategories&post=11873"},{"taxonomy":"post_tag","embeddable":true,"href":"https:\/\/lemotdujour.fr\/index.php?rest_route=%2Fwp%2Fv2%2Ftags&post=11873"}],"curies":[{"name":"wp","href":"https:\/\/api.w.org\/{rel}","templated":true}]}}