{"id":11845,"date":"2021-07-23T00:02:00","date_gmt":"2021-07-22T22:02:00","guid":{"rendered":"http:\/\/lemotdujour.fr\/?p=11845"},"modified":"2021-07-27T00:17:41","modified_gmt":"2021-07-26T22:17:41","slug":"vendredi-23-juillet-2021","status":"publish","type":"post","link":"https:\/\/lemotdujour.fr\/?p=11845","title":{"rendered":"Vendredi 23 juillet 2021"},"content":{"rendered":"<div class=\"mdjTexte\">\u00ab Pause \u00bb<\/div>\n<div class=\"mdjAuteur\">Un jour sans mot du jour nouveau<\/div>\n<p><span style=\"color: #777777; font-family: Arial;\">Je souhaite continuer la s\u00e9rie sur l&rsquo;ann\u00e9e 1979..<br \/>\n<\/span><\/p>\n<p><span style=\"color: #777777; font-family: Arial;\"><img loading=\"lazy\" decoding=\"async\" class=\"wp-image-11846 alignleft\" src=\"https:\/\/lemotdujour.fr\/wp-content\/uploads\/2021\/07\/14.jpg\" alt=\"\" width=\"335\" height=\"322\" srcset=\"https:\/\/lemotdujour.fr\/wp-content\/uploads\/2021\/07\/14.jpg 600w, https:\/\/lemotdujour.fr\/wp-content\/uploads\/2021\/07\/14-300x288.jpg 300w\" sizes=\"auto, (max-width: 335px) 100vw, 335px\" \/>La derni\u00e8re partie sera consacr\u00e9e \u00e0 des \u00e9v\u00e8nements qui impliquent tous \u00e0 un degr\u00e9 divers l&rsquo;Union Sovi\u00e9tique. <\/span><\/p>\n<p><span style=\"color: #777777; font-family: Arial;\">Amin Maalouf nous rappelle qu&rsquo;en ce d\u00e9but de l&rsquo;ann\u00e9e 1979, l&rsquo;Union Sovi\u00e9tique semblait toute puissante et l&rsquo;Am\u00e9rique en d\u00e9clin. <\/span><\/p>\n<p><span style=\"color: #777777; font-family: Arial;\">Notre m\u00e9moire nous joue souvent des tours. Nous connaissons la fin de l&rsquo;Histoire : la chute du mur de Berlin en 1989 et la dissolution de l&rsquo;Union Sovi\u00e9tique en 1991. <\/span><\/p>\n<p><span style=\"color: #777777; font-family: Arial;\">Mais en 1979, nous ne pouvions penser que cela se passerait ainsi, surtout pas aussi vite.<\/span><\/p>\n<p><span style=\"color: #777777; font-family: Arial;\">Il me faut un peu de temps pour \u00e9crire la suite.<br \/>\n<\/span><\/p>\n<p><span style=\"color: maroon; font-family: Arial;\">&lt;Mot du jour sans num\u00e9ro&gt;<\/span><\/p>\n","protected":false},"excerpt":{"rendered":"<p>\u00ab Pause \u00bb Un jour sans mot du jour nouveau Je souhaite continuer la s\u00e9rie sur l&rsquo;ann\u00e9e 1979.. La derni\u00e8re partie sera consacr\u00e9e \u00e0 des \u00e9v\u00e8nements qui impliquent tous \u00e0 un degr\u00e9 divers l&rsquo;Union Sovi\u00e9tique. Amin Maalouf nous rappelle qu&rsquo;en<\/p>\n","protected":false},"author":1,"featured_media":0,"comment_status":"open","ping_status":"closed","sticky":false,"template":"","format":"standard","meta":{"footnotes":""},"categories":[1],"tags":[96],"class_list":["post-11845","post","type-post","status-publish","format-standard","hentry","category-motdujour","tag-pause"],"_links":{"self":[{"href":"https:\/\/lemotdujour.fr\/index.php?rest_route=\/wp\/v2\/posts\/11845","targetHints":{"allow":["GET"]}}],"collection":[{"href":"https:\/\/lemotdujour.fr\/index.php?rest_route=\/wp\/v2\/posts"}],"about":[{"href":"https:\/\/lemotdujour.fr\/index.php?rest_route=\/wp\/v2\/types\/post"}],"author":[{"embeddable":true,"href":"https:\/\/lemotdujour.fr\/index.php?rest_route=\/wp\/v2\/users\/1"}],"replies":[{"embeddable":true,"href":"https:\/\/lemotdujour.fr\/index.php?rest_route=%2Fwp%2Fv2%2Fcomments&post=11845"}],"version-history":[{"count":3,"href":"https:\/\/lemotdujour.fr\/index.php?rest_route=\/wp\/v2\/posts\/11845\/revisions"}],"predecessor-version":[{"id":11866,"href":"https:\/\/lemotdujour.fr\/index.php?rest_route=\/wp\/v2\/posts\/11845\/revisions\/11866"}],"wp:attachment":[{"href":"https:\/\/lemotdujour.fr\/index.php?rest_route=%2Fwp%2Fv2%2Fmedia&parent=11845"}],"wp:term":[{"taxonomy":"category","embeddable":true,"href":"https:\/\/lemotdujour.fr\/index.php?rest_route=%2Fwp%2Fv2%2Fcategories&post=11845"},{"taxonomy":"post_tag","embeddable":true,"href":"https:\/\/lemotdujour.fr\/index.php?rest_route=%2Fwp%2Fv2%2Ftags&post=11845"}],"curies":[{"name":"wp","href":"https:\/\/api.w.org\/{rel}","templated":true}]}}