{"id":1182,"date":"2015-07-03T02:00:00","date_gmt":"2015-07-02T22:00:00","guid":{"rendered":"http:\/\/lemotdujour.fr\/?p=1182"},"modified":"2020-10-15T19:54:29","modified_gmt":"2020-10-15T17:54:29","slug":"vendredi-3-juillet-2015","status":"publish","type":"post","link":"https:\/\/lemotdujour.fr\/?p=1182","title":{"rendered":"Vendredi 3 Juillet 2015"},"content":{"rendered":"<div class=\"mdjDate\">Vendredi 3 Juillet 2015<\/div>\n<div class=\"mdjTexte\">\u00abLa Gouvernance par les nombres\u00bb<\/div>\n<div class=\"mdjAuteur\">Alain Supiot<\/div>\n<p><span style=\"color: #777777; font-family: Arial;\"><a href=\"https:\/\/fr.wikipedia.org\/wiki\/Alain_Supiot\"><span style=\"color: #0000ff;\">Alain Supiot<\/span><\/a> est un juriste fran\u00e7ais sp\u00e9cialiste du droit social. Il est actuellement professeur au coll\u00e8ge de France.<\/span><\/p>\n<p><img loading=\"lazy\" decoding=\"async\" class=\"alignleft\" src=\"https:\/\/lemotdujour.fr\/wp-content\/uploads\/2020\/10\/101520_1744_LundiXXmai21.jpg\" alt=\"\" width=\"234\" height=\"371\" align=\"left\" \/><\/p>\n<p><span style=\"color: #777777; font-family: Arial;\">Fayard a publi\u00e9 en mars 2015, ses <a href=\"https:\/\/www.cairn.info\/revue-projet-2015-6-page-90.htm\"><span style=\"color: #0000ff;\">cours au Coll\u00e8ge de France<\/span><\/a> de 2012-2014, intitul\u00e9<a href=\"http:\/\/www.fayard.fr\/la-gouvernance-par-les-nombres-9782213681092\"><span style=\"color: blue; text-decoration: underline;\"><span style=\"color: #0000ff; text-decoration: underline;\"> \u00abLa Gouvernance par les nombres\u00bb<\/span>\u00a0 <\/span><\/a>o\u00f9 il d\u00e9nonce les d\u00e9rives de cette nouvelle mani\u00e8re de diriger les affaires des hommes et de la soci\u00e9t\u00e9.<br \/>\n<\/span><\/p>\n<p><span style=\"color: #777777; font-family: Arial;\">Il y a d&rsquo;abord un glissement s\u00e9mantique du \u00ab gouvernement \u00bb \u00e0 la<span style=\"color: blue;\"><br \/>\n<a href=\"http:\/\/www.piloter.org\/gouvernance-entreprise\/definition-gouvernance.htm\"><span style=\"text-decoration: underline;\"><span style=\"color: #0000ff; text-decoration: underline;\">\u00ab gouvernance \u00bb<\/span><\/span><\/a><span style=\"color: #777777;\"><span style=\"color: #0000ff;\">.<\/span><br \/>\n<\/span><\/span><\/span><\/p>\n<p><span style=\"color: #777777; font-family: Arial;\">La raison du pouvoir n&rsquo;est plus recherch\u00e9e dans une instance souveraine transcendant la soci\u00e9t\u00e9, mais dans des normes t\u00e9moignant de son bon fonctionnement.<br \/>\n<\/span><\/p>\n<p><span style=\"color: #777777; font-family: Arial;\">Ces nouvelles techniques visent la r\u00e9alisation efficace d&rsquo;objectifs mesurables plut\u00f4t que l&rsquo;ob\u00e9issance \u00e0 des lois justes.<br \/>\n<\/span><\/p>\n<p><span style=\"color: #777777; font-family: Arial;\">Alain Supiot a \u00e9t\u00e9 invit\u00e9 \u00e0 plusieurs \u00e9missions dont la Grande Table pour parler de cet ouvrage :<br \/>\n<\/span><\/p>\n<p><a href=\"http:\/\/www.franceculture.fr\/emission-la-grande-table-2eme-partie-gouverner-par-les-nombres-comment-en-sortir-2015-04-06\"><span style=\"color: blue; font-family: Arial; text-decoration: underline;\">&lt;La Grande Table : gouverner par les nombres, comment en sortir 2015-04-06&gt;<\/span><\/a><span style=\"color: #777777; font-family: Arial;\"><br \/>\n<\/span><\/p>\n<p><span style=\"color: #777777; font-family: Arial;\">Il y a aussi cet entretien sur le site de l&rsquo;Usine Nouvelle :<br \/>\n<\/span><\/p>\n<p><a href=\"http:\/\/www.usinenouvelle.com\/editorial\/restaurer-un-travail-reellement-humain-est-sur-le-long-terme-la-cle-du-succes-economique-explique-alain-supiot.N326651\"><span style=\"color: blue; font-family: Arial; text-decoration: underline;\">&lt;Restaurer un travail r\u00e9ellement humain est, sur le long terme, la cl\u00e9 du succ\u00e8s \u00e9conomique&gt;<\/span><\/a><span style=\"color: #777777; font-family: Arial;\"><br \/>\n<\/span><\/p>\n<p><span style=\"color: #777777; font-family: Arial;\">J&rsquo;en tire les extraits suivants :<br \/>\n<\/span><\/p>\n<p style=\"margin-left: 28pt;\"><span style=\"color: #c00000; font-family: Arial;\">\u00ab Pour comprendre les transformations \u00e0 l&rsquo;\u0153uvre \u00e0 une \u00e9poque donn\u00e9e il faut identifier l&rsquo;imaginaire qui la domine. Cet imaginaire partag\u00e9 impr\u00e8gne en effet toutes nos fa\u00e7ons de penser : les institutions, les arts, les sciences et les techniques.<br \/>\nUne des th\u00e8ses de mon livre est qu&rsquo;\u00e0 la r\u00e9volution num\u00e9rique correspond un changement d&rsquo;imaginaire.<br \/>\nDepuis la fin du Moyen \u00e2ge, les Occidentaux se sont repr\u00e9sent\u00e9 le monde sur le mod\u00e8le de l&rsquo;horloge.<br \/>\nDepuis l&rsquo;invention de la machine de Turing et les d\u00e9buts de l&rsquo;informatique, ils le con\u00e7oivent sur le mod\u00e8le de l&rsquo;ordinateur, c&rsquo;est-\u00e0-dire comme une machine programm\u00e9e et programmable. Cette repr\u00e9sentation influence nos mani\u00e8res d&rsquo;organiser les rapports sociaux et en particulier notre conception du droit et des institutions, c&rsquo;est-\u00e0-dire les r\u00e8gles qui gouvernent et rendent possible la vie en soci\u00e9t\u00e9. [\u2026]<br \/>\n<\/span><\/p>\n<p style=\"margin-left: 28pt;\"><span style=\"color: #c00000; font-family: Arial;\">De grands historiens, comme <strong>Jacques Le Goff<\/strong> ou <strong>Lewis Mumford<\/strong>, ont montr\u00e9 la place centrale de l&rsquo;horloge dans la naissance des temps modernes.<br \/>\nNotre civilisation <strong>est la seule \u00e0 avoir hiss\u00e9 des horloges au sommet de ses lieux de culte<\/strong>, dans tous les villages. La philosophie des Lumi\u00e8res voyait Dieu comme un grand horloger et le monde comme un immense m\u00e9canisme r\u00e9gi par les lois de la physique classique, par un jeu inexorable de poids et forces, de masse et d&rsquo;\u00e9nergie [\u2026]<br \/>\n<\/span><\/p>\n<p style=\"margin-left: 28pt;\"><span style=\"color: #c00000; font-family: Arial;\">Le taylorisme a transpos\u00e9 d&rsquo;une certaine fa\u00e7on ce mod\u00e8le \u00e0 l&rsquo;entreprise. Des g\u00e9nies, tels <strong>Fritz Lang<\/strong> dans \u00ab\u00a0Metropolis\u00a0\u00bb ou <strong>Charlie Chaplin<\/strong> dans \u00ab\u00a0Les Temps modernes\u00a0\u00bb, ont d\u00e9peint ce que cela impliquait : l&rsquo;homme est pris dans un grand m\u00e9canisme, dans un jeu d&rsquo;engrenages qui finit par le broyer. [\u2026]<br \/>\n<\/span><\/p>\n<p style=\"margin-left: 28pt;\"><img loading=\"lazy\" decoding=\"async\" class=\"alignright\" src=\"https:\/\/lemotdujour.fr\/wp-content\/uploads\/2020\/10\/101520_1744_LundiXXmai22.jpg\" alt=\"\" width=\"315\" height=\"501\" align=\"left\" \/><span style=\"color: #c00000; font-family: Arial;\">La planification sovi\u00e9tique a \u00e9t\u00e9 une premi\u00e8re tentative de gouverner par les nombres, mais elle participait encore de l&rsquo;imaginaire m\u00e9caniciste. Comme l&rsquo;a montr\u00e9 <strong>Bruno Trentin<\/strong> dans son grand livre sur \u00ab\u00a0<a href=\"https:\/\/www.fayard.fr\/sciences-humaines\/la-cite-du-travail-9782213668666\"><span style=\"color: #0000ff;\">La cit\u00e9 du travail\u00a0<\/span><\/a>\u00bb\u00a0\u00bb, il y a eu un accord profond du capitalisme et du communisme pour placer le travail sous l&rsquo;\u00e9gide de la technoscience et l&rsquo;\u00e9vincer ainsi du p\u00e9rim\u00e8tre de la d\u00e9lib\u00e9ration politique et de la justice sociale.<br \/>\n<\/span><\/p>\n<p style=\"margin-left: 28pt;\"><span style=\"color: #c00000; font-family: Arial;\">Mais L\u00e9nine est un pr\u00e9curseur dans sa fa\u00e7on de vouloir \u00e9tendre \u00e0 la soci\u00e9t\u00e9 tout enti\u00e8re le mod\u00e8le de l&rsquo;entreprise, selon le credo aujourd&rsquo;hui rab\u00e2ch\u00e9 par les pr\u00e9dicateurs de l&rsquo;ultralib\u00e9ralisme et du New Public Management, qui pensent qu&rsquo;un \u00c9tat doit \u00eatre g\u00e9r\u00e9 selon les m\u00eames m\u00e9thodes \u00ab\u00a0scientifiques\u00a0\u00bb qu&rsquo;une entreprise.<br \/>\n<\/span><\/p>\n<p style=\"margin-left: 28pt;\"><span style=\"color: #c00000; font-family: Arial;\">[\u2026]\u00a0 Comme souvent, le changement d&rsquo;imaginaire a commenc\u00e9 dans l&rsquo;ordre juridique avant de s&rsquo;exprimer au plan scientifique et technique. La perte de la foi dans l&rsquo;existence d&rsquo;un souverain l\u00e9gislateur date du XIXe si\u00e8cle et de la premi\u00e8re crise de l\u00e9gitimit\u00e9 de l&rsquo;\u00c9tat.<br \/>\nC&rsquo;est cette crise qui a donn\u00e9 naissance \u00e0 l&rsquo;\u00c9tat social, mais aussi aux exp\u00e9riences totalitaires du XXe si\u00e8cle qui ont cherch\u00e9 dans la science les \u00ab\u00a0vraies lois\u00a0\u00bb devant r\u00e9gir l&rsquo;humanit\u00e9.\u00a0 Au plan scientifique et technique ce sont d\u00e8s les ann\u00e9es 30, de grandes d\u00e9couvertes math\u00e9matiques \u2013 notamment celles de <span style=\"color: #0000ff;\"><a style=\"color: #0000ff;\" href=\"https:\/\/fr.wikipedia.org\/wiki\/Kurt_G%C3%B6del\"><strong>Kurt G\u00f6del<\/strong><\/a><\/span> (1906-1978), puis l&rsquo;invention de la machine de Turing et les d\u00e9buts de l&rsquo;informatique, qui marquent ce passage \u00e0 l&rsquo;imaginaire cybern\u00e9tique.<br \/>\n<\/span><\/p>\n<p style=\"margin-left: 28pt;\"><span style=\"color: #c00000; font-family: Arial;\">Il faut lire \u00e0 ce sujet les \u00e9crits visionnaires de <a href=\"https:\/\/fr.wikipedia.org\/wiki\/Norbert_Wiener\"><strong><span style=\"color: #0000ff;\">Norbert Wiener<\/span><\/strong><\/a> (1894-1964), l&rsquo;une des p\u00e8res de la cybern\u00e9tique. Selon lui, on peut penser de la m\u00eame fa\u00e7on les hommes, les machines et le vivant. Tous sont des dispositifs de traitement de l&rsquo;information.<br \/>\n<\/span><\/p>\n<p style=\"margin-left: 28pt;\"><span style=\"color: #c00000; font-family: Arial;\">Trois concepts jouent un r\u00f4le essentiel dans cette nouvelle vision de l&rsquo;homme et du monde : le programme, le feedback (aujourd&rsquo;hui nous dirions la \u00ab\u00a0r\u00e9activit\u00e9\u00a0\u00bb) et la performance. \u00ab\u00a0L&rsquo;homme machine\u00a0\u00bb des XVII-XVIIIe si\u00e8cles dispara\u00eet, ou plus exactement il se m\u00e9tamorphose en \u00ab\u00a0machine intelligente\u00a0\u00bb, machine programmable par des objectifs chiffr\u00e9s.<br \/>\n<\/span><\/p>\n<p style=\"margin-left: 28pt;\"><span style=\"color: #c00000; font-family: Arial;\">C&rsquo;est exactement \u00e0 la m\u00eame p\u00e9riode de l&rsquo;imm\u00e9diat apr\u00e8s-guerre que d\u00e9bute la \u00ab\u00a0<strong>r\u00e9volution manag\u00e9riale<\/strong>\u00a0\u00bb avec notamment l&rsquo;invention de la direction par objectifs, due notamment \u00e0 <a href=\"https:\/\/fr.wikipedia.org\/wiki\/Peter_Drucker\"><strong><span style=\"color: #0000ff;\">Peter Drucker<\/span><\/strong><\/a>.(1909-2005). Il faut souligner que ce dernier mettait en garde contre les limites de sa m\u00e9thode. Pour lui, l&rsquo;\u00e9valuation devait demeurer une auto\u00e9valuation et ne pas servir \u00e0 un \u00ab\u00a0contr\u00f4le de domination\u00a0\u00bb qui ruinerait ses effets. Bien s\u00fbr on s&rsquo;est empress\u00e9 d&rsquo;oublier ces mises en garde et de s&rsquo;engouffrer dans ces impasses. De la m\u00eame fa\u00e7on que le taylorisme, cette nouvelle conception de la direction des hommes par objectifs chiffr\u00e9s, apr\u00e8s avoir \u00e9t\u00e9 con\u00e7ue pour les entreprises, a \u00e9t\u00e9 \u00e9tendue \u00e0 la soci\u00e9t\u00e9 tout enti\u00e8re. Avec pour effet une nouvelle restriction du champ laiss\u00e9 au politique et \u00e0 la d\u00e9lib\u00e9ration d\u00e9mocratique. Ce n&rsquo;est plus seulement le travail en tant que tel, mais aussi sa dur\u00e9e et son prix qui devraient \u00eatre soustraits au politique pour \u00eatre r\u00e9gis par les m\u00e9canismes autor\u00e9gulateurs du march\u00e9.<br \/>\n<\/span><\/p>\n<p style=\"margin-left: 28pt;\"><span style=\"color: #c00000; font-family: Arial;\">[\u2026] Le fantasme aujourd&rsquo;hui poursuivi est celui d&rsquo;une mise en pilotage automatique des affaires humaines, comme on peut le voir dans le Trait\u00e9 sur la gouvernance de l&rsquo;Union mon\u00e9taire europ\u00e9enne, qui pr\u00e9voit des m\u00e9canismes \u00ab\u00a0d\u00e9clench\u00e9s automatiquement\u00a0\u00bb en cas d&rsquo;\u00e9cart dans la r\u00e9alisation de trajectoires chiffr\u00e9es.<br \/>\n<\/span><\/p>\n<p style=\"margin-left: 28pt;\"><span style=\"color: #c00000; font-family: Arial;\">[\u2026] On pense le travailleur sur le mod\u00e8le de l&rsquo;ordinateur au lieu de penser l&rsquo;ordinateur comme un moyen d&rsquo;humaniser le travail. [\u2026] \u00e0 la fin de la Premi\u00e8re Guerre mondiale.<br \/>\nDeux le\u00e7ons passablement antinomiques ont \u00e9t\u00e9 tir\u00e9es de cette exp\u00e9rience \u00e9pouvantable.<br \/>\nLa premi\u00e8re et je n&rsquo;y reviens pas, fut la possibilit\u00e9 d&rsquo;une \u00ab\u00a0<strong>mobilisation totale<\/strong>\u00a0\u00bb de la ressource humaine et l&rsquo;extension du taylorisme \u00e0 l&rsquo;organisation de la soci\u00e9t\u00e9 tout enti\u00e8re. Possibilit\u00e9 continu\u00e9e en temps de paix et qui prend aujourd&rsquo;hui la forme de ce que le Premier ministre britannique, M. Cameron, appelle le Global race, c&rsquo;est-\u00e0-dire une course mortelle pour survivre sur un march\u00e9 devenu total.<br \/>\n<\/span><\/p>\n<p style=\"margin-left: 28pt;\"><span style=\"color: #c00000; font-family: Arial;\">La seconde le\u00e7on fut inscrite par le trait\u00e9 de Versailles au fronton de l&rsquo;Organisation internationale du travail : <strong>\u00ab\u00a0il n&rsquo;est pas de paix durable sans justice sociale<\/strong>\u00a0\u00bb, d&rsquo;o\u00f9 la mission confi\u00e9e \u00e0 cette Organisation de garantir \u00e0 l&rsquo;\u00e9chelle du globe l&rsquo;\u00e9tablissement d&rsquo;un \u00ab\u00a0r\u00e9gime de travail r\u00e9ellement humain\u00a0\u00bb.<br \/>\nSi l&rsquo;on prend cette notion au s\u00e9rieux au lieu de la cantonner aux seules conditions de travail (dur\u00e9e et salaire), on est conduit \u00e0 identifier <strong>deux formes de d\u00e9shumanisation du travail<\/strong>.<br \/>\n<\/span><\/p>\n<ul style=\"margin-left: 64pt;\">\n<li><span style=\"color: #c00000; font-family: Arial;\">La premi\u00e8re est celle du taylorisme immortalis\u00e9e par Chaplin : c&rsquo;est un d\u00e9ni de la pens\u00e9e et la r\u00e9duction du travail \u00e0 l&rsquo;ob\u00e9issance m\u00e9canique \u00e0 des ordres. Ce qu&rsquo;en droit du travail on a appel\u00e9 \u00e0 la m\u00eame \u00e9poque la subordination.<br \/>\n<\/span><\/li>\n<li><span style=\"color: #c00000; font-family: Arial;\">La seconde est un d\u00e9ni de la r\u00e9alit\u00e9 et l&rsquo;assimilation du travail \u00e0 un processus programm\u00e9 de traitement d&rsquo;information. C&rsquo;est \u00e0 cette forme de d\u00e9shumanisation que conduit la gouvernance par les nombres, d\u00e8s lors qu&rsquo;elle asservit le travailleur \u00e0 la satisfaction d&rsquo;indicateurs de performance chiffr\u00e9s, \u00e0 l&rsquo;aune desquels il est \u00e9valu\u00e9 ind\u00e9pendamment des effets r\u00e9els de son travail.<br \/>\n<\/span><\/li>\n<\/ul>\n<p><span style=\"color: #c00000; font-family: Arial;\">L&rsquo;indicateur se confond alors avec l&rsquo;objectif, coupant le travailleur du monde r\u00e9el et l&rsquo;enfermant dans des boucles sp\u00e9culatives dont il ne peut sortir que par la fraude ou la d\u00e9pression.<br \/>\n\u00c0 la diff\u00e9rence du taylorisme, qui interdisait de penser et condamnait \u00e0 l&rsquo;abrutissement, la gouvernance par les nombres pr\u00e9tend programmer l&rsquo;usage des facult\u00e9s c\u00e9r\u00e9brales en vue de la r\u00e9alisation de performances quantifiables. Je donne ainsi l&rsquo;exemple d&rsquo;un r\u00e9seau bancaire ayant donn\u00e9 pour objectif \u00e0 ses salari\u00e9s, non pas d&rsquo;atteindre un certain chiffre d&rsquo;affaires, mais d&rsquo;atteindre un chiffre sup\u00e9rieur \u00e0 celui des autres agences, qui s&rsquo;affichait en temps r\u00e9el sur leurs ordinateurs.<br \/>\n<\/span><\/p>\n<p style=\"margin-left: 28pt;\"><span style=\"color: #c00000; font-family: Arial;\">Cette d\u00e9connexion du travail de la r\u00e9alit\u00e9 de ses produits met en p\u00e9ril, non plus la sant\u00e9 physique, mais la sant\u00e9 mentale, avec la mont\u00e9e depuis les ann\u00e9es 90 de ce qu&rsquo;on appelle les risques psychosociaux.<br \/>\n<strong>Se repr\u00e9senter l&rsquo;\u00eatre humain comme un ordinateur programmable n&rsquo;est pas moins, mais encore plus d\u00e9lirant que de le repr\u00e9senter comme une pi\u00e8ce d&rsquo;horlogerie<\/strong>, et cela fait courir des risques qui ne p\u00e8sent pas seulement sur les individus mais sur l&rsquo;organisation tout enti\u00e8re, qu&rsquo;il s&rsquo;agisse de l&rsquo;entreprise ou de la soci\u00e9t\u00e9 dans son ensemble. [\u2026]<br \/>\n<\/span><\/p>\n<p style=\"margin-left: 28pt;\"><span style=\"color: #c00000; font-family: Arial;\">L&rsquo;un des traits les plus pr\u00e9occupants de la gouvernance par les nombres est que plus personne n&rsquo;est responsable, au sens plein de ce terme. Car \u00e0 la diff\u00e9rence du taylorisme, elle affecte aussi les dirigeants, qui sont eux aussi \u00ab\u00a0programm\u00e9s\u00a0\u00bb pour r\u00e9aliser des objectifs quantifi\u00e9s.<br \/>\nAutrement dit qui ne sont pas dans l&rsquo;action, mais dans la r\u00e9action \u00e0 des signaux chiffr\u00e9s, qu&rsquo;il s&rsquo;agisse du cours de bourse ou des sondages d&rsquo;opinion.[\u2026]<br \/>\n<\/span><\/p>\n<p style=\"margin-left: 28pt;\"><span style=\"color: #c00000; font-family: Arial;\">L&rsquo;entreprise est l&rsquo;institution la plus menac\u00e9e par la Gouvernance par les nombres. Les lois qui ont mis en \u0153uvre les recettes de la Corporate governance \u2014 notamment dans le domaine comptable ou de la r\u00e9mun\u00e9ration des dirigeants \u2014 ont permis d&rsquo;asservir ces derniers aux objectifs de cr\u00e9ation de valeur pour l&rsquo;actionnaire, plongeant les entreprises dans un court-termisme incompatible avec la v\u00e9ritable innovation.<br \/>\nC&rsquo;est sur ce genre de r\u00e9formes que devraient revenir ceux qui pr\u00e9tendent \u00ab\u00a0aimer l&rsquo;entreprise\u00a0\u00bb. Plut\u00f4t que de s&rsquo;acharner \u00e0 faire dispara\u00eetre le repos dominical, on ferait bien de s&rsquo;inspirer de l&rsquo;exemple des grandes entreprises allemandes, qui ont d\u00e9cid\u00e9 de d\u00e9connecter leurs cadres de leur messagerie pendant leurs heures et jours de repos.<br \/>\nRestaurer un travail \u00ab\u00a0r\u00e9ellement humain\u00a0\u00bb est, sur le long terme, la cl\u00e9 du succ\u00e8s \u00e9conomique.\u00bb<br \/>\n<\/span><\/p>\n<p><img loading=\"lazy\" decoding=\"async\" class=\"alignleft\" src=\"https:\/\/lemotdujour.fr\/wp-content\/uploads\/2020\/10\/101520_1744_LundiXXmai23.jpg\" alt=\"\" width=\"362\" height=\"312\" align=\"left\" \/><span style=\"color: #777777; font-family: Arial;\">Alain Supiot dit aussi :<br \/>\n<\/span><\/p>\n<p style=\"margin-left: 28pt;\"><span style=\"color: #c00000; font-family: Arial;\">\u00abLa quantification est un outil puissant de la pens\u00e9e humaine. Je critique en revanche le fait que, du fait de la logique ultralib\u00e9rale, la loi est plac\u00e9e sous l&rsquo;autorit\u00e9 d&rsquo;un calcul. C&rsquo;est une restriction du p\u00e9rim\u00e8tre de la d\u00e9mocratie.\u00bb<br \/>\n<\/span><\/p>\n<p><span style=\"color: #777777; font-family: Arial;\">La zone euro illustre parfaitement cette d\u00e9rive : Elle est dirig\u00e9e sur la base de 2 indicateurs :<br \/>\n<\/span><\/p>\n<ul>\n<li><span style=\"color: #777777; font-family: Arial;\">Le d\u00e9ficit des administrations publiques ne doit pas d\u00e9passer 3% du produit int\u00e9rieur brut (PIB) ;<br \/>\n<\/span><\/li>\n<li><span style=\"color: #777777; font-family: Arial;\">Et la dette publique ne doit pas d\u00e9passer 60% du PIB. Et c&rsquo;est tout ! Le taux de ch\u00f4mage, la qualit\u00e9 de la sant\u00e9, de l\u2019\u00c9ducation et tant d&rsquo;autres choses essentielles ne sont pas prises en consid\u00e9ration pour juger de la bonne gouvernance de la zone euro.<br \/>\n<\/span><\/li>\n<\/ul>\n<p><span style=\"color: #777777; font-family: Arial;\">Nous subissons tous plus ou moins ce fantasme de la gouvernance par les nombres de ceux qui croient que la vie d&rsquo;une entreprise, d&rsquo;une administration voire d&rsquo;un \u00eatre humain peut parfaitement se synth\u00e9tiser par un tableau Excel. C&rsquo;est une \u0153uvre de d\u00e9shumanisation \u00e0 laquelle nous devons r\u00e9sister tout en utilisant de mani\u00e8re intelligente les d\u00e9nombrements ou les statistiques dont nous pouvons disposer.<\/span><\/p>\n<div class=\"mdjComplements\"><span style=\"color: #800000;\">&lt;528&gt;<\/span><\/div>\n","protected":false},"excerpt":{"rendered":"<p>Vendredi 3 Juillet 2015 \u00abLa Gouvernance par les nombres\u00bb Alain Supiot Alain Supiot est un juriste fran\u00e7ais sp\u00e9cialiste du droit social. Il est actuellement professeur au coll\u00e8ge de France. Fayard a publi\u00e9 en mars 2015, ses cours au Coll\u00e8ge de<\/p>\n","protected":false},"author":1,"featured_media":0,"comment_status":"closed","ping_status":"closed","sticky":false,"template":"","format":"standard","meta":{"footnotes":""},"categories":[1],"tags":[33,11],"class_list":["post-1182","post","type-post","status-publish","format-standard","hentry","category-motdujour","tag-quantophrenie","tag-sociologie"],"_links":{"self":[{"href":"https:\/\/lemotdujour.fr\/index.php?rest_route=\/wp\/v2\/posts\/1182","targetHints":{"allow":["GET"]}}],"collection":[{"href":"https:\/\/lemotdujour.fr\/index.php?rest_route=\/wp\/v2\/posts"}],"about":[{"href":"https:\/\/lemotdujour.fr\/index.php?rest_route=\/wp\/v2\/types\/post"}],"author":[{"embeddable":true,"href":"https:\/\/lemotdujour.fr\/index.php?rest_route=\/wp\/v2\/users\/1"}],"replies":[{"embeddable":true,"href":"https:\/\/lemotdujour.fr\/index.php?rest_route=%2Fwp%2Fv2%2Fcomments&post=1182"}],"version-history":[{"count":5,"href":"https:\/\/lemotdujour.fr\/index.php?rest_route=\/wp\/v2\/posts\/1182\/revisions"}],"predecessor-version":[{"id":9853,"href":"https:\/\/lemotdujour.fr\/index.php?rest_route=\/wp\/v2\/posts\/1182\/revisions\/9853"}],"wp:attachment":[{"href":"https:\/\/lemotdujour.fr\/index.php?rest_route=%2Fwp%2Fv2%2Fmedia&parent=1182"}],"wp:term":[{"taxonomy":"category","embeddable":true,"href":"https:\/\/lemotdujour.fr\/index.php?rest_route=%2Fwp%2Fv2%2Fcategories&post=1182"},{"taxonomy":"post_tag","embeddable":true,"href":"https:\/\/lemotdujour.fr\/index.php?rest_route=%2Fwp%2Fv2%2Ftags&post=1182"}],"curies":[{"name":"wp","href":"https:\/\/api.w.org\/{rel}","templated":true}]}}