{"id":11813,"date":"2021-07-20T02:22:00","date_gmt":"2021-07-20T00:22:00","guid":{"rendered":"http:\/\/lemotdujour.fr\/?p=11813"},"modified":"2021-07-19T22:43:36","modified_gmt":"2021-07-19T20:43:36","slug":"mardi-20-juillet-2021","status":"publish","type":"post","link":"https:\/\/lemotdujour.fr\/?p=11813","title":{"rendered":"Mardi 20 juillet 2021"},"content":{"rendered":"<div class=\"mdjTexte\">\u00ab Pause (La prise de la grande mosqu\u00e9e de la Mecque) \u00bb<\/div>\n<div class=\"mdjAuteur\">Un jour sans mot du jour nouveau<\/div>\n<p><span style=\"color: #777777; font-family: Arial;\">Quelquefois, il faut plus de temps et d&rsquo;\u00e9nergie que pr\u00e9vu pour l&rsquo;\u00e9criture du mot du jour..<br \/>\n<\/span><\/p>\n<p><span style=\"color: #777777; font-family: Arial;\"><img loading=\"lazy\" decoding=\"async\" class=\"wp-image-11816 alignleft\" src=\"https:\/\/lemotdujour.fr\/wp-content\/uploads\/2021\/07\/02.jpg\" alt=\"\" width=\"191\" height=\"255\" srcset=\"https:\/\/lemotdujour.fr\/wp-content\/uploads\/2021\/07\/02.jpg 768w, https:\/\/lemotdujour.fr\/wp-content\/uploads\/2021\/07\/02-225x300.jpg 225w\" sizes=\"auto, (max-width: 191px) 100vw, 191px\" \/>Le prochain sera consacr\u00e9 \u00e0 l&rsquo;attaque par un groupe de sunnites int\u00e9gristes de la grande Mosqu\u00e9e de la Mecque.<br \/>\n<\/span><\/p>\n<p><span style=\"color: #777777; font-family: Arial;\">Si vous souhaitez anticiper vous pouvez \u00e9couter deux \u00e9missions de France Inter sur ce sujet : <\/span><\/p>\n<p><span style=\"color: #777777; font-family: Arial;\">\u00c9mission de 2018 &lt;<span style=\"color: #0000ff;\"><a style=\"color: #0000ff;\" href=\"https:\/\/www.franceinter.fr\/emissions\/affaires-sensibles\/affaires-sensibles-21-fevrier-2018\"> Affaires sensibles &#8211; Mic-Mac \u00e0 la Mecque<\/a><\/span> &gt; par Fabrice Drouelle. <\/span><\/p>\n<p><span style=\"color: #777777; font-family: Arial;\">Et plus \u00e9trange plus secret &lt;<a href=\"https:\/\/www.youtube.com\/watch?v=BEf3ef2Npdw\"><span style=\"color: #0000ff;\">L&rsquo;attentat \u00e0 la Mecque du 20 nov 1979<\/span><\/a><\/span><span style=\"color: #777777; font-family: Arial;\">&gt; qui fut un des \u00e9pisodes de cette \u00e9mission incroyable, d\u00e9sormais supprim\u00e9 : \u00ab<strong>Rendez-vous avec Mr X du 18 juin 2015<\/strong> \u00bb<br \/>\n<\/span><\/p>\n<p><span style=\"color: maroon; font-family: Arial;\">&lt;Mot du jour sans num\u00e9ro&gt;<\/span><\/p>\n","protected":false},"excerpt":{"rendered":"<p>\u00ab Pause (La prise de la grande mosqu\u00e9e de la Mecque) \u00bb Un jour sans mot du jour nouveau Quelquefois, il faut plus de temps et d&rsquo;\u00e9nergie que pr\u00e9vu pour l&rsquo;\u00e9criture du mot du jour.. Le prochain sera consacr\u00e9 \u00e0<\/p>\n","protected":false},"author":1,"featured_media":0,"comment_status":"open","ping_status":"closed","sticky":false,"template":"","format":"standard","meta":{"footnotes":""},"categories":[1],"tags":[96],"class_list":["post-11813","post","type-post","status-publish","format-standard","hentry","category-motdujour","tag-pause"],"_links":{"self":[{"href":"https:\/\/lemotdujour.fr\/index.php?rest_route=\/wp\/v2\/posts\/11813","targetHints":{"allow":["GET"]}}],"collection":[{"href":"https:\/\/lemotdujour.fr\/index.php?rest_route=\/wp\/v2\/posts"}],"about":[{"href":"https:\/\/lemotdujour.fr\/index.php?rest_route=\/wp\/v2\/types\/post"}],"author":[{"embeddable":true,"href":"https:\/\/lemotdujour.fr\/index.php?rest_route=\/wp\/v2\/users\/1"}],"replies":[{"embeddable":true,"href":"https:\/\/lemotdujour.fr\/index.php?rest_route=%2Fwp%2Fv2%2Fcomments&post=11813"}],"version-history":[{"count":2,"href":"https:\/\/lemotdujour.fr\/index.php?rest_route=\/wp\/v2\/posts\/11813\/revisions"}],"predecessor-version":[{"id":11817,"href":"https:\/\/lemotdujour.fr\/index.php?rest_route=\/wp\/v2\/posts\/11813\/revisions\/11817"}],"wp:attachment":[{"href":"https:\/\/lemotdujour.fr\/index.php?rest_route=%2Fwp%2Fv2%2Fmedia&parent=11813"}],"wp:term":[{"taxonomy":"category","embeddable":true,"href":"https:\/\/lemotdujour.fr\/index.php?rest_route=%2Fwp%2Fv2%2Fcategories&post=11813"},{"taxonomy":"post_tag","embeddable":true,"href":"https:\/\/lemotdujour.fr\/index.php?rest_route=%2Fwp%2Fv2%2Ftags&post=11813"}],"curies":[{"name":"wp","href":"https:\/\/api.w.org\/{rel}","templated":true}]}}