{"id":11799,"date":"2021-07-19T00:38:05","date_gmt":"2021-07-18T22:38:05","guid":{"rendered":"http:\/\/lemotdujour.fr\/?p=11799"},"modified":"2021-07-19T16:52:43","modified_gmt":"2021-07-19T14:52:43","slug":"lundi-19-juillet-2021","status":"publish","type":"post","link":"https:\/\/lemotdujour.fr\/?p=11799","title":{"rendered":"Lundi 19 juillet 2021"},"content":{"rendered":"<div class=\"mdjTexte\">\u00ab\u00a0444 jours\u00a0!\u00a0\u00bb<\/div>\n<div class=\"mdjAuteur\">Dur\u00e9e de la prise d&rsquo;otage des diplomates am\u00e9ricains dans l&rsquo;ambassade de T\u00e9h\u00e9ran qui a d\u00e9but\u00e9 le 4 novembre 1979.<\/div>\n<p><span style=\"color: #777777; font-family: Arial;\">Nous avons vu qu&rsquo;en quelques semaines la r\u00e9volution islamique s&rsquo;est impos\u00e9e, au tout d\u00e9but de l&rsquo;ann\u00e9e 1979. Avec des alli\u00e9s notamment lib\u00e9raux ou nationaliste Khomeini allait d&rsquo;abord chasser le Shah qui en outre \u00e9tait tr\u00e8s affaibli par un cancer qui allait l&#8217;emporter le 27 juillet 1980. Puis, Khomeini allait se d\u00e9barrasser m\u00e9thodiquement de tous ses alli\u00e9s pour laisser au pouvoir la seule clique de religieux r\u00e9gressifs et violents qui suivaient aveugl\u00e9ment l&rsquo;islam que le vieux ayatollah pr\u00eachait.<br \/>\n<\/span><\/p>\n<p><span style=\"color: #777777; font-family: Arial;\">La r\u00e9volution islamique allait provoquer cette m\u00eame ann\u00e9e 1979 un autre \u00e9v\u00e8nement inou\u00ef qui marquera l&rsquo;Histoire et allait avoir des cons\u00e9quences jusqu&rsquo;\u00e0 nos jours.<br \/>\n<\/span><\/p>\n<p><span style=\"color: #777777; font-family: Arial;\"><img loading=\"lazy\" decoding=\"async\" class=\"wp-image-11805 alignleft\" src=\"https:\/\/lemotdujour.fr\/wp-content\/uploads\/2021\/07\/Prise-dotages-ambassade-americaine.png\" alt=\"\" width=\"424\" height=\"340\" srcset=\"https:\/\/lemotdujour.fr\/wp-content\/uploads\/2021\/07\/Prise-dotages-ambassade-americaine.png 770w, https:\/\/lemotdujour.fr\/wp-content\/uploads\/2021\/07\/Prise-dotages-ambassade-americaine-300x240.png 300w, https:\/\/lemotdujour.fr\/wp-content\/uploads\/2021\/07\/Prise-dotages-ambassade-americaine-768x615.png 768w\" sizes=\"auto, (max-width: 424px) 100vw, 424px\" \/>Le <strong>4 novembre 1979<\/strong>, un dimanche, des centaines d&rsquo;\u00e9tudiants iraniens envahissent l&rsquo;ambassade am\u00e9ricaine o\u00f9 ils se saisissent de 52 otages et entament une \u00ab occupation r\u00e9volutionnaire \u00bb des locaux.<br \/>\n<\/span><\/p>\n<p><span style=\"color: #777777; font-family: Arial;\">La raison qui pousse ces \u00e9tudiants est l&rsquo;extradition du Shah qui se trouve aux Etats-Unis pour soigner son cancer. Ils obtiendront que le Shah quitte les \u00c9tats-Unis. Seul l&rsquo;Egypte de Sadate acceptera de l&rsquo;accueillir et c&rsquo;est dans le pays des pyramides qu&rsquo;il mourra.<br \/>\n<\/span><\/p>\n<p><span style=\"color: #777777; font-family: Arial;\">Cette prise d&rsquo;otage sur le sol de l&rsquo;ambassade am\u00e9ricaine, donc sol am\u00e9ricain \u00e9tait d&rsquo;une part une violation flagrante du droit international et des conventions diplomatiques d&rsquo;autre part \u00e9tait d&rsquo;une provocation inou\u00efe \u00e0 l&rsquo;\u00e9gard des \u00c9tats-Unis d&rsquo;Am\u00e9rique<br \/>\n<\/span><\/p>\n<p><span style=\"color: #777777; font-family: Arial;\">L&rsquo;excellent site d&rsquo;Histoire &lt;<span style=\"color: #0000ff;\"><a style=\"color: #0000ff;\" href=\"https:\/\/www.herodote.net\/4_novembre_1979-evenement-19791104.php\">Herodote.Net<\/a>&gt;<\/span> raconte cette prise d&rsquo;otage\u00a0:<br \/>\n<\/span><\/p>\n<p style=\"margin-left: 28pt;\"><span style=\"color: #c00000; font-family: Arial;\">\u00ab\u00a0Quelques mois apr\u00e8s le renversement du r\u00e9gime monarchique et la fuite du chah Mohammad Reza Pahlavi aux \u00c9tats-Unis le 16 janvier 1979, l&rsquo;ayatollah Khomeini proclame l&rsquo;av\u00e8nement de la R\u00e9publique islamique d&rsquo;Iran. Fervent d\u00e9tracteur des \u00c9tats-Unis, il exhorte son peuple \u00e0 manifester contre ce pays qu&rsquo;il surnomme le \u00ab Grand Satan \u00bb. L&rsquo;anti-am\u00e9ricanisme impr\u00e8gne tous ses discours. Le 2 novembre 1979, il d\u00e9clare que les \u00c9tats-Unis sont un \u00ab ennemi de l&rsquo;islam \u00bb.<br \/>\n<\/span><\/p>\n<p style=\"margin-left: 28pt;\"><span style=\"color: #c00000; font-family: Arial;\">Dimanche 4 novembre 1979, le temps est maussade sur la capitale iranienne. Pr\u00e8s de 400 jeunes \u00e9tudiants islamistes se r\u00e9unissent vers 10h. Ils marchent vers l&rsquo;ambassade am\u00e9ricaine tout en r\u00e9clamant l&rsquo;extradition du chah, qu&rsquo;ils veulent condamner \u00e0 mort.<br \/>\n<\/span><\/p>\n<p style=\"margin-left: 28pt;\"><span style=\"color: #c00000; font-family: Arial;\">Les marines qui prot\u00e8gent l&rsquo;ambassade ne font pas le poids face \u00e0 la foule qui, apr\u00e8s deux heures de si\u00e8ge, parvient \u00e0 franchir le mur d&rsquo;enceinte du b\u00e2timent. Le drapeau am\u00e9ricain est remplac\u00e9 par l&rsquo;\u00e9tendard de l&rsquo;islam.<br \/>\n<\/span><\/p>\n<p style=\"margin-left: 28pt;\"><span style=\"color: #c00000; font-family: Arial;\">Certains diplomates parviennent \u00e0 s&rsquo;enfuir, mais 52 Am\u00e9ricains restent pris au pi\u00e8ge. Le pr\u00e9sident am\u00e9ricain Jimmy Carter ne r\u00e9agit qu&rsquo;en imposant des sanctions \u00e9conomiques \u00e0 l&rsquo;Iran. Rien ne se passe. Cinq mois plus tard, le 24 avril 1980, il lance l&rsquo;op\u00e9ration Eagle Claw en vue de d\u00e9livrer ses ressortissants par la force.<br \/>\n<\/span><\/p>\n<p style=\"margin-left: 28pt;\"><span style=\"color: #c00000; font-family: Arial;\">C&rsquo;est un fiasco total. Parmi les h\u00e9licopt\u00e8res engag\u00e9s, plusieurs tombent en panne dans le d\u00e9sert. Huit militaires trouvent la mort dans une \u00e9vacuation pr\u00e9cipit\u00e9e. Humili\u00e9s et mortifi\u00e9s, les gouvernants am\u00e9ricains ne vont d\u00e8s lors avoir de cesse de combattre la R\u00e9publique islamique, jusqu&rsquo;\u00e0 encourager le dictateur irakien Saddam Hussein \u00e0 attaquer l&rsquo;Iran en septembre 1980.<br \/>\n<\/span><\/p>\n<p style=\"margin-left: 28pt;\"><span style=\"color: #c00000; font-family: Arial;\">Par une ultime provocation, les otages seront en d\u00e9finitive lib\u00e9r\u00e9s par la voie diplomatique le 20 janvier 1981, le jour m\u00eame de l&rsquo;accession \u00e0 la pr\u00e9sidence des \u00c9tats-Unis de Ronald Reagan.<br \/>\n<\/span><\/p>\n<p style=\"margin-left: 28pt;\"><span style=\"color: #c00000; font-family: Arial;\">Hormis les militaires tu\u00e9s dans l&rsquo;op\u00e9ration commando, la prise d&rsquo;otages n&rsquo;aura fait aucune victime am\u00e9ricaine. Cette humiliation va n\u00e9anmoins entretenir jusqu&rsquo;\u00e0 nos jours, un vif d\u00e9sir de revanche dans l&rsquo;opinion publique am\u00e9ricaine. Gr\u00e2ce \u00e0 quoi le gouvernement de Washington pourra multiplier les gestes hostiles \u00e0 l&rsquo;\u00e9gard de T\u00e9h\u00e9ran, en parfaite collusion avec l&rsquo;Arabie saoudite&#8230;\u00a0\u00bb<br \/>\n<\/span><\/p>\n<p><span style=\"color: #777777; font-family: Arial;\">Khomeini ne condamnera jamais cette prise d&rsquo;otage et laissera faire.<br \/>\n<\/span><\/p>\n<p><span style=\"color: #777777; font-family: Arial;\">Pour une description plus d\u00e9taill\u00e9e on pourra lire cet article\u00a0: &lt;<a href=\"https:\/\/www.lesclesdumoyenorient.com\/Crise-des-otages-americains-en.html\"><span style=\"color: #0000ff;\">Crise des otages am\u00e9ricains en Iran (4 novembre 1979-20 janvier 1981)<\/span>&gt;<\/a><br \/>\n<\/span><\/p>\n<p><span style=\"color: #777777; font-family: Arial;\">La premi\u00e8re cons\u00e9quence de cette occupation de l&rsquo;ambassade am\u00e9ricaine, est que les islamistes au pouvoir ont pu s&#8217;emparer de documents secrets am\u00e9ricains concernant leur politique en Iran et aussi r\u00e9v\u00e9lant des noms d&rsquo;iraniens qui \u00e9taient proches ou collaboraient avec les am\u00e9ricains.<br \/>\n<\/span><\/p>\n<p><span style=\"color: #777777; font-family: Arial;\"><img loading=\"lazy\" decoding=\"async\" class=\"wp-image-11807 alignleft\" src=\"https:\/\/lemotdujour.fr\/wp-content\/uploads\/2021\/07\/Les-otages-americains.jpg\" alt=\"\" width=\"409\" height=\"272\" srcset=\"https:\/\/lemotdujour.fr\/wp-content\/uploads\/2021\/07\/Les-otages-americains.jpg 940w, https:\/\/lemotdujour.fr\/wp-content\/uploads\/2021\/07\/Les-otages-americains-300x200.jpg 300w, https:\/\/lemotdujour.fr\/wp-content\/uploads\/2021\/07\/Les-otages-americains-768x511.jpg 768w\" sizes=\"auto, (max-width: 409px) 100vw, 409px\" \/>La seconde cons\u00e9quence fut l&rsquo;humiliation que ressentirent les am\u00e9ricains. Ils feront payer cette humiliation au Pr\u00e9sident Carter et ils \u00e9liront Ronald Reagan qui a jouera un r\u00f4le tr\u00e8s ambigu sur la lib\u00e9ration des otages<br \/>\n<\/span><\/p>\n<p><span style=\"color: #777777; font-family: Arial;\">Amin Maalouf \u00e9crit\u00a0:<br \/>\n<\/span><\/p>\n<p style=\"margin-left: 28pt;\"><span style=\"color: #c00000; font-family: Arial;\">\u00ab L&rsquo;occupation se poursuivit pendant pr\u00e8s de quinze mois et elle influen\u00e7a de mani\u00e8re significative la campagne pr\u00e9sidentielle qui se d\u00e9roulait alors aux \u00c9tats-Unis. Humili\u00e9s par les images de leurs diplomates menott\u00e9s et les yeux band\u00e9s, les Am\u00e9ricains en ont voulu au pr\u00e9sident Carter de n&rsquo;avoir pas su riposter, surtout lorsqu&rsquo;une tentative de lib\u00e9rer les otages par une op\u00e9ration commando avorta de mani\u00e8re lamentable. Le candidat r\u00e9publicain Reagan eut beau jeu de d\u00e9noncer la faiblesse et l&rsquo;incomp\u00e9tence de l&rsquo;administration d\u00e9mocrate.<br \/>\n<\/span><\/p>\n<p style=\"margin-left: 28pt;\"><span style=\"color: #c00000; font-family: Arial;\">Le drame de l&rsquo;ambassade contribua indiscutablement \u00e0 la d\u00e9faite \u00e9crasante que subit le pr\u00e9sident sortant. A tel point qu&rsquo;il y eut des all\u00e9gations persistantes selon lesquelles des envoy\u00e9s de Reagan auraient eu des pourparlers \u00e0 Paris avec des repr\u00e9sentants iraniens, pour leur demander de retarder le r\u00e8glement du conflit jusqu&rsquo;apr\u00e8s l&rsquo;\u00e9lection. Les historiens d\u00e9battront longtemps encore pour d\u00e9terminer ce qui s&rsquo;est r\u00e9ellement pass\u00e9. Cependant, les autorit\u00e9s iraniennes, comme si elles voulaient ajouter foi \u00e0 ces all\u00e9gations, choisirent d&rsquo;annoncer la lib\u00e9ration des otages le jour m\u00eame o\u00f9 Reagan pris ses fonctions tr\u00e8s exactement le 20 janvier 1981, pendant que se tenait \u00e0 Washington la c\u00e9r\u00e9monie d&rsquo;inaugurations.\u00a0\u00bb<br \/>\n<em>Le Naufrage des civilisations page 240<br \/>\n<\/em><\/span><\/p>\n<p><a href=\"https:\/\/ici.radio-canada.ca\/ohdio\/premiere\/emissions\/aujourd-hui-l-histoire\/segments\/entrevue\/19997\/histo-otages-americains-iran-1979\"><span style=\"font-family: Arial;\"><span style=\"color: #0000ff;\">Officiellement<\/span><\/span><\/a><span style=\"color: #777777; font-family: Arial;\"> la contrepartie de cette lib\u00e9ration fut la restitution par les \u00c9tats-Unis de 8\u00a0milliards de dollars des avoirs du shah qui \u00e9taient en sol am\u00e9ricain<br \/>\n<\/span><\/p>\n<p><span style=\"color: #777777; font-family: Arial;\">Mais &lt;<span style=\"color: #0000ff;\"><a style=\"color: #0000ff;\" href=\"https:\/\/fr.wikipedia.org\/wiki\/Crise_des_otages_am%C3%A9ricains_en_Iran\">Wikipedia<\/a>&gt;<\/span> rappelle aussi que l&rsquo;Administration Reagan vendra ill\u00e9galement des armes \u00e0 l&rsquo;Iran. Amin Maalouf le rappelle aussi<br \/>\n<\/span><\/p>\n<p style=\"margin-left: 28pt;\"><span style=\"color: #c00000; font-family: Arial;\">\u00ab\u00a0La nouvelle administration ne se montra d&rsquo;ailleurs pas vraiment hostile envers la R\u00e9publique islamique. Un \u00e9norme scandale \u00e9clata m\u00eame, durant le second mandat de Reagan, lorsque le Congr\u00e8s d\u00e9couvrit que la Maison Blanche finan\u00e7ait \u2013 ill\u00e9galement &#8211; la gu\u00e9rilla antisandiniste du Nicaragua avec de l&rsquo;argent obtenus en vendant &#8211; ill\u00e9galement \u2013 des armes aux pasdarans, les gardiens de la r\u00e9volution iranienne.\u00a0\u00bb<br \/>\n<em>Le Naufrage des civilisations page 240<br \/>\n<\/em><\/span><\/p>\n<p><span style=\"color: #777777; font-family: Arial;\">Cette prise d&rsquo;otage dura <strong>444 jours.<br \/>\n<\/strong><\/span><\/p>\n<p><span style=\"color: #777777; font-family: Arial;\">Elle eut des cons\u00e9quences g\u00e9opolitiques majeures. D\u00e9sormais l&rsquo;Iran islamique devenait un ennemi absolu des am\u00e9ricains qui ne pardonneront jamais ces 444 jours. La difficile n\u00e9gociation sur le nucl\u00e9aire iranien s&rsquo;explique aussi par ce traumatisme.<\/span><\/p>\n<p><span style=\"color: #777777; font-family: Arial;\">L&rsquo;Iran devenant cet ennemi, les liens des \u00c9tats-Unis avec l&rsquo;Arabie Saoudite allait encore se renforcer. Et m\u00eame les attentats du 11 septembre 2001 perp\u00e9tr\u00e9s par des saoudiens n&rsquo;allait pas changer cette situation : l&rsquo;ennemi principal reste l&rsquo;Iran.<\/span><\/p>\n<p><span style=\"color: #777777; font-family: Arial;\">Mais la premi\u00e8re cons\u00e9quence qui en aura beaucoup d&rsquo;autres, fut la guerre Irako-iranienne qui d\u00e9buta le 22 septembre 1980. En effet, les am\u00e9ricains incit\u00e8rent Saddam Hussein qui en avait tr\u00e8s envie, \u00e0 attaquer l&rsquo;Iran. Cette<\/span> <span style=\"font-family: Arial;\"><a href=\"https:\/\/fr.wikipedia.org\/wiki\/Guerre_Iran-Irak\"><span style=\"color: #0000ff;\">guerre<\/span><\/a><\/span><span style=\"color: #777777; font-family: Arial;\"> n&rsquo;eut pas de vainqueur mais fit autour d&rsquo;un million de morts. L&rsquo;Irak et l&rsquo;Iran en sortirent exsangues et avec d&rsquo;\u00e9normes dettes. Saddam Hussein pensant que les occidentaux lui \u00e9tant d\u00e9sormais redevables entrepris un certain nombre d&rsquo;actions violentes, dont la plus extravagante fut d&rsquo;envahir le Koweit. Les am\u00e9ricains n&rsquo;accept\u00e8rent pas cet acte et d\u00e9clench\u00e8rent la premi\u00e8re guerre du golfe. Par la suite le fils du Pr\u00e9sident de la premi\u00e8re guerre du golfe qui \u00e9tait devenu pr\u00e9sident \u00e0 son tour d\u00e9clencha la seconde guerre pour d\u00e9truire le r\u00e9gime de Saddam Hussein. Cela d\u00e9clencha le chaos dans cette r\u00e9gion et l&rsquo;apparition de DAESH. Depuis DAESH est partiellement vaincu mais le chaos de la r\u00e9gion continue.<br \/>\n<\/span><\/p>\n<p><span style=\"color: #777777; font-family: Arial;\">Le fait de profaner une ambassade fut aussi un traumatisme majeur cr\u00e9ant un pr\u00e9c\u00e9dant inqui\u00e9tant.<br \/>\n<\/span><\/p>\n<p><span style=\"color: #777777; font-family: Arial;\">Et puis, elle provoqua la victoire \u00e9lectorale de Ronald Reagan sans laquelle la r\u00e9volution conservatrice initi\u00e9e par Margaret Thatcher n&rsquo;aurait pas pu se d\u00e9ployer \u00e0 l&rsquo;\u00e9chelle plan\u00e9taire.<br \/>\n<\/span><\/p>\n<p><span style=\"color: maroon; font-family: Arial;\">&lt;1594&gt;<\/span><\/p>\n","protected":false},"excerpt":{"rendered":"<p>\u00ab\u00a0444 jours\u00a0!\u00a0\u00bb Dur\u00e9e de la prise d&rsquo;otage des diplomates am\u00e9ricains dans l&rsquo;ambassade de T\u00e9h\u00e9ran qui a d\u00e9but\u00e9 le 4 novembre 1979. Nous avons vu qu&rsquo;en quelques semaines la r\u00e9volution islamique s&rsquo;est impos\u00e9e, au tout d\u00e9but de l&rsquo;ann\u00e9e 1979. Avec des<\/p>\n","protected":false},"author":1,"featured_media":0,"comment_status":"open","ping_status":"closed","sticky":false,"template":"","format":"standard","meta":{"footnotes":""},"categories":[1],"tags":[65,17,203],"class_list":["post-11799","post","type-post","status-publish","format-standard","hentry","category-motdujour","tag-etats-unis","tag-histoire","tag-iran"],"_links":{"self":[{"href":"https:\/\/lemotdujour.fr\/index.php?rest_route=\/wp\/v2\/posts\/11799","targetHints":{"allow":["GET"]}}],"collection":[{"href":"https:\/\/lemotdujour.fr\/index.php?rest_route=\/wp\/v2\/posts"}],"about":[{"href":"https:\/\/lemotdujour.fr\/index.php?rest_route=\/wp\/v2\/types\/post"}],"author":[{"embeddable":true,"href":"https:\/\/lemotdujour.fr\/index.php?rest_route=\/wp\/v2\/users\/1"}],"replies":[{"embeddable":true,"href":"https:\/\/lemotdujour.fr\/index.php?rest_route=%2Fwp%2Fv2%2Fcomments&post=11799"}],"version-history":[{"count":7,"href":"https:\/\/lemotdujour.fr\/index.php?rest_route=\/wp\/v2\/posts\/11799\/revisions"}],"predecessor-version":[{"id":11812,"href":"https:\/\/lemotdujour.fr\/index.php?rest_route=\/wp\/v2\/posts\/11799\/revisions\/11812"}],"wp:attachment":[{"href":"https:\/\/lemotdujour.fr\/index.php?rest_route=%2Fwp%2Fv2%2Fmedia&parent=11799"}],"wp:term":[{"taxonomy":"category","embeddable":true,"href":"https:\/\/lemotdujour.fr\/index.php?rest_route=%2Fwp%2Fv2%2Fcategories&post=11799"},{"taxonomy":"post_tag","embeddable":true,"href":"https:\/\/lemotdujour.fr\/index.php?rest_route=%2Fwp%2Fv2%2Ftags&post=11799"}],"curies":[{"name":"wp","href":"https:\/\/api.w.org\/{rel}","templated":true}]}}