{"id":11783,"date":"2021-07-16T00:57:16","date_gmt":"2021-07-15T22:57:16","guid":{"rendered":"http:\/\/lemotdujour.fr\/?p=11783"},"modified":"2021-07-16T12:02:38","modified_gmt":"2021-07-16T10:02:38","slug":"jeudi-15-juillet-2021-2","status":"publish","type":"post","link":"https:\/\/lemotdujour.fr\/?p=11783","title":{"rendered":"Vendredi 16 juillet 2021"},"content":{"rendered":"<div class=\"mdjTexte\">\u00ab\u00a0Vous ne pouvez pas comprendre\u00a0\u00bb<\/div>\n<div class=\"mdjAuteur\">Des iraniens \u00e0 Marc Kravetz qui essyait de d\u00e9crire ce qui se passait lors de la r\u00e9volution islamique \u00e0 T\u00e9h\u00e9ran.<\/div>\n<p><span style=\"color: #777777; font-family: Arial;\">Nous n&rsquo;avons pas compris.<br \/>\n<\/span><br \/>\n<span style=\"color: #777777; font-family: Arial;\">Je n&rsquo;ai pas compris. J&rsquo;avais 20 ans d\u00e9but 1979, quand tout cela s&rsquo;est pass\u00e9 en quelques mois, quelques semaines.<br \/>\n<\/span><\/p>\n<p><img loading=\"lazy\" decoding=\"async\" class=\"alignleft\" src=\"https:\/\/lemotdujour.fr\/wp-content\/uploads\/2021\/07\/071521_2254_Jeudi15juil1.jpg\" alt=\"\" width=\"362\" height=\"564\" align=\"left\" \/><span style=\"color: #777777; font-family: Arial;\">Id\u00e9aliste, fortement influenc\u00e9 par les journaux fran\u00e7ais et les intellectuels de gauche, dans mon esprit le Shah D&rsquo;Iran \u00e9tait un dictateur sanguinaire. Et, le paisible et vieux religieux qui recevait ses h\u00f4tes, assis en tailleur sous un pommier, \u00e0 Neauphle le Ch\u00e2teau, allait probablement utiliser son autorit\u00e9 pour organiser une transition paisible, apr\u00e8s que le peuple iranien ait chass\u00e9 son empereur. Il allait permettre l&rsquo;apparition d&rsquo;une d\u00e9mocratie et de la libert\u00e9 en Iran et mettre fin aux exactions de la sinistre Savak, la police politique du Shah.<br \/>\n<\/span><\/p>\n<p><span style=\"color: #777777; font-family: Arial;\">Mohammad Reza Pahlavi portait, en outre, cette tare d&rsquo;\u00eatre enti\u00e8rement entre les mains des am\u00e9ricains depuis que la CIA avait chass\u00e9 lors <span style=\"color: #0000ff;\"><a style=\"color: #0000ff;\" href=\"https:\/\/fr.wikipedia.org\/wiki\/Industrie_p%C3%A9troli%C3%A8re_en_Iran\">d&rsquo;un coup d&rsquo;\u00e9tat<\/a><\/span> le premier ministre <strong>Mohammad Mossadegh<\/strong> qui voulait donner \u00e0 l&rsquo;Iran un destin autonome.<br \/>\n<\/span><\/p>\n<p><span style=\"color: #777777; font-family: Arial;\">Mais cet homme, presque souriant sous le pommier, \u00e9tait en r\u00e9alit\u00e9 un vieillard aust\u00e8re, retors, cruel, archa\u00efque, misogyne, antis\u00e9mite et ennemi farouche de l&rsquo;occident et de la libert\u00e9.<br \/>\n<\/span><\/p>\n<p><span style=\"color: #777777; font-family: Arial;\">Je me souviendrai toujours de cet appel d&rsquo;une jeune \u00e9tudiante iranienne lors de l&rsquo;\u00e9mission \u00ab\u00a0<a href=\"https:\/\/www.bibliopoche.com\/livre\/Ligne-ouverte\/126057.html\"><span style=\"color: #0000ff;\">Ligne ouverte<\/span>\u00a0<\/a>\u00bb qu&rsquo;animait <strong>Gonzague Saint Bris, <\/strong>de minuit \u00e0 1 heure du matin sur Europe 1 et que j&rsquo;\u00e9coutais tous les jours avant de m&rsquo;endormir dans ma petite chambre d&rsquo;\u00e9tudiant du Lyc\u00e9e Kl\u00e9ber de Strasbourg, dans lequel j&rsquo;\u00e9tais \u00e9l\u00e8ve de math\u00e9matiques sup\u00e9rieures en 1979. C&rsquo;\u00e9tait ma porte ouverte sur le monde dans le milieu ferm\u00e9 et ali\u00e9nant des classes pr\u00e9paratoires scientifiques.<br \/>\n<\/span><\/p>\n<p><span style=\"color: #777777; font-family: Arial;\">Cette jeune fille s&rsquo;en prenait aux bien-pensants de gauche et disait\u00a0:<br \/>\n<\/span><\/p>\n<p style=\"margin-left: 28pt;\"><span style=\"color: #c00000; font-family: Arial;\">\u00ab Vous \u00eates dans l&rsquo;erreur absolue. Vous croyez na\u00efvement que Khomeiny et les religieux sont r\u00e9volt\u00e9s pour les m\u00eames raisons que vous autres occidentaux : la dictature, l&#8217;emprisonnement des opposants, la torture, le manque de libert\u00e9. Ce n&rsquo;est pas du tout cela. S&rsquo;ils arrivent au pouvoir, ils feront pire et les femmes seront bien davantage opprim\u00e9es que sous le Shah. Ce que ces religieux reprochent au Shah : C&rsquo;est l&rsquo;occidentalisation de la soci\u00e9t\u00e9 iranienne, la lib\u00e9ration des m\u0153urs et le r\u00f4le accru que le Shah a permis aux femmes. \u00bb .<br \/>\n<\/span><\/p>\n<p><span style=\"color: #777777; font-family: Arial;\"><a href=\"https:\/\/women.ncr-iran.org\/fr\/2021\/02\/09\/le-bond-en-avant-des-iraniennes-dans-la-revolution-de-1979-2\/\"><img loading=\"lazy\" decoding=\"async\" class=\"wp-image-11790 alignleft\" src=\"https:\/\/lemotdujour.fr\/wp-content\/uploads\/2021\/07\/womens-role-in-1979-Revolution-min.jpg\" alt=\"\" width=\"474\" height=\"261\" srcset=\"https:\/\/lemotdujour.fr\/wp-content\/uploads\/2021\/07\/womens-role-in-1979-Revolution-min.jpg 745w, https:\/\/lemotdujour.fr\/wp-content\/uploads\/2021\/07\/womens-role-in-1979-Revolution-min-300x165.jpg 300w, https:\/\/lemotdujour.fr\/wp-content\/uploads\/2021\/07\/womens-role-in-1979-Revolution-min-600x330.jpg 600w\" sizes=\"auto, (max-width: 474px) 100vw, 474px\" \/><\/a>Je cite de m\u00e9moire, mais c&rsquo;est bien le fond de ce que disait cette jeune femme alors que cet ignoble personnage vivait encore en France pr\u00e8s de ce pommier.<br \/>\n<\/span><\/p>\n<p><span style=\"color: #777777; font-family: Arial;\">Ce documentaire r\u00e9alis\u00e9 en 2019 par Holger Preu\u03b2e pour la cha\u00eene de t\u00e9l\u00e9vision Arte\u00a0: &lt;<span style=\"color: #0000ff;\"><strong><a style=\"color: #0000ff;\" href=\"https:\/\/www.youtube.com\/watch?v=frMkOgzxRUw&amp;t=1292s\">Le Shah et l&rsquo;Ayatollah \u2013 Le duel iranien<\/a>&gt;<\/strong><\/span> montre que l&rsquo;antagonisme remonte loin.<br \/>\n<\/span><\/p>\n<p><span style=\"color: #777777; font-family: Arial;\">Il \u00e9tait d\u00e9j\u00e0 pr\u00e9sent entre les p\u00e8res de ces deux protagonistes. <\/span><span style=\"color: #777777; font-family: Arial;\">Le p\u00e8re du shah <a href=\"https:\/\/fr.wikipedia.org\/wiki\/Reza_Chah\"><strong><span style=\"color: #0000ff;\">Reza Chah Pahlavi<\/span><\/strong><\/a> qui avait pris le pouvoir par un coup d&rsquo;\u00e9tat militaire et cr\u00e9a la dynastie des Pahlavi qui ne comptera que deux souverains, s&rsquo;opposait violemment aux religieux. Il \u00e9tait probablement ath\u00e9e.<br \/>\n<\/span><\/p>\n<p><span style=\"color: #777777; font-family: Arial;\">Le p\u00e8re de Khomeiny, Mostafa Moussavi, \u00e9tait aussi ayatollah et a \u00e9t\u00e9 assassin\u00e9 alors que son fils n&rsquo;avait que 6 mois. Toute sa vie, Il a pens\u00e9 que c&rsquo;est Reza Chah qui avait commandit\u00e9 ou laiss\u00e9 faire cet assassinat. Bref, il le tenait pour responsable de sa mort. <\/span><span style=\"color: #777777; font-family: Arial;\">Alors que <a href=\"https:\/\/fr.wikipedia.org\/wiki\/Rouhollah_Khomeini\"><span style=\"color: #0000ff;\">Wikipedia<\/span><\/a> rapporte\u00a0:<br \/>\n<\/span><\/p>\n<p style=\"margin-left: 28pt;\"><span style=\"color: #c00000; font-family: Arial;\">\u00ab\u00a0Mostafa Moussavi, un notable local, est assassin\u00e9 par les hommes de main d&rsquo;un grand f\u00e9odal en mars 1903\u00a0\u00bb<br \/>\n<\/span><\/p>\n<p><span style=\"color: #777777; font-family: Arial;\">Et justement, le fils <a href=\"https:\/\/fr.wikipedia.org\/wiki\/Mohammad_Reza_Pahlavi\"><span style=\"color: #0000ff;\">Mohammad Reza Chah Pahlavi<\/span><\/a> qui lui semble croyant, entend s&rsquo;attaquer \u00e0 la f\u00e9odalit\u00e9 qui r\u00e8gne en Iran. Il l&rsquo;appelle \u00ab<span style=\"color: #0000ff;\">\u00a0<a style=\"color: #0000ff;\" href=\"https:\/\/fr.wikipedia.org\/wiki\/R%C3%A9volution_blanche\">La r\u00e9volution blanche\u00a0<\/a><\/span>\u00bb. Elle consiste \u00e0 distribuer et donner des droits de propri\u00e9t\u00e9s \u00e0 des paysans pauvres issus des terres des f\u00e9odaux qui en sont dessaisis. Il se trouve que beaucoup de ces propri\u00e9taires \u00e9taient des religieux.<br \/>\n<\/span><\/p>\n<p><span style=\"color: #777777; font-family: Arial;\">Cette r\u00e9forme agraire allait \u00eatre accompagn\u00e9e de r\u00e9formes soci\u00e9tales donnant un r\u00f4le accru aux femmes notamment par la modification de la loi \u00e9lectorale : Les femmes re\u00e7urent le droit de vote mais aussi celui d&rsquo;\u00e9ligibilit\u00e9. Une loi qui fit beaucoup changer la repr\u00e9sentation sexuelle du Parlement : il y avait en 1976 plus de d\u00e9put\u00e9s femme en Iran qu&rsquo;en Europe occidental<br \/>\n<\/span><\/p>\n<p><span style=\"color: #777777; font-family: Arial;\">Et ce sont bien ces r\u00e9formes que Khomeiny et les religieux rejetaient.<br \/>\n<\/span><\/p>\n<p><span style=\"color: #777777; font-family: Arial;\">Le 3 juin 1963, lors d&rsquo;un discours intitul\u00e9 \u00ab\u00a0<strong>Contre le tyran de notre temps<\/strong> \u00bb \u00e0 l&rsquo;\u00e9cole coranique Feyzieh, il attaque directement le Shah et r\u00e9v\u00e8le son antis\u00e9mitisme :<br \/>\n<\/span><\/p>\n<p style=\"margin-left: 28pt;\"><span style=\"color: #c00000; font-family: Arial;\">\u00ab Ce gouvernement est dirig\u00e9 contre l&rsquo;islam. Isra\u00ebl veut que les lois du Coran ne s&rsquo;appliquent plus en Iran. Isra\u00ebl est contre le clerg\u00e9 \u00e9clair\u00e9&#8230; Isra\u00ebl utilise ses agents dans le pays pour \u00e9liminer la r\u00e9sistance anti-isra\u00e9lienne&#8230;\u00a0\u00bb<br \/>\n<\/span><\/p>\n<p><span style=\"color: #777777; font-family: Arial;\">Plus loin dans son discours, il parle du Shah comme d&rsquo;un \u00ab <span style=\"color: #c00000;\">pauvre type mis\u00e9rable<span style=\"color: #777777;\">\u00a0\u00bb<br \/>\n<\/span><\/span><\/span><\/p>\n<p><span style=\"color: #777777; font-family: Arial;\">Ce discours conduira \u00e0 son arrestation puis \u00e0 son expulsion. Il se r\u00e9fugia en Irak puis lors des \u00e9v\u00e8nements de fin 1978, il fut aussi expuls\u00e9 d&rsquo;Irak. Il trouva alors refuge en France qui ne demandait pas de visa pour les iraniens.<br \/>\n<\/span><\/p>\n<p><span style=\"color: #777777; font-family: Arial;\">Ce documentaire sur France 3\u00a0: &lt;<a href=\"https:\/\/www.youtube.com\/watch?v=GCiY06WdhEQ&amp;t=1700s\"><span style=\"color: #0000ff;\">Reportage sur la r\u00e9volution Islamique en Iran<\/span><\/a>&gt; explique son arriv\u00e9e en France. Le gouvernement fran\u00e7ais \u00e9tait dans une grande confusion \u00e0 son \u00e9gard. Au d\u00e9part, il ignorait son importance et s&rsquo;est trouv\u00e9 rapidement d\u00e9bord\u00e9 par la foule d&rsquo;iraniens qui venaient \u00e0 sa rencontre \u00e0 Neauphle le Ch\u00e2teau, pr\u00e8s du pommier, pour l&rsquo;acclamer.<br \/>\n<\/span><\/p>\n<p><span style=\"color: #777777; font-family: Arial;\">Pendant son s\u00e9jour en France, il laissait beaucoup parler et agir 3 hommes qu&rsquo;on pr\u00e9sentait proches de lui et qui avait la mission d&rsquo;exprimer sa pens\u00e9e aux m\u00e9dias occidentaux. <\/span><\/p>\n<ul>\n<li><span style=\"color: #777777; font-family: Arial;\"><strong>Bani Sadr ; <\/strong><\/span><\/li>\n<li><span style=\"color: #777777; font-family: Arial;\"><strong>Sadegh Ghotbzadeh ; <\/strong><\/span><\/li>\n<li><span style=\"color: #777777; font-family: Arial;\"><strong>Ebrahim Yazdi<\/strong><br \/>\n<\/span><\/li>\n<\/ul>\n<p><span style=\"color: #777777; font-family: Arial;\">Ces trois hommes l&rsquo;avaient d&rsquo;ailleurs pr\u00e9c\u00e9d\u00e9 et accueilli en France.<br \/>\n<\/span><\/p>\n<p><span style=\"color: #777777; font-family: Arial;\">Il y avait d&rsquo;abord <a href=\"https:\/\/fr.wikipedia.org\/wiki\/Abolhassan_Bani_Sadr\"><strong><span style=\"color: #0000ff;\">Bani Sadr<\/span><\/strong><\/a> qui l&#8217;emmena dans son appartement de Cachan \u00e0 la sortie de l&rsquo;a\u00e9roport de Roissy. Il y passa les premiers jours, avant que son entourage ne trouve la propri\u00e9t\u00e9 de Neauphle le ch\u00e2teau. Il fut le premier pr\u00e9sident de la r\u00e9publique islamique. <\/span><span style=\"color: #777777; font-family: Arial;\">Cela ne dura pas 18 mois, il fut destitu\u00e9 par les milices islamiques. Il n&rsquo;\u00e9tait pas suffisamment archaique probablement. Il vit \u00e0 Versailles, sous protection polici\u00e8re fran\u00e7aise. La r\u00e9publique islamique a l&rsquo;habitude d&rsquo;assassiner ceux qui pourraient \u00eatre un recours. Le dernier premier ministre nomm\u00e9 par le Shah, un homme honorable, opposant de toujours au Shah, tortur\u00e9 par la Savak : <strong>Chapour Bakhtiar<\/strong> fut assassin\u00e9 \u00e0 Suresnes, lors de son exil.<br \/>\n<\/span><\/p>\n<p><span style=\"color: #777777; font-family: Arial;\"><strong>Sadegh Ghotbzadeh<\/strong>, fut nomm\u00e9 ministre des affaires \u00e9trang\u00e8res. Lui fut, d\u00e8s 1982, fusill\u00e9 pour \u00a0\u00bb complot \u00a0\u00bb <a href=\"https:\/\/www.lemonde.fr\/archives\/article\/1982\/09\/17\/m-ghotbzadeh-ancien-ministre-des-affaires-etrangeres-a-ete-fusille-pour-complot-broye-par-la-justice-islamique_2894180_1819218.html\"><span style=\"color: #0000ff;\">Broy\u00e9 par la \u00a0\u00bb justice \u00a0\u00bb islamique<\/span><\/a><br \/>\n<\/span><\/p>\n<p><span style=\"color: #777777; font-family: Arial;\">Et le dernier, <strong>Ebrahim Yazdi<\/strong>, eut un destin un peu plus paisible. Il fut aussi ministre iranien des Affaires \u00e9trang\u00e8res apr\u00e8s la victoire de la r\u00e9volution islamique de 1979. Mais rapidement il quitta le pouvoir et devint une figure de l&rsquo;opposition lib\u00e9rale. Il avait \u00e9t\u00e9 arr\u00eat\u00e9 \u00e0 plusieurs reprises apr\u00e8s la r\u00e9\u00e9lection contest\u00e9e de l&rsquo;ex-pr\u00e9sident ultraconservateur Mahmoud Ahmadinejad en 2009.<br \/>\n<\/span><\/p>\n<p><span style=\"color: #777777; font-family: Arial;\">Bani Sadr <span style=\"color: #0000ff;\"><a style=\"color: #0000ff;\" href=\"https:\/\/www.zonebourse.com\/amp\/actualite-bourse\/Interview-Pour-Bani-Sadr-Khomeini-a-trahi-la-Revolution-de-1979--27960781\/\">rapporte<\/a>\u00a0<\/span>:<br \/>\n<\/span><\/p>\n<p style=\"margin-left: 28pt;\"><span style=\"color: #c00000; font-family: Arial;\">\u00ab\u00a0Quand nous \u00e9tions en France avec Khomeini, tout ce que nous disions, il l&rsquo;acceptait sans h\u00e9siter, le visage ouvert et riant. [\u2026] Quand il \u00e9tait en France, l&rsquo;ayatollah Khomeini \u00e9tait du c\u00f4t\u00e9 de la libert\u00e9. [\u2026]<br \/>\n<\/span><span style=\"color: #c00000; font-family: Arial;\">Quelques mois apr\u00e8s notre retour, les durs du r\u00e9gime s&rsquo;en sont pris aux femmes qui ne portaient pas le foulard. Je suis all\u00e9 voir M. Khomeini \u00e0 Qom et je lui ai dit : \u00ab Vous aviez dit que les femmes seraient libres de porter ou pas le voile \u00bb, Il m&rsquo;a r\u00e9pondu : \u00ab Par convenance, j&rsquo;ai dit des choses en France, mais tout ce que j&rsquo;ai dit en France ne m&rsquo;engage pas. Si je le juge n\u00e9cessaire, je dirai le contraire \u00bb [\u2026] Pour moi c&rsquo;\u00e9tait tr\u00e8s, tr\u00e8s amer \u00bb<br \/>\n<\/span><\/p>\n<p><span style=\"color: #777777; font-family: Arial;\"><img loading=\"lazy\" decoding=\"async\" class=\" wp-image-11791 alignright\" src=\"https:\/\/lemotdujour.fr\/wp-content\/uploads\/2021\/07\/des-iraniennes-manifestent-le-16-mai-2014-espectent-pas-le-port-du-voile_4969115.jpg\" alt=\"\" width=\"547\" height=\"336\" srcset=\"https:\/\/lemotdujour.fr\/wp-content\/uploads\/2021\/07\/des-iraniennes-manifestent-le-16-mai-2014-espectent-pas-le-port-du-voile_4969115.jpg 637w, https:\/\/lemotdujour.fr\/wp-content\/uploads\/2021\/07\/des-iraniennes-manifestent-le-16-mai-2014-espectent-pas-le-port-du-voile_4969115-300x184.jpg 300w\" sizes=\"auto, (max-width: 547px) 100vw, 547px\" \/>Le vieillard hypocrite avait besoin de ces 3 hommes, largement influenc\u00e9s par les valeurs occidentales, pour parler aux m\u00e9dias du monde et passer comme celui qui \u00e9tablira une d\u00e9mocratie en Iran. Des intellectuels fran\u00e7ais aveugles et sourds comme Sartre ou <a href=\"https:\/\/bibliobs.nouvelobs.com\/idees\/20180216.OBS2318\/foucault-en-iran-il-ne-voyait-pas-les-femmes.html\"><span style=\"color: #0000ff;\">Foucault<\/span><\/a> seront abus\u00e9s par cette illusion. Lire aussi cet article int\u00e9ressant de <strong>Geo<\/strong> : &lt;<a href=\"https:\/\/www.geo.fr\/histoire\/revolution-iranienne-pourquoi-loccident-a-joue-avec-le-feu-197111\"><span style=\"color: #0000ff;\">Pourquoi l\u2019Occident a jou\u00e9 avec le feu<\/span><\/a>&gt;<br \/>\n<\/span><\/p>\n<p><span style=\"color: #777777; font-family: Arial;\"><strong>Marc Kravetz<\/strong>, journaliste \u00e0 Lib\u00e9ration a suivi la r\u00e9volution en Iran. Un documentaire a \u00e9t\u00e9 r\u00e9alis\u00e9 sur son exp\u00e9rience\u00a0: &lt;<a href=\"https:\/\/www.youtube.com\/watch?v=rJ1Mj-3gowo\"><span style=\"color: #0000ff;\">L&rsquo;Iran, r\u00e9cit d&rsquo;une r\u00e9volution &#8211; documentaire de la s\u00e9rie \u00ab\u00a0Les grandes erreurs de l&rsquo;histoire\u00a0\u00bb (1999)&gt;<\/span><\/a><br \/>\n<\/span><\/p>\n<p><span style=\"color: #777777; font-family: Arial;\">Marc Kravetz raconte\u00a0: On arr\u00eate les g\u00e9n\u00e9raux et les principaux chefs de la SAVAK. Les \u00ab\u00a0repr\u00e9sentants occidentalis\u00e9s\u00a0\u00bb du mouvement vont expliquer qu&rsquo;il va y avoir un grand proc\u00e8s international du type \u00ab\u00a0Proc\u00e8s de Nuremberg\u00a0de l&rsquo;Iran\u00bb pour juger ces gens. Mais Khomeiny intervient et dit \u00e0 peu pr\u00e8s selon Marc Kravetz\u00a0:<br \/>\n<\/span><\/p>\n<p style=\"margin-left: 28pt;\"><span style=\"color: #c00000; font-family: Arial;\">\u00ab Qu&rsquo;est-ce que c&rsquo;est que ces histoires ? Ces gens sont coupables parce qu&rsquo;ils sont coupables. Ils vont \u00eatre jug\u00e9s selon la justice islamique qui n&rsquo;est pas l\u00e0 pour d\u00e9terminer si un coupable est coupable mais comment ch\u00e2tier les coupables. \u00bb<br \/>\n<\/span><\/p>\n<p><span style=\"color: #777777; font-family: Arial;\">Les simulacres de proc\u00e8s dureront de 5 \u00e0 10 minutes et tous seront ex\u00e9cut\u00e9s dans les minutes suivantes.<br \/>\n<\/span><\/p>\n<p><span style=\"color: #777777; font-family: Arial;\">A partir de 39:55\u00a0:<br \/>\n<\/span><\/p>\n<p style=\"margin-left: 28pt;\"><span style=\"color: #c00000; font-family: Arial;\">\u00ab\u00a0Ce n&rsquo;\u00e9tait pas des proc\u00e8s. Ce n&rsquo;\u00e9tait pas non plus de la vengeance. La r\u00e9volution s&rsquo;installait avec ses hommes et ses codes. Elle ne nous parlait plus. Elle n&rsquo;avait plus besoin de nous. L&rsquo;exclusion se passait sur un mode \u00e9l\u00e9mentaire\u00a0: \u00ab\u00a0<strong>Vous ne pouvez pas comprendre<\/strong>\u00a0\u00bb Cela a commenc\u00e9 comme cela. Tu ne comprends rien \u00e0 notre pays. D\u00e9cid\u00e9ment, les journalistes sont tous les m\u00eames m\u00eame quand on croit qu&rsquo;ils sont des amis. Tu ne comprends pas ce que c&rsquo;est que la col\u00e8re de Dieu. Nous ne pouvions pas comprendre ce qu&rsquo;\u00e9tait la r\u00e9alit\u00e9 de l&rsquo;Islam. Et la r\u00e9alit\u00e9 de l&rsquo;Islam \u00e9tait ce que Khomeiny disait \u00eatre l&rsquo;Islam.\u00a0\u00bb<br \/>\n<\/span><\/p>\n<p><span style=\"color: #777777; font-family: Arial;\">Et la col\u00e8re de Dieu va s&rsquo;abattre sur l&rsquo;Universit\u00e9 de T\u00e9h\u00e9ran. Dans laquelle il y avait une effervescence intellectuelle, de nombreux mouvements qui d\u00e9battaient et voulaient r\u00eaver \u00e0 l&rsquo;Iran du futur. C&rsquo;\u00e9tait un peu la Sorbonne de mai 68. On allait voir d\u00e9barquer tous les jours des camionnettes d\u00e9versant des mollahs avec des m\u00e9gaphones qui par leur puissance sonore couvraient les voix des \u00e9tudiants qui d\u00e9battaient. Chaque jour venait des mollahs de plus en plus nombreux avec des m\u00e9gaphones de plus en plus puissants qui \u00e2nonnaient un seul message :<br \/>\n<\/span><\/p>\n<p style=\"margin-left: 28pt;\"><span style=\"color: #c00000; font-family: Arial;\">\u00ab\u00a0Le seul guide qui dit la v\u00e9rit\u00e9 est l&rsquo;ayatollah Khomeyni, le seul parti est le parti islamique\u00a0\u00bb<br \/>\n<\/span><\/p>\n<p><img loading=\"lazy\" decoding=\"async\" class=\"size-full wp-image-11792 alignleft\" src=\"https:\/\/lemotdujour.fr\/wp-content\/uploads\/2021\/07\/Khomeyni.jpg\" alt=\"\" width=\"469\" height=\"323\" srcset=\"https:\/\/lemotdujour.fr\/wp-content\/uploads\/2021\/07\/Khomeyni.jpg 469w, https:\/\/lemotdujour.fr\/wp-content\/uploads\/2021\/07\/Khomeyni-300x207.jpg 300w\" sizes=\"auto, (max-width: 469px) 100vw, 469px\" \/><\/p>\n<p><span style=\"color: #777777; font-family: Arial;\">Marc Kravetz analyse<br \/>\n<\/span><\/p>\n<p style=\"margin-left: 28pt;\"><span style=\"color: #c00000; font-family: Arial;\">On a vu peu \u00e0 peu la mollarchie prendre le pouvoir. Ce n&rsquo;\u00e9tait pas encore la terreur qui allait suivre, mais on sentait plus que de l&rsquo;inqui\u00e9tude.<br \/>\n<\/span><\/p>\n<p><span style=\"color: #777777; font-family: Arial;\">Amin Maalouf consid\u00e8re que cette r\u00e9volution conservatrice islamique chiite va avoir une importance consid\u00e9rable en g\u00e9ostrat\u00e9gie et aussi dans les fractures qui vont s&rsquo;\u00e9largir dans le monde musulman entre chiite et sunnite, \u00e0 l&rsquo;int\u00e9rieur des sunnites et entre les musulmans et l&rsquo;occident.<br \/>\n<\/span><\/p>\n<p style=\"margin-left: 28pt;\"><span style=\"color: #c00000; font-family: Arial;\">\u00ab L&rsquo;un des premiers changements remarquables sur le plan international fut le renversement de la politique iranienne sur le conflit du Proche-Orient. Le Shah avait tiss\u00e9 des relations amicales avec Isra\u00ebl, qu&rsquo;il fournissait en p\u00e9trole alors que les producteurs arabes refusaient de le faire. Khomeiny mit imm\u00e9diatement fin \u00e0 cette pratique, rompit ses relations diplomatiques avec l\u2019\u00c9tat H\u00e9breu \u00bb<br \/>\n<em>Le naufrage des civilisations Page 231<\/em><br \/>\n<\/span><\/p>\n<p><span style=\"color: #777777; font-family: Arial;\">Aujourd&rsquo;hui, Isra\u00ebl consid\u00e8re l&rsquo;Iran comme son principal et plus dangereux ennemi. L&rsquo;Etat h\u00e9breu est m\u00eame parvenu \u00e0 se rapprocher des pays arabes sunnites et m\u00eame de l&rsquo;Arabie saoudite en raison de leur ennemi commun : L&rsquo;Iran chiite.<br \/>\n<\/span><\/p>\n<p><span style=\"color: #777777; font-family: Arial;\">Et l&rsquo;Iran va intervenir dans les pays arabes via des mouvements qu&rsquo;il soutient : le Hezbollah au Liban, le Hamas et le Jihad islamique \u00e0 Gaza ou les houthistes du Y\u00e9men. <\/span><span style=\"color: #777777; font-family: Arial;\">Amin Maalouf ajoute\u00a0:<br \/>\n<\/span><\/p>\n<p style=\"margin-left: 28pt;\"><span style=\"color: #c00000; font-family: Arial;\">\u00ab\u00a0Mais cette mont\u00e9e en puissance s&rsquo;est accompagn\u00e9e tout au long d&rsquo;une d\u00e9chainement de haine entre les sunnites, majoritaires dans la plupart des pays arabes et les chiites tr\u00e8s majoritaires en Iran. Le conflit \u00e9tait latent depuis des si\u00e8cles, et il aurait pu le rester. J&rsquo;ai d\u00e9j\u00e0 eu l&rsquo;occasion de dire que dans le Beyrouth de ma jeunesse, il n&rsquo;\u00e9tait pas vraiment \u00e0 l&rsquo;ordre du jour.\u00a0\u00bb<br \/>\n<\/span><span style=\"color: #c00000; font-family: Arial;\"><em>Le naufrage des civilisations Page 231<strong><br \/>\n<\/strong><\/em><\/span><\/p>\n<p><span style=\"color: #777777; font-family: Arial;\">Cette r\u00e9volution fut avant tout anti-occidentale et manifestait l&rsquo;expression du rejet de toutes nos valeurs, m\u00eame les plus nobles.<br \/>\n<\/span><\/p>\n<p><span style=\"color: #777777; font-family: Arial;\">Lors de la r\u00e9volution blanche, beaucoup de paysans pauvres d\u00e9munis ont fuit la r\u00e9volution agraire pour s&rsquo;entasser dans des bidonvilles des grandes villes. C&rsquo;est dans ces endroits de mis\u00e8re que les mollahs ont enseign\u00e9, fait passer leurs discours. Les foules fanatiques \u00e9taient en formation.<br \/>\n<\/span><\/p>\n<p><span style=\"color: #777777; font-family: Arial;\">Les religieux int\u00e9gristes ne sont pas dangereux parce que sporadiquement, ils font quelques attentats sanglants.<br \/>\n<\/span><\/p>\n<p><span style=\"color: #777777; font-family: Arial;\">Ils sont terriblement dangereux, parce qu&rsquo;ils enseignent les enfants et des adultes, incapables de d\u00e9ployer un esprit critique, et que dans la dur\u00e9e, inlassablement, ils remplissent le cerveau mall\u00e9able de gens opprim\u00e9s de messages simplistes, violents et r\u00e9gressifs.<br \/>\n<\/span><\/p>\n<p><span style=\"color: maroon; font-family: Arial;\">&lt;1593&gt;<\/span><\/p>\n","protected":false},"excerpt":{"rendered":"<p>\u00ab\u00a0Vous ne pouvez pas comprendre\u00a0\u00bb Des iraniens \u00e0 Marc Kravetz qui essyait de d\u00e9crire ce qui se passait lors de la r\u00e9volution islamique \u00e0 T\u00e9h\u00e9ran. Nous n&rsquo;avons pas compris. Je n&rsquo;ai pas compris. J&rsquo;avais 20 ans d\u00e9but 1979, quand tout<\/p>\n","protected":false},"author":1,"featured_media":0,"comment_status":"open","ping_status":"closed","sticky":false,"template":"","format":"standard","meta":{"footnotes":""},"categories":[1],"tags":[109,203,34],"class_list":["post-11783","post","type-post","status-publish","format-standard","hentry","category-motdujour","tag-geopolitique","tag-iran","tag-religion"],"_links":{"self":[{"href":"https:\/\/lemotdujour.fr\/index.php?rest_route=\/wp\/v2\/posts\/11783","targetHints":{"allow":["GET"]}}],"collection":[{"href":"https:\/\/lemotdujour.fr\/index.php?rest_route=\/wp\/v2\/posts"}],"about":[{"href":"https:\/\/lemotdujour.fr\/index.php?rest_route=\/wp\/v2\/types\/post"}],"author":[{"embeddable":true,"href":"https:\/\/lemotdujour.fr\/index.php?rest_route=\/wp\/v2\/users\/1"}],"replies":[{"embeddable":true,"href":"https:\/\/lemotdujour.fr\/index.php?rest_route=%2Fwp%2Fv2%2Fcomments&post=11783"}],"version-history":[{"count":7,"href":"https:\/\/lemotdujour.fr\/index.php?rest_route=\/wp\/v2\/posts\/11783\/revisions"}],"predecessor-version":[{"id":11796,"href":"https:\/\/lemotdujour.fr\/index.php?rest_route=\/wp\/v2\/posts\/11783\/revisions\/11796"}],"wp:attachment":[{"href":"https:\/\/lemotdujour.fr\/index.php?rest_route=%2Fwp%2Fv2%2Fmedia&parent=11783"}],"wp:term":[{"taxonomy":"category","embeddable":true,"href":"https:\/\/lemotdujour.fr\/index.php?rest_route=%2Fwp%2Fv2%2Fcategories&post=11783"},{"taxonomy":"post_tag","embeddable":true,"href":"https:\/\/lemotdujour.fr\/index.php?rest_route=%2Fwp%2Fv2%2Ftags&post=11783"}],"curies":[{"name":"wp","href":"https:\/\/api.w.org\/{rel}","templated":true}]}}