{"id":11778,"date":"2021-07-15T03:34:00","date_gmt":"2021-07-15T01:34:00","guid":{"rendered":"http:\/\/lemotdujour.fr\/?p=11778"},"modified":"2021-07-19T22:22:28","modified_gmt":"2021-07-19T20:22:28","slug":"jeudi-15-juillet-2021","status":"publish","type":"post","link":"https:\/\/lemotdujour.fr\/?p=11778","title":{"rendered":"Jeudi 15 juillet 2021"},"content":{"rendered":"<div class=\"mdjTexte\">\u00ab Pause (La r\u00e9volution iranienne) \u00bb<\/div>\n<div class=\"mdjAuteur\">Un jour sans mot du jour nouveau<\/div>\n<p><span style=\"color: #777777; font-family: Arial;\">L&rsquo;id\u00e9e f\u00e9conde qui consid\u00e8re qu&rsquo;il serait judicieux que le lendemain d&rsquo;un jour f\u00e9ri\u00e9 f\u00fbt f\u00e9ri\u00e9, a beaucoup de mal \u00e0 se concr\u00e9tiser.<br \/>\n<\/span><\/p>\n<p><img decoding=\"async\" class=\"alignleft\" src=\"https:\/\/lemotdujour.fr\/wp-content\/uploads\/2021\/07\/071421_1734_Jeudi15juil1.jpg\" alt=\"\" align=\"left\"><span style=\"color: #777777; font-family: Arial;\">Mais l&rsquo;\u00e9criture du mot du jour est libre et peut par cons\u00e9quent appliquer les id\u00e9es f\u00e9condes.<br \/>\n<\/span><\/p>\n<p><span style=\"color: #777777; font-family: Arial;\">Ce lendemain de f\u00eate nationale peut donc \u00eatre un moment de repos.<br \/>\n<\/span><\/p>\n<p><span style=\"color: #777777; font-family: Arial;\">Demain je devrai parler de la r\u00e9volution iranienne.<br \/>\n<\/span><\/p>\n<p><span style=\"color: #777777; font-family: Arial;\">Si vous souhaitez anticiper vous pouvez visionner ces deux documentaires qui me semblent tr\u00e8s int\u00e9ressants pour comprendre comment le r\u00e9gime du Shah s&rsquo;est \u00e9croul\u00e9 et a \u00e9t\u00e9 remplac\u00e9 par la r\u00e9publique islamique de Khomeiny.<br \/>\n<\/span><\/p>\n<p><span style=\"color: #777777; font-family: Arial;\">&lt;<a href=\"https:\/\/www.youtube.com\/watch?v=frMkOgzxRUw&amp;t=1292s\"><span style=\"color: #0000ff;\">Le Shah et l&rsquo;Ayatollah \u2013 Le duel iranie<\/span>n<\/a>&gt; <\/span><span style=\"color: #777777; font-family: Arial;\">Documentaire r\u00e9alis\u00e9 en 2019 par Holger Preu\u03b2e pour la cha\u00eene de t\u00e9l\u00e9vision Arte.<br \/>\n<\/span><\/p>\n<p><span style=\"color: #777777; font-family: Arial;\">Documentaire sur France 3&nbsp;: <span style=\"color: #0000ff;\">&lt;<\/span><a href=\"https:\/\/www.youtube.com\/watch?v=GCiY06WdhEQ&amp;t=1700s\"><span style=\"color: #0000ff;\">Reportage sur la r\u00e9volution Islamique en Iran<\/span><\/a>&gt;<br \/>\n<\/span><\/p>\n<p><span style=\"color: maroon; font-family: Arial;\">&lt;Mot du jour sans num\u00e9ro&gt;<\/span><\/p>\n","protected":false},"excerpt":{"rendered":"<p>\u00ab Pause (La r\u00e9volution iranienne) \u00bb Un jour sans mot du jour nouveau L&rsquo;id\u00e9e f\u00e9conde qui consid\u00e8re qu&rsquo;il serait judicieux que le lendemain d&rsquo;un jour f\u00e9ri\u00e9 f\u00fbt f\u00e9ri\u00e9, a beaucoup de mal \u00e0 se concr\u00e9tiser. Mais l&rsquo;\u00e9criture du mot du<\/p>\n","protected":false},"author":1,"featured_media":0,"comment_status":"open","ping_status":"closed","sticky":false,"template":"","format":"standard","meta":{"footnotes":""},"categories":[1],"tags":[96],"class_list":["post-11778","post","type-post","status-publish","format-standard","hentry","category-motdujour","tag-pause"],"_links":{"self":[{"href":"https:\/\/lemotdujour.fr\/index.php?rest_route=\/wp\/v2\/posts\/11778","targetHints":{"allow":["GET"]}}],"collection":[{"href":"https:\/\/lemotdujour.fr\/index.php?rest_route=\/wp\/v2\/posts"}],"about":[{"href":"https:\/\/lemotdujour.fr\/index.php?rest_route=\/wp\/v2\/types\/post"}],"author":[{"embeddable":true,"href":"https:\/\/lemotdujour.fr\/index.php?rest_route=\/wp\/v2\/users\/1"}],"replies":[{"embeddable":true,"href":"https:\/\/lemotdujour.fr\/index.php?rest_route=%2Fwp%2Fv2%2Fcomments&post=11778"}],"version-history":[{"count":4,"href":"https:\/\/lemotdujour.fr\/index.php?rest_route=\/wp\/v2\/posts\/11778\/revisions"}],"predecessor-version":[{"id":11798,"href":"https:\/\/lemotdujour.fr\/index.php?rest_route=\/wp\/v2\/posts\/11778\/revisions\/11798"}],"wp:attachment":[{"href":"https:\/\/lemotdujour.fr\/index.php?rest_route=%2Fwp%2Fv2%2Fmedia&parent=11778"}],"wp:term":[{"taxonomy":"category","embeddable":true,"href":"https:\/\/lemotdujour.fr\/index.php?rest_route=%2Fwp%2Fv2%2Fcategories&post=11778"},{"taxonomy":"post_tag","embeddable":true,"href":"https:\/\/lemotdujour.fr\/index.php?rest_route=%2Fwp%2Fv2%2Ftags&post=11778"}],"curies":[{"name":"wp","href":"https:\/\/api.w.org\/{rel}","templated":true}]}}