{"id":11767,"date":"2021-07-13T00:38:00","date_gmt":"2021-07-12T22:38:00","guid":{"rendered":"http:\/\/lemotdujour.fr\/?p=11767"},"modified":"2021-07-30T14:49:17","modified_gmt":"2021-07-30T12:49:17","slug":"mardi-13-juillet-2021","status":"publish","type":"post","link":"https:\/\/lemotdujour.fr\/?p=11767","title":{"rendered":"Mardi 13 juillet 2021"},"content":{"rendered":"<div class=\"mdjTexte\">\u00ab L&rsquo;\u00e9go\u00efsme rationnel \u00bb<\/div>\n<div class=\"mdjAuteur\">Ayn Rand<\/div>\n<p><span style=\"color: #777777; font-family: Arial;\">A la lecture du mot du jour d&rsquo;hier, Annie m&rsquo;a dit qu&rsquo;elle \u00e9tait rest\u00e9e un peu sur sa faim.<br \/>\n<\/span><\/p>\n<p><span style=\"color: #777777; font-family: Arial;\">Je ne vais pas cr\u00e9er une s\u00e9rie sur Ayn Rand au milieu de la s\u00e9rie sur l&rsquo;ann\u00e9e 1979, l&rsquo;ann\u00e9e du grand renversement.<br \/>\n<\/span><\/p>\n<p><span style=\"color: #777777; font-family: Arial;\">Mais je vais quand m\u00eame tenter de donner quelques \u00e9l\u00e9ments de plus sur cette femme \u00e9nigmatique, fascinante et qui a fait des disciples.<br \/>\n<\/span><\/p>\n<p><span style=\"color: #777777; font-family: Arial;\">Je me souviens d&rsquo;avoir entendu une interview de Ronald Reagan qui disait\u00a0:<br \/>\n<\/span><\/p>\n<p style=\"margin-left: 28pt;\"><span style=\"color: #c00000; font-family: Arial;\">\u00ab On a, sans cesse, augment\u00e9 les aides sociales et pourtant il y a de plus en plus de pauvres. Cela ne marche pas \u00bb<br \/>\n<\/span><\/p>\n<p><span style=\"color: #777777; font-family: Arial;\">Dans cette phrase, il s&rsquo;inspire d&rsquo;Ayn Rand. <\/span><span style=\"color: #777777; font-family: Arial;\">D&rsquo;ailleurs, il va imm\u00e9diatement couper dans les budgets sociaux.<br \/>\n<\/span><\/p>\n<p><span style=\"color: #777777; font-family: Arial;\">A mon sens, cela ne marche pas mieux, il y a toujours plus de pauvres aux \u00c9tats-Unis.<br \/>\n<\/span><\/p>\n<p><span style=\"color: #777777; font-family: Arial;\">Peut \u00eatre ses objectifs \u00e9taient-il autres : d&rsquo;une part diminuer la pauvret\u00e9 en Chine et d&rsquo;autre part augmenter le nombre et la richesse des milliardaires am\u00e9ricains. <\/span><span style=\"color: #777777; font-family: Arial;\">Dans ce cas, on peut dire qu&rsquo;il a r\u00e9ussi.<br \/>\n<\/span><\/p>\n<p><span style=\"color: #777777; font-family: Arial;\">Pour revenir \u00e0 Ayn Rand, j&rsquo;ai trouv\u00e9 cet interview d&rsquo;une demi-heure, sous-titr\u00e9e en fran\u00e7ais\u00a0: &lt;<a href=\"https:\/\/www.youtube.com\/watch?v=MA1gKCD1h30&amp;t=1370s\"><span style=\"color: #0000ff;\">Interview de 1959<\/span><\/a>&gt;<br \/>\n<\/span><\/p>\n<p><span style=\"color: #777777; font-family: Arial;\">Vous admirerez son esprit brillant, sa capacit\u00e9 de r\u00e9pondre \u00e0 toutes les questions en revenant toujours sur les fondements de sa philosophie objectiviste. Vous serez peut-\u00eatre aussi p\u00e9trifi\u00e9 par la froideur du raisonnement et des arguments.<br \/>\n<\/span><\/p>\n<p><span style=\"color: #777777; font-family: Arial;\">Jean Lebrun lui a consacr\u00e9 une \u00e9mission de \u00be d&rsquo;heures, le samedi 24 octobre 2020.<br \/>\n<\/span><\/p>\n<p><span style=\"color: #777777; font-family: Arial;\">J&rsquo;ai trouv\u00e9 le titre de son \u00e9mission tr\u00e8s pertinent\u00a0: &lt;<a href=\"https:\/\/www.franceinter.fr\/emissions\/intelligence-service\/intelligence-service-24-octobre-2020\"><span style=\"color: #0000ff;\">Ayn Rand : Je sans les autres ?<\/span><\/a>&gt;<br \/>\n<\/span><\/p>\n<p><span style=\"color: #777777; font-family: Arial;\">Le journal \u00ab\u00a0<strong>Les Echos<\/strong>\u00a0\u00bb, lors de la sortie de son livre <strong>\u00ab\u00a0La gr\u00e8ve\u00a0\u00bb<\/strong> en livre de poche en 2017, lui a consacr\u00e9 un article &lt; <a href=\"https:\/\/www.lesechos.fr\/2017\/06\/ayn-rand-la-liberale-capitale-1235320\"><span style=\"color: #0000ff;\">Ayn Rand\u00a0: La lib\u00e9rale capitale<\/span><\/a>&gt;<br \/>\n<\/span><\/p>\n<p><span style=\"color: #777777; font-family: Arial;\">On y lit cette description\u00a0:<br \/>\n<\/span><\/p>\n<p style=\"margin-left: 28pt;\"><span style=\"color: #c00000; font-family: Arial;\">\u00ab\u00a0Ayn Rand exalte l&rsquo;\u00e9go\u00efsme. Mais pas n&rsquo;importe lequel, \u00ab<strong>l&rsquo;\u00e9go\u00efsme rationnel\u00bb.<\/strong> Selon elle, l&rsquo;homme ne doit vivre que par et pour lui-m\u00eame. Il doit poursuivre son int\u00e9r\u00eat et chercher son propre bonheur. Sans sacrifier sa vie aux autres, sans appara\u00eetre non plus comme un pr\u00e9dateur. \u00ab L&rsquo;individualiste est celui qui reconna\u00eet le caract\u00e8re inali\u00e9nable des droits de l&rsquo;homme &#8211; les siens comme ceux des autres. L&rsquo;individualiste est celui qui affirme: \u00abJe ne contr\u00f4lerai la vie de personne &#8211; et je ne laisserai personne contr\u00f4ler la mienne\u00bb\u00bb, \u00e9crit-elle. <strong>Une \u00e9thique de l&rsquo;estime de soi, d&rsquo;o\u00f9 d\u00e9coulent toutes les vertus<\/strong>: la rationalit\u00e9, l&rsquo;ind\u00e9pendance, l&rsquo;int\u00e9grit\u00e9, la fiert\u00e9&#8230; Contre les ap\u00f4tres de l&rsquo;altruisme, la philosophe veut convaincre des bienfaits de la libre entreprise. Ses romans magnifient les entrepreneurs et les cr\u00e9ateurs de richesse, qui osent aller, seuls contre tous, \u00e0 l&rsquo;assaut de tous les obstacles imaginables. Le capitalisme de laisser-faire y est naturellement le syst\u00e8me id\u00e9al. \u00abAyn Rand promeut l&rsquo;exacte antith\u00e8se du mod\u00e8le social-\u00e9tatique \u00e0 la fran\u00e7aise,\u00a0\u00bb<br \/>\n<\/span><\/p>\n<p><span style=\"color: #777777; font-family: Arial;\">Dans l&rsquo;entretien vers lequel je renvoie ci-avant, elle \u00e9voque aussi plusieurs fois \u00ab\u00a0la vertu\u00a0\u00bb au sens classique qui doit pr\u00e9sider la rationalit\u00e9.<br \/>\n<\/span><\/p>\n<p><span style=\"color: #777777; font-family: Arial;\">Le magazine qui essaie de d\u00e9crypter le futur \u00ab\u00a0<strong>Usbeketrica<\/strong>\u00a0\u00bb a commis un article en 2019\u00a0: &lt;<\/span><span style=\"color: #0000ff;\"><a style=\"color: #0000ff;\" href=\"https:\/\/usbeketrica.com\/fr\/article\/ayn-rand-la-che-guevara-du-capitalisme\"><span style=\"font-family: Arial;\">Ayn Rand, la Che Guevara du capitalisme<\/span><\/a><\/span><span style=\"color: #777777; font-family: Arial;\">&gt; qui la pr\u00e9sente ainsi\u00a0:<br \/>\n<\/span><\/p>\n<p style=\"margin-left: 28pt;\"><span style=\"color: #c00000; font-family: Arial;\">\u00ab Vous couperiez dans la Bible\u202f? \u00bb C&rsquo;est en ces termes qu&rsquo;en 1956 Ayn Rand r\u00e9pond s\u00e8chement \u00e0 son \u00e9diteur Random House, qui l&rsquo;invite \u00e0 apporter des modifications \u00e0 son roman fleuve La Gr\u00e8ve, une somme de plus de 1 200 pages. En une phrase, le personnage est pos\u00e9. On ne plaisante pas avec Ayn Rand. On ne met pas en doute la parole de la grande pr\u00eatresse du capitalisme et de la raison. La Gr\u00e8ve, c&rsquo;est le grand \u0153uvre d&rsquo;Ayn Rand, le livre qui assoit d\u00e9finitivement son aura et sa r\u00e9putation. Celui, aussi, qui va marquer durablement l&rsquo;histoire des id\u00e9es en Am\u00e9rique [\u2026] Ayn Rand a tout de m\u00eame vendu plus de 30 millions d&rsquo;exemplaires de ses ouvrages dans le monde, exer\u00e7ant une influence colossale sur des g\u00e9n\u00e9rations de penseurs, politiques et chefs d&rsquo;entreprise. \u00ab Jusqu&rsquo;\u00e0 Ayn Rand, le capitalisme n&rsquo;avait paradoxalement jamais su se vendre, en tout cas pas de mani\u00e8re aussi sexy, \u00e9crit St\u00e9phane Legrand, auteur de Ayn Rand, femme capital (\u00c9ditions Nova, 2017). Il lui manquait un conteur, mieux : un a\u00e8de (po\u00e8te \u00e9pique au temps de la Gr\u00e8ce antique, ndlr), quelqu&rsquo;un qui ait du souffle, une vision (\u2026). Ayn Rand a invent\u00e9 le capitalisme des mythes. \u00bb<br \/>\n<\/span><\/p>\n<p><span style=\"color: #777777; font-family: Arial;\">St\u00e9phane Legrand qui avait \u00e9crit, sur le site de \u00ab\u00a0<strong>Slate<\/strong>\u00a0\u00bb, en 2017, un article\u00a0: \u00ab<\/span><span style=\"color: #0000ff;\"><a style=\"color: #0000ff;\" href=\"http:\/\/www.slate.fr\/story\/152465\/ayn-rand-romanciere-france-ignore\"><span style=\"font-family: Arial;\">Ayn Rand, la romanci\u00e8re qui fascine les Am\u00e9ricains mais que la France ignore\u00a0<\/span><\/a><\/span><span style=\"color: #777777; font-family: Arial;\">\u00bb<br \/>\n<\/span><\/p>\n<p><span style=\"color: #777777; font-family: Arial;\">Il \u00e9crit\u00a0:<br \/>\n<\/span><\/p>\n<p style=\"margin-left: 28pt;\"><span style=\"color: #c00000; font-family: Arial;\">\u00ab\u00a0Cette auteure, qu&rsquo;on a pu d\u00e9crire d&rsquo;une formule saisissante et synth\u00e9tique comme \u00abthe ultimate gateway drug to life on the right\u00bb (l&rsquo;ultime drogue de passage vers une vie de droite), n&rsquo;a pas seulement suscit\u00e9 frissons romantiques et enthousiasmes acn\u00e9iques chez les \u00e9tudiants marginaux avides de s&rsquo;identifier \u00e0 des surhommes solitaires, ou parmi les housewives des salons de lecture amatrices de chardonnay. Sa philosophie (car elle se voulait aussi philosophe, un peu comme Sartre se voulait \u00e9crivain) a exerc\u00e9 et continue \u00e0 exercer une influence consid\u00e9rable sur tous les courants de la droite am\u00e9ricaine la plus muscl\u00e9e \u2013 du courant libertarien \u00e0 l&rsquo;anarcho-capitalisme en passant par les ultra- conservateurs du Tea Party \u2013 mais aussi aupr\u00e8s de nombreuses personnalit\u00e9s de premier plan du mouvement r\u00e9publicain. Elle fut le mentor du jeune Alan Greenspan, on a pu la consid\u00e9rer comme \u00abla philosophe officielle de l&rsquo;administration Reagan \u00bb, [\u2026]<br \/>\n<\/span><\/p>\n<p style=\"margin-left: 28pt;\"><span style=\"color: #c00000; font-family: Arial;\">L&rsquo;\u0153uvre d&rsquo;Ayn Rand demeure pour la pens\u00e9e conservatrice, surtout aux \u00c9tats-Unis, une inspiration aussi puissante que paradoxale. Elle la met \u00e0 certains \u00e9gards face \u00e0 ses contradictions \u2013 notamment pour ce qui touche \u00e0 l&rsquo;attachement profond de cette droite aux valeurs qu&rsquo;elle consid\u00e8re curieusement comme chr\u00e9tiennes, que l&rsquo;ath\u00e9isme militant de Rand embarrasse. Mais elle a aussi contribu\u00e9 \u00e0 donner forme, qu&rsquo;on y voie une tension f\u00e9conde ou un habile tour de passe-passe, \u00e0 certains de ses dilemmes constitutifs. Comment obtenir l&rsquo;approbation des foules au moyen d&rsquo;une id\u00e9ologie opposant l&rsquo;individu solitaire et g\u00e9nial aux masses apeur\u00e9es et abruties ? Comment concilier un d\u00e9sir n\u00e9vrotique de contr\u00f4le sur les d\u00e9sirs, la pens\u00e9e et le corps des populations (leurs options sexuelles ou leur droit \u00e0 avorter par exemple) avec une philosophie de la responsabilit\u00e9 personnelle, de l&rsquo;autonomie individuelle et du moindre gouvernement ? Comment susciter l&rsquo;enthousiasme quasi hypnotique des couches les plus pr\u00e9caris\u00e9es pour un projet social dont la finalit\u00e9 est de les broyer ? Par quelle mystification m\u00e9tamorphoser le maintien du statu quo ou l&rsquo;imposition de dynamiques r\u00e9trogrades en paradigme de l&rsquo;innovation audacieuse et en monopole des \u00ab vrais projets d&rsquo;avenir\u00bb, cependant que toute tentation progressiste se verra requalifi\u00e9e en nostalgie pass\u00e9iste ou engraissage du Mammouth ? [\u2026] Ayn Rand, sa pens\u00e9e et son influence persistante repr\u00e9sentent un engrenage essentiel dans la gen\u00e8se de cet hybride moderne qu&rsquo;est la pens\u00e9e n\u00e9or\u00e9actionnaire, m\u00e9lange improbable de conservatisme exacerb\u00e9 et d&rsquo;ultralib\u00e9ralisme.\u00a0\u00bb<br \/>\n<\/span><\/p>\n<p><span style=\"color: #777777; font-family: Arial;\">Je finirai par un article un peu d\u00e9cal\u00e9 sur le site de la \u00ab\u00a0<strong>Revue Politique et Parlementaire<\/strong>\u00a0\u00bb qui essaie de s&rsquo;interroger sur ce que Ayn Rand aurait pens\u00e9 de la gestion de la COVID 19 par les gouvernements\u00a0:<br \/>\n<\/span><\/p>\n<p><span style=\"color: #777777; font-family: Arial;\">\u00ab<span style=\"color: #0000ff;\">\u00a0<\/span><a href=\"https:\/\/www.revuepolitique.fr\/ayn-rand-et-la-covid-19-peut-on-agir-dans-lurgence-de-maniere-non-sacrificielle\/\"><span style=\"color: #0000ff;\">Ayn Rand et la Covid-19 : peut-on agir dans l&rsquo;urgence de mani\u00e8re \u00ab non sacrificielle<\/span> \u00bb ?\u00a0<\/a>\u00bb<br \/>\n<\/span><\/p>\n<p><span style=\"color: #777777; font-family: Arial;\">Il est certain que cette femme, cette intellectuelle ne peut pas laisser indiff\u00e9rente.Il faut comprendre aussi que si elle a eu une telle influence aux \u00c9tats-Unis, c&rsquo;est que sa philosophie correspond \u00e0 l&rsquo;esprit d&rsquo;un grand nombre d&rsquo;am\u00e9ricains qui est assez loin de nos sch\u00e9mas fran\u00e7ais d&rsquo;un \u00c9tat fort, centralisateur, social et redistributeur.<br \/>\n<\/span><\/p>\n<p><span style=\"color: maroon; font-family: Arial;\">&lt;1592&gt;<\/span><\/p>\n","protected":false},"excerpt":{"rendered":"<p>\u00ab L&rsquo;\u00e9go\u00efsme rationnel \u00bb Ayn Rand A la lecture du mot du jour d&rsquo;hier, Annie m&rsquo;a dit qu&rsquo;elle \u00e9tait rest\u00e9e un peu sur sa faim. Je ne vais pas cr\u00e9er une s\u00e9rie sur Ayn Rand au milieu de la s\u00e9rie<\/p>\n","protected":false},"author":1,"featured_media":0,"comment_status":"open","ping_status":"closed","sticky":false,"template":"","format":"standard","meta":{"footnotes":""},"categories":[1],"tags":[65,202,6],"class_list":["post-11767","post","type-post","status-publish","format-standard","hentry","category-motdujour","tag-etats-unis","tag-liberalisme","tag-philosophie"],"_links":{"self":[{"href":"https:\/\/lemotdujour.fr\/index.php?rest_route=\/wp\/v2\/posts\/11767","targetHints":{"allow":["GET"]}}],"collection":[{"href":"https:\/\/lemotdujour.fr\/index.php?rest_route=\/wp\/v2\/posts"}],"about":[{"href":"https:\/\/lemotdujour.fr\/index.php?rest_route=\/wp\/v2\/types\/post"}],"author":[{"embeddable":true,"href":"https:\/\/lemotdujour.fr\/index.php?rest_route=\/wp\/v2\/users\/1"}],"replies":[{"embeddable":true,"href":"https:\/\/lemotdujour.fr\/index.php?rest_route=%2Fwp%2Fv2%2Fcomments&post=11767"}],"version-history":[{"count":7,"href":"https:\/\/lemotdujour.fr\/index.php?rest_route=\/wp\/v2\/posts\/11767\/revisions"}],"predecessor-version":[{"id":11947,"href":"https:\/\/lemotdujour.fr\/index.php?rest_route=\/wp\/v2\/posts\/11767\/revisions\/11947"}],"wp:attachment":[{"href":"https:\/\/lemotdujour.fr\/index.php?rest_route=%2Fwp%2Fv2%2Fmedia&parent=11767"}],"wp:term":[{"taxonomy":"category","embeddable":true,"href":"https:\/\/lemotdujour.fr\/index.php?rest_route=%2Fwp%2Fv2%2Fcategories&post=11767"},{"taxonomy":"post_tag","embeddable":true,"href":"https:\/\/lemotdujour.fr\/index.php?rest_route=%2Fwp%2Fv2%2Ftags&post=11767"}],"curies":[{"name":"wp","href":"https:\/\/api.w.org\/{rel}","templated":true}]}}