{"id":1176,"date":"2015-06-30T02:00:00","date_gmt":"2015-06-29T22:00:00","guid":{"rendered":"http:\/\/lemotdujour.fr\/?p=1176"},"modified":"2017-05-08T13:26:01","modified_gmt":"2017-05-08T11:26:01","slug":"mardi-30-juin-2015","status":"publish","type":"post","link":"https:\/\/lemotdujour.fr\/?p=1176","title":{"rendered":"Mardi 30 Juin 2015"},"content":{"rendered":"<div class=\"mdjDate\">Mardi 30 Juin 2015<\/div>\n<div class=\"mdjTexte\">\u00abLes \u00c9tats Unis ont choisi de nous \u00e9couter <br \/>et de ne pas entendre ce que nous avions \u00e0 leur dire.\u00bb<\/div>\n<div class=\"mdjAuteur\">Dominique Moisi<\/div>\n<div class=\"mdjComplements\">Je choisis de parler des \u00e9coutes par la NSA des pr\u00e9sidents fran\u00e7ais : Chirac, Sarkozy, Hollande parce que j&rsquo;ai trouv\u00e9 les r\u00e9flexions que Dominique Moisi, conseiller sp\u00e9cial de l\u2019IFRI (L\u2019institution fran\u00e7ais des relations internationales), a exprim\u00e9 lors de l&rsquo;\u00e9mission <a href=\"http:\/\/www.europe1.fr\/emissions\/le-club-de-la-presse\/europe-soir-le-club-de-la-presse-240615-1360372\">&lt; le Club de la presse du 24-06-2015&gt;<\/a>\u00a0 particuli\u00e8rement pertinentes.<\/div>\n<div class=\"mdjComplements\">Il a r\u00e9pondu \u00e0 la question de Nicolas Poincar\u00e9: \u00abQu&rsquo;est ce qui nous choque dans l&rsquo;attitude des am\u00e9ricains ?\u00bb<\/div>\n<div class=\"mdjComplements\">\u00abIl ne peut pas y avoir de surprise, on n&rsquo;apprend rien, mais c&rsquo;est quand m\u00eame profond\u00e9ment choquant. C&rsquo;est une d\u00e9rive des pratiques diplomatiques.\u00bb<\/div>\n<div class=\"mdjComplements\">Mais il a surtout eu ce d\u00e9veloppement \u00e0\u00a0 partir de 6:50 environ<\/div>\n<div class=\"mdjComplements\">\u00abDu temps de guerre froide quand on allait \u00e0 Moscou \u00e0 l&rsquo;ambassade de France et que l&rsquo;on voulait avoir une conversation s\u00e9rieuse, on vous emmenait dans une pi\u00e8ce sp\u00e9ciale, sorte de caisson, dans laquelle on pouvait parler sans crainte d&rsquo;\u00eatre \u00e9cout\u00e9.<\/div>\n<div class=\"mdjComplements\">Il semble d\u00e9sormais qu&rsquo;\u00e0 l&rsquo;ambassade de France de Washington on fasse la m\u00eame chose.<\/div>\n<div class=\"mdjComplements\">Cela signifie que la notion d&rsquo;adversaire et de partenaire s&rsquo;est un peu fondue.<\/div>\n<div class=\"mdjComplements\">Il est vrai que le choc du 11 septembre a conduit les am\u00e9ricains de mani\u00e8re syst\u00e9matique, avec d&rsquo;extraordinaires\u00a0 moyens technologiques et peu de sens politique,\u00a0 \u00e0 choisir de nous \u00e9couter et de ne pas entendre ce que nous avions \u00e0 leur dire.<\/div>\n<div class=\"mdjComplements\">Ils nous \u00e9coutent, mais ils ne nous entendent pas quand nous leur disons \u00ab\u00a0qu&rsquo;aller en Irak c&rsquo;est dangereux\u00a0\u00bb. Je pense que cela correspond \u00e0 un syst\u00e8me bureaucratique qui rencontre une \u00e9motion particuli\u00e8rement forte.<\/div>\n<div class=\"mdjComplements\">Tout doit \u00eatre fait, m\u00eame ce qui n&rsquo;a pas de sens,\u00a0 pour prot\u00e9ger la vie des citoyens am\u00e9ricains et accessoirement les affaires des entreprises am\u00e9ricaines.\u00bb<\/div>\n<div class=\"mdjComplements\">Pour expliquer et d\u00e9crire la r\u00e9action \u00ab\u00a0ferme mais mesur\u00e9e\u00a0\u00bb de la France (convocation de l&rsquo;ambassadrice, r\u00e9action publique et conversation t\u00e9l\u00e9phonique Hollande\/Obama)\u00a0 il a utilis\u00e9 cette formule de De Gaulle : \u00abJe me sentis saisi d&rsquo;une \u00e9motion calcul\u00e9e\u00bb(1)<\/div>\n<div class=\"mdjComplements\">\u00abOn ne peut pas faire moins que l&rsquo;Allemagne, on est quand m\u00eame le sh\u00e9rif adjoint des \u00c9tats Unis dans les affaires du Monde.\u00bb<\/div>\n<div class=\"mdjComplements\">Puisqu&rsquo;il a cit\u00e9 De Gaulle, ce dernier aurait aussi dit : \u00abLes \u00c9tats n&rsquo;ont pas d&rsquo;amis, ils n&rsquo;ont que des int\u00e9r\u00eats.\u00bb\u00a0 (cit\u00e9 dans un article de La Tribune :<a href=\"https:\/\/fr.wikiquote.org\/wiki\/Charles_de_Gaulle\">&lt; \u00c9coutes : l&rsquo;imp\u00e9rialisme 2.0 \u00bb, \u00c9ric Walther, La Tribune (France), n\u00ba 55, 5 juillet 2013, p. 8&gt;<\/a>)<\/div>\n<div class=\"mdjComplements\">Et puis il y a ce propos de Fran\u00e7ois Mitterrand rapport\u00e9 par Georges-Marc Benamou dans son livre <a href=\"http:\/\/livre.fnac.com\/a1609995\/Georges-Marc-Benamou-Le-dernier-Mitterrand\">&lt;Le dernier Mitterrand&gt;<\/a>. Dans ce livre on s&rsquo;est surtout arr\u00eat\u00e9 \u00e0<a href=\"http:\/\/www.dailymotion.com\/video\/xf9bu7_georges-marc-benhamou-et-roger-hani_fun\"> la r\u00e9v\u00e9lation explicite de l&rsquo;euthanasie de Fran\u00e7ois Mitterrand,<\/a> qui a eu la chance de pouvoir disposer de l&rsquo;entourage, des moyens et de la protection pour pouvoir mourir simplement et librement quand il ne souhaitait plus poursuivre\u00a0 sa vie devenue trop p\u00e9nible.<\/div>\n<div class=\"mdjComplements\">Mais ce que je voudrais souligner ici, ce sont les propos suivants qu&rsquo;il aurait confi\u00e9, \u00e0 la fin de sa vie et \u00e0 la lumi\u00e8re de son exp\u00e9rience, \u00e0 l&rsquo;\u00e9crivain : \u00ab La France ne le sait pas, mais nous sommes en guerre avec l\u2019Am\u00e9rique. Oui, une guerre permanente, une guerre vitale, une guerre \u00e9conomique. Oui, ils sont tr\u00e8s durs les am\u00e9ricains, ils sont voraces, ils veulent un pouvoir sans partage sur le monde. C\u2019est une guerre inconnue, une guerre permanente, sans mort apparemment et pourtant une guerre \u00e0 mort. \u00bb<\/div>\n<div class=\"mdjComplements\">Vous trouverez ces propos rapport\u00e9s <a href=\"https:\/\/fr.wikipedia.org\/wiki\/Le_Dernier_Mitterrand\">&lt;ici&gt;<\/a><\/div>\n<div class=\"mdjComplements\">Toujours est-il que les Etats-Unis restent un paradoxe o\u00f9 cohabitent la plus grande modernit\u00e9 et aussi la plus grande r\u00e9gression o\u00f9 des croyants veulent imposer le cr\u00e9ationnisme dans l&rsquo;enseignement, o\u00f9 les armes constituent un tabou qui est la cause de tant de morts.<\/div>\n<div class=\"mdjComplements\">O\u00f9 la libert\u00e9 la plus grande (La cour supr\u00eame vient de reconna\u00eetre le mariage homosexuel pour tout l\u2019\u00c9tat f\u00e9d\u00e9ral) c\u00f4toie un syst\u00e8me r\u00e9pressif digne parfois des r\u00e9gimes totalitaires.<\/div>\n<div class=\"mdjComplements\">Peut-\u00eatre faut-il revenir \u00e0 cette pens\u00e9e de Nietzsche : \u00abSeule la contradiction nous rend f\u00e9cond\u00bb<\/div>\n<div class=\"mdjComplements\">(1) Une recherche approfondie nous am\u00e8ne \u00e0 pr\u00e9ciser ce que De Gaulle a vraiment \u00e9crit : \u00ab\u00a0 Dans certains cas, je suis amen\u00e9 \u00e0 improviser mes propos. Alors, me laissant saisir par une \u00e9motion calcul\u00e9e, je jette d&#8217;embl\u00e9e \u00e0 l&rsquo;auditoire les id\u00e9es et les mots qui se pressent dans mon esprit. Mais, souvent, j&rsquo;\u00e9cris d&rsquo;avance le texte et le prononce ensuite sans le lire : souci de pr\u00e9cision et amour-propre d&rsquo;orateur, lourde suj\u00e9tion aussi, car, si ma m\u00e9moire me sert bien, je n&rsquo;ai pas la plume facile.\u00bb <em>Ch. de Gaulle, M\u00e9moires de guerre, Le Salut, 1959, p. 127.<\/em><\/div>\n","protected":false},"excerpt":{"rendered":"<p>Mardi 30 Juin 2015 \u00abLes \u00c9tats Unis ont choisi de nous \u00e9couter et de ne pas entendre ce que nous avions \u00e0 leur dire.\u00bb Dominique Moisi Je choisis de parler des \u00e9coutes par la NSA des pr\u00e9sidents fran\u00e7ais : Chirac,<\/p>\n","protected":false},"author":1,"featured_media":0,"comment_status":"closed","ping_status":"closed","sticky":false,"template":"","format":"standard","meta":{"footnotes":""},"categories":[1],"tags":[],"class_list":["post-1176","post","type-post","status-publish","format-standard","hentry","category-motdujour"],"_links":{"self":[{"href":"https:\/\/lemotdujour.fr\/index.php?rest_route=\/wp\/v2\/posts\/1176","targetHints":{"allow":["GET"]}}],"collection":[{"href":"https:\/\/lemotdujour.fr\/index.php?rest_route=\/wp\/v2\/posts"}],"about":[{"href":"https:\/\/lemotdujour.fr\/index.php?rest_route=\/wp\/v2\/types\/post"}],"author":[{"embeddable":true,"href":"https:\/\/lemotdujour.fr\/index.php?rest_route=\/wp\/v2\/users\/1"}],"replies":[{"embeddable":true,"href":"https:\/\/lemotdujour.fr\/index.php?rest_route=%2Fwp%2Fv2%2Fcomments&post=1176"}],"version-history":[{"count":1,"href":"https:\/\/lemotdujour.fr\/index.php?rest_route=\/wp\/v2\/posts\/1176\/revisions"}],"predecessor-version":[{"id":1177,"href":"https:\/\/lemotdujour.fr\/index.php?rest_route=\/wp\/v2\/posts\/1176\/revisions\/1177"}],"wp:attachment":[{"href":"https:\/\/lemotdujour.fr\/index.php?rest_route=%2Fwp%2Fv2%2Fmedia&parent=1176"}],"wp:term":[{"taxonomy":"category","embeddable":true,"href":"https:\/\/lemotdujour.fr\/index.php?rest_route=%2Fwp%2Fv2%2Fcategories&post=1176"},{"taxonomy":"post_tag","embeddable":true,"href":"https:\/\/lemotdujour.fr\/index.php?rest_route=%2Fwp%2Fv2%2Ftags&post=1176"}],"curies":[{"name":"wp","href":"https:\/\/api.w.org\/{rel}","templated":true}]}}