{"id":11750,"date":"2021-07-12T00:42:53","date_gmt":"2021-07-11T22:42:53","guid":{"rendered":"http:\/\/lemotdujour.fr\/?p=11750"},"modified":"2021-07-12T08:10:39","modified_gmt":"2021-07-12T06:10:39","slug":"lundi-12-juillet-2021","status":"publish","type":"post","link":"https:\/\/lemotdujour.fr\/?p=11750","title":{"rendered":"Lundi 12 juillet 2021"},"content":{"rendered":"<div class=\"mdjTexte\">\u00ab Atlas Shruggeds \u00bb<\/div>\n<div class=\"mdjAuteur\">Ayn Rand<\/div>\n<p><span style=\"color: #777777; font-family: Arial;\">Margaret Thatcher puis Ronald Reagan vont \u00eatre les fers de lance de la r\u00e9volution n\u00e9o lib\u00e9rale ou conservatrice.<\/span><\/p>\n<p><span style=\"color: #777777; font-family: Arial;\">Mais quels sont les penseurs de cette r\u00e9volution\u00a0?<br \/>\n<\/span><\/p>\n<p><span style=\"color: #777777; font-family: Arial;\">J&rsquo;ai toujours lu le r\u00f4le essentiel qu&rsquo;a jou\u00e9 l<strong>&lsquo;\u00e9cole de Chicag<\/strong>o et <span style=\"color: #0000ff;\"><strong><a style=\"color: #0000ff;\" href=\"https:\/\/fr.wikipedia.org\/wiki\/Milton_Friedman\">Milton Friedman<\/a><\/strong>.<\/span><br \/>\n<\/span><\/p>\n<p><span style=\"color: #777777; font-family: Arial;\">Mais Amin Maalouf \u00e9voque une autre figure, une femme \u00e9crivaine\u00a0: <strong>Ayn Rand\u00a0:<br \/>\n<\/strong><\/span><\/p>\n<p style=\"margin-left: 28pt;\"><span style=\"color: #c00000; font-family: Arial;\"><img loading=\"lazy\" decoding=\"async\" class=\"wp-image-11756 alignright\" src=\"https:\/\/lemotdujour.fr\/wp-content\/uploads\/2021\/07\/Atlas-Shrugged-210x300.jpg\" alt=\"\" width=\"270\" height=\"386\" srcset=\"https:\/\/lemotdujour.fr\/wp-content\/uploads\/2021\/07\/Atlas-Shrugged-210x300.jpg 210w, https:\/\/lemotdujour.fr\/wp-content\/uploads\/2021\/07\/Atlas-Shrugged.jpg 673w\" sizes=\"auto, (max-width: 270px) 100vw, 270px\" \/>\u00ab\u00a0Un des livres embl\u00e9matiques de cette r\u00e9volution est le roman intitul\u00e9 \u00ab\u00a0<strong>Atlas Shrugged\u00a0\u00bb [\u2026]<br \/>\n<\/strong>Il raconte une gr\u00e8ve organis\u00e9e non par des ouvriers, mais par des entrepreneurs et \u00ab des esprits cr\u00e9atifs \u00bb qu&rsquo;exasp\u00e8rent les r\u00e8glementations abusives. Son titre \u00e9voque la figure mythologique d&rsquo;Atlas qui, las de porter la Terre enti\u00e8re sur son dos, finit par secouer vigoureusement les \u00e9paules \u2013 c&rsquo;est ce mouvement d\u2019exasp\u00e9ration et de r\u00e9volte qu&rsquo;exprime ici le verbe to shrug, dont le pr\u00e9t\u00e9rit est shrugged.<br \/>\n<\/span><\/p>\n<p style=\"margin-left: 28pt;\"><span style=\"color: #c00000; font-family: Arial;\">Cette fiction \u00e0 th\u00e8se, publi\u00e9e en 1957 et dont beaucoup de conservateurs am\u00e9ricains, partisans d&rsquo;un \u00ab libertarisme \u00bb r\u00e9solument anti-\u00e9tatiste, avaient fait leur bible, a \u00e9t\u00e9 rattrap\u00e9e par la r\u00e9alit\u00e9. Le soul\u00e8vement des poss\u00e9dants contre les empi\u00e8tements de l\u2019\u00c9tat redistributeur des richesses ne s&rsquo;est pas produit d la mani\u00e8re dont la romanci\u00e8re l&rsquo;avait d\u00e9crit, mais il a bien eu lieu. Et il a \u00e9t\u00e9 couronn\u00e9 de succ\u00e8s. Ce qui a eu pour effet d&rsquo;accentuer fortement les in\u00e9galit\u00e9s sociales, au point de cr\u00e9er une petite caste d&rsquo;hypermilliardaires, chacun d&rsquo;eux plus riche que des nations enti\u00e8res.<br \/>\n<em>Le naufrage des civilisations page 173<\/em><br \/>\n<\/span><\/p>\n<p><span style=\"color: #777777; font-family: Arial;\">J&rsquo;avais d\u00e9j\u00e0 cit\u00e9 ce livre et <a href=\"https:\/\/fr.wikipedia.org\/wiki\/Ayn_Rand\"><span style=\"color: blue; text-decoration: underline;\"><span style=\"color: #0000ff; text-decoration: underline;\">Ayn Ran<\/span>d<\/span><\/a> dans un mot du jour de 2018 consacr\u00e9 \u00e0 \u00ab\u00a0<span style=\"color: #0000ff;\"><a style=\"color: #0000ff;\" href=\"https:\/\/lemotdujour.fr\/?p=4599\">La convergence des luttes\u00a0<\/a><\/span>\u00bb.<br \/>\n<\/span><\/p>\n<p><span style=\"color: #777777; font-family: Arial;\"><img loading=\"lazy\" decoding=\"async\" class=\"wp-image-11757 alignleft\" src=\"https:\/\/lemotdujour.fr\/wp-content\/uploads\/2021\/07\/AYn-Rand.jpg\" alt=\"\" width=\"470\" height=\"330\" srcset=\"https:\/\/lemotdujour.fr\/wp-content\/uploads\/2021\/07\/AYn-Rand.jpg 955w, https:\/\/lemotdujour.fr\/wp-content\/uploads\/2021\/07\/AYn-Rand-300x210.jpg 300w, https:\/\/lemotdujour.fr\/wp-content\/uploads\/2021\/07\/AYn-Rand-768x539.jpg 768w\" sizes=\"auto, (max-width: 470px) 100vw, 470px\" \/>J&rsquo;y rapportais que selon une \u00e9tude de la biblioth\u00e8que du Congr\u00e8s am\u00e9ricain et du Book of the month club men\u00e9e dans les ann\u00e9es 1990, ce livre est aux \u00c9tats-Unis <strong>le livre le plus influant sur les sond\u00e9s, apr\u00e8s la Bible.<\/strong> C&rsquo;\u00e9tait le livre de chevet de Ronald Reagan et de ses principaux conseillers.<br \/>\n<\/span><\/p>\n<p><span style=\"color: #777777; font-family: Arial;\">Aujourd&rsquo;hui, beaucoup des responsables de la silicon valley continuent \u00e0 consid\u00e9rer que c&rsquo;est le livre le plus inspirant pour eux.<br \/>\n<\/span><\/p>\n<p><span style=\"color: #777777; font-family: Arial;\">J&rsquo;ai donc souhait\u00e9 approfondir ma connaissance de cette femme influente.<br \/>\n<\/span><\/p>\n<p><span style=\"color: #777777; font-family: Arial;\">J&rsquo;ai ainsi \u00e9cout\u00e9 les cinq \u00e9missions que Xavier de la Porte lui avait consacr\u00e9 en 2017 : <\/span><span style=\"color: #777777; font-family: Arial;\">&lt;<span style=\"color: #0000ff;\"><a style=\"color: #0000ff;\" href=\"https:\/\/www.franceculture.fr\/emissions\/avoir-raison-avec-ayn-rand\">Avoir raison avec Ayn Rand<\/a><\/span>&gt;.<br \/>\n<\/span><\/p>\n<p><span style=\"color: #777777; font-family: Arial;\">Et ce sont 5 \u00e9missions tr\u00e8s instructives et qui m\u00e9ritent qu&rsquo;on s&rsquo;y arr\u00eate.<br \/>\n<\/span><\/p>\n<p><span style=\"color: #777777; font-family: Arial;\">Dans la quatri\u00e8me &lt;<a href=\"https:\/\/www.franceculture.fr\/emissions\/avoir-raison-avec-ayn-rand\/lheritage-litteraire\"><span style=\"color: #0000ff;\">L&rsquo;h\u00e9ritage litt\u00e9raire<\/span><\/a>&gt; Xavier de la Porte avait invit\u00e9 un \u00e9crivain Antoine Bello qui la pr\u00e9sente ainsi\u00a0:<br \/>\n<\/span><\/p>\n<p style=\"margin-left: 28pt;\"><span style=\"color: #c00000; font-family: Arial;\">\u00ab En 2007, Le Wall Strett journal a publi\u00e9 un dossier pour [comm\u00e9morer] les 50 ans de la publication d&rsquo;\u00ab Atlas Shrugged \u00bb. et il parlait de ce livre avec \u00e9norm\u00e9ment d&rsquo;\u00e9loge. [\u2026] et surtout comme d&rsquo;un livre les plus influents du XX\u00e8me si\u00e8cle, d&rsquo;un texte majeur, parmi les plus appr\u00e9ci\u00e9s des parlementaires et des chefs d&rsquo;entreprise. Alors je me suis dit comment ai-je pu vivre aussi longtemps, moi qui pr\u00e9tends conna\u00eetre et m&rsquo;int\u00e9resser \u00e0 la litt\u00e9rature am\u00e9ricaine, sans jamais avoir entendu parler de ce livre ? Je suis donc all\u00e9 l&rsquo;acheter. [\u2026] et je l&rsquo;ai d\u00e9vor\u00e9. C&rsquo;est un tr\u00e8s gros livre, il fait pr\u00e8s de 1200 pages. J&rsquo;ai \u00e9t\u00e9 happ\u00e9 avant tout par la puissance du roman. C&rsquo;est-\u00e0-dire que les id\u00e9es viennent presque dans un deuxi\u00e8me temps. On comprend assez vite qu&rsquo;il y a un syst\u00e8me philosophique derri\u00e8re tout cela, que Ayn Rand ne laisse rien au hasard. Les personnages sont les porte-paroles d&rsquo;une philosophie. [\u2026] C&rsquo;est la puissance romanesque, la richesse et la singularit\u00e9 des personnages qui m&rsquo;a d&rsquo;abord conquis. Parler d&rsquo;un univers, le monde de l&rsquo;entreprise qui n&rsquo;a jamais \u00e9t\u00e9 aussi bien d\u00e9crit que par une femme qui n&rsquo;a jamais travaill\u00e9 en entreprise. C&rsquo;est quand m\u00eame assez fascinant quand on y pense [\u2026] Une compr\u00e9hension intime des m\u00e9canismes de l&rsquo;entreprise. [\u2026] un sens des situations qui me fascine. \u00bb<br \/>\n<\/span><\/p>\n<p><span style=\"color: #777777; font-family: Arial;\">Je vais tenter de synth\u00e9tiser ces cinq \u00e9pisodes.<br \/>\n<\/span><\/p>\n<p><span style=\"color: #777777; font-family: Arial;\"><img loading=\"lazy\" decoding=\"async\" class=\"size-medium wp-image-11761 alignleft\" src=\"https:\/\/lemotdujour.fr\/wp-content\/uploads\/2021\/07\/La-greve-198x300.jpg\" alt=\"\" width=\"198\" height=\"300\" srcset=\"https:\/\/lemotdujour.fr\/wp-content\/uploads\/2021\/07\/La-greve-198x300.jpg 198w, https:\/\/lemotdujour.fr\/wp-content\/uploads\/2021\/07\/La-greve.jpg 400w\" sizes=\"auto, (max-width: 198px) 100vw, 198px\" \/>Elle a mis plus de 10 ans pour \u00e9crire \u00ab\u00a0<span style=\"color: #0000ff;\"><a style=\"color: #0000ff;\" href=\"https:\/\/fr.wikipedia.org\/wiki\/La_Gr%C3%A8ve_(roman_d%27Ayn_Rand)\"><strong>Atlas Shrugged<\/strong>\u00a0<\/a><\/span>\u00a0\u00bb. Ce roman a \u00e9t\u00e9 publi\u00e9 aux Etats-Unis en 1957, mais n&rsquo;a \u00e9t\u00e9 traduit en fran\u00e7ais que 50 ans plus tard sous le nom de \u00ab\u00a0<strong>La gr\u00e8ve<\/strong> \u00bb publi\u00e9 en 2011. <\/span><span style=\"color: #777777; font-family: Arial;\">Quasi aucun journal fran\u00e7ais n&rsquo;en a parl\u00e9, il semble que l&rsquo;Obs a consacr\u00e9 quelques lignes.<br \/>\n<\/span><\/p>\n<p><span style=\"color: #777777; font-family: Arial;\">Ce fut donc, pendant longtemps, un livre absolument ignor\u00e9 en France, alors qu&rsquo;il a eu une si grande importance aux \u00c9tats-Unis et dans le monde anglo-saxon.<br \/>\n<\/span><\/p>\n<p><span style=\"color: #777777; font-family: Arial;\">Ayn Rand est souvent consid\u00e9r\u00e9 comme une grande figure du \u00ab\u00a0<strong>mouvement libertarien<\/strong>\u00a0\u00bb. Mais elle se d\u00e9finissait comme une <strong>\u00ab\u00a0<span style=\"color: #0000ff;\"><a style=\"color: #0000ff;\" href=\"https:\/\/fr.wikipedia.org\/wiki\/Objectivisme_(Ayn_Rand)\">Objectiviste<\/a><\/span><\/strong>\u00a0\u00bb, c&rsquo;est-\u00e0-dire une tenant d&rsquo;une pens\u00e9e exclusivement rationnelle. La croyance et la religion n&rsquo;ayant aucune place dans sa r\u00e9flexion.<br \/>\n<\/span><\/p>\n<p><span style=\"color: #777777; font-family: Arial;\">D&rsquo;ailleurs si Ronald Reagan disait s&rsquo;inspirer d&rsquo;Ayn Rand, cette derni\u00e8re n&rsquo;a pas appel\u00e9 \u00e0 voter pour lui parce qu&rsquo;elle le trouvait trop influenc\u00e9 par les \u00e9glises chr\u00e9tiennes. L&rsquo;\u00e9lection de Reagan s&rsquo;est pass\u00e9e vers la fin de sa vie, elle est d\u00e9c\u00e9d\u00e9e en 1982.<br \/>\n<\/span><\/p>\n<p><span style=\"color: #777777; font-family: Arial;\">Elle condamnait l&rsquo;humour et surtout l&rsquo;auto-d\u00e9rision. Pourtant, elle a eu ce trait ironique\u00a0:<br \/>\n<\/span><\/p>\n<p style=\"margin-left: 28pt;\"><span style=\"color: #c00000; font-family: Arial;\">\u00ab\u00a0On me demande souvent ce que je pense de Reagan. Je n&rsquo;en pense rien et plus je le regarde moins je pense.\u00a0\u00bb<br \/>\n<\/span><\/p>\n<p><span style=\"color: #777777; font-family: Arial;\">Elle \u00e9tait donc pour un \u00c9tat minimal, pour l&rsquo;individu contre la soci\u00e9t\u00e9. Elle d\u00e9testait l&rsquo;\u00e9tat social et l&rsquo;altruisme. Elle \u00e9tait aussi militante pro-avortement, parce qu&rsquo;elle consid\u00e9rait que rien et certainement pas un embryon ne devrait contraindre la libert\u00e9 d&rsquo;une femme. Elle \u00e9tait pour la m\u00eame raison profond\u00e9ment antiraciste : aucune appartenance culturelle ou autre ne devait contraindre la libert\u00e9 d&rsquo;un individu, il n&rsquo;\u00e9tait donc pas question de distinguer un individu d&rsquo;un autre que par le m\u00e9rite, le travail et les actions.<br \/>\n<\/span><\/p>\n<p><span style=\"color: #777777; font-family: Arial;\">Elle s&rsquo;est aussi publiquement oppos\u00e9e \u00e0 la guerre du Vi\u00eat Nam, mais parce qu&rsquo;elle estimait que cette guerre \u00e9tait altruiste\u00a0!<br \/>\n<\/span><\/p>\n<p style=\"margin-left: 28pt;\"><span style=\"color: #c00000; font-family: Arial;\">\u00ab Si vous voulez voir le summum ultime, suicidaire, de l&rsquo;altruisme \u00e0 l&rsquo;\u00e9chelle internationale, observez la guerre du Vi\u00eat Nam, une guerre o\u00f9 chaque soldat am\u00e9ricain meurt sans raison d&rsquo;aucune sorte. \u00bb<br \/>\n<\/span><\/p>\n<p><span style=\"color: #777777; font-family: Arial;\">Elle est surtout connue par ses romans, le premier publi\u00e9 en 1936 \u00ab\u00a0<strong>We the Living<\/strong>\u00a0\u00bb qui a \u00e9t\u00e9 traduit et publi\u00e9 en France en 1996, sous le titre \u00ab\u00a0<strong>Nous, les vivants<\/strong>\u00a0\u00bb.<br \/>\n<\/span><\/p>\n<p><span style=\"color: #777777; font-family: Arial;\"><img loading=\"lazy\" decoding=\"async\" class=\"size-medium wp-image-11760 alignright\" src=\"https:\/\/lemotdujour.fr\/wp-content\/uploads\/2021\/07\/La-source-de-vie-183x300.jpg\" alt=\"\" width=\"183\" height=\"300\" srcset=\"https:\/\/lemotdujour.fr\/wp-content\/uploads\/2021\/07\/La-source-de-vie-183x300.jpg 183w, https:\/\/lemotdujour.fr\/wp-content\/uploads\/2021\/07\/La-source-de-vie.jpg 220w\" sizes=\"auto, (max-width: 183px) 100vw, 183px\" \/>Son avant dernier roman avait \u00e9t\u00e9 publi\u00e9 en 1943\u00a0: <strong>\u00ab\u00a0The Fountainhead\u00a0\u00bb,<\/strong> publi\u00e9 en fran\u00e7ais sous le titre \u00ab\u00a0<strong>La Source vive<\/strong>\u00a0\u00bb en 1947.<br \/>\n<\/span><\/p>\n<p><span style=\"color: #777777; font-family: Arial;\">Si \u00ab\u00a0<strong>Atlas Shrugged<\/strong>\u00a0\u00bb, son dernier roman, \u00e9tait le livre de chevet de Reagan, Donald Trump a pr\u00e9tendu que le sien \u00e9tait <strong>\u00ab The Fountainhead \u00bb. <\/strong><\/span><span style=\"color: #777777; font-family: Arial;\">Probablement parce que le magnat de l&rsquo;immobilier s&rsquo;imaginait dans le r\u00f4le du personnage principal du livre qui est architecte. Ce roman a \u00e9t\u00e9 adapt\u00e9 au cin\u00e9ma par King Vidor en 1949.<br \/>\n<\/span><\/p>\n<p><span style=\"color: #777777; font-family: Arial;\">Le titre du livre fait r\u00e9f\u00e9rence \u00e0 une d\u00e9claration de Ayn Rand selon laquelle :<br \/>\n<\/span><\/p>\n<p style=\"margin-left: 28pt;\"><span style=\"color: #c00000; font-family: Arial;\">\u00ab L&rsquo;ego de l&rsquo;Homme est la source vive du progr\u00e8s humain \u00bb (\u00ab Man&rsquo;s ego is the fountainhead of human progress \u00bb).<br \/>\n<\/span><\/p>\n<p><span style=\"color: #777777; font-family: Arial;\">Le r\u00e9cit d\u00e9crit la vie d&rsquo;un architecte individualiste dans le New York des ann\u00e9es 1920, qui refuse les compromissions et dont la libert\u00e9 fascine ou inqui\u00e8te les personnages qui le croisent.<br \/>\n<\/span><\/p>\n<p><span style=\"color: #777777; font-family: Arial;\">Howard Roark est un architecte extr\u00eamement dou\u00e9 qui a une passion intransigeante pour son art. Individualiste, il utilise la force que lui conf\u00e8re sa cr\u00e9ativit\u00e9 afin de pouvoir ma\u00eetriser son destin en permanence et ne pas d\u00e9pendre du bon vouloir de ses contemporains. Il est ainsi indiff\u00e9rent aux principales pressions morales qui guident ses confr\u00e8res. Physiquement, Ayn Rand d\u00e9crit Howard Roark comme un homme mince, grand et athl\u00e9tique, \u00e0 la chevelure de la couleur d&rsquo;un zeste d&rsquo;orange m\u00fbre [ce qui a d\u00fb inspirer Trump].<br \/>\n<\/span><\/p>\n<p><span style=\"color: #777777; font-family: Arial;\">La recherche de l&rsquo;\u00e9thique est aussi une ligne de force de la pens\u00e9e de Ayn Rand.<br \/>\n<\/span><\/p>\n<p><span style=\"color: #777777; font-family: Arial;\">Elle a \u00e9crit des essais pour traduire sa pens\u00e9e politique et philosophique. <\/span><span style=\"color: #777777; font-family: Arial;\">Ils sont moins renomm\u00e9s.<br \/>\n<\/span><\/p>\n<p><span style=\"color: #777777; font-family: Arial;\"><img loading=\"lazy\" decoding=\"async\" class=\"wp-image-11758 alignright\" src=\"https:\/\/lemotdujour.fr\/wp-content\/uploads\/2021\/07\/Alain-Laurent-sur-Ayn-Rand-192x300.jpg\" alt=\"\" width=\"253\" height=\"395\" srcset=\"https:\/\/lemotdujour.fr\/wp-content\/uploads\/2021\/07\/Alain-Laurent-sur-Ayn-Rand-192x300.jpg 192w, https:\/\/lemotdujour.fr\/wp-content\/uploads\/2021\/07\/Alain-Laurent-sur-Ayn-Rand.jpg 300w\" sizes=\"auto, (max-width: 253px) 100vw, 253px\" \/>En 1964, elle a publi\u00e9 \u00ab<span style=\"color: #0000ff;\">\u00a0<\/span><a href=\"https:\/\/www.lesbelleslettres.com\/livre\/1370-la-vertu-degoisme\"><span style=\"color: #0000ff;\">la vertu de l&rsquo;\u00e9goisme<\/span>\u00a0<\/a>\u00bb qui a \u00e9t\u00e9 traduit par Alain Laurent qui lui a consacr\u00e9 une biographie. : &lt; <a href=\"https:\/\/www.lesbelleslettres.com\/livre\/157-ayn-rand-ou-la-passion-de-l-egoisme-rationnel\"><span style=\"color: #0000ff;\">Ayn Rand ou la passion de l&rsquo;\u00e9go\u00efsme rationnel<\/span><\/a>&gt;<br \/>\n<\/span><\/p>\n<p><span style=\"color: #777777; font-family: Arial;\">Alain Laurent a \u00e9t\u00e9 l&rsquo;invit\u00e9 de Xavier de la Porte lors des deux premi\u00e8res \u00e9missions\u00a0:<br \/>\n<\/span><\/p>\n<p><span style=\"color: #777777; font-family: Arial;\"><strong>Ayn Rand<\/strong> partage avec <strong>Karl Marx<\/strong>, le fait d&rsquo;\u00eatre n\u00e9e dans une famille juive et d&rsquo;\u00eatre devenue ath\u00e9e. Mais \u00e9tant n\u00e9e \u00e0 Saint-P\u00e9tersbourg, le 2 f\u00e9vrier 1905, elle va vivre sa jeunesse dans un r\u00e9gime qui pr\u00f4ne les principes du marxisme et du collectivisme. Cette exp\u00e9rience sera d\u00e9terminante dans le cheminement de sa pens\u00e9e qui va s&rsquo;opposer int\u00e9gralement \u00e0 ce qu&rsquo;elle aura v\u00e9cu en Union sovi\u00e9tique.<br \/>\n<\/span><\/p>\n<p><span style=\"color: #777777; font-family: Arial;\">Son nom de naissance est <strong>Alissa Zinovievna Rosenbaum<\/strong>. A 12 ans, elle \u00e9crit dans son journal intime qu&rsquo;elle a d\u00e9cid\u00e9 de devenir ath\u00e9e.<br \/>\n<\/span><\/p>\n<p><span style=\"color: #777777; font-family: Arial;\">Elle s&rsquo;int\u00e9resse tr\u00e8s jeune \u00e0 la litt\u00e9rature et au cin\u00e9ma, \u00e9crivant d\u00e8s l&rsquo;\u00e2ge de sept ans des romans ou des sc\u00e9narios. \u00c0 l&rsquo;\u00e2ge de neuf ans, elle d\u00e9cide de devenir \u00e9crivain.<br \/>\n<\/span><\/p>\n<p><span style=\"color: #777777; font-family: Arial;\">M\u00eame si elle d\u00e9teste le communisme c&rsquo;est gr\u00e2ce \u00e0 ce r\u00e9gime qu&rsquo;elle peut, en tant que femme, entrer \u00e0 l&rsquo;Universit\u00e9. Elle arrive \u00e0 convaincre les autorit\u00e9s sovi\u00e9tiques de la laisser aller aux \u00c9tats-Unis pour y \u00e9tudier les moyens de propagande utilis\u00e9s par les am\u00e9ricains dans le cin\u00e9ma d&rsquo;Hollywood, afin de pouvoir utiliser les m\u00eames outils pour promouvoir la r\u00e9volution bolch\u00e9vique.<br \/>\n<\/span><\/p>\n<p><span style=\"color: #777777; font-family: Arial;\"><img loading=\"lazy\" decoding=\"async\" class=\" wp-image-11759 alignleft\" src=\"https:\/\/lemotdujour.fr\/wp-content\/uploads\/2021\/07\/AYn-Rand2.jpg\" alt=\"\" width=\"339\" height=\"411\" srcset=\"https:\/\/lemotdujour.fr\/wp-content\/uploads\/2021\/07\/AYn-Rand2.jpg 831w, https:\/\/lemotdujour.fr\/wp-content\/uploads\/2021\/07\/AYn-Rand2-247x300.jpg 247w, https:\/\/lemotdujour.fr\/wp-content\/uploads\/2021\/07\/AYn-Rand2-768x932.jpg 768w\" sizes=\"auto, (max-width: 339px) 100vw, 339px\" \/>Elle immigre donc aux \u00c9tats-Unis et bien entendu s&rsquo;y installe pour le reste de sa vie.<br \/>\n<\/span><\/p>\n<p><span style=\"color: #777777; font-family: Arial;\">Elle est naturalis\u00e9e am\u00e9ricaine le 13 mars 1931. C&rsquo;est alors qu&rsquo;elle change son nom en \u00ab <strong>Ayn Rand <\/strong>\u00bb. Wikipedia pr\u00e9tend que c&rsquo;est en r\u00e9f\u00e9rence \u00e0 la transcription en cyrillique du nom de sa famille. Dans les \u00e9missions de Xavier la Porte, il a \u00e9t\u00e9 avanc\u00e9 que l&rsquo;on n&rsquo;en savait rien.<br \/>\n<\/span><\/p>\n<p><span style=\"color: #777777; font-family: Arial;\">Un concours de circonstance et son audace vont lui permettre de d\u00e9marrer une carri\u00e8re dans le cin\u00e9ma : Elle interpelle, \u00e0 New York, le c\u00e9l\u00e8bre producteur <strong>C\u00e9cil B. DeMille<\/strong>, qui apr\u00e8s discussion avec elle, l&#8217;embauche.<br \/>\n<\/span><\/p>\n<p><span style=\"color: #777777; font-family: Arial;\">Elle \u00e9crit des sc\u00e9narios, des pi\u00e8ces de th\u00e9\u00e2tre puis ses romans qui la rendront extr\u00eamement c\u00e9l\u00e8bre aux \u00c9tats-Unis m\u00eame si la premi\u00e8re r\u00e9action, notamment des critiques litt\u00e9raires, fut n\u00e9gative.<br \/>\n<\/span><\/p>\n<p><span style=\"color: #777777; font-family: Arial;\">Les 5 \u00e9missions sont passionnantes\u00a0:<br \/>\n<\/span><\/p>\n<ul>\n<li><span style=\"color: #777777; font-family: Arial;\">&lt;<a href=\"https:\/\/www.franceculture.fr\/emissions\/avoir-raison-avec-ayn-rand\/de-saint-petersbourg-new-york\"><span style=\"color: #0000ff;\">De Saint-Petersbourg \u00e0 New York<\/span><\/a><span style=\"color: #0000ff;\">&gt;<\/span><br \/>\n<\/span><\/li>\n<li><span style=\"color: #0000ff; font-family: Arial;\">&lt;<a style=\"color: #0000ff;\" href=\"https:\/\/www.franceculture.fr\/emissions\/avoir-raison-avec-ayn-rand\/la-gloire-enfin\">La Gloire, enfin<\/a>&gt;<br \/>\n<\/span><\/li>\n<li><span style=\"color: #0000ff; font-family: Arial;\">&lt;<a style=\"color: #0000ff;\" href=\"https:\/\/www.franceculture.fr\/emissions\/avoir-raison-avec-ayn-rand\/ayn-rand-et-les-libertariens\">Ayn Rand et les libertariens<\/a>&gt;<br \/>\n<\/span><\/li>\n<li><span style=\"color: #0000ff; font-family: Arial;\">&lt;<a style=\"color: #0000ff;\" href=\"https:\/\/www.franceculture.fr\/emissions\/avoir-raison-avec-ayn-rand\/lheritage-litteraire\">L&rsquo;h\u00e9ritage litt\u00e9raire<\/a>&gt;<br \/>\n<\/span><\/li>\n<li><span style=\"color: #777777; font-family: Arial;\"><span style=\"color: #0000ff;\">&lt;<a style=\"color: #0000ff;\" href=\"https:\/\/www.franceculture.fr\/emissions\/avoir-raison-avec-ayn-rand\/avoir-20-ans-et-lire-ayn-rand\">Avoir 20 ans et lire Ayn Rand<\/a>&gt;<\/span><br \/>\n<\/span><\/li>\n<\/ul>\n<p><span style=\"color: #777777; font-family: Arial;\">Vous y apprendrez beaucoup sur l&rsquo;influence qu&rsquo;elle a exerc\u00e9, mais aussi sur la complexit\u00e9 et les contradictions de cette femme \u00e9tonnante.<br \/>\n<\/span><\/p>\n<p><span style=\"color: #777777; font-family: Arial;\">Ainsi malgr\u00e9 sa rationalit\u00e9 elle fumait beaucoup et elle est morte d&rsquo;un cancer au poumon.<br \/>\n<\/span><\/p>\n<p><span style=\"color: #777777; font-family: Arial;\">Malgr\u00e9 son refus de l&rsquo;\u00e9tat social et de l&rsquo;altruisme elle a man\u0153uvr\u00e9 \u00e0 la fin de sa vie afin de pouvoir profiter de \u00ab <a href=\"https:\/\/fr.wikipedia.org\/wiki\/Medicare\"><span style=\"color: #0000ff;\">m\u00e9dicare<\/span><\/a>\u00a0\u00bb pour faire soigner son cancer.<br \/>\n<\/span><\/p>\n<p><span style=\"color: maroon; font-family: Arial;\">&lt;1591&gt;<\/span><\/p>\n","protected":false},"excerpt":{"rendered":"<p>\u00ab Atlas Shruggeds \u00bb Ayn Rand Margaret Thatcher puis Ronald Reagan vont \u00eatre les fers de lance de la r\u00e9volution n\u00e9o lib\u00e9rale ou conservatrice. Mais quels sont les penseurs de cette r\u00e9volution\u00a0? J&rsquo;ai toujours lu le r\u00f4le essentiel qu&rsquo;a jou\u00e9<\/p>\n","protected":false},"author":1,"featured_media":0,"comment_status":"open","ping_status":"closed","sticky":false,"template":"","format":"standard","meta":{"footnotes":""},"categories":[1],"tags":[65,202,9],"class_list":["post-11750","post","type-post","status-publish","format-standard","hentry","category-motdujour","tag-etats-unis","tag-liberalisme","tag-litterature"],"_links":{"self":[{"href":"https:\/\/lemotdujour.fr\/index.php?rest_route=\/wp\/v2\/posts\/11750","targetHints":{"allow":["GET"]}}],"collection":[{"href":"https:\/\/lemotdujour.fr\/index.php?rest_route=\/wp\/v2\/posts"}],"about":[{"href":"https:\/\/lemotdujour.fr\/index.php?rest_route=\/wp\/v2\/types\/post"}],"author":[{"embeddable":true,"href":"https:\/\/lemotdujour.fr\/index.php?rest_route=\/wp\/v2\/users\/1"}],"replies":[{"embeddable":true,"href":"https:\/\/lemotdujour.fr\/index.php?rest_route=%2Fwp%2Fv2%2Fcomments&post=11750"}],"version-history":[{"count":6,"href":"https:\/\/lemotdujour.fr\/index.php?rest_route=\/wp\/v2\/posts\/11750\/revisions"}],"predecessor-version":[{"id":11766,"href":"https:\/\/lemotdujour.fr\/index.php?rest_route=\/wp\/v2\/posts\/11750\/revisions\/11766"}],"wp:attachment":[{"href":"https:\/\/lemotdujour.fr\/index.php?rest_route=%2Fwp%2Fv2%2Fmedia&parent=11750"}],"wp:term":[{"taxonomy":"category","embeddable":true,"href":"https:\/\/lemotdujour.fr\/index.php?rest_route=%2Fwp%2Fv2%2Fcategories&post=11750"},{"taxonomy":"post_tag","embeddable":true,"href":"https:\/\/lemotdujour.fr\/index.php?rest_route=%2Fwp%2Fv2%2Ftags&post=11750"}],"curies":[{"name":"wp","href":"https:\/\/api.w.org\/{rel}","templated":true}]}}