{"id":11735,"date":"2021-07-08T02:10:00","date_gmt":"2021-07-08T00:10:00","guid":{"rendered":"http:\/\/lemotdujour.fr\/?p=11735"},"modified":"2021-07-07T23:16:35","modified_gmt":"2021-07-07T21:16:35","slug":"jeudi-8-juillet-2021","status":"publish","type":"post","link":"https:\/\/lemotdujour.fr\/?p=11735","title":{"rendered":"Jeudi 8 juillet 2021"},"content":{"rendered":"<div class=\"mdjTexte\">\u00ab Pause (Edgar Morin a 100 ans) \u00bb<\/div>\n<div class=\"mdjAuteur\">Un jour sans mot du jour nouveau<\/div>\n<p><span style=\"color: #777777; font-family: Arial;\">Edgar Morin est n\u00e9 le 8 juillet 1921.<br \/>\n<\/span><\/p>\n<p><img decoding=\"async\" class=\"alignleft\" src=\"https:\/\/lemotdujour.fr\/wp-content\/uploads\/2021\/07\/070721_2110_Jeudi8juill1.jpg\" alt=\"\" align=\"left\" \/><span style=\"color: #777777; font-family: Arial;\">Il a publi\u00e9 une tribune dans le monde \u00e0 cette occasion dans laquelle il retrace l&rsquo;aventure humaine pendant les cents ans de sa p\u00e9riode de vie\u00a0: &lt; <a href=\"https:\/\/www.lemonde.fr\/idees\/article\/2021\/07\/07\/edgar-morin-cette-pensee-humaine-capable-de-creer-les-plus-formidables-machines-est-incapable-de-creer-la-moindre-libellule_6087278_3232.html\"><span style=\"color: #0000ff;\">Cette pens\u00e9e humaine capable de cr\u00e9er les plus formidables machines est incapable de cr\u00e9er la moindre libellule<\/span> &gt;<br \/>\n<\/a><\/span><span style=\"color: #777777; font-family: Arial;\">Il y \u00e9crit notamment\u00a0:<br \/>\n<\/span><\/p>\n<p style=\"margin-left: 28pt;\"><span style=\"color: #c00000; font-family: Arial;\">\u00ab\u00a0Nous vivons donc en 2021 une \u00e9tape nouvelle de la phase extraordinaire de l&rsquo;aventure humaine o\u00f9 culmine le paradoxe de la toute-puissance et de la toute-faiblesse humaine.<br \/>\n<\/span><\/p>\n<p style=\"margin-left: 28pt;\"><span style=\"color: #c00000; font-family: Arial;\">L&rsquo;infirmit\u00e9 ne vient pas seulement de la fragilit\u00e9 humaine (le malheur, la mort, l&rsquo;inattendu) mais aussi des effets destructeurs de la toute-puissance scientifique-technique-\u00e9conomique, elle-m\u00eame anim\u00e9e par la d\u00e9mesure accrue de la volont\u00e9 de puissance et de la volont\u00e9 de profit.<br \/>\n<\/span><\/p>\n<p style=\"margin-left: 28pt;\"><span style=\"color: #c00000; font-family: Arial;\">Cette pens\u00e9e humaine capable de cr\u00e9er les plus formidables machines est incapable de cr\u00e9er la moindre libellule. Cette intelligence capable de lancer dans le cosmos fus\u00e9es et stations spatiales, capable de cr\u00e9er une intelligence artificielle capable de toutes les computations, est incapable de concevoir la complexit\u00e9 de la condition humaine, du devenir humain. Cette intelligence capable de d\u00e9couper le r\u00e9el en petits morceaux et de les traiter logiquement et rationnellement est incapable de rassembler et d&rsquo;int\u00e9grer les \u00e9l\u00e9ments du puzzle et de traiter une r\u00e9alit\u00e9 qui exige une rationalit\u00e9 complexe concevant les ambivalences, la compl\u00e9mentarit\u00e9 des antagonismes et les limites de la logique du tiers exclu.<br \/>\n<\/span><\/p>\n<p style=\"margin-left: 28pt;\"><span style=\"color: #c00000; font-family: Arial;\">Quand saurons-nous que tout ce qui est s\u00e9parable est ins\u00e9parable ?<br \/>\n<\/span><\/p>\n<p style=\"margin-left: 28pt;\"><span style=\"color: #c00000; font-family: Arial;\">Quand saurons-nous que tout ce qui est autonome est d\u00e9pendant de son environnement, depuis l&rsquo;autonomie du vivant qui doit renouveler son \u00e9nergie en s&rsquo;alimentant pour vivre et en information pour agir jusqu&rsquo;\u00e0 mon autonomie pr\u00e9sente sur mon ordinateur, qui d\u00e9pend d&rsquo;\u00e9lectricit\u00e9 et de Wi-Fi ?<br \/>\n<\/span><\/p>\n<p style=\"margin-left: 28pt;\"><span style=\"color: #c00000; font-family: Arial;\">Aussi devons-nous comprendre que tout ce qui \u00e9mancipe techniquement et mat\u00e9riellement peut en m\u00eame temps asservir, depuis le premier outil devenu en m\u00eame temps arme, jusqu&rsquo;\u00e0 l&rsquo;intelligence artificielle en passant par la machine industrielle. N&rsquo;oublions pas que la crise formidable que nous vivons est aussi une crise de la connaissance (o\u00f9 l&rsquo;information remplace la compr\u00e9hension et o\u00f9 les connaissances isol\u00e9es mutilent la connaissance), une crise de la rationalit\u00e9 close ou r\u00e9duite au calcul, une crise de la pens\u00e9e.\u00a0\u00bb<br \/>\n<\/span><\/p>\n<p><a href=\"https:\/\/www.lemonde.fr\/idees\/article\/2021\/07\/07\/edgar-morin-cette-pensee-humaine-capable-de-creer-les-plus-formidables-machines-est-incapable-de-creer-la-moindre-libellule_6087278_3232.html\"><span style=\"color: #777777; font-family: Arial;\">&lt;<\/span><\/a><a href=\"https:\/\/www.lefigaro.fr\/culture\/emmanuel-macron-recoit-edgar-morin-a-l-elysee-pour-ses-100-ans-20210707\"><span style=\"color: #0000ff;\">Le Figaro<\/span><\/a>&gt; nous apprend que Emmanuel Macron le re\u00e7oit aujourd&rsquo;hui \u00e0 l&rsquo;Elys\u00e9e.<br \/>\n<span style=\"color: #777777; font-family: Arial;\">Le chef de l&rsquo;\u00c9tat selon un communiqu\u00e9 de l&rsquo;Elys\u00e9e\u00a0:<br \/>\n<\/span><\/p>\n<p style=\"margin-left: 28pt;\"><span style=\"color: #c00000; font-family: Arial;\">\u00abprononcera un discours pour c\u00e9l\u00e9brer ce centi\u00e8me anniversaire et saluer le parcours de celui qui entra dans la R\u00e9sistance alors qu&rsquo;il n&rsquo;avait pas encore 20 ans, ses engagements, en faveur de la \u00ab\u00a0Terre-Patrie\u00a0\u00bb depuis pr\u00e8s de 50 ans et ses contributions \u00e0 la compr\u00e9hension des hommes et du monde en tant qu&rsquo;humaniste et europ\u00e9en convaincu\u00bb<br \/>\n<\/span><\/p>\n<p><span style=\"color: #777777; font-family: Arial;\">Et le Figaro de rappeler que\u00a0:<br \/>\n<\/span><\/p>\n<p style=\"margin-left: 28pt;\"><span style=\"color: #c00000; font-family: Arial;\">\u00ab\u00a0En f\u00e9vrier 2018, Edgar Morin signait dans Le Monde une tribune \u00e9logieuse \u00e0 l&rsquo;\u00e9gard d&rsquo;Emmanuel Macron, dont il saluait la capacit\u00e9 \u00e0 \u00ab\u00eatre un intellectuel litt\u00e9rairement et philosophiquement cultiv\u00e9 et un homme qui fait carri\u00e8re aux antipodes de la philosophie, dans la banque et la finance\u00bb.<br \/>\n<\/span><\/p>\n<p><span style=\"color: #777777; font-family: Arial;\">Et en m\u00eame temps<br \/>\n<\/span><\/p>\n<p style=\"margin-left: 28pt;\"><span style=\"color: #c00000; font-family: Arial;\">\u00ab\u00a0Mais dans son dernier livre paru en juin, on lit aussi sa sympathie pour les opposants les plus farouches au chef de l&rsquo;\u00c9tat. Selon lui, \u00ab bien des protestations, col\u00e8res et r\u00e9voltes populaires, comme le mouvement des \u00ab\u00a0Gilets jaunes\u00a0\u00bb, comportent chez leurs participants, pas uniquement certes, mais incontestablement, le besoin d&rsquo;\u00eatre reconnus dans leur pleine qualit\u00e9 humaine &#8211; ce qu&rsquo;on appelle dignit\u00e9\u00bb.<\/span><\/p>\n<p><span style=\"color: maroon; font-family: Arial;\">&lt;mot du jour sans num\u00e9ro&gt;<\/span><\/p>\n","protected":false},"excerpt":{"rendered":"<p>\u00ab Pause (Edgar Morin a 100 ans) \u00bb Un jour sans mot du jour nouveau Edgar Morin est n\u00e9 le 8 juillet 1921. Il a publi\u00e9 une tribune dans le monde \u00e0 cette occasion dans laquelle il retrace l&rsquo;aventure humaine<\/p>\n","protected":false},"author":1,"featured_media":0,"comment_status":"open","ping_status":"closed","sticky":false,"template":"","format":"standard","meta":{"footnotes":""},"categories":[1],"tags":[96],"class_list":["post-11735","post","type-post","status-publish","format-standard","hentry","category-motdujour","tag-pause"],"_links":{"self":[{"href":"https:\/\/lemotdujour.fr\/index.php?rest_route=\/wp\/v2\/posts\/11735","targetHints":{"allow":["GET"]}}],"collection":[{"href":"https:\/\/lemotdujour.fr\/index.php?rest_route=\/wp\/v2\/posts"}],"about":[{"href":"https:\/\/lemotdujour.fr\/index.php?rest_route=\/wp\/v2\/types\/post"}],"author":[{"embeddable":true,"href":"https:\/\/lemotdujour.fr\/index.php?rest_route=\/wp\/v2\/users\/1"}],"replies":[{"embeddable":true,"href":"https:\/\/lemotdujour.fr\/index.php?rest_route=%2Fwp%2Fv2%2Fcomments&post=11735"}],"version-history":[{"count":3,"href":"https:\/\/lemotdujour.fr\/index.php?rest_route=\/wp\/v2\/posts\/11735\/revisions"}],"predecessor-version":[{"id":11738,"href":"https:\/\/lemotdujour.fr\/index.php?rest_route=\/wp\/v2\/posts\/11735\/revisions\/11738"}],"wp:attachment":[{"href":"https:\/\/lemotdujour.fr\/index.php?rest_route=%2Fwp%2Fv2%2Fmedia&parent=11735"}],"wp:term":[{"taxonomy":"category","embeddable":true,"href":"https:\/\/lemotdujour.fr\/index.php?rest_route=%2Fwp%2Fv2%2Fcategories&post=11735"},{"taxonomy":"post_tag","embeddable":true,"href":"https:\/\/lemotdujour.fr\/index.php?rest_route=%2Fwp%2Fv2%2Ftags&post=11735"}],"curies":[{"name":"wp","href":"https:\/\/api.w.org\/{rel}","templated":true}]}}