{"id":11723,"date":"2021-07-07T00:10:00","date_gmt":"2021-07-06T22:10:00","guid":{"rendered":"http:\/\/lemotdujour.fr\/?p=11723"},"modified":"2021-10-21T11:43:18","modified_gmt":"2021-10-21T09:43:18","slug":"mercredi-7-juillet-2021","status":"publish","type":"post","link":"https:\/\/lemotdujour.fr\/?p=11723","title":{"rendered":"Mercredi 7 juillet 2021"},"content":{"rendered":"<div class=\"mdjTexte\">\u00ab L&rsquo;ann\u00e9e 1979 \u00bb<\/div>\n<div class=\"mdjAuteur\">Ann\u00e9e du grand retournement<\/div>\n<p><span style=\"color: #777777; font-family: Arial;\">Pour Amin Maalouf, <strong>l&rsquo;ann\u00e9e 1979<\/strong> est l&rsquo;ann\u00e9e du grand retournement.<br \/>\n<\/span><\/p>\n<p><span style=\"color: #777777; font-family: Arial;\">L&rsquo;ann\u00e9e qui va avoir une importance primordiale dans l&rsquo;\u00e9volution du monde.<br \/>\n<\/span><\/p>\n<p><span style=\"color: #777777; font-family: Arial;\">L&rsquo;ann\u00e9e 1979 <strong>commence par la r\u00e9volution islamique d&rsquo;Iran<br \/>\n<\/strong><\/span><\/p>\n<p><span style=\"color: #777777; font-family: Arial;\">En deux mois, Khomeiny prend l&rsquo;int\u00e9gralit\u00e9 du pouvoir\u00a0:<br \/>\n<\/span><\/p>\n<p style=\"margin-left: 85pt;\"><span style=\"color: #c0504d; font-family: Arial;\">16\/01\/1979\u00a0\u00a0\u00a0\u00a0Le Chah d\u00b4Iran Mohammad Reza Palhavi quitte son royaume pour laisser la place quinze jours plus tard \u00e0 son ennemi Khomeini.<br \/>\n<\/span><\/p>\n<p style=\"margin-left: 85pt;\"><span style=\"color: #c0504d; font-family: Arial;\">01\/02\/1979\u00a0\u00a0\u00a0\u00a0Apr\u00e8s 14 ans d&rsquo;exil forc\u00e9 en Irak et en France, et 14 jours apr\u00e8s le d\u00e9part tout aussi forc\u00e9 du chah d&rsquo;Iran, l&rsquo;ayatollah Rouhollah Khomeini revient triomphalement \u00e0 T\u00e9h\u00e9ran.<br \/>\n<\/span><\/p>\n<p style=\"margin-left: 85pt;\"><span style=\"color: #c0504d; font-family: Arial;\">11\/02\/1979\u00a0\u00a0\u00a0\u00a0L&rsquo;ayatollah Khomeiny annon\u00e7e la chute du Shah d&rsquo;Iran et la cr\u00e9ation de la R\u00e9publique islamique, apr\u00e8s 53 ans de monarchie dirig\u00e9e par les Pahlavi.<br \/>\n<\/span><\/p>\n<p style=\"margin-left: 85pt;\"><span style=\"color: #c0504d; font-family: Arial;\">12\/02\/1979\u00a0\u00a0\u00a0\u00a0En Iran, la capitale T\u00e9h\u00e9ran est aux mains des insurg\u00e9s apr\u00e8s de violents combats.<br \/>\n<\/span><\/p>\n<p style=\"margin-left: 85pt;\"><span style=\"color: #c0504d; font-family: Arial;\">26\/02\/1979\u00a0\u00a0\u00a0\u00a0Le premier ministre d&rsquo;Iran Chapour Bakthiar fuit son pays pour Paris.<br \/>\n<\/span><\/p>\n<p><span style=\"color: #777777; font-family: Arial;\">Et d\u00e9but mars, il impose cette r\u00e9gression aux femmes iraniennes :<br \/>\n<\/span><\/p>\n<p style=\"margin-left: 85pt;\"><span style=\"color: #c0504d; font-family: Arial;\">01\/03\/1979\u00a0\u00a0\u00a0 Khomeyni exalte les valeurs de l&rsquo;Islam et impose aux femmes le port du voile (Tchador).<br \/>\n<\/span><\/p>\n<p><span style=\"color: #777777; font-family: Arial;\">L&rsquo;ann\u00e9e 1979 <strong>se termine par l&rsquo;invasion de l&rsquo;Afghanistan par l&rsquo;URSS<\/strong>\u00a0:<br \/>\n<\/span><\/p>\n<p style=\"margin-left: 85pt;\"><span style=\"color: #c0504d; font-family: Arial;\">27\/12\/1979\u00a0\u00a0\u00a0\u00a0Les troupes sovi\u00e9tiques envahissent l&rsquo;Afghanistan.<br \/>\n<\/span><\/p>\n<p><span style=\"color: #777777; font-family: Arial;\">Et au milieu de l&rsquo;ann\u00e9e, il se passe un \u00e9v\u00e8nement consid\u00e9rable dans le monde politique et \u00e9conomique occidental\u00a0:<br \/>\n<\/span><\/p>\n<p style=\"margin-left: 85pt;\"><span style=\"color: #c0504d; font-family: Arial;\">04\/05\/1979\u00a0\u00a0\u00a0\u00a0Margaret Thatcher devient Premier Ministre en Grande-Bretagne.<br \/>\n<\/span><\/p>\n<p><span style=\"color: #777777; font-family: Arial;\">Amin Maalouf annexe deux \u00e9v\u00e8nements consid\u00e9rables du dernier trimestre 1978 aux pr\u00e9mices de l&rsquo;ann\u00e9e 1979\u00a0:<br \/>\n<\/span><\/p>\n<p style=\"margin-left: 85pt;\"><span style=\"color: #c0504d; font-family: Arial;\">16\/10\/1978\u00a0\u00a0\u00a0\u00a0Le polonais Karol Jozef Wojtyla est \u00e9lu pape sous le nom de Jean-Paul II.<br \/>\n<\/span><\/p>\n<p style=\"margin-left: 85pt;\"><span style=\"color: #c0504d; font-family: Arial;\">18\/12\/1978\u00a0\u00a0\u00a0\u00a0Le 11<sup>\u00e8me<\/sup> Comit\u00e9 central du Parti Communiste Chinois adopte les r\u00e9formes \u00e9conomiques propos\u00e9e par Deng Xiaoping qui devient le N\u00b01 chinois<br \/>\n<\/span><\/p>\n<p><span style=\"color: #777777; font-family: Arial;\">Trois autres \u00e9v\u00e8nements sont fondamentaux dans la lecture du \u00ab\u00a0<strong>Naufrage des civilisations<\/strong>\u00a0\u00bb<br \/>\n<\/span><\/p>\n<p><span style=\"color: #777777; font-family: Arial;\">D\u00e9coulant directement de la r\u00e9volution islamique\u00a0:<br \/>\n<\/span><\/p>\n<p style=\"margin-left: 85pt;\"><span style=\"color: #c0504d; font-family: Arial;\">04\/11\/1979\u00a0\u00a0\u00a0\u00a0Des centaines d&rsquo;\u00e9tudiants iraniens envahissent l&rsquo;ambassade am\u00e9ricaine \u00e0 T\u00e9h\u00e9ran.<br \/>\n<\/span><\/p>\n<p><span style=\"color: #777777; font-family: Arial;\">En face de cette r\u00e9volution chiite, les exalt\u00e9s sunnites commencent le job\u00a0:<br \/>\n<\/span><\/p>\n<p style=\"margin-left: 85pt;\"><span style=\"color: #c0504d; font-family: Arial;\">20\/11\/1979\u00a0\u00a0\u00a0\u00a0quelques centaines de musulmans fondamentalistes s&#8217;emparent de la Grande mosqu\u00e9e de La Mecque, lieu sacr\u00e9 de la ville sainte de l&rsquo;islam.<br \/>\n<\/span><\/p>\n<p><span style=\"color: #777777; font-family: Arial;\">Enfin, Amin Maalouf insiste sur un dernier \u00e9v\u00e8nement : la premi\u00e8re d\u00e9cision non \u00e9conomique d&rsquo;importance de Deng Xiaoping : il d\u00e9cide que la Chine entre en guerre contre le Viet-Nam :<br \/>\n<\/span><\/p>\n<p style=\"margin-left: 85pt;\"><span style=\"color: #c0504d; font-family: Arial;\">17\/02\/1979\u00a0\u00a0\u00a0\u00a0D\u00e9but de la guerre sino-vietnamienne qui s&rsquo;ach\u00e8vera le 16 mars 1979.<br \/>\n<\/span><\/p>\n<p><span style=\"color: #777777; font-family: Arial;\">Cette guerre est la cons\u00e9quence directe d&rsquo;un autre \u00e9v\u00e9nement du tout d\u00e9but 1979\u00a0:<br \/>\n<\/span><\/p>\n<p style=\"margin-left: 85pt;\"><span style=\"color: #c0504d; font-family: Arial;\">07\/01\/1979\u00a0\u00a0\u00a0\u00a0Chute du r\u00e9gime des Khmers rouges de Pol Pot au Cambodge<br \/>\n<\/span><\/p>\n<p><span style=\"color: #777777; font-family: Arial;\">Cette chute est due \u00e0 l&rsquo;intervention militaire du Vietnam qui a envahi le Cambodge. Or, la Chine est l&rsquo;alli\u00e9e des khmers rouges.<br \/>\n<\/span><\/p>\n<p><span style=\"color: #777777; font-family: Arial;\">Voil\u00e0 donc l&rsquo;ensemble des \u00e9v\u00e8nements de 1979 que nous allons examiner, sous l&rsquo;\u00e9clairage d&rsquo;Amin Maalouf, dans les jours qui viennent.<\/span><br \/>\n<span style=\"color: #777777; font-family: Arial;\">Amin Maalouf synth\u00e9tise l&rsquo;ensemble de ces \u00e9v\u00e8nements par cette analyse\u00a0:<\/span><\/p>\n<p style=\"margin-left: 28pt;\"><span style=\"color: #c00000; font-family: Arial;\">\u00ab Ce qui m&rsquo;est apparu clairement en revisitant l&rsquo;actualit\u00e9 d&rsquo;hier, c&rsquo;est qu&rsquo;il y a eu, aux alentours de l&rsquo;ann\u00e9e 1979, des \u00e9v\u00e8nements d\u00e9terminants, dont je n&rsquo;ai pas saisi l&rsquo;importance sur le moment. Ils ont provoqu\u00e9, partout dans le monde, comme un \u00ab retournement \u00bb durable des id\u00e9es et des attitudes. Leur proximit\u00e9 dans le temps n&rsquo;\u00e9tait surement pas le r\u00e9sultat d&rsquo;une action concert\u00e9e ; mais elle n&rsquo;\u00e9tait pas non plus le fruit du hasard. Je parlerais plut\u00f4t d&rsquo;une \u00ab conjonction \u00bb. C&rsquo;est comme si une nouvelle \u00ab saison \u00bb \u00e9tait arriv\u00e9e \u00e0 maturit\u00e9, et quelle faisait \u00e9clore ses fleurs en mille endroits \u00e0 la fois. Ou comme si \u00ab l&rsquo;esprit du temps \u00bb [la philosophie allemande le nomme <em>Zeitgeist<\/em>] \u00e9tait en train de nous signifier la fin d&rsquo;un cycle et le commencement d&rsquo;un autre.\u00a0\u00bb<br \/>\n<em>Le Naufrage des civilisations page 169<br \/>\n<\/em><\/span><\/p>\n<p><span style=\"color: #777777; font-family: Arial;\">Mais, j&rsquo;ai essay\u00e9 d&rsquo;\u00e9largir et de trouver d&rsquo;autres \u00e9v\u00e8nements de 1979 que n&rsquo;\u00e9voque pas l&rsquo;auteur du \u00ab Naufrage des civilisations \u00bb ou alors tr\u00e8s rapidement.<br \/>\n<\/span><\/p>\n<p><span style=\"color: #777777; font-family: Arial;\">Il y a d&rsquo;abord un \u00e9v\u00e8nement qui a jou\u00e9 un grand r\u00f4le en France\u00a0:<br \/>\n<\/span><\/p>\n<p style=\"margin-left: 85pt;\"><span style=\"color: #c0504d; font-family: Arial;\">21\/09\/1979\u00a0\u00a0\u00a0\u00a0Destitution de l\u00b4empereur Bokassa, au pouvoir en r\u00e9publique centrafricaine depuis le 31 d\u00e9cembre 1965.<br \/>\n<\/span><\/p>\n<p><span style=\"color: #777777; font-family: Arial;\">Il faut se rappeler que cet alli\u00e9 de la France avait d\u00e9cid\u00e9 de se faire couronner empereur, comme Napol\u00e9on pr\u00e9cisait-il en 1977. Les alliances \u00e9tant ce qu&rsquo;elles sont, il a su convaincre la t\u00e9l\u00e9vision fran\u00e7aise (qui n&rsquo;\u00e9tait pas ind\u00e9pendante du pouvoir) de filmer toute la c\u00e9r\u00e9monie et de la diffuser en France.<br \/>\n<\/span><\/p>\n<p><span style=\"color: #777777; font-family: Arial;\">Ses frasques devenant g\u00eanantes, Val\u00e9ry Giscard d&rsquo;Estaing donna l&rsquo;ordre de le faire destituer.<br \/>\n<\/span><\/p>\n<p><span style=\"color: #777777; font-family: Arial;\">Tr\u00e8s rapidement, l&#8217;empereur d\u00e9chu se vengea. Giscard adorait chasser les grands fauves en Centre-afrique. Il avait ainsi souvent c\u00f4toy\u00e9 Bokassa en dehors des seules relations diplomatiques. Dans le cadre de ces relations amicales des dons \u00e9taient \u00e9chang\u00e9s.<br \/>\n<\/span><\/p>\n<p><span style=\"color: #777777; font-family: Arial;\">Et inform\u00e9 par Bokassa et son entourage\u00a0:<br \/>\n<\/span><\/p>\n<p style=\"margin-left: 85pt;\"><span style=\"color: #c0504d; font-family: Arial;\">10\/10\/1979\u00a0\u00a0\u00a0\u00a0Le canard encha\u00een\u00e9 d\u00e9voile l&rsquo;affaire des diamants de Bokassa, diamants offerts par Jean-Bedel Bokassa au pr\u00e9sident fran\u00e7ais Val\u00e9ry Giscard d&rsquo;Estaing.<br \/>\n<\/span><\/p>\n<p><span style=\"color: #777777; font-family: Arial;\">Cette affaire, dont on sait aujourd&rsquo;hui que les r\u00e9v\u00e9lations du Canard \u00e9taient entach\u00e9es d&rsquo;une erreur manifeste d&rsquo;\u00e9valuation, les diamants ne valaient pas grand-chose, jouera un r\u00f4le essentiel dans la d\u00e9faite de Giscard d&rsquo;Estaing et donc l&rsquo;arriv\u00e9e de Fran\u00e7ois Mitterrand au pouvoir.<br \/>\n<\/span><\/p>\n<p><span style=\"color: #777777; font-family: Arial;\">Surtout qu&rsquo;une deuxi\u00e8me t\u00e9n\u00e9breuse affaire allait affecter la r\u00e9putation du gouvernement et donc du pr\u00e9sident de la R\u00e9publique\u00a0:<br \/>\n<\/span><\/p>\n<p style=\"margin-left: 85pt;\"><span style=\"color: #c0504d; font-family: Arial;\">30\/10\/1979\u00a0\u00a0\u00a0\u00a0Le corps du ministre fran\u00e7ais du travail Robert Boulin est retrouv\u00e9 mort dans un \u00e9tang de la for\u00eat de Rambouillet. La cause de sa mort, officiellement un suicide, fait encore d\u00e9bat, la th\u00e8se d&rsquo;un assassinat n&rsquo;est plus \u00e9cart\u00e9e.<br \/>\n<\/span><\/p>\n<p><span style=\"color: #777777; font-family: Arial;\">Notons que c&rsquo;est 20 jours apr\u00e8s l&rsquo;article du Canard encha\u00een\u00e9. Chirac disait :<br \/>\n<\/span><\/p>\n<p style=\"margin-left: 28pt;\"><span style=\"color: #c00000; font-family: Arial;\">\u00ab\u00a0Les emmerdes, \u00e7a vole toujours en escadrille\u00a0\u00bb.<br \/>\n<\/span><\/p>\n<p><span style=\"color: #777777; font-family: Arial;\">Cela \u00e9tant, Chirac \u00e9tait tr\u00e8s satisfait des ennuis de Giscard.<br \/>\n<\/span><\/p>\n<p><span style=\"color: #777777; font-family: Arial;\">Bokassa ne fut pas le seul dirigeant \u00e0 \u00eatre \u00e9cart\u00e9 brutalement du pouvoir\u00a0:<br \/>\n<\/span><\/p>\n<p style=\"margin-left: 85pt;\"><span style=\"color: #c0504d; font-family: Arial;\">04\/04\/1979\u00a0\u00a0\u00a0\u00a0L&rsquo;ancien pr\u00e9sident de la r\u00e9publique du Pakistan Zulfikar Ali Bhutto est ex\u00e9cut\u00e9 par pendaison.<br \/>\n<\/span><\/p>\n<p style=\"margin-left: 85pt;\"><span style=\"color: #c0504d; font-family: Arial;\">11\/04\/1979\u00a0\u00a0\u00a0\u00a0Le dictateur Amin Dada, autoproclam\u00e9 pr\u00e9sident \u00e0 vie de l&rsquo;Ouganda, est finalement contraint de fuir son pays apr\u00e8s huit ans de pouvoir absolu.<br \/>\n<\/span><\/p>\n<p style=\"margin-left: 85pt;\"><span style=\"color: #c0504d; font-family: Arial;\">26\/10\/1979\u00a0\u00a0\u00a0\u00a0Apr\u00e8s dix-sept ans de pr\u00e9sidence de la Cor\u00e9e du Sud, Park Chung-hee, pr\u00e9sident \u00e0 vie depuis 1972, est assassin\u00e9 par les services secrets sud-cor\u00e9ens.<br \/>\n<\/span><\/p>\n<p><span style=\"color: #777777; font-family: Arial;\">Si la situation de la Cor\u00e9e du Sud s&rsquo;est largement stabilis\u00e9e depuis 1979, celle du Pakistan a fait le chemin inverse.<br \/>\n<\/span><\/p>\n<p><span style=\"color: #777777; font-family: Arial;\">La fille d&rsquo;Ali Buttho, deviendra premier ministre de 1993 \u00e0 1996, mais mourra assassin\u00e9e pendant une campagne \u00e9lectorale en 2007. Et le Pakistan prot\u00e9gera Ben Laden, soutiendra les talibans et s&rsquo;opposera violemment \u00e0 la la\u00efcit\u00e9 fran\u00e7aise.<br \/>\n<\/span><\/p>\n<p><span style=\"color: #777777; font-family: Arial;\">L&rsquo;Union europ\u00e9enne qui n&rsquo;\u00e9tait encore que la communaut\u00e9 europ\u00e9enne conna\u00eetra trois avanc\u00e9es majeures :<br \/>\n<\/span><\/p>\n<p style=\"margin-left: 85pt;\"><span style=\"color: #c0504d; font-family: Arial;\">13\/03\/1979\u00a0\u00a0\u00a0\u00a0Entr\u00e9e en vigueur du Syst\u00e8me Mon\u00e9taire Europ\u00e9en (SME), dont l&rsquo;objectif est de stabiliser les diff\u00e9rentes monnaies europ\u00e9ennes. Sans le SME il n&rsquo;y aurait jamais eu de monnaie unique.<br \/>\n<\/span><\/p>\n<p style=\"margin-left: 85pt;\"><span style=\"color: #c0504d; font-family: Arial;\">10\/06\/1979\u00a0\u00a0\u00a0\u00a0Premi\u00e8re \u00e9lection des d\u00e9put\u00e9s europ\u00e9ens au suffrage universel direct.<br \/>\n<\/span><\/p>\n<p style=\"margin-left: 85pt;\"><span style=\"color: #c0504d; font-family: Arial;\">17\/07\/1979\u00a0\u00a0\u00a0\u00a0Le premier pr\u00e9sident \u00e9lu du Parlement europ\u00e9en est une femme : Simone Veil.<br \/>\n<\/span><\/p>\n<p><span style=\"color: #777777; font-family: Arial;\">Deux \u00e9v\u00e8nements de l&rsquo;industrie spatiale peuvent \u00eatre signal\u00e9s. Une premi\u00e8re europ\u00e9enne et une premi\u00e8re d&rsquo;homo sapiens<br \/>\n<\/span><\/p>\n<p style=\"margin-left: 85pt;\"><span style=\"color: #c0504d; font-family: Arial;\">24\/12\/1979\u00a0\u00a0\u00a0\u00a0La fus\u00e9e europ\u00e9enne Ariane 1 effectue son premier vol depuis la station de Kourou, en Guyane.<br \/>\n<\/span><\/p>\n<p style=\"margin-left: 85pt;\"><span style=\"color: #c0504d; font-family: Arial;\">01\/09\/1979\u00a0\u00a0\u00a0\u00a0Lanc\u00e9e le 06 avril 1973, la sonde spatiale am\u00e9ricaine Pioneer 11 atteint Saturne, puis se dirige ensuite vers les confins du syst\u00e8me solaire.<br \/>\n<\/span><\/p>\n<p><span style=\"color: #777777; font-family: Arial;\">La NASA mettra fin \u00e0 cette mission en 1995. Depuis Voyager 1 et 2 sont all\u00e9s encore plus loin.<br \/>\n<\/span><\/p>\n<p><span style=\"color: #777777; font-family: Arial;\">Il y a aussi eu des avanc\u00e9es dans le monde des techniques et du num\u00e9rique\u00a0:<br \/>\n<\/span><\/p>\n<p style=\"margin-left: 85pt;\"><span style=\"color: #c0504d; font-family: Arial;\">01\/07\/1979\u00a0\u00a0\u00a0\u00a0Sony commercialise au Japon le premier Walkman, le TPS-L2.<br \/>\n<\/span><\/p>\n<p style=\"margin-left: 85pt;\"><span style=\"color: #c0504d; font-family: Arial;\">17\/10\/1979\u00a0\u00a0\u00a0\u00a0Le premier tableur pour ordinateur mis en vente n&rsquo;est pas Excel, mais Visicalc. A sa sortie, il fonctionnait uniquement sur Apple II. Le 17 octobre est la journ\u00e9e internationale des tableurs.<br \/>\n<\/span><\/p>\n<p><span style=\"color: #777777; font-family: Arial;\">Que serait nos organisations aujourd&rsquo;hui sans Excel ? <\/span><span style=\"color: #777777; font-family: Arial;\">Il en est m\u00eame qui pense pouvoir tout comprendre avec un tableur\u2026<br \/>\n<\/span><\/p>\n<p><span style=\"color: #777777; font-family: Arial;\">Deux \u00e9v\u00e8nements de catastrophe \u00e9cologique eurent lieu<br \/>\n<\/span><\/p>\n<p style=\"margin-left: 85pt;\"><span style=\"color: #c0504d; font-family: Arial;\">11\/08\/1979\u00a0\u00a0\u00a0\u00a0La rupture du barrage du Macchu, en Inde, provoque 5000 morts sur la ville de Morvi.<br \/>\n<\/span><\/p>\n<p style=\"margin-left: 85pt;\"><span style=\"color: #c0504d; font-family: Arial;\">28\/03\/1979\u00a0\u00a0\u00a0\u00a0La fuite radioactive d&rsquo;un r\u00e9acteur \u00e0 <strong>Three Mile Island<\/strong>, aux Etats-Unis, ravive les d\u00e9bats sur le nucl\u00e9aire.<br \/>\n<\/span><\/p>\n<p><span style=\"color: #777777; font-family: Arial;\">L'&lt;<a href=\"https:\/\/fr.wikipedia.org\/wiki\/Accident_nucl%C3%A9aire_de_Three_Mile_Island\"><span style=\"color: #0000ff;\">Accident nucl\u00e9aire de Three Mile Island<\/span><\/a>&gt; reste pour beaucoup l&rsquo;accident nucl\u00e9aire le plus grave que l&rsquo;humanit\u00e9 a connu. Un des r\u00e9acteurs avait commenc\u00e9 \u00e0 fondre. Ce qui se serait pass\u00e9 si l&rsquo;accident avait d\u00e9g\u00e9n\u00e9r\u00e9 reste source de controverse.<br \/>\n<\/span><\/p>\n<p><span style=\"color: #777777; font-family: Arial;\">Et je finirai ce vaste tour d&rsquo;horizon de 1979 par l&rsquo;hommage aux grands disparus de cette ann\u00e9e\u00a0:<br \/>\n<\/span><\/p>\n<p style=\"margin-left: 85pt;\"><span style=\"color: #c0504d; font-family: Arial;\">12\/02\/1979\u00a0\u00a0\u00a0\u00a0Mort du cin\u00e9aste <a href=\"https:\/\/fr.wikipedia.org\/wiki\/Jean_Renoir\"><strong><span style=\"color: #0000ff;\">Jean Renoir<\/span><\/strong><\/a> (n\u00e9 le 15 septembre 1894), inoubliable metteur en sc\u00e8ne de \u00ab\u00a0La Grande Illusion\u00a0\u00bb et de la \u00ab\u00a0R\u00e8gle du jeu\u00a0\u00bb.<br \/>\n<\/span><\/p>\n<p style=\"margin-left: 85pt;\"><span style=\"color: #c0504d; font-family: Arial;\">16\/03\/1979\u00a0\u00a0\u00a0\u00a0D\u00e9c\u00e8s du p\u00e8re de l&rsquo;Union Europ\u00e9enne, <a href=\"https:\/\/fr.wikipedia.org\/wiki\/Jean_Monnet\"><strong><span style=\"color: #0000ff;\">Jean Monnet<\/span>,<\/strong><\/a> premier pr\u00e9sident de la Communaut\u00e9 europ\u00e9enne du charbon et de l&rsquo;acier.<br \/>\n<\/span><\/p>\n<p style=\"margin-left: 85pt;\"><span style=\"color: #c0504d; font-family: Arial;\">11\/06\/1979\u00a0\u00a0\u00a0\u00a0D\u00e9c\u00e8s de l&rsquo;acteur, r\u00e9alisateur et producteur am\u00e9ricain <a href=\"https:\/\/fr.wikipedia.org\/wiki\/John_Wayne\"><strong><span style=\"color: #0000ff;\">John Wayne<\/span><\/strong><\/a><br \/>\n<\/span><\/p>\n<p style=\"margin-left: 85pt;\"><span style=\"color: #c0504d; font-family: Arial;\">23\/07\/1979\u00a0\u00a0\u00a0\u00a0Mort de l&rsquo;aviateur, r\u00e9sistant, journaliste, sc\u00e9nariste et romancier <span style=\"color: #0000ff;\"><a style=\"color: #0000ff;\" href=\"https:\/\/fr.wikipedia.org\/wiki\/Joseph_Kessel\"><strong>Joseph Kessel<\/strong><\/a><\/span> (n\u00e9 le 10 f\u00e9vrier 1898).<br \/>\n<\/span><\/p>\n<p style=\"margin-left: 85pt;\"><span style=\"color: #c0504d; font-family: Arial;\">29\/07\/1979\u00a0\u00a0\u00a0\u00a0Mort du philosophe am\u00e9ricain<span style=\"color: #0000ff;\"> <a style=\"color: #0000ff;\" href=\"https:\/\/fr.wikipedia.org\/wiki\/Herbert_Marcuse\"><strong>Herbert Marcuse<\/strong><\/a> <\/span>(n\u00e9 \u00e0 Berlin le 19 juillet 1898), critique \u00e0 la fois du capitalisme et du communisme. Auteur de \u00ab\u00a0L&rsquo;Homme unidimensionnel\u00a0\u00bb.<br \/>\n<\/span><\/p>\n<p style=\"margin-left: 85pt;\"><span style=\"color: #c0504d; font-family: Arial;\">27\/08\/1979\u00a0\u00a0\u00a0\u00a0Le dernier Vice-Roi des Indes, grand humaniste<strong>, <a href=\"https:\/\/fr.wikipedia.org\/wiki\/Louis_Mountbatten\"><span style=\"color: #0000ff;\">Lord Mountbatten<\/span><\/a><\/strong> est assassin\u00e9 par l&rsquo;IRA dans l&rsquo;explosion de son bateau personnel.<br \/>\n<\/span><\/p>\n<p style=\"margin-left: 85pt;\"><span style=\"color: #c0504d; font-family: Arial;\">22\/10\/1979\u00a0\u00a0\u00a0\u00a0D\u00e9c\u00e8s de la compositrice et chef d&rsquo;orchestre <span style=\"color: #0000ff;\"><a style=\"color: #0000ff;\" href=\"https:\/\/fr.wikipedia.org\/wiki\/Nadia_Boulanger\"><strong>Nadia Boulanger<\/strong><\/a><\/span> (n\u00e9e le 16 septembre 1887). Elle fut un personnage consid\u00e9rable de la vie musicale en Occident. Elle compta parmi ses quelque 1 200 \u00e9l\u00e8ves plusieurs g\u00e9n\u00e9rations de compositeurs, tels Aaron Copland, George Gershwin, Leonard Bernstein, Michel Legrand, Quincy Jones et Philip Glass. Son activit\u00e9 musicale est \u00e9troitement li\u00e9e \u00e0 celle du Conservatoire am\u00e9ricain de Fontainebleau, qu&rsquo;elle dirige de 1949 jusqu&rsquo;\u00e0 la fin de sa vie.<\/span><\/p>\n<p><span style=\"color: maroon; font-family: Arial;\">&lt;1589&gt;<\/span><\/p>\n","protected":false},"excerpt":{"rendered":"<p>\u00ab L&rsquo;ann\u00e9e 1979 \u00bb Ann\u00e9e du grand retournement Pour Amin Maalouf, l&rsquo;ann\u00e9e 1979 est l&rsquo;ann\u00e9e du grand retournement. L&rsquo;ann\u00e9e qui va avoir une importance primordiale dans l&rsquo;\u00e9volution du monde. L&rsquo;ann\u00e9e 1979 commence par la r\u00e9volution islamique d&rsquo;Iran En deux mois,<\/p>\n","protected":false},"author":1,"featured_media":0,"comment_status":"open","ping_status":"closed","sticky":false,"template":"","format":"standard","meta":{"footnotes":""},"categories":[1],"tags":[109,17,173],"class_list":["post-11723","post","type-post","status-publish","format-standard","hentry","category-motdujour","tag-geopolitique","tag-histoire","tag-mondialisation"],"_links":{"self":[{"href":"https:\/\/lemotdujour.fr\/index.php?rest_route=\/wp\/v2\/posts\/11723","targetHints":{"allow":["GET"]}}],"collection":[{"href":"https:\/\/lemotdujour.fr\/index.php?rest_route=\/wp\/v2\/posts"}],"about":[{"href":"https:\/\/lemotdujour.fr\/index.php?rest_route=\/wp\/v2\/types\/post"}],"author":[{"embeddable":true,"href":"https:\/\/lemotdujour.fr\/index.php?rest_route=\/wp\/v2\/users\/1"}],"replies":[{"embeddable":true,"href":"https:\/\/lemotdujour.fr\/index.php?rest_route=%2Fwp%2Fv2%2Fcomments&post=11723"}],"version-history":[{"count":6,"href":"https:\/\/lemotdujour.fr\/index.php?rest_route=\/wp\/v2\/posts\/11723\/revisions"}],"predecessor-version":[{"id":12469,"href":"https:\/\/lemotdujour.fr\/index.php?rest_route=\/wp\/v2\/posts\/11723\/revisions\/12469"}],"wp:attachment":[{"href":"https:\/\/lemotdujour.fr\/index.php?rest_route=%2Fwp%2Fv2%2Fmedia&parent=11723"}],"wp:term":[{"taxonomy":"category","embeddable":true,"href":"https:\/\/lemotdujour.fr\/index.php?rest_route=%2Fwp%2Fv2%2Fcategories&post=11723"},{"taxonomy":"post_tag","embeddable":true,"href":"https:\/\/lemotdujour.fr\/index.php?rest_route=%2Fwp%2Fv2%2Ftags&post=11723"}],"curies":[{"name":"wp","href":"https:\/\/api.w.org\/{rel}","templated":true}]}}