{"id":1172,"date":"2015-06-26T02:00:00","date_gmt":"2015-06-25T22:00:00","guid":{"rendered":"http:\/\/lemotdujour.fr\/?p=1172"},"modified":"2017-05-08T13:25:59","modified_gmt":"2017-05-08T11:25:59","slug":"vendredi-26-juin-2015","status":"publish","type":"post","link":"https:\/\/lemotdujour.fr\/?p=1172","title":{"rendered":"Vendredi 26 Juin 2015"},"content":{"rendered":"<div class=\"mdjDate\">Vendredi 26 Juin 2015<\/div>\n<div class=\"mdjTexte\">\u00ab Plus nous nous comprenons comme \u00ab\u00a0pluriels\u00a0\u00bb, plus il devient facile de trouver des points communs avec les autres\u00bb<\/div>\n<div class=\"mdjAuteur\">Salman Rushdie<\/div>\n<div class=\"mdjComplements\">En butinant dans de vieilles archives j&rsquo;ai retrouv\u00e9 cet entretien de 2008 de TELERAMA avec Salman Rushdie, l&rsquo;\u00e9crivain que l\u2019ayatollah Khomeini a condamn\u00e9 \u00e0 mort parce qu&rsquo;il avait \u00e9crit \u00abLes verset sataniques \u00bb : <a href=\"http:\/\/www.telerama.fr\/livre\/salman-rushdie-des-cultures-diverses-cohabitent-en-moi,37179.php\">http:\/\/www.telerama.fr\/livre\/salman-rushdie-des-cultures-diverses-cohabitent-en-moi,37179.php<\/a><\/div>\n<div class=\"mdjComplements\">Dans cet entretien il est interrog\u00e9 sur son dernier livre mais il \u00e9voque surtout comment vivre ensemble par-del\u00e0 les diff\u00e9rences culturelles <\/div>\n<div class=\"mdjComplements\">Quelques extraits : <\/div>\n<div class=\"mdjComplements\">\u00ab L&rsquo;Est \u00bb, \u00ab l&rsquo;Ouest \u00bb, \u00e7a n&rsquo;existe pas : ces mots brassent trop large. Les dissensions au sein de chacun de ces mondes sont trop importantes pour qu&rsquo;on les consid\u00e8re comme des blocs. D&rsquo;autant que les \u00e9changes culturels entre eux ont toujours \u00e9t\u00e9 beaucoup plus riches qu&rsquo;on ne le dit. Savez-vous par exemple que les Ottomans faisaient fabriquer \u00e0 Venise des objets artisanaux dont ils avaient eux-m\u00eames dessin\u00e9 les ornements ? Et je ne parle pas des similitudes : je pensais, quand j&rsquo;ai commenc\u00e9 mes recherches sur la Renaissance, que l&rsquo;objectif de mon roman serait de construire un pont entre deux cultures s\u00e9par\u00e9es par un gouffre, mais je n&rsquo;ai pas cess\u00e9 de trouver des \u00e9chos entre elles. Mon projet en a \u00e9t\u00e9 profond\u00e9ment modifi\u00e9. Ces ressemblances ne concernaient pas que le gratin de ces soci\u00e9t\u00e9s : tous ces personnages shakespeariens de la rue, les pickpockets, les prostitu\u00e9es, les bandits, les hommes des bas-fonds, dont Falstaff est le roi incontest\u00e9, existaient \u00e0 Florence comme dans l&#8217;empire moghol. Ces mondes pouvaient se comprendre parce qu&rsquo;ils se ressemblaient \u2013 que ce soit par leur libertinage (qui l&rsquo;e\u00fbt cru, dans la cour de l&#8217;empereur moghol, un musulman ?), par l&rsquo;abus de narcotiques, ou m\u00eame par les sursauts de puritanisme qui, p\u00e9riodiquement, venaient mettre fin \u00e0 cet h\u00e9donisme[&#8230;]<\/div>\n<div class=\"mdjComplements\">Nous sommes tous pluriels \u00e0 un certain degr\u00e9. On ne se conduit pas de la m\u00eame fa\u00e7on devant des enfants et devant notre employeur, on peut \u00eatre commentateur politique et fan de foot. Malheureusement, les politiques identitaires frappent notre \u00e9poque comme une mal\u00e9diction : on demande aux gens de dire une fois pour toutes \u00ab je suis musulman \u00bb, \u00ab je suis occidental \u00bb, alors que chacun d&rsquo;entre nous pourrait \u00eatre d\u00e9crit de quinze fa\u00e7ons diff\u00e9rentes. Plus nous nous comprenons comme \u00ab pluriels \u00bb, plus il devient facile de trouver des points communs avec les autres. Parfois, un d\u00e9tail suffit ! Je me souviens d&rsquo;un d\u00eener o\u00f9 j&rsquo;\u00e9tais assis \u00e0 c\u00f4t\u00e9 du peintre Francis Bacon. L&rsquo;homme avait la r\u00e9putation d&rsquo;\u00eatre difficile et grognon, du coup j&rsquo;\u00e9tais un peu angoiss\u00e9. A un moment, j&rsquo;ai sorti de ma poche mon inhalateur contre l&rsquo;asthme et, quand il a vu cela, Bacon a chang\u00e9 de visage. Il m&rsquo;a dit : <em>\u00ab Vous \u00eates asthmatique ? Moi aussi ! \u00bb,<\/em> et il a sorti le sien pour me le montrer. Tout d&rsquo;un coup, on \u00e9tait amis&#8230;<\/div>\n<div class=\"mdjComplements\">[&#8230;]<\/div>\n<div class=\"mdjComplements\">Croire que tout est culturel \u2013 donc relatif \u2013 et qu&rsquo;il n&rsquo;existerait pas de valeurs universelles est une grave erreur. C&rsquo;est pour cela que je crois \u00e0 la D\u00e9claration universelle des droits de l&rsquo;homme. Dire \u00ab c&rsquo;est dans leur culture de tuer les \u00e9crivains, alors laissons-les faire \u00bb, ou \u00ab c&rsquo;est dans leur culture de couper le clitoris des femmes, ne nous en m\u00ealons pas \u00bb, si vous r\u00e9fl\u00e9chissez s\u00e9rieusement \u00e0 la question, vous savez que ces m\u0153urs ne sont pas acceptables. Les humains ont 98 % d&rsquo;ADN en commun, comment croire que rien n&rsquo;est valable pour tous les hommes, quelle que soit leur culture ? Comment nier l&rsquo;existence de valeurs universelles, transculturelles ? Je vous donnerai deux exemples : d&rsquo;abord, nous sommes une esp\u00e8ce animale qui se d\u00e9finit par le langage, qui a besoin de parler pour se r\u00e9aliser pleinement. Tout ce qui limite cette capacit\u00e9 est donc un crime existentiel, un crime contre notre nature. Et, de la m\u00eame fa\u00e7on, je suis persuad\u00e9 qu&rsquo;il existe un instinct moral en chacun de nous : nous naissons avec le d\u00e9sir de faire la diff\u00e9rence entre le bon et le mauvais. Si vous pensez comme moi, alors vous conviendrez que certaines questions \u00e9thiques d\u00e9passent toutes les diff\u00e9rences culturelles&#8230; \u00bb<\/div>\n<div class=\"mdjComplements\">On voudrait nous ranger dans des cases. En math\u00e9matiques identit\u00e9 veut dire identique. Le monde des humains n&rsquo;est pas fait de groupe d\u00a0\u00bb&lsquo;identiques\u00a0\u00bb mais de gens qui se ressemblent et qui sont tous diff\u00e9rents.<\/div>\n<div class=\"mdjComplements\">Nous appartenons \u00e0 des ensembles multiples. Ainsi si je devais me d\u00e9finir, je dirais que j&rsquo;appartiens bien s\u00fbr \u00e0 la nation fran\u00e7aise, mais aussi \u00e0 l&rsquo;ensemble des humains n\u00e9s en Lorraine, et \u00e0 tant d&rsquo;autres communaut\u00e9s de \u00ab\u00a0ceux qui aiment la musique classique\u00a0\u00bb, \u00ab\u00a0ceux qui aiment rire et faire rire\u00a0\u00bb;\u00a0 \u00ab\u00a0ceux qui aiment vivre \u00e0 Lyon\u00a0\u00bb, \u00ab\u00a0ceux qui consid\u00e8rent que les valeurs de solidarit\u00e9 doivent \u00eatre plus importants que les valeurs de comp\u00e9tition\u00a0\u00bb, \u00ab\u00a0ceux qui aiment faire du v\u00e9lo\u00a0\u00bb, \u00ab\u00a0ceux qui sont pour la libert\u00e9 d&rsquo;expression la plus large\u00a0\u00bb, \u00ab\u00a0ceux qui ont un cancer\u00a0\u00bb, \u00ab\u00a0ceux qui aiment se poser et r\u00e9fl\u00e9chir\u00a0\u00bb, \u00ab\u00a0ceux qui aiment le chocolat\u00a0\u00bb etc&#8230;<\/div>\n<div class=\"mdjComplements\">Je partage avec chacun de vous plusieurs de ses appartenances et de la m\u00eame sorte je n&rsquo;en partage pas d&rsquo;autres.<\/div>\n<div class=\"mdjComplements\">Parler d&rsquo;identit\u00e9 constitue une erreur scientifique et une faute morale.<\/div>\n","protected":false},"excerpt":{"rendered":"<p>Vendredi 26 Juin 2015 \u00ab Plus nous nous comprenons comme \u00ab\u00a0pluriels\u00a0\u00bb, plus il devient facile de trouver des points communs avec les autres\u00bb Salman Rushdie En butinant dans de vieilles archives j&rsquo;ai retrouv\u00e9 cet entretien de 2008 de TELERAMA avec<\/p>\n","protected":false},"author":1,"featured_media":0,"comment_status":"closed","ping_status":"closed","sticky":false,"template":"","format":"standard","meta":{"footnotes":""},"categories":[1],"tags":[],"class_list":["post-1172","post","type-post","status-publish","format-standard","hentry","category-motdujour"],"_links":{"self":[{"href":"https:\/\/lemotdujour.fr\/index.php?rest_route=\/wp\/v2\/posts\/1172","targetHints":{"allow":["GET"]}}],"collection":[{"href":"https:\/\/lemotdujour.fr\/index.php?rest_route=\/wp\/v2\/posts"}],"about":[{"href":"https:\/\/lemotdujour.fr\/index.php?rest_route=\/wp\/v2\/types\/post"}],"author":[{"embeddable":true,"href":"https:\/\/lemotdujour.fr\/index.php?rest_route=\/wp\/v2\/users\/1"}],"replies":[{"embeddable":true,"href":"https:\/\/lemotdujour.fr\/index.php?rest_route=%2Fwp%2Fv2%2Fcomments&post=1172"}],"version-history":[{"count":1,"href":"https:\/\/lemotdujour.fr\/index.php?rest_route=\/wp\/v2\/posts\/1172\/revisions"}],"predecessor-version":[{"id":1173,"href":"https:\/\/lemotdujour.fr\/index.php?rest_route=\/wp\/v2\/posts\/1172\/revisions\/1173"}],"wp:attachment":[{"href":"https:\/\/lemotdujour.fr\/index.php?rest_route=%2Fwp%2Fv2%2Fmedia&parent=1172"}],"wp:term":[{"taxonomy":"category","embeddable":true,"href":"https:\/\/lemotdujour.fr\/index.php?rest_route=%2Fwp%2Fv2%2Fcategories&post=1172"},{"taxonomy":"post_tag","embeddable":true,"href":"https:\/\/lemotdujour.fr\/index.php?rest_route=%2Fwp%2Fv2%2Ftags&post=1172"}],"curies":[{"name":"wp","href":"https:\/\/api.w.org\/{rel}","templated":true}]}}