{"id":11714,"date":"2021-07-06T00:12:00","date_gmt":"2021-07-05T22:12:00","guid":{"rendered":"http:\/\/lemotdujour.fr\/?p=11714"},"modified":"2021-07-05T23:18:48","modified_gmt":"2021-07-05T21:18:48","slug":"mardi-6-juillet-2021","status":"publish","type":"post","link":"https:\/\/lemotdujour.fr\/?p=11714","title":{"rendered":"Mardi 6 juillet 2021"},"content":{"rendered":"<div class=\"mdjTexte\">\u00ab\u00a0L&rsquo;ann\u00e9e du grand retournement\u00a0\u00a0\u00bb<\/div>\n<div class=\"mdjAuteur\">Amin Maalouf, \u00ab\u00a0Le naufrage des civilisations\u00a0\u00bb page 167<\/div>\n<p><span style=\"color: #777777; font-family: Arial;\">La premi\u00e8re fois que j&rsquo;ai cit\u00e9 Amin Maalouf, c&rsquo;\u00e9tait tout au d\u00e9but de l&rsquo;aventure des mots du jour : le 52<sup>\u00e8me<\/sup>, en janvier 2013\u00a0:<br \/>\n<\/span><\/p>\n<p style=\"margin-left: 28pt;\"><span style=\"color: #c00000; font-family: Arial;\">\u00ab\u00a0L&rsquo;homme a surv\u00e9cu jusqu&rsquo;ici parce qu&rsquo;il \u00e9tait trop ignorant pour pouvoir r\u00e9aliser ses d\u00e9sirs.\u00a0\u00bb<br \/>\n<\/span><\/p>\n<p><span style=\"color: #777777; font-family: Arial;\">Cette phrase n&rsquo;\u00e9tait pas d&rsquo;Amin Maalouf, mais de William Carlos Williams (1883-1963), mais elle \u00e9tait cit\u00e9e en pr\u00e9face du livre d&rsquo;Amin Maalouf\u00a0: \u00ab\u00a0<strong>Le d\u00e9r\u00e8glement du monde<\/strong>\u00a0\u00bb.<br \/>\n<\/span><\/p>\n<p><span style=\"color: #777777; font-family: Arial;\">J&rsquo;avais d\u00e9couvert cet \u00e9crivain franco-libanais, n\u00e9 en 1949 \u00e0 Beyrouth et \u00e9lu \u00e0 l&rsquo;Acad\u00e9mie fran\u00e7aise en 2011 par son essai \u00ab <strong>Les Croisades vues par les Arabes<\/strong> \u00bb qu&rsquo;il a publi\u00e9 en 1983 et que j&rsquo;ai lu peu de temps apr\u00e8s.<br \/>\n<\/span><\/p>\n<p><span style=\"color: #777777; font-family: Arial;\">Il fut aussi au centre du dernier mot du jour de la s\u00e9rie que j&rsquo;avais <a href=\"https:\/\/lemotdujour.fr\/?page_id=9106\"><span style=\"color: #0000ff;\">consacr\u00e9 aux grands entretiens de la revue \u00ab\u00a0<strong>XXI<\/strong><\/span>\u00a0\u00bb<\/a>\u00a0:<br \/>\n<\/span><\/p>\n<p style=\"margin-left: 28pt;\"><span style=\"color: #c00000; font-family: Arial;\">\u00ab La premi\u00e8re attitude indispensable est d&rsquo;\u00eatre capable de se mettre \u00e0 la place de l&rsquo;autre. Si je peux me mettre \u00e0 la place de l&rsquo;autre, alors nous pouvons r\u00e9fl\u00e9chir ensemble.\u00bb.<br \/>\n<\/span><\/p>\n<p><span style=\"color: #777777; font-family: Arial;\">C&rsquo;est en 2019 qu&rsquo;il a \u00e9crit son dernier essai, pour l&rsquo;instant\u00a0: \u00ab\u00a0<a href=\"https:\/\/www.grasset.fr\/livres\/le-naufrage-des-civilisations-prix-aujourdhui-2019-9782246852179\"><span style=\"color: #0000ff;\"><strong>Le naufrage des civilisations<\/strong><\/span>\u00a0<\/a>\u00bb. Depuis, il a \u00e9crit un roman \u00ab\u00a0<a href=\"https:\/\/fr.wikipedia.org\/wiki\/Nos_fr%C3%A8res_inattendus\"><span style=\"color: #0000ff;\">Nos fr\u00e8res inattendus<\/span>\u00a0<\/a>\u00bb, mais pas de nouvel essai.<br \/>\n<\/span><\/p>\n<p><span style=\"color: #777777; font-family: Arial;\"><img loading=\"lazy\" decoding=\"async\" class=\" wp-image-11716 alignleft\" src=\"https:\/\/lemotdujour.fr\/wp-content\/uploads\/2021\/07\/Le-naufrage-des-civilisations-207x300.jpg\" alt=\"\" width=\"266\" height=\"386\" srcset=\"https:\/\/lemotdujour.fr\/wp-content\/uploads\/2021\/07\/Le-naufrage-des-civilisations-207x300.jpg 207w, https:\/\/lemotdujour.fr\/wp-content\/uploads\/2021\/07\/Le-naufrage-des-civilisations.jpg 378w\" sizes=\"auto, (max-width: 266px) 100vw, 266px\" \/>J&rsquo;avais d\u00e9couvert cet ouvrage \u00e0 travers plusieurs \u00e9missions de France Culture en 2019\u00a0:<br \/>\n<\/span><\/p>\n<p><span style=\"color: #777777; font-family: Arial;\">D&rsquo;abord, en mars 2019, dans l&rsquo;\u00e9mission, \u00ab\u00a0l&rsquo;invit\u00e9 des matins\u00a0\u00bb de <strong>Guillaume Erner<\/strong>\u00a0: &lt;<a href=\"https:\/\/www.franceculture.fr\/emissions\/linvite-des-matins\/amin-maalouf-ecrivain-et-academicien-franco-libanais-un-monde-desoriente\"><span style=\"color: #0000ff;\">un monde d\u00e9sorient\u00e9<\/span><\/a>&gt;<br \/>\n<\/span><\/p>\n<p><span style=\"color: #777777; font-family: Arial;\">Puis en mai de la m\u00eame ann\u00e9e, dans la remarquable l&rsquo;\u00e9mission de <strong>Tewfik Hakem<\/strong>, consacr\u00e9e \u00e0 l&rsquo;Islam\u00a0: \u00ab\u00a0Le R\u00e9veil culturel\u00a0\u00bb\u00a0:<br \/>\n<\/span><\/p>\n<p><span style=\"color: #777777; font-family: Arial;\">\u00ab\u00a0<span style=\"color: #0000ff;\"><a style=\"color: #0000ff;\" href=\"https:\/\/www.franceculture.fr\/emissions\/le-reveil-culturel\/amin-maalouf-il-y-avait-en-nasser-le-meilleur-et-le-pire\">Sa mani\u00e8re de gouverner \u00e9tait pour le moins contestable, mais Nasser a donn\u00e9 aux Arabes le sens de la dignit\u00e9 <\/a><\/span>\u00bb<br \/>\n<\/span><\/p>\n<p><span style=\"color: #777777; font-family: Arial;\">Il a aussi \u00e9t\u00e9 l&rsquo;invit\u00e9 de &lt;<a href=\"https:\/\/www.youtube.com\/watch?v=jyHOGedzpxg\"><span style=\"color: #0000ff;\">la Grande Librairie du 28 mars 2019<\/span><\/a>&gt;<br \/>\n<\/span><\/p>\n<p><span style=\"color: #777777; font-family: Arial;\">Il m&rsquo;a fallu du temps pour acheter ce livre, puis encore un peu de temps pour le lire.<br \/>\n<\/span><\/p>\n<p><span style=\"color: #777777; font-family: Arial;\">C&rsquo;est un livre que j&rsquo;ai trouv\u00e9 absolument passionnant.<br \/>\n<\/span><\/p>\n<p><span style=\"color: #777777; font-family: Arial;\">Le livre commence par cette phrase\u00a0:<br \/>\n<\/span><\/p>\n<p style=\"margin-left: 28pt;\"><span style=\"color: #c00000; font-family: Arial;\">\u00ab\u00a0Je suis n\u00e9 en bonne sant\u00e9 dans une civilisation mourante et tout au long de mon existence, j&rsquo;ai eu le sentiment de survivre sans m\u00e9rite ni culpabilit\u00e9\u2026\u00a0\u00bb<br \/>\n<\/span><\/p>\n<p><span style=\"color: #777777; font-family: Arial;\"><strong>Amin Maalouf<\/strong> \u00e9voque son Levant natal. Sa famille qui vivait en \u00c9gypte et au Liban dans un monde de diversit\u00e9 dans lequel les musulmans, les chr\u00e9tiens et les juifs vivaient ensemble, faisaient des affaires et dialoguaient.<br \/>\n<\/span><\/p>\n<p><span style=\"color: #777777; font-family: Arial;\">J&rsquo;ai entendu <strong>Tobie Nathan <\/strong>d\u00e9crire de la m\u00eame mani\u00e8re une civilisation de tol\u00e9rance en \u00c9gypte dans laquelle ses parents vivaient et l&rsquo;apparition de la violence, de l&rsquo;intol\u00e9rance et du rejet.<br \/>\n<\/span><\/p>\n<p><span style=\"color: #777777; font-family: Arial;\"><img loading=\"lazy\" decoding=\"async\" class=\" wp-image-11717 alignright\" src=\"https:\/\/lemotdujour.fr\/wp-content\/uploads\/2021\/07\/Ce-pays-qui-te-ressemble-187x300.jpg\" alt=\"\" width=\"224\" height=\"359\" srcset=\"https:\/\/lemotdujour.fr\/wp-content\/uploads\/2021\/07\/Ce-pays-qui-te-ressemble-187x300.jpg 187w, https:\/\/lemotdujour.fr\/wp-content\/uploads\/2021\/07\/Ce-pays-qui-te-ressemble.jpg 600w\" sizes=\"auto, (max-width: 224px) 100vw, 224px\" \/>Il a d\u00e9crit cette \u00e9volution dans son roman \u00ab\u00a0<a href=\"https:\/\/www.babelio.com\/livres\/Nathan-Ce-pays-qui-te-ressemble\/722504\"><strong><span style=\"color: #0000ff;\">Ce pays qui te ressemble<\/span>\u00a0<\/strong><\/a>\u00bb<br \/>\n<\/span><\/p>\n<p><span style=\"color: #777777; font-family: Arial;\">Amin Maalouf pense que\u00a0:<br \/>\n<\/span><\/p>\n<p style=\"margin-left: 28pt;\"><span style=\"color: #c00000; font-family: Arial;\">\u00ab C&rsquo;est \u00e0 partir de ma terre natale que les t\u00e9n\u00e8bres ont commenc\u00e9 \u00e0 se r\u00e9pandre sur le monde \u00bb<br \/>\n<\/span><\/p>\n<p><span style=\"color: #777777; font-family: Arial;\">Ce serait l&rsquo;extinction du Levant tol\u00e9rant et les secousses sismiques du monde arabo-musulman, qui se seraient propag\u00e9es \u00e0 la plan\u00e8te enti\u00e8re.<br \/>\n<\/span><\/p>\n<p><span style=\"color: #777777; font-family: Arial;\">Son hypoth\u00e8se repose sur des \u00e9v\u00e8nements et des dates qui ont jalonn\u00e9 l&rsquo;implosion ou plut\u00f4t la fermeture d&rsquo;un monde ouvert. <\/span><span style=\"color: #777777; font-family: Arial;\">Mais je traiterai cette hypoth\u00e8se et ces points saillants dans une seconde s\u00e9rie.<br \/>\n<\/span><\/p>\n<p><span style=\"color: #777777; font-family: Arial;\">Car son livre \u00e9met une autre hypoth\u00e8se : celle d&rsquo;un grand retournement qui aurait m\u00e9tamorphos\u00e9 les soci\u00e9t\u00e9s humaines et dont nous serions aujourd&rsquo;hui les h\u00e9ritiers d\u00e9senchant\u00e9s.<br \/>\n<\/span><\/p>\n<p><span style=\"color: #777777; font-family: Arial;\">C&rsquo;est la troisi\u00e8me partie de son livre\u00a0: \u00ab\u00a0<strong>L&rsquo;ann\u00e9e du grand retournement<\/strong>\u00a0\u00bb.<br \/>\n<\/span><\/p>\n<p><span style=\"color: #777777; font-family: Arial;\">Pour Amin Maalouf, <strong>l&rsquo;ann\u00e9e 1979<\/strong> a constitu\u00e9 cette rupture.<br \/>\n<\/span><\/p>\n<p><span style=\"color: #777777; font-family: Arial;\">On lit souvent que 1989 a \u00e9t\u00e9 d\u00e9terminante en raison de la chute brutale du mur de Berlin qui a acc\u00e9l\u00e9r\u00e9 la d\u00e9composition de l&#8217;empire de l&rsquo;Union Sovi\u00e9tique et a mis fin \u00e0 la guerre froide. La cons\u00e9quence de ces \u00e9v\u00e8nements \u00e9tant le triomphe du lib\u00e9ralisme financier et l&rsquo;\u00e9mergence de la Chine.<br \/>\n<\/span><\/p>\n<p><span style=\"color: #777777; font-family: Arial;\">Il existe une mythologie des <strong>ann\u00e9es en 9<\/strong> qui pr\u00e9tend que ces ann\u00e9es sont d\u00e9terminantes : 1929, 1919, 1939 etc.. &lt;<span style=\"color: #0000ff;\"><a style=\"color: #0000ff;\" href=\"http:\/\/www.slate.fr\/story\/15113\/siecle-decennie-annees-en-9-histoire-determinantes\">Slate<\/a><\/span>&gt; narre les \u00e9l\u00e9ments de ce r\u00e9cit.<br \/>\n<\/span><\/p>\n<p><span style=\"color: #777777; font-family: Arial;\">Mais pour Amin Maalouf, l&rsquo;ann\u00e9e importante est l&rsquo;ann\u00e9e 1979. <\/span><span style=\"color: #777777; font-family: Arial;\">Nous allons donc essayer d&rsquo;examiner cette hypoth\u00e8se et revenir sur les \u00e9v\u00e8nements marquants qui ont eu lieu en 1979.<br \/>\n<\/span><\/p>\n<p><span style=\"color: #777777; font-family: Arial;\">J&rsquo;annonce ainsi une nouvelle s\u00e9rie de mots du jour\u00a0: \u00ab\u00a0<strong>1979\u00a0: L&rsquo;ann\u00e9e du grand retournement<\/strong>\u00a0\u00bb<br \/>\n<\/span><\/p>\n<p><span style=\"color: maroon; font-family: Arial;\">&lt;1588&gt;<\/span><\/p>\n","protected":false},"excerpt":{"rendered":"<p>\u00ab\u00a0L&rsquo;ann\u00e9e du grand retournement\u00a0\u00a0\u00bb Amin Maalouf, \u00ab\u00a0Le naufrage des civilisations\u00a0\u00bb page 167 La premi\u00e8re fois que j&rsquo;ai cit\u00e9 Amin Maalouf, c&rsquo;\u00e9tait tout au d\u00e9but de l&rsquo;aventure des mots du jour : le 52\u00e8me, en janvier 2013\u00a0: \u00ab\u00a0L&rsquo;homme a surv\u00e9cu jusqu&rsquo;ici<\/p>\n","protected":false},"author":1,"featured_media":0,"comment_status":"open","ping_status":"closed","sticky":false,"template":"","format":"standard","meta":{"footnotes":""},"categories":[1],"tags":[17,173],"class_list":["post-11714","post","type-post","status-publish","format-standard","hentry","category-motdujour","tag-histoire","tag-mondialisation"],"_links":{"self":[{"href":"https:\/\/lemotdujour.fr\/index.php?rest_route=\/wp\/v2\/posts\/11714","targetHints":{"allow":["GET"]}}],"collection":[{"href":"https:\/\/lemotdujour.fr\/index.php?rest_route=\/wp\/v2\/posts"}],"about":[{"href":"https:\/\/lemotdujour.fr\/index.php?rest_route=\/wp\/v2\/types\/post"}],"author":[{"embeddable":true,"href":"https:\/\/lemotdujour.fr\/index.php?rest_route=\/wp\/v2\/users\/1"}],"replies":[{"embeddable":true,"href":"https:\/\/lemotdujour.fr\/index.php?rest_route=%2Fwp%2Fv2%2Fcomments&post=11714"}],"version-history":[{"count":4,"href":"https:\/\/lemotdujour.fr\/index.php?rest_route=\/wp\/v2\/posts\/11714\/revisions"}],"predecessor-version":[{"id":11722,"href":"https:\/\/lemotdujour.fr\/index.php?rest_route=\/wp\/v2\/posts\/11714\/revisions\/11722"}],"wp:attachment":[{"href":"https:\/\/lemotdujour.fr\/index.php?rest_route=%2Fwp%2Fv2%2Fmedia&parent=11714"}],"wp:term":[{"taxonomy":"category","embeddable":true,"href":"https:\/\/lemotdujour.fr\/index.php?rest_route=%2Fwp%2Fv2%2Fcategories&post=11714"},{"taxonomy":"post_tag","embeddable":true,"href":"https:\/\/lemotdujour.fr\/index.php?rest_route=%2Fwp%2Fv2%2Ftags&post=11714"}],"curies":[{"name":"wp","href":"https:\/\/api.w.org\/{rel}","templated":true}]}}