{"id":11700,"date":"2021-07-05T00:36:00","date_gmt":"2021-07-04T22:36:00","guid":{"rendered":"http:\/\/lemotdujour.fr\/?p=11700"},"modified":"2021-07-04T01:00:42","modified_gmt":"2021-07-03T23:00:42","slug":"lundi-5-juillet-2021","status":"publish","type":"post","link":"https:\/\/lemotdujour.fr\/?p=11700","title":{"rendered":"Lundi 5 juillet 2021"},"content":{"rendered":"<div class=\"mdjTexte\">\u00ab La musique officielle du festival de Cannes. \u00bb<\/div>\n<div class=\"mdjAuteur\">Camille Saint-Sa\u00ebns<\/div>\n<p><span style=\"color: #777777; font-family: Arial;\">Le festival international de film de Cannes va d\u00e9buter demain,<span style=\"color: #0000ff;\"> <a style=\"color: #0000ff;\" href=\"https:\/\/www.festival-cannes.com\/fr\/\">le 6 juillet 2021<\/a><\/span>.<br \/>\n<\/span><\/p>\n<p><img loading=\"lazy\" decoding=\"async\" class=\"alignleft\" src=\"https:\/\/lemotdujour.fr\/wp-content\/uploads\/2021\/07\/070321_2236_Lundi5juill1.jpg\" alt=\"\" width=\"516\" height=\"345\" align=\"left\" \/><span style=\"color: #777777; font-family: Arial;\">Initialement pr\u00e9vu du 12 au 23 mai 2020, le festival 2020 a \u00e9t\u00e9 annul\u00e9 en raison de la pand\u00e9mie de la Covid-19<br \/>\n<\/span><\/p>\n<p><span style=\"color: #777777; font-family: Arial;\">Et comme les ann\u00e9es pr\u00e9c\u00e9dentes, avant la diffusion de chaque film dans la salle du palais des Festivals une musique sera jou\u00e9e: &lt;<a href=\"https:\/\/lemotdujour.fr\/wp-content\/uploads\/2021\/07\/04-Le-Carnaval-Des-Animaux-Aquarium.mp3\"><strong><span style=\"color: #0000ff;\">Cette musique<\/span><\/strong><\/a>&gt;<br \/>\n<\/span><\/p>\n<p><span style=\"color: #777777; font-family: Arial;\">Musique p\u00e9tillante, scintillante, qui incite \u00e0 la r\u00eaverie.<br \/>\n<\/span><\/p>\n<p><span style=\"color: #777777; font-family: Arial;\">C&rsquo;est une musique de <strong>Camille Saint Sa\u00ebns<\/strong>. C&rsquo;est un des morceaux d&rsquo;une de ses \u0153uvres les plus connues\u00a0: \u00ab\u00a0<strong>Le Carnaval des animaux\u00a0\u00bb<\/strong>.<br \/>\n<\/span><\/p>\n<p><span style=\"color: #777777; font-family: Arial;\">Et ce morceau s&rsquo;appelle &lt;<strong>aquarium<\/strong>&gt;<br \/>\n<\/span><\/p>\n<p><span style=\"color: #777777; font-family: Arial;\">&lt;<a href=\"https:\/\/www.francemusique.fr\/emissions\/maxxi-classique\/aquarium-de-saint-saens-au-cinema-93824\"><span style=\"color: #0000ff;\">France Musique<\/span><\/a>&gt; explique le lien de cette musique avec le cin\u00e9ma.<br \/>\n<\/span><\/p>\n<p><span style=\"color: #777777; font-family: Arial;\">Nous apprenons ainsi que <strong>Terrence Malick<\/strong>, a utilis\u00e9 cette musique dans son film \u00ab<span style=\"color: #0000ff;\">\u00a0<a style=\"color: #0000ff;\" href=\"https:\/\/www.youtube.com\/watch?v=CvHIibTpxYk\"><strong>Les Moissons du Ciel<\/strong>\u00a0<\/a><\/span>\u00bb.<br \/>\n<\/span><\/p>\n<p><span style=\"color: #777777; font-family: Arial;\">Et, c&rsquo;est apr\u00e8s avoir vu ce film que <strong>Gilles Jacob<\/strong>, l&rsquo;ancien d\u00e9l\u00e9gu\u00e9 g\u00e9n\u00e9ral et pr\u00e9sident du Festival de Cannes a choisi cette musique comme identit\u00e9 sonore du Festival de Cannes <strong>depuis 1990<\/strong>.<br \/>\n<\/span><\/p>\n<p><span style=\"color: #777777; font-family: Arial;\">Alan Menken, compositeur de la musique du film \u00ab\u00a0<strong>La Belle et la B\u00eate<\/strong> \u00bb des studios Disney sortie en 1991 s&rsquo;est inspir\u00e9 de l&rsquo;aquarium de Saint-Sa\u00ebns.<\/span><span style=\"color: #777777; font-family: Arial;\">D&rsquo;autres ont utilis\u00e9 ou se sont inspir\u00e9s de cette petite pi\u00e8ce magique, par exemple le c\u00e9l\u00e8bre Ennio Morricone.<br \/>\n<\/span><\/p>\n<p><span style=\"color: #777777; font-family: Arial;\"><strong>Max Dozolme<\/strong> l&rsquo;animateur de France Musique d\u00e9crit<br \/>\n<\/span><\/p>\n<p style=\"margin-left: 28pt;\"><span style=\"color: #c00000; font-family: Arial;\">\u00ab\u00a0 Une musique compos\u00e9e en 1886 et qui \u00e9voque le ballet des poissons avec ces notes de piano comme des bulles et surtout un proc\u00e9d\u00e9 totalement magique de Camille Saint-Sa\u00ebns : chaque note du th\u00e8me jou\u00e9 par les violons et la fl\u00fbte dans les aigu\u00ebs est r\u00e9p\u00e9t\u00e9e par un glass-harmonica au son cristallin, comme pour \u00e9voquer le scintillement de l&rsquo;eau et des \u00e9cailles de ces animaux muets\u2026\u00bb<br \/>\n<\/span><\/p>\n<p><span style=\"color: #777777; font-family: Arial;\">Camille Saint-Sa\u00ebns est mort, il y a 100 ans en 1921.<br \/>\n<\/span><\/p>\n<p><span style=\"color: #777777; font-family: Arial;\">Plus pr\u00e9cis\u00e9ment le 16 d\u00e9cembre 1921. Je rendrai plus longuement hommage \u00e0 ce musicien un peu oubli\u00e9 et qui a \u00e9crit des \u0153uvres splendides.<br \/>\n<\/span><\/p>\n<p><span style=\"color: #777777; font-family: Arial;\">Vous pourrez voir \u00ab<span style=\"color: #999999;\">\u00a0<strong><span style=\"color: #808080;\">aquarium<\/span><\/strong>\u00a0<\/span>\u00bb jou\u00e9 par les s\u0153urs Lab\u00e8que et l&rsquo;orchestre philharmonique de Berlin dirig\u00e9 par Simon Rattle derri\u00e8re ce lien <a href=\"https:\/\/www.youtube.com\/watch?v=F6oOvA58Aps\">&lt;<span style=\"color: #0000ff;\">Aquarium jou\u00e9 par la Philharmonie de Berlin<\/span>&gt;<\/a><br \/>\n<\/span><\/p>\n<p><span style=\"color: #777777; font-family: Arial;\">France Musique propose un arrangement pour deux pianos :<span style=\"color: #0000ff;\"> <a style=\"color: #0000ff;\" href=\"https:\/\/www.dailymotion.com\/video\/x7wn9ag\">&lt;L&rsquo;aquarium de Saint Saens arrang\u00e9 pour deux pianos&gt;<\/a><\/span><br \/>\n<\/span><\/p>\n<p><span style=\"color: maroon; font-family: Arial;\">&lt;1587&gt;<\/span><\/p>\n","protected":false},"excerpt":{"rendered":"<p>\u00ab La musique officielle du festival de Cannes. \u00bb Camille Saint-Sa\u00ebns Le festival international de film de Cannes va d\u00e9buter demain, le 6 juillet 2021. Initialement pr\u00e9vu du 12 au 23 mai 2020, le festival 2020 a \u00e9t\u00e9 annul\u00e9 en<\/p>\n","protected":false},"author":1,"featured_media":0,"comment_status":"open","ping_status":"closed","sticky":false,"template":"","format":"standard","meta":{"footnotes":""},"categories":[1],"tags":[25,15,20],"class_list":["post-11700","post","type-post","status-publish","format-standard","hentry","category-motdujour","tag-cinema","tag-france","tag-musique"],"_links":{"self":[{"href":"https:\/\/lemotdujour.fr\/index.php?rest_route=\/wp\/v2\/posts\/11700","targetHints":{"allow":["GET"]}}],"collection":[{"href":"https:\/\/lemotdujour.fr\/index.php?rest_route=\/wp\/v2\/posts"}],"about":[{"href":"https:\/\/lemotdujour.fr\/index.php?rest_route=\/wp\/v2\/types\/post"}],"author":[{"embeddable":true,"href":"https:\/\/lemotdujour.fr\/index.php?rest_route=\/wp\/v2\/users\/1"}],"replies":[{"embeddable":true,"href":"https:\/\/lemotdujour.fr\/index.php?rest_route=%2Fwp%2Fv2%2Fcomments&post=11700"}],"version-history":[{"count":8,"href":"https:\/\/lemotdujour.fr\/index.php?rest_route=\/wp\/v2\/posts\/11700\/revisions"}],"predecessor-version":[{"id":11711,"href":"https:\/\/lemotdujour.fr\/index.php?rest_route=\/wp\/v2\/posts\/11700\/revisions\/11711"}],"wp:attachment":[{"href":"https:\/\/lemotdujour.fr\/index.php?rest_route=%2Fwp%2Fv2%2Fmedia&parent=11700"}],"wp:term":[{"taxonomy":"category","embeddable":true,"href":"https:\/\/lemotdujour.fr\/index.php?rest_route=%2Fwp%2Fv2%2Fcategories&post=11700"},{"taxonomy":"post_tag","embeddable":true,"href":"https:\/\/lemotdujour.fr\/index.php?rest_route=%2Fwp%2Fv2%2Ftags&post=11700"}],"curies":[{"name":"wp","href":"https:\/\/api.w.org\/{rel}","templated":true}]}}