{"id":1170,"date":"2015-06-25T02:00:00","date_gmt":"2015-06-24T22:00:00","guid":{"rendered":"http:\/\/lemotdujour.fr\/?p=1170"},"modified":"2020-11-15T18:35:42","modified_gmt":"2020-11-15T17:35:42","slug":"jeudi-25-juin-2015","status":"publish","type":"post","link":"https:\/\/lemotdujour.fr\/?p=1170","title":{"rendered":"Jeudi 25 Juin 2015"},"content":{"rendered":"<div class=\"mdjDate\">Jeudi 25 Juin 2015<\/div>\n<div class=\"mdjTexte\">\u00ab On reconna\u00eet un discours de M. Jaur\u00e8s \u00e0 ce que tous les verbes sont au futur\u2026 \u00bb<\/div>\n<div class=\"mdjAuteur\">Georges Clemenceau<\/div>\n<div class=\"mdjComplements\">Voil\u00e0 ce que son vieil adversaire disait de Jaur\u00e8s : tous les verbes sont au futur dans ses discours.<\/div>\n<div class=\"mdjComplements\">C&rsquo;est cela qu&rsquo;on attend d&rsquo;un homme politique : qu&rsquo;il nous d\u00e9crive le futur, qu&rsquo;il nous m\u00e8ne vers demain, bref qu&rsquo;il donne du sens.<\/div>\n<div class=\"mdjComplements\">Tout ce qui est absent aujourd&rsquo;hui.<\/div>\n<div class=\"mdjComplements\">Vous trouverez la source de ce mot du jour derri\u00e8re ce lien :<span style=\"color: #0000ff;\"> <a style=\"color: #0000ff;\" href=\"http:\/\/www.assemblee-nationale.fr\/13\/evenements\/lancement-tribuns-discours.asp\">On reconna\u00eet un discours de M. Jaur\u00e8s \u00e0 ce que tous les verbes sont au futur<\/a><\/span><\/div>\n<div><span style=\"color: #800000;\">&lt;522&gt;<\/span><\/div>\n","protected":false},"excerpt":{"rendered":"<p>Jeudi 25 Juin 2015 \u00ab On reconna\u00eet un discours de M. Jaur\u00e8s \u00e0 ce que tous les verbes sont au futur\u2026 \u00bb Georges Clemenceau Voil\u00e0 ce que son vieil adversaire disait de Jaur\u00e8s : tous les verbes sont au futur<\/p>\n","protected":false},"author":1,"featured_media":0,"comment_status":"closed","ping_status":"closed","sticky":false,"template":"","format":"standard","meta":{"footnotes":""},"categories":[1],"tags":[15,17,3],"class_list":["post-1170","post","type-post","status-publish","format-standard","hentry","category-motdujour","tag-france","tag-histoire","tag-politique"],"_links":{"self":[{"href":"https:\/\/lemotdujour.fr\/index.php?rest_route=\/wp\/v2\/posts\/1170","targetHints":{"allow":["GET"]}}],"collection":[{"href":"https:\/\/lemotdujour.fr\/index.php?rest_route=\/wp\/v2\/posts"}],"about":[{"href":"https:\/\/lemotdujour.fr\/index.php?rest_route=\/wp\/v2\/types\/post"}],"author":[{"embeddable":true,"href":"https:\/\/lemotdujour.fr\/index.php?rest_route=\/wp\/v2\/users\/1"}],"replies":[{"embeddable":true,"href":"https:\/\/lemotdujour.fr\/index.php?rest_route=%2Fwp%2Fv2%2Fcomments&post=1170"}],"version-history":[{"count":4,"href":"https:\/\/lemotdujour.fr\/index.php?rest_route=\/wp\/v2\/posts\/1170\/revisions"}],"predecessor-version":[{"id":10138,"href":"https:\/\/lemotdujour.fr\/index.php?rest_route=\/wp\/v2\/posts\/1170\/revisions\/10138"}],"wp:attachment":[{"href":"https:\/\/lemotdujour.fr\/index.php?rest_route=%2Fwp%2Fv2%2Fmedia&parent=1170"}],"wp:term":[{"taxonomy":"category","embeddable":true,"href":"https:\/\/lemotdujour.fr\/index.php?rest_route=%2Fwp%2Fv2%2Fcategories&post=1170"},{"taxonomy":"post_tag","embeddable":true,"href":"https:\/\/lemotdujour.fr\/index.php?rest_route=%2Fwp%2Fv2%2Ftags&post=1170"}],"curies":[{"name":"wp","href":"https:\/\/api.w.org\/{rel}","templated":true}]}}