{"id":11658,"date":"2021-06-28T01:19:00","date_gmt":"2021-06-27T23:19:00","guid":{"rendered":"http:\/\/lemotdujour.fr\/?p=11658"},"modified":"2021-11-12T20:52:00","modified_gmt":"2021-11-12T19:52:00","slug":"lundi-28-juin-2021","status":"publish","type":"post","link":"https:\/\/lemotdujour.fr\/?p=11658","title":{"rendered":"Lundi 28 juin 2021"},"content":{"rendered":"<div class=\"mdjTexte\">\u00ab Quel r\u00e9cit explique le d\u00e9veloppement d&rsquo;Amazon ?\u00bb<\/div>\n<div class=\"mdjAuteur\">Essai de conclusion sur Amazon<\/div>\n<p><span style=\"color: #777777; font-family: Arial;\">Il serait encore possible d&rsquo;\u00e9crire beaucoup sur Amazon et Jeff Bezos. L&rsquo;actualit\u00e9 nous donne d&rsquo;ailleurs, sans cesse, des \u00e9l\u00e9ments nouveaux permettant d&rsquo;autres d\u00e9veloppements.<br \/>\n<\/span><\/p>\n<p><span style=\"color: #777777; font-family: Arial;\">Par exemple le 18 juin, j&rsquo;apprenais que &lt;<span style=\"color: #0000ff;\"><a style=\"color: #0000ff;\" href=\"https:\/\/www.challenges.fr\/entreprise\/energie\/apres-bill-gates-le-patron-d-amazon-jeff-bezos-se-lance-dans-le-nucleaire_769734\">Jeff Bezos investissait dans le nucl\u00e9aire et pr\u00e9cis\u00e9ment la fusion de l&rsquo;hydrog\u00e8ne<\/a><\/span>&gt;.<br \/>\n<\/span><\/p>\n<p><span style=\"color: #777777; font-family: Arial;\">Et puis, il aurait aussi \u00e9t\u00e9 possible d&rsquo;insister davantage sur le c\u00f4t\u00e9 sp\u00e9cifique du mod\u00e8le d&rsquo;Amazon qui non seulement vend tout en masse mais est aussi capable de vendre l&rsquo;exceptionnel, le rare. Par exemple je tire encore du \u00ab<strong> Un<\/strong> \u00bb cet exemple concernant le premier m\u00e9tier du g\u00e9ant de Seattle : la vente de livre.<br \/>\n<\/span><\/p>\n<p><span style=\"color: #777777; font-family: Arial;\">C&rsquo;est <span style=\"color: #0000ff;\"><a style=\"color: #0000ff;\" href=\"https:\/\/fr.wikipedia.org\/wiki\/Aur%C3%A9lien_Bellanger\"><strong>Aur\u00e9lien Bellanger<\/strong><\/a><\/span> qui l&rsquo;\u00e9crit\u00a0:<br \/>\n<\/span><\/p>\n<p style=\"margin-left: 28pt;\"><span style=\"color: #c00000; font-family: Arial;\">\u00ab\u00a0Amazon a plus de r\u00e9f\u00e9rences en stock que la biblioth\u00e8que du Congr\u00e8s. Mais les livres modernes, c&rsquo;est justement ce qui les caract\u00e9rise, ne sont pas des exemplaires uniques. Et il est vertigineux de comparer la capitalisation boursi\u00e8re d&rsquo;Amazon \u00e0 la valeur totale du march\u00e9 du livre. Elle est dix fois sup\u00e9rieure. Ce qui veut dire, sc\u00e9nario l\u00e9g\u00e8rement parano\u00efaque, que Jeff Bezos pourrait racheter tous les exemplaires en circulation de tous les livres du monde.<br \/>\nJ&rsquo;ai d\u00e9j\u00e0 re\u00e7u, d&rsquo;ailleurs, une proposition de rachat, pour un livre qu&rsquo;il m&rsquo;avait n\u00e9gligemment vendu \u2013 un livre du philosophe Carnap sur l&rsquo;entropie. Comme s&rsquo;il s&rsquo;\u00e9tait aper\u00e7u, soudain, qu&rsquo;il lui manquait pr\u00e9cis\u00e9ment celui-ci. J&rsquo;ai refus\u00e9 son offre, et je le garde pr\u00e9cieusement : c&rsquo;est d\u00e9sormais le plus pr\u00e9cieux de ma biblioth\u00e8que, ainsi que le plus incompr\u00e9hensible, soit dit en passant.<br \/>\n<\/span><\/p>\n<p style=\"margin-left: 28pt;\"><span style=\"color: #c00000; font-family: Arial;\">Jeff Bezos pourrait racheter tous les livres du monde, et notre vieille all\u00e9gorie de l&rsquo;infini sous la forme d&rsquo;une biblioth\u00e8que appara\u00eet soudain p\u00e9rim\u00e9e. \u00bb<br \/>\n<\/span><\/p>\n<p><span style=\"color: #777777; font-family: Arial;\">Mais il faut bien cl\u00f4turer un th\u00e8me. <\/span><span style=\"color: #777777; font-family: Arial;\">Je vais le faire modestement avec l&rsquo;\u00e9tat actuel de mes r\u00e9flexions.<br \/>\n<\/span><\/p>\n<p><span style=\"color: #777777; font-family: Arial;\">Faire d&rsquo;Amazon et de Jeff Bezos l&rsquo;explication de nos probl\u00e8mes, c&rsquo;est-\u00e0-dire les boucs \u00e9missaires de la dissolution de notre monde constitue une erreur d&rsquo;analyse.<br \/>\n<\/span><\/p>\n<p><span style=\"color: #777777; font-family: Arial;\">C&rsquo;est une simplification erron\u00e9e de nos contradictions et incoh\u00e9rences<br \/>\n<\/span><\/p>\n<p><span style=\"color: #777777; font-family: Arial;\">Jamais Jeff Bezos n&rsquo;est venu poser un pistolet sur la tempe de ses clients pour les obliger \u00e0 acheter sur son site. Les consommateurs du monde entier, sauf la Chine qui dispose d&rsquo;Ali baba, sont venus librement acheter sur son site et y sont revenus toujours davantage.<br \/>\n<\/span><\/p>\n<p><span style=\"color: #777777; font-family: Arial;\">Ils l&rsquo;ont fait en raison de l&rsquo;immense qualit\u00e9 et la simplicit\u00e9 du service. Surtout si on compare avec d&rsquo;autres sites en ligne.<br \/>\n<\/span><\/p>\n<p><span style=\"color: #777777; font-family: Arial;\">Mon ami Bertrand qui partage ma passion de la musique m&rsquo;a \u00e9crit apr\u00e8s la lecture d&rsquo;un des mots du jour de la s\u00e9rie\u00a0:<br \/>\n<\/span><\/p>\n<p style=\"margin-left: 28pt;\"><span style=\"color: #c00000; font-family: Arial;\">\u00ab\u00a0J&rsquo;ai renonc\u00e9 \u00e0 mettre mon nez derri\u00e8re nombre de coulisses. Je fais partie des \u00ab modestes \u00bb consommateurs de culture. Je suis gros client des maisons de disques et d&rsquo;\u00e9dition, je me sers depuis plusieurs ann\u00e9es et quasi exclusivement du g\u00e9nial circuit de distribution mis en place par Bezos pour me procurer ma \u00ab dope \u00bb musicale (surtout) et litt\u00e9raire (plus rarement, parce que je privil\u00e9gie les centres Emma\u00fcs moins chers et avec en plus une bonne action au bout pour me faire pardonner de me compromettre avec Amazon).<br \/>\n<\/span><\/p>\n<p style=\"margin-left: 28pt;\"><span style=\"color: #c00000; font-family: Arial;\">Si tu regardes le prix exig\u00e9 par le circuit de distribution de Diapason ou Classica, tu tombes [\u00e0 la renverse].<br \/>\n<\/span><\/p>\n<p style=\"margin-left: 28pt;\"><span style=\"color: #c00000; font-family: Arial;\">Quand je songe \u00e0 la difficult\u00e9 de me procurer jadis m\u00eame \u00e0 la Fnac les produits d\u00e9sir\u00e9s, alors quel soulagement de pouvoir utiliser Amazon. 99,99 % de satisfaction ! Il faut se dire que le monde change, des m\u00e9tiers se perdent, c&rsquo;est vrai, des disquaires ind\u00e9pendants (et encore, sont-ils ind\u00e9pendants encore en coulisse ?) \u00e7a n&rsquo;existe plus gu\u00e8re dans nos mortes plaines [\u2026] Livreurs sous-pay\u00e9s ? Mais diablement efficaces chez Amazon. Il m&rsquo;est arriv\u00e9 de commander le dimanche et d&rsquo;\u00eatre livr\u00e9 d\u00e8s le lundi ! [\u2026]<br \/>\n<\/span><\/p>\n<p style=\"margin-left: 28pt;\"><span style=\"color: #c00000; font-family: Arial;\">En tout cas je me r\u00e9gale \u00e0 fond, je peux aujourd&rsquo;hui \u00e9couter tous les enregistrements auxquels j&rsquo;ai renonc\u00e9 jadis gr\u00e2ce au syst\u00e8me : r\u00e9\u00e9dition massive d&rsquo;\u00e9ditions compl\u00e8tes avec une qualit\u00e9 souvent am\u00e9lior\u00e9e et un prix d\u00e9risoire. Par exemple, le coffret anniversaire MUTI chez Warner qui sort cette semaine, j&rsquo;ai r\u00e9ussi \u00e0 le pr\u00e9commander pour moins de cent euros, un euro par disque ! Tu diras que c&rsquo;est au d\u00e9triment des artistes d&rsquo;aujourd&rsquo;hui. Mais justement, les artistes d&rsquo;aujourd&rsquo;hui (enfin certains d&rsquo;entre eux) je veux les \u00e9couter en concert. Mais ceux d&rsquo;hier, gr\u00e2ce aux grands groupes, je peux les \u00e9couter quand \u00e7a me chante \u00e0 souvent moins cher qu&rsquo;une cigarette\u2026[\u2026]<br \/>\n<\/span><\/p>\n<p style=\"margin-left: 28pt;\"><span style=\"color: #c00000; font-family: Arial;\">Pour conclure : oui, Amazon me fait tant de bien, je ne crache pas dans la main de celui qui me sert si fid\u00e8lement.\u00a0\u00bb<br \/>\n<\/span><\/p>\n<p><span style=\"color: #777777; font-family: Arial;\">Il a raison.<br \/>\n<\/span><\/p>\n<p><span style=\"color: #777777; font-family: Arial;\">Certains aspects du management de Jeff Bezos sont certes contestables, mais cela appartient aux combats sociaux.<br \/>\n<\/span><\/p>\n<p><span style=\"color: #777777; font-family: Arial;\">Sa volont\u00e9 de fuir l&rsquo;imp\u00f4t est tr\u00e8s g\u00e9n\u00e9rale dans le monde des grands entrepreneurs de la plan\u00e8te, il faut \u00e9videmment que les \u00c9tats s&rsquo;arment et coop\u00e8rent davantage pour lutter contre cette fraude et optimisation fiscales organis\u00e9es. Les \u00c9tats s&rsquo;y emploient un peu, probablement pas suffisamment.<br \/>\n<\/span><\/p>\n<p><span style=\"color: #777777; font-family: Arial;\">Amazon a une ambition h\u00e9g\u00e9monique, voire monopolistique. Ce n&rsquo;est pas nouveau non plus. L&rsquo;histoire \u00e9conomique lib\u00e9rale est remplie d&rsquo;entreprises qui ont poursuivi cette qu\u00eate de supprimer la concurrence et se retrouver seul. Dans ce domaine aussi il faut d&rsquo;abord une prise de conscience, puis agir pour combattre les monopoles. Mais comme l&rsquo;a dit Esther Duflo, Amazon est loin d&rsquo;\u00eatre un monopole. La preuve en est que je n&rsquo;ach\u00e8te jamais chez Amazon et que je ne crois pas \u00eatre priv\u00e9 de quoi que ce soit. Quelquefois, il est vrai, je pourrais peut \u00eatre trouver moins cher chez Amazon. Mais l\u00e0 je vous renvoie vers mon mot du jour \u00ab\u00a0<a href=\"https:\/\/lemotdujour.fr\/?p=5978\"><span style=\"color: #92cddc;\"><span style=\"color: #0000ff;\">C&rsquo;est trop cher\u00a0!<\/span><span style=\"color: #002060;\">\u00a0<\/span><\/span><\/a>\u00bb qui montre, me semble t&rsquo;il, la vue \u00e0 court terme et quasi d\u00e9l\u00e9t\u00e8re de cette poursuite du \u00ab\u00a0moins cher\u00a0\u00bb c&rsquo;est-\u00e0-dire le choix syst\u00e9matique du consommateur que vous \u00eates contre le producteur que vous \u00eates aussi.<br \/>\n<\/span><\/p>\n<p><span style=\"color: #777777; font-family: Arial;\">C&rsquo;est trop facile de dire\u00a0: c&rsquo;est la faute d&rsquo;Amazon.<br \/>\n<\/span><\/p>\n<p><span style=\"color: #777777; font-family: Arial;\">Amazon a su capter le r\u00e9cit consum\u00e9riste du monde.<br \/>\n<\/span><\/p>\n<p><a href=\"https:\/\/lemotdujour.fr\/?page_id=2658\"><span style=\"font-family: Arial;\"><span style=\"color: #0000ff;\">Yuval Noah Harari<\/span><\/span><\/a><span style=\"color: #777777; font-family: Arial;\"><span style=\"color: #0000ff;\">,<\/span> nous a racont\u00e9 combien le r\u00e9cit est consubstantiel d&rsquo;homo sapiens et que c&rsquo;est m\u00eame cette capacit\u00e9 de croire \u00e0 un r\u00e9cit qui a permis \u00e0 une esp\u00e8ce, assez faible physiquement, \u00e0 dominer toutes les autres esp\u00e8ces de la terre.<br \/>\n<\/span><\/p>\n<p><span style=\"color: #777777; font-family: Arial;\">Il avait \u00e9crit ce constat explicatif\u00a0:<br \/>\n<\/span><\/p>\n<p><span style=\"color: #777777; font-family: Arial;\">\u00ab\u00a0<span style=\"color: #c00000;\">Jamais vous ne convaincrez un singe de vous donner sa banane en lui promettant qu&rsquo;elle lui sera rendue au centuple au ciel des singes<span style=\"color: red;\">.\u00a0<span style=\"color: #c00000;\">\u00bb<span style=\"color: #777777;\"><br \/>\n<\/span><\/span><\/span><\/span><\/span><\/p>\n<p><span style=\"color: #777777; font-family: Arial;\">Par cette phrase il se r\u00e9f\u00e9rait aux r\u00e9cits religieux. Ces r\u00e9cits qui ont colonis\u00e9 des soci\u00e9t\u00e9s enti\u00e8res et l&rsquo;int\u00e9gralit\u00e9 de la vie des individus dans nos contr\u00e9es pendant des si\u00e8cles. Ils continuent encore aujourd&rsquo;hui dans d&rsquo;autres contr\u00e9es \u00e0 prendre toute la place et m\u00eame dans certaines familles qui habitent dans nos pays.<br \/>\n<\/span><\/p>\n<p><span style=\"color: #777777; font-family: Arial;\">Il y eut ensuite les r\u00e9cits nationalistes. C&rsquo;\u00e9tait un r\u00e9cit particuli\u00e8rement fort et intense pour conduire \u00e0 ce que des millions de jeunes hommes acceptent de sacrifier leur vie dans des guerres monstrueuses et insens\u00e9es. J&rsquo;avais \u00e9voqu\u00e9 ce r\u00e9cit dans le premier mot du jour de la s\u00e9rie sur 14-18 &lt;<a href=\"https:\/\/lemotdujour.fr\/?p=5661\"><span style=\"color: #0000ff;\">Mourir pour la patrie<\/span><\/a>&gt;.<br \/>\n<\/span><\/p>\n<p><span style=\"color: #777777; font-family: Arial;\">Il y eut aussi les r\u00e9cits de religions la\u00efques, je veux dire du communisme, du nazisme qui ont aussi conduit \u00e0 des monstruosit\u00e9s.<br \/>\n<\/span><\/p>\n<p><span style=\"color: #777777; font-family: Arial;\">Nous percevons la tentative d&rsquo;autres r\u00e9cits qui sont en gestation : \u00ab le r\u00e9cit transhumaniste \u00bb, \u00ab le r\u00e9cit de la collapsologie \u00bb voire \u00ab le r\u00e9cit d&rsquo;\u00e9cologiste mill\u00e9nariste \u00bb.<br \/>\n<\/span><\/p>\n<p><span style=\"color: #777777; font-family: Arial;\">Alors finalement \u00ab\u00a0<strong>le r\u00e9cit consum\u00e9riste\u00a0\u00bb <\/strong>est peut-\u00eatre le plus doux de tous ces r\u00e9cits qui guident le comportement des humains. Il s&rsquo;apparente au r\u00e9cit du \u00ab\u00a0doux commerce\u00a0\u00bb de Montesquieu.<br \/>\n<\/span><\/p>\n<p><span style=\"color: #777777; font-family: Arial;\">Le r\u00e9cit consum\u00e9riste est celui qui est martel\u00e9 par le monde de la publicit\u00e9 qui lie le bonheur avec la consommation.<br \/>\n<\/span><\/p>\n<p><span style=\"color: #777777; font-family: Arial;\">Vous \u00eates malheureux\u00a0: achetez tel ou tel produit, service, voyage et vous serez heureux.<br \/>\n<\/span><\/p>\n<p><span style=\"color: #777777; font-family: Arial;\">Vous voulez \u00eatre en phase avec votre temps, vos semblables il faut absolument acheter ce smartphone, cet \u00e9quipement etc.<br \/>\n<\/span><\/p>\n<p><span style=\"color: #777777; font-family: Arial;\">Et pour que votre d\u00e9sir de consommation soit accompli, il faut deux choses : la certitude que vous achetez le moins cher, sinon vous \u00eates \u00ab has been \u00bb, et vous devez disposer de votre objet du d\u00e9sir imm\u00e9diatement.<br \/>\n<\/span><\/p>\n<p><span style=\"color: #777777; font-family: Arial;\">Jeff Bezos l&rsquo;a compris, Amazon est sa remarquable r\u00e9ponse \u00e0 la croyance \u00e0 ce r\u00e9cit.<br \/>\n<\/span><\/p>\n<p><span style=\"color: #777777; font-family: Arial;\">Cela pose cependant de multiples probl\u00e9matiques.<br \/>\n<\/span><\/p>\n<p><img decoding=\"async\" class=\"alignleft\" src=\"https:\/\/lemotdujour.fr\/wp-content\/uploads\/2021\/06\/062721_1919_Lundi28juin1.jpg\" alt=\"\" align=\"left\" \/><span style=\"color: #777777; font-family: Arial;\">La premi\u00e8re, pour revenir au doux commerce de Montesquieu, est de s&rsquo;interroger \u00e0 la douceur de l&rsquo;\u00e9change d&rsquo;un clic de souris et de la relation chaleureuse avec une box qui conserve le carton que j&rsquo;attends.<br \/>\n<\/span><\/p>\n<p><span style=\"color: #777777; font-family: Arial;\">La principale reste cependant qu&rsquo;il n&rsquo;est pas possible de consommer comme nous le faisons, nous autres occidentaux.<br \/>\n<\/span><\/p>\n<p><span style=\"color: #777777; font-family: Arial;\">Parce que nous ne disposons pas d&rsquo;une plan\u00e8te capable d&rsquo;absorber notre demande insatiable de produits et de nouveaux produits, de transports et d&rsquo;\u00e9nergie que tout cela n\u00e9cessite.<br \/>\n<\/span><\/p>\n<p><span style=\"color: #777777; font-family: Arial;\">Accuser Amazon est simple, faire preuve d&rsquo;introspection et aussi de r\u00e9flexion pour essayer de s&rsquo;interroger sur la place de notre esp\u00e8ce sur la biosph\u00e8re qui permet la vie sur terre et la plan\u00e8te que nous souhaitons l\u00e9guer \u00e0 nos enfants est une question beaucoup plus complexe et beaucoup plus essentielle.<br \/>\n<\/span><\/p>\n<p><span style=\"color: maroon; font-family: Arial;\">&lt;1582&gt;<span style=\"color: #777777;\"><br \/>\n<\/span><\/span><\/p>\n","protected":false},"excerpt":{"rendered":"<p>\u00ab Quel r\u00e9cit explique le d\u00e9veloppement d&rsquo;Amazon ?\u00bb Essai de conclusion sur Amazon Il serait encore possible d&rsquo;\u00e9crire beaucoup sur Amazon et Jeff Bezos. L&rsquo;actualit\u00e9 nous donne d&rsquo;ailleurs, sans cesse, des \u00e9l\u00e9ments nouveaux permettant d&rsquo;autres d\u00e9veloppements. Par exemple le 18<\/p>\n","protected":false},"author":1,"featured_media":0,"comment_status":"open","ping_status":"closed","sticky":false,"template":"","format":"standard","meta":{"footnotes":""},"categories":[1],"tags":[74,54,7],"class_list":["post-11658","post","type-post","status-publish","format-standard","hentry","category-motdujour","tag-consumerisme","tag-humanisme","tag-societe"],"_links":{"self":[{"href":"https:\/\/lemotdujour.fr\/index.php?rest_route=\/wp\/v2\/posts\/11658","targetHints":{"allow":["GET"]}}],"collection":[{"href":"https:\/\/lemotdujour.fr\/index.php?rest_route=\/wp\/v2\/posts"}],"about":[{"href":"https:\/\/lemotdujour.fr\/index.php?rest_route=\/wp\/v2\/types\/post"}],"author":[{"embeddable":true,"href":"https:\/\/lemotdujour.fr\/index.php?rest_route=\/wp\/v2\/users\/1"}],"replies":[{"embeddable":true,"href":"https:\/\/lemotdujour.fr\/index.php?rest_route=%2Fwp%2Fv2%2Fcomments&post=11658"}],"version-history":[{"count":7,"href":"https:\/\/lemotdujour.fr\/index.php?rest_route=\/wp\/v2\/posts\/11658\/revisions"}],"predecessor-version":[{"id":12723,"href":"https:\/\/lemotdujour.fr\/index.php?rest_route=\/wp\/v2\/posts\/11658\/revisions\/12723"}],"wp:attachment":[{"href":"https:\/\/lemotdujour.fr\/index.php?rest_route=%2Fwp%2Fv2%2Fmedia&parent=11658"}],"wp:term":[{"taxonomy":"category","embeddable":true,"href":"https:\/\/lemotdujour.fr\/index.php?rest_route=%2Fwp%2Fv2%2Fcategories&post=11658"},{"taxonomy":"post_tag","embeddable":true,"href":"https:\/\/lemotdujour.fr\/index.php?rest_route=%2Fwp%2Fv2%2Ftags&post=11658"}],"curies":[{"name":"wp","href":"https:\/\/api.w.org\/{rel}","templated":true}]}}