{"id":11649,"date":"2021-06-25T00:31:34","date_gmt":"2021-06-24T22:31:34","guid":{"rendered":"http:\/\/lemotdujour.fr\/?p=11649"},"modified":"2021-11-12T20:51:13","modified_gmt":"2021-11-12T19:51:13","slug":"vendredi-25-juin-2021","status":"publish","type":"post","link":"https:\/\/lemotdujour.fr\/?p=11649","title":{"rendered":"Vendredi 25 juin 2021"},"content":{"rendered":"<div class=\"mdjTexte\">\u00ab\u00a0Le Syst\u00e8me Amazon : une histoire de notre futur\u00a0\u00bb<\/div>\n<div class=\"mdjAuteur\">Alec MacGillis<\/div>\n<p><span style=\"color: #777777; font-family: Arial;\">Au centre du magazine \u00ab\u00a0<strong>Le Un\u00a0<\/strong>\u00bb consacr\u00e9 \u00e0 Amazon et qui a guid\u00e9 ma r\u00e9flexion au cours de cette s\u00e9rie consacr\u00e9e au g\u00e9ant de la logistique et du commerce cr\u00e9\u00e9 par Jeff Bezos se trouve un entretien avec <strong>Alec MacGillis<\/strong>\u00a0: \u00ab <span style=\"color: #0000ff;\"><a style=\"color: #0000ff;\" href=\"https:\/\/le1hebdo.fr\/journal\/amazon-nous-veut-il-du-bien\/349\/article\/aucune-autre-compagnie-au-monde-n-est-aujourd-hui-aussi-dominante-4690.html\">Aucune autre compagnie au monde n&rsquo;est aujourd&rsquo;hui aussi dominante<\/a><\/span> \u00bb<br \/>\n<\/span><\/p>\n<p><img decoding=\"async\" class=\"alignleft\" src=\"https:\/\/lemotdujour.fr\/wp-content\/uploads\/2021\/06\/062421_2227_Vendredi25j1.png\" alt=\"\" align=\"left\" \/><span style=\"color: #777777; font-family: Arial;\"><strong>Alec MacGillis<\/strong>\u00a0est un journaliste am\u00e9ricain qui travaille au journal \u00ab\u00a0<strong>le New Yorker<\/strong> \u00a0\u00bb. Auparavant, il avait travaill\u00e9 au Washington Post, avant que ce journal ne soit rachet\u00e9 par Jeff Bezos.<br \/>\n<\/span><\/p>\n<p><span style=\"color: #777777; font-family: Arial;\">Il est l&rsquo;auteur d&rsquo;un livre dont la traduction fran\u00e7aise est parue le 3 juin au Seuil\u00a0<strong>\u00ab\u00a0<a href=\"https:\/\/www.decitre.fr\/livres\/le-systeme-amazon-9782021480528.html\"><span style=\"color: #0000ff;\">Le Syst\u00e8me Amazon : une histoire de notre futur<\/span><\/a><\/strong>\u00a0\u00bb<br \/>\n<\/span><\/p>\n<p><span style=\"color: #777777; font-family: Arial;\">Une autre revue qui s&rsquo;int\u00e9resse \u00e0 notre avenir num\u00e9rique \u00ab\u00a0<strong>Usbek et RICA<\/strong>\u00a0\u00bb lui a \u00e9galement consacr\u00e9 un article\u00a0: <a href=\"https:\/\/usbeketrica.com\/fr\/article\/le-systeme-amazon-enquete-implacable-sur-le-futur-selon-jeff-bezos\">&lt;<span style=\"color: #0000ff;\">Enqu\u00eate implacable sur le futur selon jeff bezos<\/span>&gt;<\/a><br \/>\n<\/span><\/p>\n<p><span style=\"color: #777777; font-family: Arial;\">Mardi 22 juillet, il \u00e9tait l&rsquo;invit\u00e9 de \u00ab\u00a0<strong>la Grande Table<\/strong>\u00a0\u00bb de France Culture\u00a0: &lt; <span style=\"color: #0000ff;\"><a style=\"color: #0000ff;\" href=\"https:\/\/www.franceculture.fr\/emissions\/la-grande-table-idees\/amazon-un-projet-tentaculaire\">Amazon : un projet tentaculaire<\/a><\/span>&gt;<br \/>\n<\/span><\/p>\n<p><span style=\"color: #777777; font-family: Arial;\">A France Culture il explique que sa r\u00e9flexion a commenc\u00e9 en voyant Les in\u00e9galit\u00e9 r\u00e9gionales qui s&rsquo;amplifiaient\u00a0:<br \/>\n<\/span><\/p>\n<p style=\"margin-left: 28pt;\"><span style=\"color: #c00000; font-family: Arial;\">\u00ab\u00a0Mon enqu\u00eate a commenc\u00e9 \u00e0 partir des in\u00e9galit\u00e9s r\u00e9gionales qui s&rsquo;amplifient d&rsquo;ann\u00e9es en ann\u00e9es : c&rsquo;est la logique du vainqueur qui rafle toute la mise, des villes comme San Francisco ou Los Angeles, o\u00f9 il devient difficile de vivre tellement la richesse est concentr\u00e9e. Cet \u00e9cart r\u00e9gional cr\u00e9e des distorsions dans le pays, jusque dans la politique \u00a0\u00bb)<br \/>\n<\/span><\/p>\n<p><span style=\"color: #777777; font-family: Arial;\">Pour MacGillis aucune autre compagnie au monde n&rsquo;est aujourd&rsquo;hui aussi dominante\u00a0:<br \/>\n<\/span><\/p>\n<p style=\"margin-left: 28pt;\"><span style=\"color: #c00000; font-family: Arial;\">\u00ab\u00a0Les activit\u00e9s d&rsquo;Amazon sont devenues si vastes, si diversifi\u00e9es, qu&rsquo;il est difficile d&rsquo;appr\u00e9hender de fa\u00e7on simple la puissance de l&rsquo;entreprise. Aucune autre compagnie au monde n&rsquo;est aujourd&rsquo;hui aussi dominante, dans autant de secteurs d&rsquo;activit\u00e9 touchant \u00e0 la vie concr\u00e8te de la population. Pour trouver une entreprise comparable, il faudrait remonter \u00e0 une autre \u00e9poque, aux grands monopoles du d\u00e9but du xxe si\u00e8cle, comme la Standard Oil de John D. Rockefeller. Le pouvoir de la Standard Oil venait du fait que Rockefeller contr\u00f4lait \u00e0 la fois des puits de p\u00e9trole et les compagnies de chemin de fer qui acheminaient cette ressource, emp\u00eachant ainsi ses concurrents de rivaliser avec lui. Amazon est assez similaire de ce point de vue, puisqu&rsquo;il contr\u00f4le les plateformes de vente, ces \u00ab places de march\u00e9 \u00bb o\u00f9 n&rsquo;importe quelle entreprise peut \u00eatre pr\u00e9sente \u00e0 condition de payer un pourcentage \u00e0 Amazon sur chaque vente, et op\u00e8re elle-m\u00eame sur ces march\u00e9s avec des avantages comp\u00e9titifs \u00e9vidents. Et la puissance d&rsquo;Amazon ne se limite d\u00e9sormais plus au seul commerce en ligne, puisque l&rsquo;entreprise est devenue le leader mondial de l&rsquo;activit\u00e9 du cloud, qu&rsquo;elle \u0153uvre aussi dans le domaine de la s\u00e9curit\u00e9, de la sant\u00e9, des services \u00e0 la personne, sans oublier la place de plus en plus importante qu&rsquo;elle prend dans le divertissement\u00a0\u00bb<br \/>\n<\/span><\/p>\n<p><img loading=\"lazy\" decoding=\"async\" class=\"alignright\" src=\"https:\/\/lemotdujour.fr\/wp-content\/uploads\/2021\/06\/062421_2227_Vendredi25j2.jpg\" alt=\"\" width=\"274\" height=\"417\" align=\"left\" \/><span style=\"color: #777777; font-family: Arial;\">Je note que la Prix Nobel d&rsquo;\u00e9conomie <strong>Esther Duflo<\/strong> n&rsquo;est pas de cet avis. Elle ne minimise pas la puissance et l&rsquo;influence d&rsquo;Amazon mais elle consid\u00e8re que cette entreprise conserve des concurrents s\u00e9rieux, alors que pour elle <strong>Google<\/strong> et son entreprise holding <strong>Alphabet <\/strong>se trouvent en position monopolistique et constitue un danger plus grand encore pour nos libert\u00e9s.<br \/>\n<\/span><\/p>\n<p><span style=\"color: #777777; font-family: Arial;\">Mais restons sur Amazon et sur sa diversification :<br \/>\n<\/span><\/p>\n<p style=\"margin-left: 28pt;\"><span style=\"color: #c00000; font-family: Arial;\">\u00ab\u00a0La diversification de ses activit\u00e9s permet \u00e0 Amazon d&rsquo;utiliser sa domination dans un secteur pour s&rsquo;assurer le leadership dans un autre. Le Wall Street Journal a r\u00e9cemment r\u00e9v\u00e9l\u00e9 une affaire tr\u00e8s \u00e9loquente quant \u00e0 la strat\u00e9gie d&rsquo;Amazon de ce point de vue : une entreprise vendait un dispositif de surveillance priv\u00e9e sur la \u00ab Market Place \u00bb, la place de march\u00e9 d&rsquo;Amazon, et Amazon souhaitait que cette entreprise partage avec lui les donn\u00e9es collect\u00e9es par ce dispositif. Devant les r\u00e9ticences de cette derni\u00e8re, Amazon a menac\u00e9 de ne plus vendre son produit sur son site \u2013 ce qui, aujourd&rsquo;hui, vu la puissance d&rsquo;Amazon, est semblable \u00e0 une condamnation \u00e0 mort commerciale. L&rsquo;entreprise a \u00e9t\u00e9 contrainte de plier.\u00a0\u00bb<br \/>\n<\/span><\/p>\n<p><span style=\"color: #777777; font-family: Arial;\">C&rsquo;est un comportement quasi mafieux conclut la journaliste du Un. <\/span><span style=\"color: #777777; font-family: Arial;\">Disons que c&rsquo;est au moins un abus de position dominante.<br \/>\n<\/span><\/p>\n<p><span style=\"color: #777777; font-family: Arial;\">Il ne s&rsquo;agit pas de nier la qualit\u00e9 du service d&rsquo;Amazon pour ses clients, mais il s&rsquo;agit d&rsquo;essayer de comprendre les cons\u00e9quences de l&rsquo;attitude de cette entreprise\u00a0:<br \/>\n<\/span><\/p>\n<p style=\"margin-left: 28pt;\"><span style=\"color: #c00000; font-family: Arial;\">\u00ab\u00a0Amazon commence par s\u00e9duire les consommateurs avec des prix bas et une qualit\u00e9 de service remarquable, que ce soit dans la livraison ou dans la relation client. Plus les consommateurs sont nombreux sur le site, plus les entreprises tierces se sentent \u00e0 leurs tours tenues d&rsquo;y \u00eatre pr\u00e9sentes, pour y trouver des clients sur la place de march\u00e9. La richesse de l&rsquo;offre entra\u00eene m\u00e9caniquement une nouvelle augmentation du nombre de clients, ceux-ci \u00e9tant presque s\u00fbrs de trouver ce qu&rsquo;ils cherchent sur le site. Et cette demande accrue permet de baisser \u00e0 nouveau les prix, gr\u00e2ce aux \u00e9conomies d&rsquo;\u00e9chelle engendr\u00e9es. C&rsquo;est ce cercle vertueux \u2013 pour l&rsquo;entreprise, du moins \u2013 qui lui permet de poursuivre sa croissance ininterrompue. En 2004, le chiffre d&rsquo;affaires d&rsquo;Amazon \u00e9tait de 6 milliards de dollars. En 2011, 48 milliards. Et en 2020, 386 milliards. C&rsquo;est vertigineux.\u00a0\u00bb<br \/>\n<\/span><\/p>\n<p><span style=\"color: #777777; font-family: Arial;\">En France nous pouvons prendre l&rsquo;exemple de la ligue 1 de football qui a fait contrat avec Amazon pour la diffusion des matchs.<br \/>\n<\/span><\/p>\n<p><img loading=\"lazy\" decoding=\"async\" class=\"alignleft\" src=\"https:\/\/lemotdujour.fr\/wp-content\/uploads\/2021\/06\/062421_2227_Vendredi25j3.jpg\" alt=\"\" width=\"420\" height=\"584\" align=\"left\" \/><span style=\"color: #777777; font-family: Arial;\">Le pr\u00e9sident de la Ligue Fran\u00e7aise Football exprime cette opinion tranch\u00e9e\u00a0: <span style=\"color: #c00000;\">\u00ab\u00a0Il faudrait \u00eatre fou pour refuser Amazon\u00a0\u00bb<span style=\"color: #777777;\"><br \/>\n<\/span><\/span><\/span><\/p>\n<p><span style=\"color: #777777; font-family: Arial;\">Selon des informations de RMC, Amazon demanderait aux passionn\u00e9s de football de prendre l&rsquo;abonnement Prime et d&rsquo;y ajouter la modeste somme de 2 \u20ac par mois.<br \/>\n<\/span><\/p>\n<p><span style=\"color: #777777; font-family: Arial;\">Dans ce cas la strat\u00e9gie est claire, Amazon n&rsquo;a pas pour objectif de rentabiliser sa diffusion du football en France. Ce qui l&rsquo;int\u00e9resse c&rsquo;est d&rsquo;augmenter le nombre d&rsquo;abonn\u00e9s Prime et ainsi d&rsquo;augmenter le nombre d&rsquo;achats sur son site en ligne. Ce qu&rsquo;il sait \u00eatre une cons\u00e9quence de l&rsquo;abonnement Prime\u00a0:<br \/>\n<\/span><\/p>\n<p style=\"margin-left: 28pt;\"><span style=\"color: #c00000; font-family: Arial;\">\u00ab\u00a0D\u00e8s 2006, Amazon a eu cette intuition g\u00e9niale : en leur offrant la livraison contre un abonnement annuel, les clients seraient amen\u00e9s \u00e0 \u00eatre fid\u00e8les au site et \u00e0 y commander le plus de choses possibles pour rentabiliser leur abonnement. Aujourd&rsquo;hui, plus de la moiti\u00e9 des foyers am\u00e9ricains sont abonn\u00e9s au service Prime, soit largement plus de 100 millions de foyers qui payent 119 dollars par an pour avoir droit \u00e0 des livraisons gratuites, rapides, ainsi qu&rsquo;\u00e0 une offre m\u00e9dia. Et les abonn\u00e9s Prime d\u00e9pensent plus sur Amazon, environ 1 400 dollars en moyenne par an, contre 600 dollars pour les non-abonn\u00e9s. C&rsquo;est une manne incroyable pour Amazon ! Et cette explosion des comptes Prime a aussi conduit l&rsquo;entreprise \u00e0 se r\u00e9pandre \u00e0 travers l&rsquo;ensemble du pays : si vous promettez une livraison en vingt-quatre heures, vous avez besoin d&rsquo;avoir des entrep\u00f4ts \u00e0 proximit\u00e9.\u00a0\u00bb<br \/>\n<\/span><\/p>\n<p><span style=\"color: #777777; font-family: Arial;\">MacGillis d\u00e9crit les cons\u00e9quences de la domination d&rsquo;Amazon vers une dichotomie entre les \u00ab <strong>villes \u00e0 si\u00e8ge social<\/strong> \u00bb et les \u00ab <strong>villes \u00e0 entrep\u00f4ts<\/strong> \u00bb,<br \/>\n<\/span><\/p>\n<p style=\"margin-left: 28pt;\"><span style=\"color: #c00000; font-family: Arial;\">\u00ab\u00a0Amazon n&rsquo;est pas seul responsable, mais sa croissance a accompagn\u00e9 un mouvement de rel\u00e9gation des villes secondaires, vid\u00e9es de leurs magasins et de leurs emplois, et donc de leur vie sociale, tandis que les m\u00e9tropoles florissantes concentrent la richesse capt\u00e9e par le commerce en ligne, les meilleurs jobs, les meilleurs salaires, mais aussi les probl\u00e8mes de logement, de trafic, de s\u00e9gr\u00e9gation g\u00e9ographique. Le foss\u00e9 s&rsquo;est creus\u00e9 entre les \u00ab villes \u00e0 si\u00e8ge social \u00bb et les \u00ab villes \u00e0 entrep\u00f4ts \u00bb, tandis que l&rsquo;acte m\u00eame de consommer a perdu de son humanit\u00e9 : vous ne vous d\u00e9placez plus, vous ne rencontrez plus personne.\u00a0\u00bb<br \/>\n<\/span><\/p>\n<p><span style=\"color: #777777; font-family: Arial;\">Amazon selon un sondage de 2018 est <strong>\u00ab\u00a0l&rsquo;institution la plus respect\u00e9e des Etats-Unis\u00a0\u00bb<\/strong>\u00a0:<br \/>\n<\/span><\/p>\n<p style=\"margin-left: 28pt;\"><span style=\"color: #c00000; font-family: Arial;\">\u00ab\u00a0Les meilleurs clients d&rsquo;Amazon sont les populations ais\u00e9es des grandes villes, celles-l\u00e0 m\u00eames qui votent le plus \u00e0 gauche aujourd&rsquo;hui et qui s&rsquo;inqui\u00e8tent des pratiques de Facebook ou d&rsquo;Apple, par exemple. Pourquoi si peu de critiques ? Sans doute parce que le p\u00e9ch\u00e9 originel est le n\u00f4tre : <strong>nous appr\u00e9cions tellement le fait qu&rsquo;Amazon puisse satisfaire nos d\u00e9sirs de consommation que nous ne voulons pas savoir comment il y arrive. C&rsquo;est pourtant ce qu&rsquo;il faudrait faire : comprendre ce qui se joue derri\u00e8re la facilit\u00e9 de l&rsquo;achat en un clic, comprendre que l&rsquo;apparence de la gratuit\u00e9 a un co\u00fbt, social et humain.\u00a0<\/strong>\u00bb<br \/>\n<\/span><\/p>\n<p><span style=\"color: #777777; font-family: Arial;\">Pour s&rsquo;enrichir il faut certes avoir quelques id\u00e9es disruptives, probablement beaucoup travailler mais surtout pas payer d&rsquo;imp\u00f4ts. Jeff Bezos refuse l&rsquo;imp\u00f4t, le fuit. Il est libertarien. Seul l&rsquo;individu est grand, le commun ne se trouve pas dans ses pr\u00e9occupations :<br \/>\n<\/span><\/p>\n<p style=\"margin-left: 28pt;\"><span style=\"color: #c00000; font-family: Arial;\">\u00ab\u00a0Amazon recherche les influences priv\u00e9es et refuse toute solidarit\u00e9 par l&rsquo;imp\u00f4t, m\u00eame minimal. En pur et authentique libertarien, Jeff Bezos a la haine des imp\u00f4ts : \u00ab Pendant des ann\u00e9es, Amazon \u00e9tait rest\u00e9 remarquablement \u00e0 l&rsquo;\u00e9cart des questions politiques et citoyennes de Seattle, un silence d&rsquo;autant plus \u00e9trange \u00e0 mesure que l&rsquo;entreprise grandissait. C&rsquo;\u00e9tait le reflet des opinions libertariennes de son fondateur : le gouvernement n&rsquo;\u00e9tait pas seulement un obstacle, il \u00e9tait inop\u00e9rant. [\u2026]<br \/>\n<\/span><\/p>\n<p style=\"margin-left: 28pt;\"><span style=\"color: #c00000; font-family: Arial;\">\u00c0 l&rsquo;\u00e9tranger, Amazon refuse de d\u00e9clarer ses r\u00e9sultats par aire g\u00e9ographique pour contourner les imp\u00f4ts locaux. Mais la strat\u00e9gie est la m\u00eame aux \u00c9tats-Unis : pour \u00e9viter les taxes locales, le patron d&rsquo;Amazon n&rsquo;h\u00e9site pas \u00e0 menacer les \u00c9tats qui r\u00e9clament leur d\u00fb : \u00ab Les employ\u00e9s d&rsquo;Amazon \u00e9parpill\u00e9s dans tout le pays avaient des cartes de visite trompeuses, de sorte que l&rsquo;entreprise ne puisse \u00eatre accus\u00e9e d&rsquo;op\u00e9rer dans un \u00c9tat donn\u00e9, et donc forc\u00e9e d&rsquo;y payer des imp\u00f4ts. En 2010, l&rsquo;entreprise alla jusqu&rsquo;\u00e0 fermer son unique entrep\u00f4t au Texas et \u00e0 abandonner ses futurs projets de centres de distribution lorsque les \u00e9lus de l&rsquo;\u00c9tat la pouss\u00e8rent \u00e0 payer 270 millions de dollars d&rsquo;arri\u00e9r\u00e9s, ce qui obligea le Texas \u00e0 renoncer \u00e0 cet imp\u00f4t. En 2017, l&rsquo;entreprise avait m\u00eame cr\u00e9e une mission interne secr\u00e8te consistant \u00e0 obtenir 1 milliard par an de r\u00e9duction d&rsquo;imp\u00f4ts \u00bb.<br \/>\n<\/span><\/p>\n<p><span style=\"color: #777777; font-family: Arial;\">Jeff Bezos refuse l\u2019imp\u00f4t mais il s&rsquo;int\u00e9resse au personnel politique :<br \/>\n<\/span><\/p>\n<p style=\"margin-left: 28pt;\"><span style=\"color: #c00000; font-family: Arial;\">\u00ab\u00a0 Alec MacGillis a travaill\u00e9 pour le Washington Post jusqu&rsquo;\u00e0 ce que le journal soit rachet\u00e9 par Jeff Bezos en 2014. Cette acquisition lui donne une assise tr\u00e8s importante dans la capitale f\u00e9d\u00e9rale, dans laquelle il passe plus de temps qu&rsquo;\u00e0 Seattle. [\u2026] Apr\u00e8s tout, la commande publique est un march\u00e9 comme un autre \u2013 et m\u00eame plus gros que les autres. Jeff Bezos surveille notamment de pr\u00e8s Ann Rung, cost-killeuse publique qui se vantait d&rsquo;avoir fait \u00e9conomiser 200 millions de dollars en fournitures de bureau \u00e0 l&rsquo;\u00c9tat de Pennsylvanie. De tels \u00e9tats de service lui valurent l&rsquo;attention de Barack Obama qui, en 2014, la nomma directrice en chef des acquisitions des \u00c9tats-Unis. D\u00e8s sa prise de poste, elle encouragea les acheteurs publics \u00e0 casser les r\u00e8gles et innover. Et en 2016, elle annon\u00e7ait 2 milliards d&rsquo;\u00e9conomies pour les comptes publics non sans une certaine fiert\u00e9\u2026 avant de d\u00e9missionner pour devenir directrice de la division \u00ab march\u00e9 public \u00bb d&rsquo;Amazon Business : \u00ab En d&rsquo;autres termes, la personne qui supervisait l&rsquo;int\u00e9gralit\u00e9 des 450 milliards de d\u00e9penses gouvernementales en approvisionnement rejoignait une entreprise d\u00e9termin\u00e9e \u00e0 se tailler la plus grosse part de ce g\u00e2teau \u00bb.<br \/>\n<\/span><\/p>\n<p><span style=\"color: #777777; font-family: Arial;\">Amazon a largement profit\u00e9 de la pand\u00e9mie\u00a0:<br \/>\n<\/span><\/p>\n<p style=\"margin-left: 28pt;\"><span style=\"color: #c00000; font-family: Arial;\">\u00ab\u00a0La pand\u00e9mie a fait exploser les chiffres de l&rsquo;entreprise de fa\u00e7on exponentielle : plus 40 % sur les ventes cumul\u00e9es dans l&rsquo;ann\u00e9e, plus 50 % de surface des entrep\u00f4ts pour assurer ces ventes, 400 000 nouveaux employ\u00e9s pour les seuls \u00c9tats-Unis\u2026 Quant \u00e0 Jeff Bezos, il a vu la valeur de ses actions doubler en un an, et sa fortune a grimp\u00e9 de 58 milliards de dollars !\u00a0\u00bb<br \/>\n<\/span><\/p>\n<p><img loading=\"lazy\" decoding=\"async\" class=\"alignright\" src=\"https:\/\/lemotdujour.fr\/wp-content\/uploads\/2021\/06\/062421_2227_Vendredi25j4.jpg\" alt=\"\" width=\"195\" height=\"255\" align=\"left\" \/><span style=\"color: #777777; font-family: Arial;\">Il parle surtout des \u00c9tats-Unis et d&rsquo;une lib\u00e9ration d&rsquo;un reste de culpabilit\u00e9 chez certains am\u00e9ricains en raison de la pand\u00e9mie :<br \/>\n<\/span><\/p>\n<p style=\"margin-left: 28pt;\"><span style=\"color: #c00000; font-family: Arial;\">\u00ab\u00a0La tendance \u00e9tait d\u00e9j\u00e0 l\u00e0, qu&rsquo;on parle de la croissance d&rsquo;Amazon ou de l&rsquo;av\u00e8nement d&rsquo;une \u00ab soci\u00e9t\u00e9 du simple clic \u00bb. Mais la pand\u00e9mie a abattu des barri\u00e8res psychologiques. Une part des Am\u00e9ricains pouvaient encore ressentir une forme de culpabilit\u00e9 \u00e0 acheter en ligne sur Amazon. La pand\u00e9mie les a non seulement lib\u00e9r\u00e9s de cette culpabilit\u00e9, mais a m\u00eame donn\u00e9 un caract\u00e8re vertueux \u00e0 cette forme de consommation : regardez, je reste chez moi, je suis civique dans mes achats ! Ce qui s&rsquo;est pass\u00e9 depuis un an a acc\u00e9l\u00e9r\u00e9 un mouvement de fond vers l&rsquo;isolation des individus, le repli dans sa bulle, et, par l\u00e0, une fragmentation du tissu social qui constitue notre soci\u00e9t\u00e9.\u00a0\u00bb<br \/>\n<\/span><\/p>\n<p><span style=\"color: #777777; font-family: Arial;\">Pour MacGillis, il n&rsquo;y aucune raison qu&rsquo;Amazon cesse de croitre sauf si des politiques publiques interviennent\u00a0:<br \/>\n<\/span><\/p>\n<p style=\"margin-left: 28pt;\"><span style=\"color: #c00000; font-family: Arial;\">\u00ab\u00a0Non, il n&rsquo;y a pas de plafond visible, tant que les pouvoirs publics n&rsquo;interviennent pas pour brider ou briser Amazon. L&rsquo;entreprise elle-m\u00eame s&rsquo;amuse \u00e0 rappeler qu&rsquo;elle est loin d&rsquo;\u00eatre aussi dominante qu&rsquo;on le dit, puisqu&rsquo;elle contr\u00f4le \u00ab seulement 4 % du commerce de d\u00e9tail mondial \u00bb. Mais cela repr\u00e9sente d\u00e9j\u00e0 un chiffre \u00e9norme, des centaines de milliards de dollars ! Surtout, Amazon ambitionne de capter de plus en plus des 96 % restants. Il reste encore beaucoup de produits \u00e0 mettre en vente en ligne, de magasins \u00e0 tuer, de clients \u00e0 s\u00e9duire dans le monde. Sans m\u00eame parler des autres secteurs que le commerce en ligne, dans lesquels Amazon envisage de se lancer.\u00a0\u00bb<br \/>\n<\/span><\/p>\n<p><span style=\"color: #777777; font-family: Arial;\">Pour MacGillis notre futur est trac\u00e9\u00a0:<br \/>\n<\/span><\/p>\n<p style=\"margin-left: 28pt;\"><span style=\"color: #c00000; font-family: Arial;\">\u00ab\u00a0\u00c0 moins que nous ne d\u00e9viions de la route sur laquelle nous sommes aujourd&rsquo;hui engag\u00e9s, c&rsquo;est un futur o\u00f9 les in\u00e9galit\u00e9s vont cro\u00eetre entre les villes, o\u00f9 le tissu social va continuer de s&rsquo;effilocher, et o\u00f9 la d\u00e9mocratie se trouvera par cons\u00e9quent durablement affaiblie.\u00a0\u00bb<br \/>\n<\/span><\/p>\n<p><span style=\"color: maroon; font-family: Arial;\">&lt;1581&gt;<\/span><\/p>\n","protected":false},"excerpt":{"rendered":"<p>\u00ab\u00a0Le Syst\u00e8me Amazon : une histoire de notre futur\u00a0\u00bb Alec MacGillis Au centre du magazine \u00ab\u00a0Le Un\u00a0\u00bb consacr\u00e9 \u00e0 Amazon et qui a guid\u00e9 ma r\u00e9flexion au cours de cette s\u00e9rie consacr\u00e9e au g\u00e9ant de la logistique et du commerce<\/p>\n","protected":false},"author":1,"featured_media":0,"comment_status":"open","ping_status":"closed","sticky":false,"template":"","format":"standard","meta":{"footnotes":""},"categories":[1],"tags":[74,7,75],"class_list":["post-11649","post","type-post","status-publish","format-standard","hentry","category-motdujour","tag-consumerisme","tag-societe","tag-travail"],"_links":{"self":[{"href":"https:\/\/lemotdujour.fr\/index.php?rest_route=\/wp\/v2\/posts\/11649","targetHints":{"allow":["GET"]}}],"collection":[{"href":"https:\/\/lemotdujour.fr\/index.php?rest_route=\/wp\/v2\/posts"}],"about":[{"href":"https:\/\/lemotdujour.fr\/index.php?rest_route=\/wp\/v2\/types\/post"}],"author":[{"embeddable":true,"href":"https:\/\/lemotdujour.fr\/index.php?rest_route=\/wp\/v2\/users\/1"}],"replies":[{"embeddable":true,"href":"https:\/\/lemotdujour.fr\/index.php?rest_route=%2Fwp%2Fv2%2Fcomments&post=11649"}],"version-history":[{"count":6,"href":"https:\/\/lemotdujour.fr\/index.php?rest_route=\/wp\/v2\/posts\/11649\/revisions"}],"predecessor-version":[{"id":12722,"href":"https:\/\/lemotdujour.fr\/index.php?rest_route=\/wp\/v2\/posts\/11649\/revisions\/12722"}],"wp:attachment":[{"href":"https:\/\/lemotdujour.fr\/index.php?rest_route=%2Fwp%2Fv2%2Fmedia&parent=11649"}],"wp:term":[{"taxonomy":"category","embeddable":true,"href":"https:\/\/lemotdujour.fr\/index.php?rest_route=%2Fwp%2Fv2%2Fcategories&post=11649"},{"taxonomy":"post_tag","embeddable":true,"href":"https:\/\/lemotdujour.fr\/index.php?rest_route=%2Fwp%2Fv2%2Ftags&post=11649"}],"curies":[{"name":"wp","href":"https:\/\/api.w.org\/{rel}","templated":true}]}}