{"id":1164,"date":"2015-06-22T02:00:00","date_gmt":"2015-06-21T22:00:00","guid":{"rendered":"http:\/\/lemotdujour.fr\/?p=1164"},"modified":"2017-05-08T13:25:57","modified_gmt":"2017-05-08T11:25:57","slug":"lundi-22-juin-2015","status":"publish","type":"post","link":"https:\/\/lemotdujour.fr\/?p=1164","title":{"rendered":"Lundi 22 juin 2015"},"content":{"rendered":"<div class=\"mdjDate\">Lundi 22 juin 2015<\/div>\n<div class=\"mdjTexte\"> \u00abDer Teufel soll sie holen, wenn sie Griechenland nicht retten\u00bb<br \/><em>traduction<br \/><\/em>\u00abS&rsquo;ils ne sauvent pas la Gr\u00e8ce, qu&rsquo;ils aillent au diable\u00bb<\/div>\n<div class=\"mdjAuteur\">Helmut Schmidt ancien chancelier allemand lorsqu\u2019ils existaient deux Allemagnes et que l&rsquo;Allemagne de l&rsquo;ouest \u00e9tait profond\u00e9ment pro-europ\u00e9en.<\/div>\n<div class=\"mdjComplements\">Une nouvelle fois, on parle d&rsquo;un sommet europ\u00e9en de la derni\u00e8re chance pour la Gr\u00e8ce ce lundi 22 juin. <\/div>\n<div class=\"mdjComplements\">\u00abS&rsquo;ils ne sauvent pas la Gr\u00e8ce, qu&rsquo;ils aillent au diable\u00bb avait dit Helmut Schmidt, fin 2011, dans un entretien \u00e0 Handelsblatt quotidien allemand \u00e9conomique de D\u00fcsseldorf :<\/div>\n<div class=\"mdjComplements\">Pour ceux qui lisent l&rsquo;allemand &gt;&gt;<a href=\"http:\/\/www.handelsblatt.com\/politik\/international\/helmut-schmidt-der-teufel-soll-sie-holen-wenn-sie-griechenland-nicht-retten\/4696022-all.html?utm_content=buffer54624&amp;utm_medium=social&amp;utm_source=twitter.com&amp;utm_campaign=buffer&quot; \\t &quot;_blank\">\u00a0 http:\/\/www.handelsblatt.com\/politik\/international\/helmut-schmidt-der-teufel-soll-sie-holen-wenn-sie-griechenland-nicht-retten\/4696022-all.html?utm_content=buffer54624&amp;utm_medium=social&amp;utm_source=twitter.com&amp;utm_campaign=buffer<\/a><\/div>\n<div class=\"mdjComplements\">Il disait notamment :<\/div>\n<div class=\"mdjCiter\">\u00abL&rsquo;importance \u00e9conomique de l&rsquo;Etat grec et de son \u00e9conomie peut \u00eatre mesur\u00e9 quand on sait que le produit national grec repr\u00e9sente environ 2,5% PIB de l&rsquo;Union europ\u00e9enne, [c&rsquo;est \u00e0 dire] \u00e0 peu pr\u00e8s la puissance \u00e9conomique du Land de Hesse. Si cet \u00e9tat devenait insolvable, ce serait un grand malheur pour les grecs et les autres europ\u00e9ens, mais cela ne constituerait pas un danger existentiel pour l&rsquo;Europe. Ce seraient les cons\u00e9quences politiques qui pourraient l&#8217;emporter, car elles pourraient donner l&rsquo;impression que la solidarit\u00e9 entre les Europ\u00e9ens est encore bien plus m\u00e9diocre que celle que nous nous \u00e9tions repr\u00e9sent\u00e9 ces derni\u00e8res ann\u00e9es. La confiance dans l&rsquo;Union continuerait \u00e0 chuter. Par cons\u00e9quent, les \u00c9tats de l&rsquo;Union europ\u00e9enne doivent aider la Gr\u00e8ce.<\/div>\n<div class=\"mdjCiter\">Les Grecs sont la plus ancienne nation culturelle en Europe. Aujourd&rsquo;hui, ils ont besoin d&rsquo;un plan de redressement approfondi qui ne peut \u00eatre limit\u00e9 \u00e0 une aide financi\u00e8re. [&#8230;] les int\u00e9r\u00eats de l&rsquo;Union sont les m\u00eames que les int\u00e9r\u00eats nationaux des Allemands et que les int\u00e9r\u00eats nationaux des Fran\u00e7ais, les Hollandais, les Polonais et de nombreux autres pays europ\u00e9ens. [&#8230;] La Gr\u00e8ce n&rsquo;a pas besoin de pommes et de bananes, la Gr\u00e8ce a besoin d&rsquo;investissements! Il doit exister des entrepreneurs qui prennent le risque d&rsquo;investir dans ce pays. Ils ne le feront que s\u2019il y a une politique \u00e9conomique fiable en Gr\u00e8ce. J&rsquo;appelle un plan Marshall europ\u00e9en pour la Gr\u00e8ce, ce n&rsquo;est pas de l&rsquo;argent dont il est question, mais de projets concrets. \u00bb<\/div>\n<div class=\"mdjComplements\">Je joins \u00e0 ce courriel un article de Mediapart qui d\u00e9bute ainsi : <\/div>\n<div class=\"mdjCiter\">\u00ab A-t-on d\u00e9j\u00e0 vu des autorit\u00e9s mon\u00e9taires, cens\u00e9es veiller \u00e0 la stabilit\u00e9 financi\u00e8re, organiser la panique et le chaos ? C\u2019est pourtant le spectacle auquel nous assistons ces derniers jours. La BCE et le FMI mettent tout en \u0153uvre pour provoquer une panique bancaire en Gr\u00e8ce afin de forcer le gouvernement de Syriza \u00e0 capituler.<\/div>\n<div class=\"mdjCiter\">La folie s\u2019est empar\u00e9e des responsables europ\u00e9ens ces derni\u00e8res 48 heures. Rarement il a \u00e9t\u00e9 donn\u00e9 d\u2019assister au spectacle d\u2019autorit\u00e9s mon\u00e9taires, charg\u00e9es en temps normal de veiller et d\u2019assurer la stabilit\u00e9 financi\u00e8re du syst\u00e8me, organisant la panique et le chaos. C\u2019est pourtant ce \u00e0 quoi nous assistons depuis l\u2019\u00e9chec du sommet de l\u2019Eurogroupe, le 18 juin.\u00bb<\/div>\n","protected":false},"excerpt":{"rendered":"<p>Lundi 22 juin 2015 \u00abDer Teufel soll sie holen, wenn sie Griechenland nicht retten\u00bbtraduction\u00abS&rsquo;ils ne sauvent pas la Gr\u00e8ce, qu&rsquo;ils aillent au diable\u00bb Helmut Schmidt ancien chancelier allemand lorsqu\u2019ils existaient deux Allemagnes et que l&rsquo;Allemagne de l&rsquo;ouest \u00e9tait profond\u00e9ment pro-europ\u00e9en.<\/p>\n","protected":false},"author":1,"featured_media":0,"comment_status":"closed","ping_status":"closed","sticky":false,"template":"","format":"standard","meta":{"footnotes":""},"categories":[1],"tags":[],"class_list":["post-1164","post","type-post","status-publish","format-standard","hentry","category-motdujour"],"_links":{"self":[{"href":"https:\/\/lemotdujour.fr\/index.php?rest_route=\/wp\/v2\/posts\/1164","targetHints":{"allow":["GET"]}}],"collection":[{"href":"https:\/\/lemotdujour.fr\/index.php?rest_route=\/wp\/v2\/posts"}],"about":[{"href":"https:\/\/lemotdujour.fr\/index.php?rest_route=\/wp\/v2\/types\/post"}],"author":[{"embeddable":true,"href":"https:\/\/lemotdujour.fr\/index.php?rest_route=\/wp\/v2\/users\/1"}],"replies":[{"embeddable":true,"href":"https:\/\/lemotdujour.fr\/index.php?rest_route=%2Fwp%2Fv2%2Fcomments&post=1164"}],"version-history":[{"count":1,"href":"https:\/\/lemotdujour.fr\/index.php?rest_route=\/wp\/v2\/posts\/1164\/revisions"}],"predecessor-version":[{"id":1165,"href":"https:\/\/lemotdujour.fr\/index.php?rest_route=\/wp\/v2\/posts\/1164\/revisions\/1165"}],"wp:attachment":[{"href":"https:\/\/lemotdujour.fr\/index.php?rest_route=%2Fwp%2Fv2%2Fmedia&parent=1164"}],"wp:term":[{"taxonomy":"category","embeddable":true,"href":"https:\/\/lemotdujour.fr\/index.php?rest_route=%2Fwp%2Fv2%2Fcategories&post=1164"},{"taxonomy":"post_tag","embeddable":true,"href":"https:\/\/lemotdujour.fr\/index.php?rest_route=%2Fwp%2Fv2%2Ftags&post=1164"}],"curies":[{"name":"wp","href":"https:\/\/api.w.org\/{rel}","templated":true}]}}