{"id":1162,"date":"2015-06-19T02:00:00","date_gmt":"2015-06-18T22:00:00","guid":{"rendered":"http:\/\/lemotdujour.fr\/?p=1162"},"modified":"2020-11-15T18:28:46","modified_gmt":"2020-11-15T17:28:46","slug":"vendredi-19-juin-2015","status":"publish","type":"post","link":"https:\/\/lemotdujour.fr\/?p=1162","title":{"rendered":"Vendredi 19 juin 2015"},"content":{"rendered":"<div class=\"mdjTexte\">\t\u00abCroissance z\u00e9ro ?\u00bb<\/div>\n<div class=\"mdjAuteur\">\tPatrick Artus &amp; Marie-Paule Virard<\/div>\n<p><span style=\"color: #777777; font-family: Arial;\">Patrick Artus est chef \u00e9conomiste de Natixis, professeur \u00e0 l&rsquo;Universit\u00e9 Paris I Panth\u00e9on- Sorbonne, membre du Conseil d&rsquo;analyse \u00e9conomique aupr\u00e8s du Premier Ministre.<br \/>\n<\/span><\/p>\n<p><img decoding=\"async\" class=\"alignleft\" src=\"https:\/\/lemotdujour.fr\/wp-content\/uploads\/2019\/08\/082019_1011_LundiXXjuil1.jpg\" alt=\"\" align=\"left\"><span style=\"color: #777777; font-family: Arial;\">Il a \u00e9crit un livre avec Marie-Paule Virard, paru chez Fayard :<span style=\"color: #0000ff;\"> <a style=\"color: #0000ff;\" href=\"http:\/\/www.fayard.fr\/croissance-zero-comment-eviter-le-chaos-9782213685991\"><span style=\"text-decoration: underline;\">\u00abCroissance z\u00e9ro, Comment \u00e9viter le chaos ?\u00bb<\/span><\/a><\/span>.<br \/>\n<\/span><\/p>\n<p><span style=\"color: #777777; font-family: Arial;\">Si nous restons simples, il y a deux grands types d&rsquo;\u00e9conomistes :<br \/>\n<\/span><\/p>\n<p><span style=\"color: #777777; font-family: Arial;\"><strong>Ceux qui pensent que nous ne pourrons nous en sortir que par la croissance<\/strong>, que seule la croissance permettra l&#8217;emploi et que sans emploi nos \u00e9conomies et nos soci\u00e9t\u00e9s vont imploser.<br \/>\n<\/span><\/p>\n<p><span style=\"color: #777777; font-family: Arial;\">Ils attendent donc la croissance ou veulent la provoquer par tous les moyens.<br \/>\n<\/span><\/p>\n<p><span style=\"color: #777777; font-family: Arial;\">Les moyens ce sont essentiellement l&rsquo;initiative priv\u00e9e, la diminution du poids \u00e9conomique de l&rsquo;Etat et \u00ab\u00a0l&rsquo;adaptation\u00a0\u00bb de l&rsquo;Etat providence ou social aux exigences d&rsquo;aujourd&rsquo;hui. Bref son r\u00e9tr\u00e9cissement. Certains ont foi dans la \u00abcroissance verte\u00bb.<br \/>\n<\/span><\/p>\n<p><span style=\"color: #777777; font-family: Arial;\">Le plus souvent ils sont <strong>Schlumpeterien<\/strong>, adepte du concept de \u00ab\u00a0la destruction cr\u00e9atrice\u00a0\u00bb. C&rsquo;est \u00e0 dire qu&rsquo;\u00e9tant donn\u00e9 le progr\u00e8s technique, des emplois sont d\u00e9truits par millions dans des branches obsol\u00e8tes mais, dans d&rsquo;autres branches qui \u00e9mergent, des emplois au moins aussi nombreux sont cr\u00e9\u00e9s et sont mieux r\u00e9mun\u00e9r\u00e9s.<br \/>\n<\/span><\/p>\n<p><span style=\"color: #777777; font-family: Arial;\">Ces \u00e9conomistes sont souvent appel\u00e9s <strong>les orthodoxes<\/strong>.<br \/>\n<\/span><\/p>\n<p><span style=\"color: #777777; font-family: Arial;\">Ce sont eux qui ont aujourd&rsquo;hui, de tr\u00e8s loin, le plus d&rsquo;influence dans le monde du pouvoir politique et \u00e9conomique.<br \/>\n<\/span><\/p>\n<p><span style=\"color: #777777; font-family: Arial;\">Fran\u00e7ois Hollande, par exemple, est totalement dans cette ligne m\u00eame s&rsquo;il h\u00e9site beaucoup pour diminuer de mani\u00e8re drastique l&rsquo;Etat social et y va donc par petit pas. Les pr\u00e9tendants de Droite (Sarkozy, Jupp\u00e9 et Fillon) sont exactement dans la m\u00eame ligne mais veulent avancer plus vite.<br \/>\n<\/span><\/p>\n<p><span style=\"color: #777777; font-family: Arial;\">Il y a <strong>une autre grande cat\u00e9gorie d&rsquo;\u00e9conomiste qui s&rsquo;oppose \u00e0 cette vision<\/strong>. Il est plus difficile de r\u00e9sumer leurs pens\u00e9es. Mais ils font essentiellement un constat : la croissance de la production sur toute la terre, pour que tous les humains puissent consommer comme les am\u00e9ricains ou les europ\u00e9ens se heurte inexorablement aux limites de ce que la Terre peut absorber. Beaucoup d&rsquo;entre eux parlent <strong>de d\u00e9croissance ou de limitation de la croissance<\/strong>. En tout cas, ils cherchent des alternatives \u00e0 la croissance. Bernard Maris faisait partie de ces \u00e9conomistes.<br \/>\n<\/span><\/p>\n<p><span style=\"color: #777777; font-family: Arial;\">Patrick Artus fait indiscutablement partie de la premi\u00e8re cat\u00e9gorie.<br \/>\n<\/span><\/p>\n<p><span style=\"color: #777777; font-family: Arial;\">Mais en faisant des analyses et des \u00e9tudes sur plusieurs d\u00e9cennies et sur plusieurs r\u00e9gions \u00e9conomiques, <strong>il a compris quelque chose qui l&rsquo;a beaucoup perturb\u00e9<\/strong>. Il a publi\u00e9 ses conclusions avec une coll\u00e8gue  Marie-Paule Virard dans le livre cit\u00e9 plus haut.<br \/>\n<\/span><\/p>\n<p><span style=\"color: #777777; font-family: Arial;\">Ce livre d\u00e9bute ainsi :<br \/>\n<\/span><\/p>\n<p style=\"margin-left: 28pt;\"><span style=\"color: #c00000; font-family: Arial;\">\u00ab Et si la croissance ne revenait pas ? La seule \u00e9vocation d&rsquo;une telle \u00e9ventualit\u00e9 nous remplit d&rsquo;effroi. N&rsquo;avons-nous pas \u00e9t\u00e9 nourris au lait de la croissance depuis notre plus tendre enfance ? En particulier cette g\u00e9n\u00e9ration g\u00e2t\u00e9e qui est entr\u00e9e dans la vie adulte pendant les Trente Glorieuses et qui tient, pour l&rsquo;essentiel, aujourd&rsquo;hui les r\u00eanes du pouvoir ? Une g\u00e9n\u00e9ration qui n&rsquo;est manifestement pas \u00ab \u00e9quip\u00e9e \u00bb pour penser l&rsquo;impensable : imaginer, accepter et g\u00e9rer la raret\u00e9 du produit int\u00e9rieur brut. Une g\u00e9n\u00e9ration qui a organis\u00e9 la soci\u00e9t\u00e9 autour d&rsquo;un mouvement continu d&rsquo;expansion \u00e9conomique, mouvement devenu un facteur essentiel de la concorde sociale et de la vitalit\u00e9 d\u00e9mocratique. Et cette \u00ab divine croissance \u00bb se d\u00e9roberait tout \u00e0 coup sous ses pieds ? Depuis 1945, nous avions oubli\u00e9 que cela pouvait arriver. \u00bb<br \/>\n<\/span><\/p>\n<p><span style=\"color: #777777; font-family: Arial;\">Et il avait \u00e9t\u00e9 l&rsquo;invit\u00e9 des matins de France Culture, o\u00f9 il a expliqu\u00e9 ses d\u00e9couvertes <span style=\"color: blue;\">:<span style=\"color: #0000ff;\"> <a style=\"color: #0000ff;\" href=\"http:\/\/www.franceculture.fr\/emission-les-matins-chomage-un-mal-francais-2015-02-02\"><span style=\"text-decoration: underline;\">http:\/\/www.franceculture.fr\/emission-les-matins-chomage-un-mal-francais-2015-02-02<\/span><\/a><\/span><span style=\"color: #777777;\"><br \/>\n<\/span><\/span><\/span><\/p>\n<p><span style=\"color: #777777; font-family: Arial;\">Je vous invite \u00e0 l&rsquo;\u00e9couter c&rsquo;est tr\u00e8s int\u00e9ressant et aussi inqui\u00e9tant.<br \/>\n<\/span><\/p>\n<p><span style=\"color: #777777; font-family: Arial;\">Je r\u00e9sume ces propos ci-apr\u00e8s :<br \/>\n<\/span><\/p>\n<p><span style=\"color: #777777; font-family: Arial;\">Il distingue d&rsquo;abord la croissance \u00e0 long terme (sur plus de 10 ans) et la croissance conjoncturelle.<br \/>\n<\/span><\/p>\n<p><span style=\"color: #777777; font-family: Arial;\">Actuellement, en Europe, il y a une conjoncture extr\u00eamement favorable pour un \u00e9conomiste orthodoxe : le prix du p\u00e9trole est tr\u00e8s bas, l&rsquo;Euro est plus faible par rapport aux dollars, les politiques budg\u00e9taires sont plus souples et enfin les taux d&rsquo;int\u00e9r\u00eat sont quasi nuls. On peut esp\u00e9rer un peu de croissance \u00e0 court terme.<br \/>\n<\/span><\/p>\n<p><span style=\"color: #777777; font-family: Arial;\">Mais ce n&rsquo;est que la croissance \u00e0 long terme qui peut cr\u00e9er des emplois de fa\u00e7on stable. Croissance \u00e0 long terme qui est la cons\u00e9quence de l&rsquo;augmentation de la productivit\u00e9 et des innovations technologiques. Nous sommes dans la ligne la plus orthodoxe des \u00e9conomistes orthodoxes.<br \/>\n<\/span><\/p>\n<p><span style=\"color: #777777; font-family: Arial;\">Mais Patrick Artus a constat\u00e9, dans ses \u00e9tudes, que la croissance \u00e0 long terme diminue et tend vers z\u00e9ro dans tous les pays, pas seulement en Europe.<br \/>\n<\/span><\/p>\n<p><span style=\"color: #777777; font-family: Arial;\">Les croissances qui existent sont soit la cons\u00e9quence d&rsquo;\u00e9conomies \u00e9mergentes qui sont dans une logique de rattrapage qui va cesser, soit des croissances conjoncturelles reposant le plus souvent sur des bulles sp\u00e9culatives ou sur des leurres.<br \/>\n<\/span><\/p>\n<p><span style=\"color: #777777; font-family: Arial;\">Il existe un probl\u00e8me global pour cr\u00e9er de la croissance et du progr\u00e8s technique.<br \/>\n<\/span><\/p>\n<p><span style=\"color: #777777; font-family: Arial;\">Cela relativise grandement ce que l&rsquo;on peut faire dans un seul pays, en am\u00e9liorant les politiques du pays.<br \/>\n<\/span><\/p>\n<p><span style=\"color: #777777; font-family: Arial;\">Il y a bien sur un probl\u00e8me de formation en France. L&rsquo;\u00e9tude PISA mesure les performances des jeunes, il y a l&rsquo;\u00e9quivalent pour les adultes, c&rsquo;est \u00e0 dire la formation professionnelle, la France est avant dernier de l&rsquo;OCDE, l&rsquo;Italie est derni\u00e8re.<br \/>\n<\/span><\/p>\n<p><span style=\"color: #777777; font-family: Arial;\">Mais le probl\u00e8me essentiel du progr\u00e8s technique et de la croissance \u00e0 long terme n&rsquo;est pas un probl\u00e8me sp\u00e9cifique \u00e0 la France.<br \/>\n<\/span><\/p>\n<p><span style=\"color: #777777; font-family: Arial;\">M\u00eame si on faisait des grands progr\u00e8s dans nos politiques de formation et d&rsquo;\u00c9conomie, nous ne serions pas en mesure de r\u00e9gler ce probl\u00e8me de croissance \u00e0 long terme.<br \/>\n<\/span><\/p>\n<p><span style=\"color: #777777; font-family: Arial;\">Patrick Artus parle d&rsquo;un \u00ab <span style=\"color: #c00000;\">probl\u00e8me angoissant <span style=\"color: #777777;\">\u00bb :<br \/>\n<\/span><\/span><\/span><\/p>\n<p style=\"margin-left: 28pt;\"><span style=\"color: #c00000; font-family: Arial;\">\u00ab Quand il y a eu l&rsquo;invention du moteur \u00e0 explosion on a fait une croissance \u00e0 long terme extraordinaire.<br \/>\n<\/span><\/p>\n<p style=\"margin-left: 28pt;\"><span style=\"color: #c00000; font-family: Arial;\">Il y a une tendance lourde. Le num\u00e9rique constitue une question \u00e9norme qui n&rsquo;est pas assez \u00e9tudi\u00e9.<br \/>\n<\/span><\/p>\n<p style=\"margin-left: 28pt;\"><span style=\"color: #c00000; font-family: Arial;\">On pense que nous sommes dans une p\u00e9riode d&rsquo;innovation \u00e9norme.<br \/>\n<\/span><\/p>\n<p style=\"margin-left: 28pt;\"><span style=\"color: #c00000; font-family: Arial;\">On voit toutes ces start-up qui produisent tous ces produits incroyables.<br \/>\n<\/span><\/p>\n<p style=\"margin-left: 28pt;\"><span style=\"color: #c00000; font-family: Arial;\">On se dit, avec toutes ces innovations forc\u00e9ment il y a des gains de productivit\u00e9 incroyable.<br \/>\n<\/span><\/p>\n<p style=\"margin-left: 28pt;\"><span style=\"color: #c00000; font-family: Arial;\">Forc\u00e9ment non !  Quand on regarde les chiffres il n&rsquo;y a pas de gain de productivit\u00e9 ! \u00bb<br \/>\n<\/span><\/p>\n<p><span style=\"color: #777777; font-family: Arial;\">Trois explications :<br \/>\n<\/span><\/p>\n<ul>\n<li><span style=\"color: #777777; font-family: Arial;\">1\/<strong>Il faut attendre<\/strong>, le num\u00e9rique va bient\u00f4t cr\u00e9er de la croissance et des emplois dans 10 ans ou 20 ans quand les outils seront plus matures.<br \/>\n<\/span><\/li>\n<li><span style=\"color: #777777; font-family: Arial;\">2\/ Ou bien ce ne sont <strong>pas de vraies innovations<\/strong>,<br \/>\n<\/span><\/li>\n<li><span style=\"color: #777777; font-family: Arial;\">3\/ Ou bien <strong>on ne mesure pas bien la nouvelle \u00e9conomie que cela produit<\/strong>, \u00e9conomie du gratuit, du non marchand, de l&rsquo;\u00e9change (par exemple \u00e9change de maison de vacances par Internet) qui ne se trouve pas dans les chiffres que l&rsquo;on mesure<br \/>\n<\/span><\/li>\n<\/ul>\n<p><span style=\"color: #777777; font-family: Arial;\">Il faut que j&rsquo;abr\u00e8ge et vous renvoie vers d&rsquo;autres sources qui peuvent vous permettre d&rsquo;approfondir cette question.<br \/>\n<\/span><\/p>\n<p><span style=\"color: #777777; font-family: Arial;\">Mais Patrick Artus dit deux choses importantes :<br \/>\n<\/span><\/p>\n<p style=\"margin-left: 28pt;\"><span style=\"color: #c00000; font-family: Arial;\">\u00ab A l&rsquo;exception de l&rsquo;Allemagne le niveau moyen des emplois baissent dans tous les pays d\u00e9velopp\u00e9s. Il donne cet exemple parlant, d\u00e9sormais un ouvrier de G\u00e9n\u00e9ral Motors qui est licenci\u00e9 trouve un boulot chez Mac Do. C&rsquo;est la r\u00e9alit\u00e9 de l&rsquo;\u00e9conomie d&rsquo;aujourd&rsquo;hui. Il y a quelques cr\u00e9atifs pour qui les revenus et les patrimoines explosent et le plus grand nombre qui en moyenne subissent une r\u00e9gression de la qualit\u00e9 de leur emploi qui s&rsquo;accompagne d&rsquo;une baisse de leurs revenus. \u00bb<br \/>\n<\/span><\/p>\n<p><span style=\"color: #777777; font-family: Arial;\">L&rsquo;autre chose c&rsquo;est que<br \/>\n<\/span><\/p>\n<p style=\"margin-left: 28pt;\"><span style=\"color: #c00000; font-family: Arial;\">\u00ab L&rsquo;\u00e9conomie du gratuit et de l&rsquo;\u00e9change et du troc ne permet pas le pr\u00e9l\u00e8vement d&rsquo;imp\u00f4ts et de cotisations qu&rsquo;autorisent les revenus marchands. Nous avons donc un grave probl\u00e8me de mod\u00e8le \u00e9conomique pour conserver un Etat social, redistributeur capable notamment de prendre en charge les probl\u00e8mes de retraite et de sant\u00e9.\u00bb<br \/>\n<\/span><\/p>\n<p><span style=\"color: #777777; font-family: Arial;\">Comme Patrick Artus reste un \u00e9conomiste traditionnel qui poss\u00e8de au fond de ses g\u00e8nes l&rsquo;optimisme de la volont\u00e9, il donne avec sa coll\u00e8gue des conseils aux gouvernants permettant d&rsquo;\u00e9viter le chaos : \u00abIls pr\u00e9conisent un meilleur partage des ressources :<br \/>\n<\/span><\/p>\n<ul>\n<li><span style=\"color: #777777; font-family: Arial;\">entre les revenus du capital et ceux du travail,<br \/>\n<\/span><\/li>\n<li><span style=\"color: #777777; font-family: Arial;\">entre travailleurs pr\u00e9caires et travailleurs qualifi\u00e9s,<br \/>\n<\/span><\/li>\n<li><span style=\"color: #777777; font-family: Arial;\">entre actifs et retrait\u00e9s,<br \/>\n<\/span><\/li>\n<li><span style=\"color: #777777; font-family: Arial;\">entre pr\u00eateurs et emprunteurs. \u00bb<br \/>\n<\/span><\/li>\n<\/ul>\n<p><span style=\"color: #777777; font-family: Arial;\">Voil\u00e0 le seul moyen, selon eux, de ne pas basculer dans un affrontement d\u00e9vastateur. Pour obtenir ce nouvel \u00e9quilibre, Artus et Virard pr\u00f4nent une th\u00e9rapie d&rsquo;urgence en 10 mesures-chocs, parmi lesquelles le recul imm\u00e9diat de l&rsquo;\u00e2ge de la retraite, la baisse du smic ou encore la cr\u00e9ation d&rsquo;un contrat de travail unique. Un manuel de survie \u00e0 usage des gouvernants. \u00bb<br \/>\n<\/span><\/p>\n<p><span style=\"color: #777777; font-family: Arial;\">Donc je vous redonne le lien vers les matins de France Culture <span style=\"color: blue;\">: <a href=\"http:\/\/www.franceculture.fr\/emission-les-matins-chomage-un-mal-francais-2015-02-02\"><span style=\"text-decoration: underline;\"><span style=\"color: #000080; text-decoration: underline;\"><span style=\"color: #0000ff; text-decoration: underline;\">http:\/\/www.franceculture.fr\/emission-les-matins-chomage-un-mal-francais-2015-02-02<\/span><\/span><\/span><\/a><span style=\"color: #777777;\"><br \/>\n<\/span><\/span><\/span><\/p>\n<p><a href=\"http:\/\/lexpansion.lexpress.fr\/actualite-economique\/un-monde-sans-croissance_1641089.html\"><span style=\"color: blue; font-family: Arial; text-decoration: underline;\"><span style=\"color: #000080; text-decoration: underline;\"><span style=\"color: #0000ff; text-decoration: underline;\">&lt;Ici un article sur le livre de l&rsquo;Expansion&gt;<\/span><\/span><\/span><\/a><span style=\"color: #777777; font-family: Arial;\"> qui explique :<br \/>\n<\/span><\/p>\n<p style=\"margin-left: 28pt;\"><span style=\"color: #c00000; font-family: Arial;\">\u00ab [Les auteurs] portent un regard d\u00e9capant sur les maux qui rongent les \u00e9conomies occidentales, celle de la France en t\u00eate. \u00ab\u00a0Et si la croissance ne revenait pas?\u00a0\u00bb interrogent-ils d&#8217;embl\u00e9e. Une hypoth\u00e8se s\u00e9rieuse, qui fait \u00e9cho \u00e0 la th\u00e8se de la \u00ab\u00a0grande stagnation\u00a0\u00bb, d\u00e9velopp\u00e9e d\u00e8s l&rsquo;\u00e9t\u00e9 2012 par l&rsquo;\u00e9conomiste am\u00e9ricain Robert J. Gordon, soutenue par d&rsquo;\u00e9minents confr\u00e8res tels que Larry Summers ou encore James K. Galbraith, dont l&rsquo;ouvrage The End of Normal est publi\u00e9 ce mois-ci en fran\u00e7ais, sous le titre La Grande Crise. \u00bb<br \/>\n<\/span><\/p>\n<p><a href=\"http:\/\/www.alternatives-economiques.fr\/croissance-zero---comment-eviter-le-chaos----stop-au-mirage-de-la-croissance_fr_art_1357_72165.html\"><span style=\"color: blue; font-family: Arial; text-decoration: underline;\"><span style=\"color: #0000ff; text-decoration: underline;\">&lt; Ici un article d&rsquo;Alternatives \u00e9conomiques qui compare ce livre Croissance z\u00e9ro avec un autre : stop au mirage de la croissance&gt;<\/span><\/span><\/a><span style=\"color: blue; font-family: Arial;\"><br \/>\n<\/span><\/p>\n<p><span style=\"color: #0000ff;\"><a style=\"color: #0000ff;\" href=\"http:\/\/www.liberation.fr\/chroniques\/2015\/01\/23\/un-vrai-remede-de-cheval_1187296\"><span style=\"font-family: Arial; text-decoration: underline;\">&lt;Laurent Joffrin parle de rem\u00e8de cheval \u00e0 propos de ce livre&gt;<\/span><\/a><\/span><span style=\"color: blue; font-family: Arial;\"><br \/>\n<\/span><\/p>\n<p><span style=\"color: #777777; font-family: Arial;\">Ce mot du jour est tr\u00e8s long et tr\u00e8s lourd.<br \/>\n<\/span><\/p>\n<p><span style=\"color: #777777; font-family: Arial;\">J&rsquo;ai la faiblesse de croire qu&rsquo;il aborde un sujet essentiel.<br \/>\n<\/span><\/p>\n<p><span style=\"color: #777777; font-family: Arial;\">J&rsquo;exprime ma plus vive perplexit\u00e9 devant le paradoxe d&rsquo;un \u00e9conomiste qui me parait int\u00e8gre qui constate que le mod\u00e8le qu&rsquo;il d\u00e9fend ne fonctionne plus, que les chiffres auxquels il croie lui montre que cela ne marche plus mais qui persiste \u00e0 raisonner dans son mod\u00e8le et de croire (car il s&rsquo;agit l\u00e0 de foi pas de rationalit\u00e9) qu&rsquo;il peut encore \u00eatre sauv\u00e9 \u200bpar des mesures ad\u00e9quates.<br \/>\n<\/span><\/p>\n<p><span style=\"color: #993300; font-family: Arial;\">&lt;518&gt;<\/span><\/p>\n","protected":false},"excerpt":{"rendered":"<p>\u00abCroissance z\u00e9ro ?\u00bb Patrick Artus &amp; Marie-Paule Virard Patrick Artus est chef \u00e9conomiste de Natixis, professeur \u00e0 l&rsquo;Universit\u00e9 Paris I Panth\u00e9on- Sorbonne, membre du Conseil d&rsquo;analyse \u00e9conomique aupr\u00e8s du Premier Ministre. Il a \u00e9crit un livre avec Marie-Paule Virard, paru<\/p>\n","protected":false},"author":1,"featured_media":0,"comment_status":"closed","ping_status":"closed","sticky":false,"template":"","format":"standard","meta":{"footnotes":""},"categories":[1],"tags":[149,10,3],"class_list":["post-1162","post","type-post","status-publish","format-standard","hentry","category-motdujour","tag-decroissance","tag-economie","tag-politique"],"_links":{"self":[{"href":"https:\/\/lemotdujour.fr\/index.php?rest_route=\/wp\/v2\/posts\/1162","targetHints":{"allow":["GET"]}}],"collection":[{"href":"https:\/\/lemotdujour.fr\/index.php?rest_route=\/wp\/v2\/posts"}],"about":[{"href":"https:\/\/lemotdujour.fr\/index.php?rest_route=\/wp\/v2\/types\/post"}],"author":[{"embeddable":true,"href":"https:\/\/lemotdujour.fr\/index.php?rest_route=\/wp\/v2\/users\/1"}],"replies":[{"embeddable":true,"href":"https:\/\/lemotdujour.fr\/index.php?rest_route=%2Fwp%2Fv2%2Fcomments&post=1162"}],"version-history":[{"count":3,"href":"https:\/\/lemotdujour.fr\/index.php?rest_route=\/wp\/v2\/posts\/1162\/revisions"}],"predecessor-version":[{"id":10135,"href":"https:\/\/lemotdujour.fr\/index.php?rest_route=\/wp\/v2\/posts\/1162\/revisions\/10135"}],"wp:attachment":[{"href":"https:\/\/lemotdujour.fr\/index.php?rest_route=%2Fwp%2Fv2%2Fmedia&parent=1162"}],"wp:term":[{"taxonomy":"category","embeddable":true,"href":"https:\/\/lemotdujour.fr\/index.php?rest_route=%2Fwp%2Fv2%2Fcategories&post=1162"},{"taxonomy":"post_tag","embeddable":true,"href":"https:\/\/lemotdujour.fr\/index.php?rest_route=%2Fwp%2Fv2%2Ftags&post=1162"}],"curies":[{"name":"wp","href":"https:\/\/api.w.org\/{rel}","templated":true}]}}