{"id":11582,"date":"2021-06-24T00:37:00","date_gmt":"2021-06-23T22:37:00","guid":{"rendered":"http:\/\/lemotdujour.fr\/?p=11582"},"modified":"2021-07-29T23:33:36","modified_gmt":"2021-07-29T21:33:36","slug":"jeudi-24-juin-2017","status":"publish","type":"post","link":"https:\/\/lemotdujour.fr\/?p=11582","title":{"rendered":"Jeudi 24 juin 2021"},"content":{"rendered":"<div class=\"mdjTexte\">\u00ab\u00a0En prenant le contr\u00f4le du march\u00e9, en en fixant les r\u00e8gles, Amazon n&rsquo;ambitionne pas seulement de le dominer, il veut \u00ab \u00eatre le march\u00e9\u00a0\u00bb<\/div>\n<div class=\"mdjAuteur\">Rapport de l&rsquo;institut am\u00e9ricain de recherche ILSR (Institute for local self-reliance)<\/div>\n<p><span style=\"color: #777777; font-family: Arial;\">Je continue donc modestement \u00e0 essayer de comprendre comment fonctionne Amazon et les cons\u00e9quences de l&rsquo;addiction consum\u00e9riste qu&rsquo;Amazon a su capter.<br \/>\n<\/span><\/p>\n<p><span style=\"color: #777777; font-family: Arial;\">J&rsquo;essaye d&rsquo;\u00e9viter la posture morale qui me semble inappropri\u00e9e et contreproductive. La posture morale s&rsquo;appuie sur un r\u00e9cit qui dicte le bien et le mal. En tant que telle, elle est toujours contestable, car d&rsquo;autres peuvent avoir une conception diff\u00e9rente du bien et du mal.<br \/>\n<\/span><\/p>\n<p><span style=\"color: #777777; font-family: Arial;\">Dans cette qu\u00eate que je poursuis j&rsquo;aime me r\u00e9f\u00e9rer \u00e0 cette formule p\u00e9n\u00e9trante de <strong>Bossuet\u00a0<\/strong>:<br \/>\n<\/span><\/p>\n<p><span style=\"color: #777777; font-family: Arial;\">\u00ab<a href=\"https:\/\/lemotdujour.fr\/?p=2135\"><strong><span style=\"color: #0000ff;\">Dieu se rit des hommes qui se plaignent des cons\u00e9quences alors qu&rsquo;ils en ch\u00e9rissent les causes<\/span><\/strong><\/a><span style=\"color: #0000ff;\">.<\/span>\u00bb<br \/>\n<\/span><\/p>\n<p><span style=\"color: #777777; font-family: Arial;\">Nul besoin d&rsquo;\u00eatre croyant pour comprendre la sagesse de ce propos.<br \/>\n<\/span><\/p>\n<p><span style=\"color: #777777; font-family: Arial;\">Aujourd&rsquo;hui je vais partager principalement un article d&rsquo;opinion publi\u00e9 en 2018 par le site en ligne \u00ab\u00a0<strong>AOC<\/strong>\u00a0\u00bb dont j&rsquo;ai d\u00e9j\u00e0 parl\u00e9 et dont je suis abonn\u00e9\u00a0: <span style=\"color: #0000ff;\"><strong>\u00ab\u00a0<\/strong><\/span><a href=\"https:\/\/aoc.media\/opinion\/2018\/05\/11\/amazon-menace-proliferante-de-loi-de-jungle\/\"><span style=\"color: #0000ff;\">Amazon ou la menace prolif\u00e9rante de la loi de la jungle\u00a0<\/span><strong><span style=\"color: #0000ff;\">\u00bb<\/span>.<br \/>\n<\/strong><\/a><\/span><span style=\"color: #777777; font-family: Arial;\">C&rsquo;est un article \u00e9crit par <strong>Guillaume Husson, <\/strong>d\u00e9l\u00e9gu\u00e9 g\u00e9n\u00e9ral du Syndicat de la librairie fran\u00e7aise qui a traduit et diffus\u00e9 un rapport <strong>d&rsquo;un institut am\u00e9ricain de recherche ILSR<\/strong> (Institute for local self-reliance)\u00a0:<\/span><a href=\"https:\/\/aoc.media\/opinion\/2018\/05\/11\/amazon-menace-proliferante-de-loi-de-jungle\/\"><span style=\"color: #777777; font-family: Arial;\"> <span style=\"color: #0000ff;\">&lt; <\/span><\/span><\/a><span style=\"color: #0000ff;\"><a style=\"color: #0000ff;\" href=\"https:\/\/www.syndicat-librairie.fr\/images\/documents\/ilsr_amazonreport_final_usa_bd.pdf\">Amazon, cette inexorable machine de guerre qui \u00e9trangle la concurrence, d\u00e9grade le travail et menace nos centres-villes<\/a>.&gt;<\/span><br \/>\n<span style=\"color: #777777; font-family: Arial;\">En voici <span style=\"color: #0000ff;\">&lt;<a style=\"color: #0000ff;\" href=\"https:\/\/www.syndicat-librairie.fr\/images\/documents\/ilsr_amazonreport_def_fr_bd.pdf\">la traduction fran\u00e7aise<\/a>&gt;.<\/span><br \/>\n<\/span><\/p>\n<p><span style=\"color: #777777; font-family: Arial;\">Ce rapport de l&rsquo;ILSR vise \u00e0 contribuer \u00e0 une prise de conscience du grand public ainsi que des responsables politiques, ces derniers \u00e9tant appel\u00e9s \u00e0 r\u00e9guler l&#8217;emprise d&rsquo;Amazon avant que les d\u00e9g\u00e2ts \u00e9conomiques, sociaux, soci\u00e9taux et culturels ne soient irr\u00e9versibles\u00a0:<br \/>\n<\/span><\/p>\n<p style=\"margin-left: 28pt;\"><span style=\"color: #c00000; font-family: Arial;\">\u00ab C&rsquo;est notre mod\u00e8le de soci\u00e9t\u00e9 en tant que tel, notre relation au travail, nos libert\u00e9s individuelles, notre capacit\u00e9 \u00e0 vivre ensemble, qui se trouvent menac\u00e9s par la strat\u00e9gie tentaculaire d&rsquo;Amazon. Face \u00e0 un tel enjeu, les r\u00e9actions semblent bien timides quand elles ne se teintent pas d&rsquo;une fascination pour la r\u00e9ussite commerciale foudroyante de cette multinationale am\u00e9ricaine.\u00a0 \u00bb<br \/>\n<\/span><\/p>\n<p><span style=\"color: #777777; font-family: Arial;\">Quatre types de menaces sont identifi\u00e9es.<br \/>\n<\/span><\/p>\n<ol>\n<li><span style=\"color: #777777; font-family: Arial;\">Une menace pour l&rsquo;\u00e9conomie<br \/>\n<\/span><\/li>\n<li><span style=\"color: #777777; font-family: Arial;\">Une menace pour le travail et pour l&#8217;emploi<br \/>\n<\/span><\/li>\n<li><span style=\"color: #777777; font-family: Arial;\">Une menace pour nos libert\u00e9s<br \/>\n<\/span><\/li>\n<li><span style=\"color: #777777; font-family: Arial;\">Une menace pour nos territoires<br \/>\n<\/span><\/li>\n<\/ol>\n<p><span style=\"color: #777777; font-family: Arial;\"><strong>1 une menace pour l&rsquo;\u00e9conomie<br \/>\n<\/strong><\/span><\/p>\n<p><span style=\"color: #777777; font-family: Arial;\">Le rapport de l&rsquo;ILSR montre comment Amazon menace l&rsquo;\u00e9conomie par son expansion tentaculaire dans des dizaines de secteurs, sa qu\u00eate de monopole, la mani\u00e8re dont il \u00e9trangle les PME, \u00e0 commencer par celles qui sont pr\u00e9sentes sur sa market-place, ou encore sa politique d&rsquo;\u00e9vasion fiscale qui fausse la concurrence et r\u00e9duit les ressources fiscales pour les territoires o\u00f9 il r\u00e9alise ses ventes.<br \/>\n<\/span><\/p>\n<p style=\"margin-left: 28pt;\"><span style=\"color: #c00000; font-family: Arial;\">\u00ab\u00a0Par la puissance de sa market-place, de ses infrastructures logistiques et de son service de stockage de donn\u00e9es (Amazon Web Services), Amazon a dor\u00e9navant la facult\u00e9 de fixer les conditions d&rsquo;acc\u00e8s au march\u00e9 pour des milliers d&rsquo;entreprises dont il est par ailleurs le premier concurrent. Il scrute l&rsquo;activit\u00e9 des entreprises qu&rsquo;il h\u00e9berge et, pour les plus profitables, s&rsquo;approprie leur connaissance du m\u00e9tier et du produit avant de les racheter \u00e0 vil prix ou de les concurrencer par des prix imbattables. Le PDG d&rsquo;une entreprise am\u00e9ricaine de jouets illustre cette d\u00e9pendance en d\u00e9clarant : \u00ab Nous nous sommes rendu compte que nous \u00e9tions fichus si nous allions sur la market-place d&rsquo;Amazon et fichus aussi si nous n&rsquo;y allions pas. \u00bb<br \/>\n<\/span><\/p>\n<p><span style=\"color: #777777; font-family: Arial;\"><img loading=\"lazy\" decoding=\"async\" class=\"wp-image-11595 alignleft\" src=\"https:\/\/lemotdujour.fr\/wp-content\/uploads\/2021\/06\/amazon-locker-2.jpg\" alt=\"\" width=\"371\" height=\"289\" srcset=\"https:\/\/lemotdujour.fr\/wp-content\/uploads\/2021\/06\/amazon-locker-2.jpg 741w, https:\/\/lemotdujour.fr\/wp-content\/uploads\/2021\/06\/amazon-locker-2-300x234.jpg 300w\" sizes=\"auto, (max-width: 371px) 100vw, 371px\" \/>En France la soci\u00e9t\u00e9 Casino joue \u00e0 ce jeu dangereux\u00a0: &lt;<span style=\"color: #0000ff;\"> <a style=\"color: #0000ff;\" href=\"https:\/\/siecledigital.fr\/2021\/06\/07\/amazon-casino\/\">L&rsquo;idylle entre Amazon et Casino suit son cours<\/a><\/span> &gt;<br \/>\n<\/span><\/p>\n<p style=\"margin-left: 28pt;\"><span style=\"color: #c00000; font-family: Arial;\">\u00ab\u00a0La domination du march\u00e9 par Amazon atteint, aux \u00c9tats-Unis, des proportions hors normes. L&rsquo;entreprise de Jeff Bezos y capte en effet la moiti\u00e9 des achats en ligne, certainement les deux tiers \u00e0 l&rsquo;horizon 2020. Elle poss\u00e8de des dizaines de filiales : sites e-commerce, livres audio, t\u00e9l\u00e9phonie mobile, transport, plateforme de streaming pour jeux en ligne, textile, chaussures, piles \u00e0 combustible, cam\u00e9ras de surveillance, bases de donn\u00e9es, statistiques et \u00ab data mining \u00bb, distribution alimentaire\u2026 La moiti\u00e9 des Am\u00e9ricains qui vont sur le net pour y faire des achats d\u00e9marrent dor\u00e9navant directement leurs recherches sur Amazon. Plus d&rsquo;un foyer am\u00e9ricain sur deux est abonn\u00e9 \u00e0 son programme Prime. <strong>En prenant le contr\u00f4le du march\u00e9, en en fixant les r\u00e8gles, Amazon n&rsquo;ambitionne pas seulement de le dominer, il veut \u00ab \u00eatre le march\u00e9 \u00bb.<\/strong>\u00a0\u00bb<br \/>\n<\/span><\/p>\n<p><span style=\"color: #777777; font-family: Arial;\">Cette qu\u00eate monopolistique est aliment\u00e9e par la capacit\u00e9 \u00e0 mener, \u00e0 long terme, une strat\u00e9gie de vente \u00e0 perte financ\u00e9e par des investisseurs \u00e9blouis et acceptant les pertes comme autant de promesses d&rsquo;\u00e9crasement des march\u00e9s au profit de leur champion.<br \/>\n<\/span><\/p>\n<p><span style=\"color: #777777; font-family: Arial;\">Il semble qu&rsquo;un esprit de r\u00e9sistance se l\u00e8ve en France. Un article du 17 mars 2021 de \u00ab\u00a0<strong>Capital\u00a0<\/strong>\u00bb nous informe qu'&lt;<span style=\"color: #0000ff;\"><a style=\"color: #0000ff;\" href=\"https:\/\/www.capital.fr\/entreprises-marches\/amazon-enregistre-une-forte-baisse-de-sa-part-de-marche-en-france-1397307\">Amazon enregistre une forte baisse de sa part de march\u00e9 en France<\/a><\/span>&gt;\u00a0:<br \/>\n<\/span><\/p>\n<p style=\"margin-left: 28pt;\"><span style=\"color: #c00000; font-family: Arial;\">\u00ab Cons\u00e9quence de la crise sanitaire li\u00e9e au Covid-19, les ventes en ligne s\u00e9duisent de plus en plus les Fran\u00e7ais. Selon des statistiques d\u00e9voil\u00e9es par Kantar, la vente en ligne ne cesse de progresser, tir\u00e9e vers le haut par les leaders du march\u00e9, \u00e0 commencer par Amazon. Mais pour le g\u00e9ant du commerce en ligne qui continue de caracoler en t\u00eate avec 19% de part de march\u00e9, la croissance est bien moins rapide que pr\u00e9vue, analyse Kantar, \u00e0 savoir que la soci\u00e9t\u00e9 de Jeff Bezos perd trois points en 2020. Sa part de march\u00e9 \u00e9tait en effet de 22% en 2019.<br \/>\n<\/span><\/p>\n<p><span style=\"color: #777777; font-family: Arial;\"><strong>2 Une menace pour le travail et pour l&#8217;emploi<br \/>\n<\/strong><\/span><\/p>\n<p><span style=\"color: #777777; font-family: Arial;\">La premi\u00e8re menace a d\u00e9j\u00e0 \u00e9t\u00e9 largement abord\u00e9e et concerne les conditions de travail et la pression qu&rsquo;Amazon exerce sur ces salari\u00e9s. Autant que possible, Amazon cherche \u00e0 s&rsquo;exon\u00e9rer de ses obligations sociales.<br \/>\n<\/span><\/p>\n<p><span style=\"color: #777777; font-family: Arial;\">La seconde est celle sur le nombre d&#8217;emplois, par la robotisation\u00a0:<br \/>\n<\/span><\/p>\n<p style=\"margin-left: 28pt;\"><span style=\"color: #c00000; font-family: Arial;\">\u00ab\u00a0Le fabricant de robots Kiva, [est devenu] l&rsquo;un des leaders mondiaux sur ce march\u00e9. 45 000 de ces robots sont aujourd&rsquo;hui produits par Kiva au service exclusif d&rsquo;Amazon. Ils viennent d&rsquo;\u00eatre d\u00e9ploy\u00e9s dans les entrep\u00f4ts fran\u00e7ais. Le nombre de nouveaux robots cro\u00eet plus rapidement (+ 50 % en deux ans) que celui des embauches de salari\u00e9s. Une \u00e9tude du MIT, publi\u00e9e en mars 2017, estime que chaque robot introduit sur le march\u00e9 du travail d\u00e9truit six emplois et entra\u00eene une baisse du salaire moyen sur le march\u00e9 du travail du fait d&rsquo;une demande accrue de postes. Sur cette base, Amazon aurait d\u00e9j\u00e0 d\u00e9truit pr\u00e8s de 300 000 emplois dans le monde, soit autant que le nombre de ses salari\u00e9s !\u00a0\u00bb<br \/>\n<\/span><\/p>\n<p><span style=\"color: #777777; font-family: Arial;\"><img loading=\"lazy\" decoding=\"async\" class=\"wp-image-11593 alignright\" src=\"https:\/\/lemotdujour.fr\/wp-content\/uploads\/2021\/06\/amazon-locker-3.jpg\" alt=\"\" width=\"403\" height=\"302\" srcset=\"https:\/\/lemotdujour.fr\/wp-content\/uploads\/2021\/06\/amazon-locker-3.jpg 600w, https:\/\/lemotdujour.fr\/wp-content\/uploads\/2021\/06\/amazon-locker-3-300x225.jpg 300w\" sizes=\"auto, (max-width: 403px) 100vw, 403px\" \/>Mais la destruction d&#8217;emplois se trouve aussi dans la concurrence\u00a0:<br \/>\n<\/span><\/p>\n<p style=\"margin-left: 28pt;\"><span style=\"color: #c00000; font-family: Arial;\">\u00ab\u00a0\u00c0 cela il faut ajouter les dizaines ou centaines de milliers d&#8217;emplois d\u00e9truits chez les concurrents d&rsquo;Amazon terrass\u00e9s par sa politique de dumping financ\u00e9e par une capitalisation hors normes. Cette politique pr\u00e9datrice ne touche pas seulement de grandes cha\u00eenes concurrentes mais \u00e9galement des commer\u00e7ants ind\u00e9pendants dont la pr\u00e9sence est essentielle \u00e0 la vitalit\u00e9 \u00e9conomique et sociale des territoires, et particuli\u00e8rement des centres-villes que l&rsquo;expansion d&rsquo;Amazon contribue \u00e0 d\u00e9sertifier.\u00a0\u00bb<br \/>\n<\/span><\/p>\n<p><span style=\"color: #777777; font-family: Arial;\"><strong>3\u00b0Une menace pour nos libert\u00e9s<br \/>\n<\/strong><\/span><\/p>\n<p><span style=\"color: #777777; font-family: Arial;\">Amazon stocke des milliards de donn\u00e9es sur des serveurs que l&rsquo;entreprise ma\u00eetrise exclusivement\u00a0:<br \/>\n<\/span><\/p>\n<p style=\"margin-left: 28pt;\"><span style=\"color: #c00000; font-family: Arial;\">\u00ab\u00a0Amazon est l&rsquo;un des leaders du stockage de donn\u00e9es. Amazon Web Services, dont tout le monde, de Netflix \u00e0 la CIA, est client, contr\u00f4le le tiers de la capacit\u00e9 mondiale de cloud computing, soit plus que Microsoft, IBM et Google combin\u00e9s\u2026<br \/>\n<\/span><\/p>\n<p style=\"margin-left: 28pt;\"><span style=\"color: #c00000; font-family: Arial;\">Il exploite, par ailleurs, l&rsquo;in\u00e9puisable r\u00e9serve de donn\u00e9es personnelles que lui apporte une connaissance fine de nos habitudes d&rsquo;achat. S&rsquo;il s&rsquo;en est servi jusqu&rsquo;\u00e0 pr\u00e9sent pour se d\u00e9velopper sur diff\u00e9rents march\u00e9s et pour pousser ses propres produits, il pourra, demain, gr\u00e2ce \u00e0 cette connaissance millim\u00e9trique de nos habitudes et de nos go\u00fbts, aux possibilit\u00e9s de l&rsquo;intelligence artificielle sur laquelle il investit massivement et \u00e0 l&rsquo;introduction, au c\u0153ur de notre vie quotidienne, des appareils connect\u00e9s qu&rsquo;il d\u00e9veloppe, non plus seulement conna\u00eetre nos choix, mais nous les dicter !\u00a0\u00bb<br \/>\n<\/span><\/p>\n<p><span style=\"color: #777777; font-family: Arial;\"><strong>4\u00b0 Une menace pour nos territoires<br \/>\n<\/strong><\/span><\/p>\n<p><span style=\"color: #777777; font-family: Arial;\">Amazon par son poids \u00e9conomique financier est capable d&rsquo;imposer aux territoires des ristournes fiscales et m\u00eame des subventions pour s&rsquo;installer.<br \/>\n<\/span><\/p>\n<p><span style=\"color: #777777; font-family: Arial;\"><img loading=\"lazy\" decoding=\"async\" class=\"wp-image-11596 alignleft\" src=\"https:\/\/lemotdujour.fr\/wp-content\/uploads\/2021\/06\/Amazon-Camion.jpg\" alt=\"\" width=\"460\" height=\"258\" srcset=\"https:\/\/lemotdujour.fr\/wp-content\/uploads\/2021\/06\/Amazon-Camion.jpg 1353w, https:\/\/lemotdujour.fr\/wp-content\/uploads\/2021\/06\/Amazon-Camion-300x168.jpg 300w, https:\/\/lemotdujour.fr\/wp-content\/uploads\/2021\/06\/Amazon-Camion-1024x574.jpg 1024w, https:\/\/lemotdujour.fr\/wp-content\/uploads\/2021\/06\/Amazon-Camion-768x431.jpg 768w\" sizes=\"auto, (max-width: 460px) 100vw, 460px\" \/>Je fais juste un pas de c\u00f4t\u00e9, pour faire ce constat, en dehors de toute le\u00e7on morale, le poids \u00e9conomique et financier d&rsquo;Amazon provient exclusivement des millions de clients fascin\u00e9s par la facilit\u00e9, la rapidit\u00e9, le confort de l&rsquo;acte de consommation qui part d&rsquo;un simple clic pour arriver quasi imm\u00e9diatement dans la bulle intime de son lieu de vie.<br \/>\n<\/span><\/p>\n<p><span style=\"color: #777777; font-family: Arial;\">Le rapport dit en effet\u00a0:<br \/>\n<\/span><\/p>\n<p style=\"margin-left: 28pt;\"><span style=\"color: #c00000; font-family: Arial;\">\u00ab\u00a0L&rsquo;ILSR d\u00e9montre n\u00e9anmoins que le r\u00e9seau logistique d&rsquo;Amazon a \u00e9t\u00e9 b\u00e2ti largement gr\u00e2ce \u00e0 des subventions publiques, le montant de ces aides d\u00e9passant, selon le rapport, les b\u00e9n\u00e9fices d&rsquo;Amazon depuis l&rsquo;origine. En France \u00e9galement, les implantations des entrep\u00f4ts d&rsquo;Amazon b\u00e9n\u00e9ficient syst\u00e9matiquement de soutiens financiers de la part des collectivit\u00e9s locales.<br \/>\n<\/span><\/p>\n<p style=\"margin-left: 28pt;\"><span style=\"color: #c00000; font-family: Arial;\">Le m\u00eame rapport rappelle que 108 000 commerces ind\u00e9pendants ont disparu aux \u00c9tats-Unis durant les quinze derni\u00e8res ann\u00e9es. Si ce d\u00e9clin a de nombreuses causes, les \u00e9tudes montrent qu&rsquo;Amazon en est, de loin, la principale.<br \/>\n<\/span><\/p>\n<p style=\"margin-left: 28pt;\"><span style=\"color: #c00000; font-family: Arial;\">La d\u00e9vitalisation de nos quartiers, de nos centres-villes, appauvrit l&rsquo;\u00e9conomie locale, d\u00e9place ou supprime des emplois et, au final, nuit gravement \u00e0 notre capacit\u00e9 d&rsquo;organiser et d&rsquo;animer notre vie collective gr\u00e2ce au travail et aux actions \u00e9ducatives, sociales, culturelles que d\u00e9veloppent nos communaut\u00e9s.\u00a0\u00bb<br \/>\n<\/span><\/p>\n<p><span style=\"color: #777777; font-family: Arial;\">Dans l&rsquo;esprit de r\u00e9sistance fran\u00e7aise, la place du livre, notamment gr\u00e2ce au prix unique et au r\u00e9seau de libraires, constitue encore une place forte. \u00ab\u00a0<strong>L&rsquo;Express<\/strong>\u00a0\u00bb dans un article de novembre 2020 &lt;<span style=\"color: #0000ff;\"><a style=\"color: #0000ff;\" href=\"https:\/\/www.lexpress.fr\/actualites\/1\/societe\/la-filiere-du-livre-repense-sa-resistance-face-a-amazon_2138878.html\">La fili\u00e8re du livre repense sa r\u00e9sistance face \u00e0 Amazon<\/a><\/span>&gt; explique\u00a0:<br \/>\n<\/span><\/p>\n<p style=\"margin-left: 28pt;\"><span style=\"color: #c00000; font-family: Arial;\">\u00ab\u00a0D&rsquo;apr\u00e8s le Syndicat national de l&rsquo;\u00e9dition, [Amazon] r\u00e9alise en temps normal 50% des ventes en ligne, estimation grossi\u00e8re, ce qui repr\u00e9senterait 10 \u00e0 15% des ventes totales. Le Syndicat de la librairie fran\u00e7aise pense qu&rsquo;Amazon capte \u00ab\u00a0plus de la moiti\u00e9\u00a0\u00bb des ventes en ligne et environ 10% au total.<br \/>\n<\/span><\/p>\n<p style=\"margin-left: 28pt;\"><span style=\"color: #c00000; font-family: Arial;\">Les confinements, qui ont contraint les librairies \u00e0 fermer, ont amen\u00e9 la fili\u00e8re \u00e0 revoir sa strat\u00e9gie face \u00e0 la multinationale.<br \/>\n<\/span><\/p>\n<p style=\"margin-left: 28pt;\"><span style=\"color: #c00000; font-family: Arial;\">Elle s&rsquo;est concentr\u00e9e sur la communication. Ecrivains, jurys litt\u00e9raires et m\u00eame responsables politiques ont multipli\u00e9 les appels \u00e0 aider les libraires, autoris\u00e9s \u00e0 vendre des ouvrages pr\u00e9command\u00e9s (\u00ab\u00a0click and collect\u00a0\u00bb).\u00a0\u00bb<br \/>\n<\/span><\/p>\n<p><span style=\"color: #777777; font-family: Arial;\">Bien s\u00fbr les temps ont \u00e9t\u00e9 difficiles pendant le confinement et sont rest\u00e9s compliqu\u00e9e apr\u00e8s. Mais le mod\u00e8le tient encore\u00a0:<br \/>\n<\/span><\/p>\n<p style=\"margin-left: 28pt;\"><span style=\"color: #c00000; font-family: Arial;\"><img loading=\"lazy\" decoding=\"async\" class=\"wp-image-11591 alignleft\" src=\"https:\/\/lemotdujour.fr\/wp-content\/uploads\/2021\/06\/Eloge-du-magasin.jpg\" alt=\"\" width=\"296\" height=\"432\" srcset=\"https:\/\/lemotdujour.fr\/wp-content\/uploads\/2021\/06\/Eloge-du-magasin.jpg 414w, https:\/\/lemotdujour.fr\/wp-content\/uploads\/2021\/06\/Eloge-du-magasin-205x300.jpg 205w\" sizes=\"auto, (max-width: 296px) 100vw, 296px\" \/>\u00ab\u00a0Pour autant, le mod\u00e8le de la librairie en France est bon. C&rsquo;est le premier secteur qui a subi l&rsquo;arriv\u00e9e d&rsquo;Amazon et alors qu&rsquo;on taxait les libraires de ringards, r\u00e9tifs \u00e0 la num\u00e9risation, ils se sont bien arm\u00e9s. L&rsquo;enjeu est de faire venir du monde en magasin par des outils num\u00e9riques, et ils y travaillent\u00a0\u00bb, ajoute l&rsquo;auteur d&rsquo;un <span style=\"color: #0000ff;\"><a style=\"color: #0000ff;\" href=\"http:\/\/www.gallimard.fr\/Catalogue\/GALLIMARD\/Le-Debat\/Eloge-du-magasin\">\u00abEloge du magasin<\/a><\/span>\u00bb paru en janvier. [\u2026]<br \/>\n<\/span><\/p>\n<p style=\"margin-left: 28pt;\"><span style=\"color: #c00000; font-family: Arial;\">Nous ne voulons pas remplacer les conseils d&rsquo;un ou d&rsquo;une libraire par ceux d&rsquo;un algorithme, ni collaborer \u00e0 un syst\u00e8me qui met en danger la cha\u00eene du livre par une concurrence f\u00e9roce et d\u00e9loyale\u00a0\u00bb, d\u00e9taillent-ils. \u00bb<br \/>\n<\/span><\/p>\n<p><span style=\"color: #777777; font-family: Arial;\">Mais au pays du prix unique du livre, la concurrence se joue sur les frais d&rsquo;exp\u00e9dition, syst\u00e9matiquement fix\u00e9s \u00e0 0,01 euro chez Amazon.<br \/>\n<\/span><\/p>\n<p><span style=\"color: #777777; font-family: Arial;\">Cette probl\u00e9matique des frais d&rsquo;envoi est d\u00e9velopp\u00e9e dans un &lt;<span style=\"color: #0000ff;\"><a style=\"color: #0000ff;\" href=\"https:\/\/www.francetvinfo.fr\/culture\/livres\/prix-unique-du-livre-avec-les-frais-d-envoi-c-est-un-sujet-qu-on-porte-depuis-de-longues-annees-se-felicite-le-syndicat-de-la-librairie-francaise_4633007.html\">article du 21 mai 2021<\/a><\/span>&gt; : <\/span><span style=\"color: #777777; font-family: Arial;\">Le gouvernement veut imposer partout sur internet un m\u00eame prix, frais de port inclus, pour tous les livres neufs.<br \/>\n<\/span><\/p>\n<p><span style=\"color: #777777; font-family: Arial;\">Anne Martelle, pr\u00e9sidente du Syndicat de la librairie fran\u00e7aise et directrice g\u00e9n\u00e9rale de la librairie Martelle \u00e0 Amiens explique\u00a0:<br \/>\n<\/span><\/p>\n<p style=\"margin-left: 28pt;\"><span style=\"color: #c00000; font-family: Arial;\">\u00ab M\u00eame si les libraires sont pr\u00e9sents de longue date sur Internet, le d\u00e9veloppement de leur site est frein\u00e9 par la politique de dumping des grandes plateformes comme Amazon. Quand Amazon facture un centime d&rsquo;euro pour exp\u00e9dier un livre, il en co\u00fbte pour le m\u00eame envoi, en moyenne 6,50 euros au libraire<br \/>\n<\/span><\/p>\n<p style=\"margin-left: 28pt;\"><span style=\"color: #c00000; font-family: Arial;\">Et si le libraire r\u00e9percute ces frais d&rsquo;exp\u00e9dition \u00e0 son client, il le perd au profit d&rsquo;Amazon. Et si le libraire prend en charge les frais d&rsquo;exp\u00e9dition, il perd de l&rsquo;argent \u00e0 chaque fois qu&rsquo;il exp\u00e9die un livre. C&rsquo;est une situation intenable pour libraires et puis, il faut noter qu&rsquo;il n&rsquo;y a que sur le livre qu&rsquo;Amazon offre la quasi-gratuit\u00e9 de l&rsquo;exp\u00e9dition sans minimum d&rsquo;achat. \u00c7a prouve qu&rsquo;il existe de la part de cette soci\u00e9t\u00e9 une volont\u00e9 d\u00e9lib\u00e9r\u00e9e d&rsquo;attaquer les libraires ind\u00e9pendants et d&rsquo;attaquer aussi de mani\u00e8re d\u00e9tourn\u00e9e le prix unique du livre.\u00a0\u00bb<br \/>\n<\/span><\/p>\n<p><span style=\"color: #777777; font-family: Arial;\">L&rsquo;illusion de la gratuit\u00e9 est d&rsquo;une grande perversit\u00e9, elle cache toujours un co\u00fbt que quelqu&rsquo;un doit payer. Quelquefois c&rsquo;est m\u00eame le climat et la biodiversit\u00e9 qui paie\u00a0:<br \/>\n<\/span><\/p>\n<p style=\"margin-left: 28pt;\"><span style=\"color: #c00000; font-family: Arial;\">\u00ab\u00a0Le sujet qui est actuellement en discussion pr\u00e9voit plut\u00f4t une tarification minimale, ce qui obligerait Amazon \u00e0 ne plus facturer un centime d&rsquo;euro, mais peut-\u00eatre quatre, cinq euros ou trois euros, \u00e7a r\u00e9tablirait l&rsquo;\u00e9quilibre. \u00c7a permettrait aussi de remettre dans le jeu le vrai prix d&rsquo;un transport, quel qu&rsquo;il soit, du livre ou d&rsquo;autre chose. Le fait [pour Amazon] de facturer un centime d&rsquo;euro donne aux clients l&rsquo;impression que \u00e7a ne co\u00fbte rien, ni \u00e0 l&rsquo;environnement ni \u00e0 son porte-monnaie. Eh bien, c&rsquo;est faux.\u00a0\u00bb<br \/>\n<\/span><\/p>\n<p><span style=\"color: #777777; font-family: Arial;\"><em>\u00ab Dieu se rit des hommes qui se plaignent des cons\u00e9quences alors qu&rsquo;ils en ch\u00e9rissent les causes. \u00bb <\/em><\/span><span style=\"color: #777777; font-family: Arial;\"><em>Bossuet<br \/>\n<\/em><\/span><\/p>\n<p><span style=\"color: maroon; font-family: Arial;\">&lt;1580&gt;<\/span><\/p>\n","protected":false},"excerpt":{"rendered":"<p>\u00ab\u00a0En prenant le contr\u00f4le du march\u00e9, en en fixant les r\u00e8gles, Amazon n&rsquo;ambitionne pas seulement de le dominer, il veut \u00ab \u00eatre le march\u00e9\u00a0\u00bb Rapport de l&rsquo;institut am\u00e9ricain de recherche ILSR (Institute for local self-reliance) Je continue donc modestement \u00e0<\/p>\n","protected":false},"author":1,"featured_media":0,"comment_status":"open","ping_status":"closed","sticky":false,"template":"","format":"standard","meta":{"footnotes":""},"categories":[1],"tags":[74,10,6],"class_list":["post-11582","post","type-post","status-publish","format-standard","hentry","category-motdujour","tag-consumerisme","tag-economie","tag-philosophie"],"_links":{"self":[{"href":"https:\/\/lemotdujour.fr\/index.php?rest_route=\/wp\/v2\/posts\/11582","targetHints":{"allow":["GET"]}}],"collection":[{"href":"https:\/\/lemotdujour.fr\/index.php?rest_route=\/wp\/v2\/posts"}],"about":[{"href":"https:\/\/lemotdujour.fr\/index.php?rest_route=\/wp\/v2\/types\/post"}],"author":[{"embeddable":true,"href":"https:\/\/lemotdujour.fr\/index.php?rest_route=\/wp\/v2\/users\/1"}],"replies":[{"embeddable":true,"href":"https:\/\/lemotdujour.fr\/index.php?rest_route=%2Fwp%2Fv2%2Fcomments&post=11582"}],"version-history":[{"count":13,"href":"https:\/\/lemotdujour.fr\/index.php?rest_route=\/wp\/v2\/posts\/11582\/revisions"}],"predecessor-version":[{"id":11917,"href":"https:\/\/lemotdujour.fr\/index.php?rest_route=\/wp\/v2\/posts\/11582\/revisions\/11917"}],"wp:attachment":[{"href":"https:\/\/lemotdujour.fr\/index.php?rest_route=%2Fwp%2Fv2%2Fmedia&parent=11582"}],"wp:term":[{"taxonomy":"category","embeddable":true,"href":"https:\/\/lemotdujour.fr\/index.php?rest_route=%2Fwp%2Fv2%2Fcategories&post=11582"},{"taxonomy":"post_tag","embeddable":true,"href":"https:\/\/lemotdujour.fr\/index.php?rest_route=%2Fwp%2Fv2%2Ftags&post=11582"}],"curies":[{"name":"wp","href":"https:\/\/api.w.org\/{rel}","templated":true}]}}